{"id":1467,"date":"2022-05-29T19:47:51","date_gmt":"2022-05-29T17:47:51","guid":{"rendered":"https:\/\/camaraenmano.org\/?p=1467"},"modified":"2022-06-09T00:14:30","modified_gmt":"2022-06-08T22:14:30","slug":"salida-fotografica-fotografia-nocturna-en-la-gran-via","status":"publish","type":"post","link":"https:\/\/camaraenmano.org\/index.php\/2022\/05\/29\/salida-fotografica-fotografia-nocturna-en-la-gran-via\/","title":{"rendered":"Salida Fotogr\u00e1fica: Fotograf\u00eda nocturna en la Gran V\u00eda"},"content":{"rendered":"<p>El pr\u00f3ximo d\u00eda 2 de junio tenemos programada la salida nocturna a la Gran V\u00eda. Dado que el sol se pone a las 21:40, podr\u00edamos empezar sobre las 21 horas para aprovechar el comienzo de la hora azul y los bonitos contrastes entre el azul del cielo y la c\u00e1lida iluminaci\u00f3n de la ciudad .<\/p>\n<p>El recorrido es conocido por todos, pues partiremos de la Plaza del Callao bajando por la Gran Via hacia la calle de Alcal\u00e1 y Cibeles. En ese recorrido nos encontramos con la parte m\u00e1s antigua de la Gran Via, con numerosos edificios emblem\u00e1ticos, desde el Edificio Carri\u00f3n (el del luminosos de Schweppes, en la misma plaza), el Edificio Madrid-Par\u00eds (el actual PRIMARK), el reformado edificio del <span>antiguo teatro Fontalba (Stradivarius), <\/span>el edificio de Telef\u00f3nica, el Casino Gran V\u00eda, el Casino Militar, el Museo Chicote, el Edificio Metr\u00f3polis, el Circulo de Bellas Artes, El edificio de las Cari\u00e1tides, El Banco de Espa\u00f1a, El Palacio de Buenavista (Cuartel General del Ejercito), La fuente de Cibeles, la Puerta de Alcal\u00e1 y un largo etcetera que puedes encontrar en la gu\u00eda que hemos preparado para esta salida y que puedes descargar en <a href=\"https:\/\/camaraenmano.org\/wp-content\/uploads\/2022\/05\/Salida-fotografia-nocturna-Gran-Via.pdf\">este enlace<\/a>.<\/p>\n<p>Adem\u00e1s, si quieres conocer un poco mejor <a href=\"https:\/\/camaraenmano.org\/wp-content\/uploads\/2022\/05\/Fotografia-nocturna-urbana.pdf\"><strong>la t\u00e9cnica de la fotograf\u00eda nocturna urbana<\/strong><\/a> puedes consultar un documento que hemos creado y baj\u00e1rtelo de <a href=\"https:\/\/camaraenmano.org\/wp-content\/uploads\/2022\/05\/Fotografia-nocturna-urbana.pdf\">este enlace<\/a>.<\/p>\n<p>Tambien puedes ver esta charla que nos ha resultado bastante interesante.<\/p>\n<p>&nbsp;<\/p>\n<p><iframe loading=\"lazy\" title=\"YouTube video player\" src=\"https:\/\/www.youtube.com\/embed\/aH9Hr0O5Zw8\" width=\"560\" height=\"315\" frameborder=\"0\" allowfullscreen=\"allowfullscreen\"><\/iframe><\/p>\n","protected":false},"excerpt":{"rendered":"<p>El pr\u00f3ximo d\u00eda 2 de junio tenemos programada la salida nocturna a la Gran V\u00eda. Dado que el sol se pone a las 21:40, podr\u00edamos empezar sobre las 21 horas para aprovechar el comienzo de la hora azul y los bonitos contrastes entre el azul del cielo y la c\u00e1lida iluminaci\u00f3n de la ciudad . [&hellip;]<\/p>\n","protected":false},"author":1,"featured_media":1551,"comment_status":"open","ping_status":"open","sticky":false,"template":"","format":"standard","meta":{"footnotes":""},"categories":[5,56],"tags":[137,140,141],"class_list":{"0":"post-1467","1":"post","2":"type-post","3":"status-publish","4":"format-standard","5":"has-post-thumbnail","7":"category-actividades","8":"category-salidas-fotograficas","9":"tag-fotografia-nocturna","10":"tag-fotografia-urbana","11":"tag-street-photography","12":"czr-hentry"},"yoast_head":"<!-- This site is optimized with the Yoast SEO plugin v27.5 - https:\/\/yoast.com\/product\/yoast-seo-wordpress\/ -->\n<title>Salida Fotogr\u00e1fica: Fotograf\u00eda nocturna en la Gran V\u00eda - Asociaci\u00f3n fotogr\u00e1fica C\u00e1mara en mano Las Rozas<\/title>\n<meta name=\"robots\" content=\"index, follow, max-snippet:-1, max-image-preview:large, max-video-preview:-1\" \/>\n<link rel=\"canonical\" href=\"https:\/\/camaraenmano.org\/index.php\/2022\/05\/29\/salida-fotografica-fotografia-nocturna-en-la-gran-via\/\" \/>\n<meta property=\"og:locale\" content=\"es_ES\" \/>\n<meta property=\"og:type\" content=\"article\" \/>\n<meta property=\"og:title\" content=\"Salida Fotogr\u00e1fica: Fotograf\u00eda nocturna en la Gran V\u00eda - Asociaci\u00f3n fotogr\u00e1fica C\u00e1mara en mano Las Rozas\" \/>\n<meta property=\"og:description\" content=\"El pr\u00f3ximo d\u00eda 2 de junio tenemos programada la salida nocturna a la Gran V\u00eda. Dado que el sol se pone a las 21:40, podr\u00edamos empezar sobre las 21 horas para aprovechar el comienzo de la hora azul y los bonitos contrastes entre el azul del cielo y la c\u00e1lida iluminaci\u00f3n de la ciudad . [&hellip;]\" \/>\n<meta property=\"og:url\" content=\"https:\/\/camaraenmano.org\/index.php\/2022\/05\/29\/salida-fotografica-fotografia-nocturna-en-la-gran-via\/\" \/>\n<meta property=\"og:site_name\" content=\"Asociaci\u00f3n fotogr\u00e1fica C\u00e1mara en mano Las Rozas\" \/>\n<meta property=\"article:publisher\" content=\"https:\/\/www.facebook.com\/AFCamaraenmano\/\" \/>\n<meta property=\"article:published_time\" content=\"2022-05-29T17:47:51+00:00\" \/>\n<meta property=\"article:modified_time\" content=\"2022-06-08T22:14:30+00:00\" \/>\n<meta property=\"og:image\" content=\"https:\/\/camaraenmano.org\/wp-content\/uploads\/2022\/06\/Alberto-1.jpg\" \/>\n\t<meta property=\"og:image:width\" content=\"1333\" \/>\n\t<meta property=\"og:image:height\" content=\"2000\" \/>\n\t<meta property=\"og:image:type\" content=\"image\/jpeg\" \/>\n<meta name=\"author\" content=\"Administrador\" \/>\n<meta name=\"twitter:card\" content=\"summary_large_image\" \/>\n<meta name=\"twitter:label1\" content=\"Escrito por\" \/>\n\t<meta name=\"twitter:data1\" content=\"Administrador\" \/>\n\t<meta name=\"twitter:label2\" content=\"Tiempo de lectura\" \/>\n\t<meta name=\"twitter:data2\" content=\"2 minutos\" \/>\n<script type=\"application\/ld+json\" class=\"yoast-schema-graph\">{\"@context\":\"https:\\\/\\\/schema.org\",\"@graph\":[{\"@type\":\"Article\",\"@id\":\"https:\\\/\\\/camaraenmano.org\\\/index.php\\\/2022\\\/05\\\/29\\\/salida-fotografica-fotografia-nocturna-en-la-gran-via\\\/#article\",\"isPartOf\":{\"@id\":\"https:\\\/\\\/camaraenmano.org\\\/index.php\\\/2022\\\/05\\\/29\\\/salida-fotografica-fotografia-nocturna-en-la-gran-via\\\/\"},\"author\":{\"name\":\"Administrador\",\"@id\":\"https:\\\/\\\/camaraenmano.org\\\/#\\\/schema\\\/person\\\/9ae05f95e2aa0144ea0768d6f65488be\"},\"headline\":\"Salida Fotogr\u00e1fica: Fotograf\u00eda nocturna en la Gran V\u00eda\",\"datePublished\":\"2022-05-29T17:47:51+00:00\",\"dateModified\":\"2022-06-08T22:14:30+00:00\",\"mainEntityOfPage\":{\"@id\":\"https:\\\/\\\/camaraenmano.org\\\/index.php\\\/2022\\\/05\\\/29\\\/salida-fotografica-fotografia-nocturna-en-la-gran-via\\\/\"},\"wordCount\":260,\"commentCount\":0,\"publisher\":{\"@id\":\"https:\\\/\\\/camaraenmano.org\\\/#organization\"},\"image\":{\"@id\":\"https:\\\/\\\/camaraenmano.org\\\/index.php\\\/2022\\\/05\\\/29\\\/salida-fotografica-fotografia-nocturna-en-la-gran-via\\\/#primaryimage\"},\"thumbnailUrl\":\"https:\\\/\\\/camaraenmano.org\\\/wp-content\\\/uploads\\\/2022\\\/06\\\/Alberto-1.jpg\",\"keywords\":[\"Fotografia nocturna\",\"fotografia urbana\",\"street photography\"],\"articleSection\":[\"Actividades\",\"Salidas fotogr\u00e1ficas\"],\"inLanguage\":\"es\",\"potentialAction\":[{\"@type\":\"CommentAction\",\"name\":\"Comment\",\"target\":[\"https:\\\/\\\/camaraenmano.org\\\/index.php\\\/2022\\\/05\\\/29\\\/salida-fotografica-fotografia-nocturna-en-la-gran-via\\\/#respond\"]}]},{\"@type\":\"WebPage\",\"@id\":\"https:\\\/\\\/camaraenmano.org\\\/index.php\\\/2022\\\/05\\\/29\\\/salida-fotografica-fotografia-nocturna-en-la-gran-via\\\/\",\"url\":\"https:\\\/\\\/camaraenmano.org\\\/index.php\\\/2022\\\/05\\\/29\\\/salida-fotografica-fotografia-nocturna-en-la-gran-via\\\/\",\"name\":\"Salida Fotogr\u00e1fica: Fotograf\u00eda nocturna en la Gran V\u00eda - Asociaci\u00f3n fotogr\u00e1fica C\u00e1mara en mano Las Rozas\",\"isPartOf\":{\"@id\":\"https:\\\/\\\/camaraenmano.org\\\/#website\"},\"primaryImageOfPage\":{\"@id\":\"https:\\\/\\\/camaraenmano.org\\\/index.php\\\/2022\\\/05\\\/29\\\/salida-fotografica-fotografia-nocturna-en-la-gran-via\\\/#primaryimage\"},\"image\":{\"@id\":\"https:\\\/\\\/camaraenmano.org\\\/index.php\\\/2022\\\/05\\\/29\\\/salida-fotografica-fotografia-nocturna-en-la-gran-via\\\/#primaryimage\"},\"thumbnailUrl\":\"https:\\\/\\\/camaraenmano.org\\\/wp-content\\\/uploads\\\/2022\\\/06\\\/Alberto-1.jpg\",\"datePublished\":\"2022-05-29T17:47:51+00:00\",\"dateModified\":\"2022-06-08T22:14:30+00:00\",\"breadcrumb\":{\"@id\":\"https:\\\/\\\/camaraenmano.org\\\/index.php\\\/2022\\\/05\\\/29\\\/salida-fotografica-fotografia-nocturna-en-la-gran-via\\\/#breadcrumb\"},\"inLanguage\":\"es\",\"potentialAction\":[{\"@type\":\"ReadAction\",\"target\":[\"https:\\\/\\\/camaraenmano.org\\\/index.php\\\/2022\\\/05\\\/29\\\/salida-fotografica-fotografia-nocturna-en-la-gran-via\\\/\"]}]},{\"@type\":\"ImageObject\",\"inLanguage\":\"es\",\"@id\":\"https:\\\/\\\/camaraenmano.org\\\/index.php\\\/2022\\\/05\\\/29\\\/salida-fotografica-fotografia-nocturna-en-la-gran-via\\\/#primaryimage\",\"url\":\"https:\\\/\\\/camaraenmano.org\\\/wp-content\\\/uploads\\\/2022\\\/06\\\/Alberto-1.jpg\",\"contentUrl\":\"https:\\\/\\\/camaraenmano.org\\\/wp-content\\\/uploads\\\/2022\\\/06\\\/Alberto-1.jpg\",\"width\":1333,\"height\":2000},{\"@type\":\"BreadcrumbList\",\"@id\":\"https:\\\/\\\/camaraenmano.org\\\/index.php\\\/2022\\\/05\\\/29\\\/salida-fotografica-fotografia-nocturna-en-la-gran-via\\\/#breadcrumb\",\"itemListElement\":[{\"@type\":\"ListItem\",\"position\":1,\"name\":\"Portada\",\"item\":\"https:\\\/\\\/camaraenmano.org\\\/\"},{\"@type\":\"ListItem\",\"position\":2,\"name\":\"Salida Fotogr\u00e1fica: Fotograf\u00eda nocturna en la Gran V\u00eda\"}]},{\"@type\":\"WebSite\",\"@id\":\"https:\\\/\\\/camaraenmano.org\\\/#website\",\"url\":\"https:\\\/\\\/camaraenmano.org\\\/\",\"name\":\"Asociaci\u00f3n fotogr\u00e1fica C\u00e1mara en mano Las Rozas\",\"description\":\"\",\"publisher\":{\"@id\":\"https:\\\/\\\/camaraenmano.org\\\/#organization\"},\"potentialAction\":[{\"@type\":\"SearchAction\",\"target\":{\"@type\":\"EntryPoint\",\"urlTemplate\":\"https:\\\/\\\/camaraenmano.org\\\/?s={search_term_string}\"},\"query-input\":{\"@type\":\"PropertyValueSpecification\",\"valueRequired\":true,\"valueName\":\"search_term_string\"}}],\"inLanguage\":\"es\"},{\"@type\":\"Organization\",\"@id\":\"https:\\\/\\\/camaraenmano.org\\\/#organization\",\"name\":\"C\u00e1mara en mano\",\"url\":\"https:\\\/\\\/camaraenmano.org\\\/\",\"logo\":{\"@type\":\"ImageObject\",\"inLanguage\":\"es\",\"@id\":\"https:\\\/\\\/camaraenmano.org\\\/#\\\/schema\\\/logo\\\/image\\\/\",\"url\":\"https:\\\/\\\/camaraenmano.org\\\/wp-content\\\/uploads\\\/2023\\\/10\\\/cropped-Logo-Camara-en-Mano-2-1.png\",\"contentUrl\":\"https:\\\/\\\/camaraenmano.org\\\/wp-content\\\/uploads\\\/2023\\\/10\\\/cropped-Logo-Camara-en-Mano-2-1.png\",\"width\":3174,\"height\":2093,\"caption\":\"C\u00e1mara en mano\"},\"image\":{\"@id\":\"https:\\\/\\\/camaraenmano.org\\\/#\\\/schema\\\/logo\\\/image\\\/\"},\"sameAs\":[\"https:\\\/\\\/www.facebook.com\\\/AFCamaraenmano\\\/\",\"https:\\\/\\\/www.instagram.com\\\/afcamaraenmano\\\/\"]},{\"@type\":\"Person\",\"@id\":\"https:\\\/\\\/camaraenmano.org\\\/#\\\/schema\\\/person\\\/9ae05f95e2aa0144ea0768d6f65488be\",\"name\":\"Administrador\",\"image\":{\"@type\":\"ImageObject\",\"inLanguage\":\"es\",\"@id\":\"https:\\\/\\\/secure.gravatar.com\\\/avatar\\\/afbf021a33f39f3b1b0fcbf424cd00175e4543d4630d7a19e2a7c6defa5096c8?s=96&d=mm&r=g\",\"url\":\"https:\\\/\\\/secure.gravatar.com\\\/avatar\\\/afbf021a33f39f3b1b0fcbf424cd00175e4543d4630d7a19e2a7c6defa5096c8?s=96&d=mm&r=g\",\"contentUrl\":\"https:\\\/\\\/secure.gravatar.com\\\/avatar\\\/afbf021a33f39f3b1b0fcbf424cd00175e4543d4630d7a19e2a7c6defa5096c8?s=96&d=mm&r=g\",\"caption\":\"Administrador\"},\"sameAs\":[\"http:\\\/\\\/camaraenmano.org\"],\"url\":\"https:\\\/\\\/camaraenmano.org\\\/index.php\\\/author\\\/admin2786\\\/\"}]}<\/script>\n<!-- \/ Yoast SEO plugin. -->","yoast_head_json":{"title":"Salida Fotogr\u00e1fica: Fotograf\u00eda nocturna en la Gran V\u00eda - Asociaci\u00f3n fotogr\u00e1fica C\u00e1mara en mano Las Rozas","robots":{"index":"index","follow":"follow","max-snippet":"max-snippet:-1","max-image-preview":"max-image-preview:large","max-video-preview":"max-video-preview:-1"},"canonical":"https:\/\/camaraenmano.org\/index.php\/2022\/05\/29\/salida-fotografica-fotografia-nocturna-en-la-gran-via\/","og_locale":"es_ES","og_type":"article","og_title":"Salida Fotogr\u00e1fica: Fotograf\u00eda nocturna en la Gran V\u00eda - Asociaci\u00f3n fotogr\u00e1fica C\u00e1mara en mano Las Rozas","og_description":"El pr\u00f3ximo d\u00eda 2 de junio tenemos programada la salida nocturna a la Gran V\u00eda. Dado que el sol se pone a las 21:40, podr\u00edamos empezar sobre las 21 horas para aprovechar el comienzo de la hora azul y los bonitos contrastes entre el azul del cielo y la c\u00e1lida iluminaci\u00f3n de la ciudad . [&hellip;]","og_url":"https:\/\/camaraenmano.org\/index.php\/2022\/05\/29\/salida-fotografica-fotografia-nocturna-en-la-gran-via\/","og_site_name":"Asociaci\u00f3n fotogr\u00e1fica C\u00e1mara en mano Las Rozas","article_publisher":"https:\/\/www.facebook.com\/AFCamaraenmano\/","article_published_time":"2022-05-29T17:47:51+00:00","article_modified_time":"2022-06-08T22:14:30+00:00","og_image":[{"width":1333,"height":2000,"url":"https:\/\/camaraenmano.org\/wp-content\/uploads\/2022\/06\/Alberto-1.jpg","type":"image\/jpeg"}],"author":"Administrador","twitter_card":"summary_large_image","twitter_misc":{"Escrito por":"Administrador","Tiempo de lectura":"2 minutos"},"schema":{"@context":"https:\/\/schema.org","@graph":[{"@type":"Article","@id":"https:\/\/camaraenmano.org\/index.php\/2022\/05\/29\/salida-fotografica-fotografia-nocturna-en-la-gran-via\/#article","isPartOf":{"@id":"https:\/\/camaraenmano.org\/index.php\/2022\/05\/29\/salida-fotografica-fotografia-nocturna-en-la-gran-via\/"},"author":{"name":"Administrador","@id":"https:\/\/camaraenmano.org\/#\/schema\/person\/9ae05f95e2aa0144ea0768d6f65488be"},"headline":"Salida Fotogr\u00e1fica: Fotograf\u00eda nocturna en la Gran V\u00eda","datePublished":"2022-05-29T17:47:51+00:00","dateModified":"2022-06-08T22:14:30+00:00","mainEntityOfPage":{"@id":"https:\/\/camaraenmano.org\/index.php\/2022\/05\/29\/salida-fotografica-fotografia-nocturna-en-la-gran-via\/"},"wordCount":260,"commentCount":0,"publisher":{"@id":"https:\/\/camaraenmano.org\/#organization"},"image":{"@id":"https:\/\/camaraenmano.org\/index.php\/2022\/05\/29\/salida-fotografica-fotografia-nocturna-en-la-gran-via\/#primaryimage"},"thumbnailUrl":"https:\/\/camaraenmano.org\/wp-content\/uploads\/2022\/06\/Alberto-1.jpg","keywords":["Fotografia nocturna","fotografia urbana","street photography"],"articleSection":["Actividades","Salidas fotogr\u00e1ficas"],"inLanguage":"es","potentialAction":[{"@type":"CommentAction","name":"Comment","target":["https:\/\/camaraenmano.org\/index.php\/2022\/05\/29\/salida-fotografica-fotografia-nocturna-en-la-gran-via\/#respond"]}]},{"@type":"WebPage","@id":"https:\/\/camaraenmano.org\/index.php\/2022\/05\/29\/salida-fotografica-fotografia-nocturna-en-la-gran-via\/","url":"https:\/\/camaraenmano.org\/index.php\/2022\/05\/29\/salida-fotografica-fotografia-nocturna-en-la-gran-via\/","name":"Salida Fotogr\u00e1fica: Fotograf\u00eda nocturna en la Gran V\u00eda - Asociaci\u00f3n fotogr\u00e1fica C\u00e1mara en mano Las Rozas","isPartOf":{"@id":"https:\/\/camaraenmano.org\/#website"},"primaryImageOfPage":{"@id":"https:\/\/camaraenmano.org\/index.php\/2022\/05\/29\/salida-fotografica-fotografia-nocturna-en-la-gran-via\/#primaryimage"},"image":{"@id":"https:\/\/camaraenmano.org\/index.php\/2022\/05\/29\/salida-fotografica-fotografia-nocturna-en-la-gran-via\/#primaryimage"},"thumbnailUrl":"https:\/\/camaraenmano.org\/wp-content\/uploads\/2022\/06\/Alberto-1.jpg","datePublished":"2022-05-29T17:47:51+00:00","dateModified":"2022-06-08T22:14:30+00:00","breadcrumb":{"@id":"https:\/\/camaraenmano.org\/index.php\/2022\/05\/29\/salida-fotografica-fotografia-nocturna-en-la-gran-via\/#breadcrumb"},"inLanguage":"es","potentialAction":[{"@type":"ReadAction","target":["https:\/\/camaraenmano.org\/index.php\/2022\/05\/29\/salida-fotografica-fotografia-nocturna-en-la-gran-via\/"]}]},{"@type":"ImageObject","inLanguage":"es","@id":"https:\/\/camaraenmano.org\/index.php\/2022\/05\/29\/salida-fotografica-fotografia-nocturna-en-la-gran-via\/#primaryimage","url":"https:\/\/camaraenmano.org\/wp-content\/uploads\/2022\/06\/Alberto-1.jpg","contentUrl":"https:\/\/camaraenmano.org\/wp-content\/uploads\/2022\/06\/Alberto-1.jpg","width":1333,"height":2000},{"@type":"BreadcrumbList","@id":"https:\/\/camaraenmano.org\/index.php\/2022\/05\/29\/salida-fotografica-fotografia-nocturna-en-la-gran-via\/#breadcrumb","itemListElement":[{"@type":"ListItem","position":1,"name":"Portada","item":"https:\/\/camaraenmano.org\/"},{"@type":"ListItem","position":2,"name":"Salida Fotogr\u00e1fica: Fotograf\u00eda nocturna en la Gran V\u00eda"}]},{"@type":"WebSite","@id":"https:\/\/camaraenmano.org\/#website","url":"https:\/\/camaraenmano.org\/","name":"Asociaci\u00f3n fotogr\u00e1fica C\u00e1mara en mano Las Rozas","description":"","publisher":{"@id":"https:\/\/camaraenmano.org\/#organization"},"potentialAction":[{"@type":"SearchAction","target":{"@type":"EntryPoint","urlTemplate":"https:\/\/camaraenmano.org\/?s={search_term_string}"},"query-input":{"@type":"PropertyValueSpecification","valueRequired":true,"valueName":"search_term_string"}}],"inLanguage":"es"},{"@type":"Organization","@id":"https:\/\/camaraenmano.org\/#organization","name":"C\u00e1mara en mano","url":"https:\/\/camaraenmano.org\/","logo":{"@type":"ImageObject","inLanguage":"es","@id":"https:\/\/camaraenmano.org\/#\/schema\/logo\/image\/","url":"https:\/\/camaraenmano.org\/wp-content\/uploads\/2023\/10\/cropped-Logo-Camara-en-Mano-2-1.png","contentUrl":"https:\/\/camaraenmano.org\/wp-content\/uploads\/2023\/10\/cropped-Logo-Camara-en-Mano-2-1.png","width":3174,"height":2093,"caption":"C\u00e1mara en mano"},"image":{"@id":"https:\/\/camaraenmano.org\/#\/schema\/logo\/image\/"},"sameAs":["https:\/\/www.facebook.com\/AFCamaraenmano\/","https:\/\/www.instagram.com\/afcamaraenmano\/"]},{"@type":"Person","@id":"https:\/\/camaraenmano.org\/#\/schema\/person\/9ae05f95e2aa0144ea0768d6f65488be","name":"Administrador","image":{"@type":"ImageObject","inLanguage":"es","@id":"https:\/\/secure.gravatar.com\/avatar\/afbf021a33f39f3b1b0fcbf424cd00175e4543d4630d7a19e2a7c6defa5096c8?s=96&d=mm&r=g","url":"https:\/\/secure.gravatar.com\/avatar\/afbf021a33f39f3b1b0fcbf424cd00175e4543d4630d7a19e2a7c6defa5096c8?s=96&d=mm&r=g","contentUrl":"https:\/\/secure.gravatar.com\/avatar\/afbf021a33f39f3b1b0fcbf424cd00175e4543d4630d7a19e2a7c6defa5096c8?s=96&d=mm&r=g","caption":"Administrador"},"sameAs":["http:\/\/camaraenmano.org"],"url":"https:\/\/camaraenmano.org\/index.php\/author\/admin2786\/"}]}},"_links":{"self":[{"href":"https:\/\/camaraenmano.org\/index.php\/wp-json\/wp\/v2\/posts\/1467","targetHints":{"allow":["GET"]}}],"collection":[{"href":"https:\/\/camaraenmano.org\/index.php\/wp-json\/wp\/v2\/posts"}],"about":[{"href":"https:\/\/camaraenmano.org\/index.php\/wp-json\/wp\/v2\/types\/post"}],"author":[{"embeddable":true,"href":"https:\/\/camaraenmano.org\/index.php\/wp-json\/wp\/v2\/users\/1"}],"replies":[{"embeddable":true,"href":"https:\/\/camaraenmano.org\/index.php\/wp-json\/wp\/v2\/comments?post=1467"}],"version-history":[{"count":6,"href":"https:\/\/camaraenmano.org\/index.php\/wp-json\/wp\/v2\/posts\/1467\/revisions"}],"predecessor-version":[{"id":1600,"href":"https:\/\/camaraenmano.org\/index.php\/wp-json\/wp\/v2\/posts\/1467\/revisions\/1600"}],"wp:featuredmedia":[{"embeddable":true,"href":"https:\/\/camaraenmano.org\/index.php\/wp-json\/wp\/v2\/media\/1551"}],"wp:attachment":[{"href":"https:\/\/camaraenmano.org\/index.php\/wp-json\/wp\/v2\/media?parent=1467"}],"wp:term":[{"taxonomy":"category","embeddable":true,"href":"https:\/\/camaraenmano.org\/index.php\/wp-json\/wp\/v2\/categories?post=1467"},{"taxonomy":"post_tag","embeddable":true,"href":"https:\/\/camaraenmano.org\/index.php\/wp-json\/wp\/v2\/tags?post=1467"}],"curies":[{"name":"wp","href":"https:\/\/api.w.org\/{rel}","templated":true}]}}