{"id":1782,"date":"2022-10-31T22:15:44","date_gmt":"2022-10-31T21:15:44","guid":{"rendered":"https:\/\/camaraenmano.org\/?p=1782"},"modified":"2022-11-08T23:11:52","modified_gmt":"2022-11-08T22:11:52","slug":"reto-del-mes-noviembre-minimalismo","status":"publish","type":"post","link":"https:\/\/camaraenmano.org\/index.php\/2022\/10\/31\/reto-del-mes-noviembre-minimalismo\/","title":{"rendered":"Reto del mes: Noviembre &#8211; Minimalismo"},"content":{"rendered":"<p>Este mes de noviembre empezamos con un nuevo reto. En esta ocasi\u00f3n el tema del reto es MINIMALISMO\u00a0 y est\u00e1 propuesto por Dolores.<\/p>\n<div>Dolores nos incluye para orientarnos un documento con algunas indicaciones que puedes bajar de <a href=\"https:\/\/camaraenmano.org\/wp-content\/uploads\/2022\/10\/MINIMAL-1.pdf\">este enlace<\/a>.<\/div>\n<div><\/div>\n<div>Adem\u00e1s, nos sugiere esta interesante <a href=\"https:\/\/fototrending.com\/fotografia-minimalista\/#punto_1\">Gu\u00eda con consejos y ejemplos para hacer tu primera foto minimalista<\/a> de la web FotoTrending<\/div>\n<div><\/div>\n<div>Por otro lado nos propone visitar las obras de estos fot\u00f3grafos:<\/div>\n<ul>\n<li>El fot\u00f3grafo griego George Digalakis en su web: <a href=\"https:\/\/www.digalakisphotography.com\/\">https:\/\/www.digalakisphotography.com\/<\/a><\/li>\n<li>y el fotografo Stefano Cirillo, un autor muy divertido y colorista que puedes conocer en esta entrada de<a href=\"https:\/\/www.xatakafoto.com\/colecciones\/el-menos-es-mas-cumplido-a-rajatabla-en-las-fotografias-minimalismas-de-arquitectura-de-stefano-cirillo\"> XatakaFoto.<\/a><\/li>\n<\/ul>\n<p>&nbsp;<\/p>\n<p>Las fotograf\u00edas deber subirlas al album de Google-Fotos que compartimos en la asociaci\u00f3n.<\/p>\n<p><img loading=\"lazy\" decoding=\"async\" class=\"alignnone wp-image-1784 size-full\" src=\"https:\/\/camaraenmano.org\/wp-content\/uploads\/2022\/10\/minimalismo1.jpg\" alt=\"\" width=\"555\" height=\"450\" srcset=\"https:\/\/camaraenmano.org\/wp-content\/uploads\/2022\/10\/minimalismo1.jpg 555w, https:\/\/camaraenmano.org\/wp-content\/uploads\/2022\/10\/minimalismo1-300x243.jpg 300w\" sizes=\"auto, (max-width: 555px) 100vw, 555px\" \/><\/p>\n","protected":false},"excerpt":{"rendered":"<p>Este mes de noviembre empezamos con un nuevo reto. En esta ocasi\u00f3n el tema del reto es MINIMALISMO\u00a0 y est\u00e1 propuesto por Dolores. Dolores nos incluye para orientarnos un documento con algunas indicaciones que puedes bajar de este enlace. Adem\u00e1s, nos sugiere esta interesante Gu\u00eda con consejos y ejemplos para hacer tu primera foto minimalista [&hellip;]<\/p>\n","protected":false},"author":1,"featured_media":1784,"comment_status":"open","ping_status":"open","sticky":false,"template":"","format":"standard","meta":{"footnotes":""},"categories":[5,23],"tags":[],"class_list":{"0":"post-1782","1":"post","2":"type-post","3":"status-publish","4":"format-standard","5":"has-post-thumbnail","7":"category-actividades","8":"category-noticias","9":"czr-hentry"},"yoast_head":"<!-- This site is optimized with the Yoast SEO plugin v27.5 - https:\/\/yoast.com\/product\/yoast-seo-wordpress\/ -->\n<title>Reto del mes: Noviembre - Minimalismo - Asociaci\u00f3n fotogr\u00e1fica C\u00e1mara en mano Las Rozas<\/title>\n<meta name=\"robots\" content=\"index, follow, max-snippet:-1, max-image-preview:large, max-video-preview:-1\" \/>\n<link rel=\"canonical\" href=\"https:\/\/camaraenmano.org\/index.php\/2022\/10\/31\/reto-del-mes-noviembre-minimalismo\/\" \/>\n<meta property=\"og:locale\" content=\"es_ES\" \/>\n<meta property=\"og:type\" content=\"article\" \/>\n<meta property=\"og:title\" content=\"Reto del mes: Noviembre - Minimalismo - Asociaci\u00f3n fotogr\u00e1fica C\u00e1mara en mano Las Rozas\" \/>\n<meta property=\"og:description\" content=\"Este mes de noviembre empezamos con un nuevo reto. En esta ocasi\u00f3n el tema del reto es MINIMALISMO\u00a0 y est\u00e1 propuesto por Dolores. Dolores nos incluye para orientarnos un documento con algunas indicaciones que puedes bajar de este enlace. Adem\u00e1s, nos sugiere esta interesante Gu\u00eda con consejos y ejemplos para hacer tu primera foto minimalista [&hellip;]\" \/>\n<meta property=\"og:url\" content=\"https:\/\/camaraenmano.org\/index.php\/2022\/10\/31\/reto-del-mes-noviembre-minimalismo\/\" \/>\n<meta property=\"og:site_name\" content=\"Asociaci\u00f3n fotogr\u00e1fica C\u00e1mara en mano Las Rozas\" \/>\n<meta property=\"article:publisher\" content=\"https:\/\/www.facebook.com\/AFCamaraenmano\/\" \/>\n<meta property=\"article:published_time\" content=\"2022-10-31T21:15:44+00:00\" \/>\n<meta property=\"article:modified_time\" content=\"2022-11-08T22:11:52+00:00\" \/>\n<meta property=\"og:image\" content=\"https:\/\/camaraenmano.org\/wp-content\/uploads\/2022\/10\/minimalismo1.jpg\" \/>\n\t<meta property=\"og:image:width\" content=\"555\" \/>\n\t<meta property=\"og:image:height\" content=\"450\" \/>\n\t<meta property=\"og:image:type\" content=\"image\/jpeg\" \/>\n<meta name=\"author\" content=\"Administrador\" \/>\n<meta name=\"twitter:card\" content=\"summary_large_image\" \/>\n<meta name=\"twitter:label1\" content=\"Escrito por\" \/>\n\t<meta name=\"twitter:data1\" content=\"Administrador\" \/>\n\t<meta name=\"twitter:label2\" content=\"Tiempo de lectura\" \/>\n\t<meta name=\"twitter:data2\" content=\"1 minuto\" \/>\n<script type=\"application\/ld+json\" class=\"yoast-schema-graph\">{\"@context\":\"https:\\\/\\\/schema.org\",\"@graph\":[{\"@type\":\"Article\",\"@id\":\"https:\\\/\\\/camaraenmano.org\\\/index.php\\\/2022\\\/10\\\/31\\\/reto-del-mes-noviembre-minimalismo\\\/#article\",\"isPartOf\":{\"@id\":\"https:\\\/\\\/camaraenmano.org\\\/index.php\\\/2022\\\/10\\\/31\\\/reto-del-mes-noviembre-minimalismo\\\/\"},\"author\":{\"name\":\"Administrador\",\"@id\":\"https:\\\/\\\/camaraenmano.org\\\/#\\\/schema\\\/person\\\/9ae05f95e2aa0144ea0768d6f65488be\"},\"headline\":\"Reto del mes: Noviembre &#8211; Minimalismo\",\"datePublished\":\"2022-10-31T21:15:44+00:00\",\"dateModified\":\"2022-11-08T22:11:52+00:00\",\"mainEntityOfPage\":{\"@id\":\"https:\\\/\\\/camaraenmano.org\\\/index.php\\\/2022\\\/10\\\/31\\\/reto-del-mes-noviembre-minimalismo\\\/\"},\"wordCount\":128,\"commentCount\":0,\"publisher\":{\"@id\":\"https:\\\/\\\/camaraenmano.org\\\/#organization\"},\"image\":{\"@id\":\"https:\\\/\\\/camaraenmano.org\\\/index.php\\\/2022\\\/10\\\/31\\\/reto-del-mes-noviembre-minimalismo\\\/#primaryimage\"},\"thumbnailUrl\":\"https:\\\/\\\/camaraenmano.org\\\/wp-content\\\/uploads\\\/2022\\\/10\\\/minimalismo1.jpg\",\"articleSection\":[\"Actividades\",\"Noticias\"],\"inLanguage\":\"es\",\"potentialAction\":[{\"@type\":\"CommentAction\",\"name\":\"Comment\",\"target\":[\"https:\\\/\\\/camaraenmano.org\\\/index.php\\\/2022\\\/10\\\/31\\\/reto-del-mes-noviembre-minimalismo\\\/#respond\"]}]},{\"@type\":\"WebPage\",\"@id\":\"https:\\\/\\\/camaraenmano.org\\\/index.php\\\/2022\\\/10\\\/31\\\/reto-del-mes-noviembre-minimalismo\\\/\",\"url\":\"https:\\\/\\\/camaraenmano.org\\\/index.php\\\/2022\\\/10\\\/31\\\/reto-del-mes-noviembre-minimalismo\\\/\",\"name\":\"Reto del mes: Noviembre - Minimalismo - Asociaci\u00f3n fotogr\u00e1fica C\u00e1mara en mano Las Rozas\",\"isPartOf\":{\"@id\":\"https:\\\/\\\/camaraenmano.org\\\/#website\"},\"primaryImageOfPage\":{\"@id\":\"https:\\\/\\\/camaraenmano.org\\\/index.php\\\/2022\\\/10\\\/31\\\/reto-del-mes-noviembre-minimalismo\\\/#primaryimage\"},\"image\":{\"@id\":\"https:\\\/\\\/camaraenmano.org\\\/index.php\\\/2022\\\/10\\\/31\\\/reto-del-mes-noviembre-minimalismo\\\/#primaryimage\"},\"thumbnailUrl\":\"https:\\\/\\\/camaraenmano.org\\\/wp-content\\\/uploads\\\/2022\\\/10\\\/minimalismo1.jpg\",\"datePublished\":\"2022-10-31T21:15:44+00:00\",\"dateModified\":\"2022-11-08T22:11:52+00:00\",\"breadcrumb\":{\"@id\":\"https:\\\/\\\/camaraenmano.org\\\/index.php\\\/2022\\\/10\\\/31\\\/reto-del-mes-noviembre-minimalismo\\\/#breadcrumb\"},\"inLanguage\":\"es\",\"potentialAction\":[{\"@type\":\"ReadAction\",\"target\":[\"https:\\\/\\\/camaraenmano.org\\\/index.php\\\/2022\\\/10\\\/31\\\/reto-del-mes-noviembre-minimalismo\\\/\"]}]},{\"@type\":\"ImageObject\",\"inLanguage\":\"es\",\"@id\":\"https:\\\/\\\/camaraenmano.org\\\/index.php\\\/2022\\\/10\\\/31\\\/reto-del-mes-noviembre-minimalismo\\\/#primaryimage\",\"url\":\"https:\\\/\\\/camaraenmano.org\\\/wp-content\\\/uploads\\\/2022\\\/10\\\/minimalismo1.jpg\",\"contentUrl\":\"https:\\\/\\\/camaraenmano.org\\\/wp-content\\\/uploads\\\/2022\\\/10\\\/minimalismo1.jpg\",\"width\":555,\"height\":450},{\"@type\":\"BreadcrumbList\",\"@id\":\"https:\\\/\\\/camaraenmano.org\\\/index.php\\\/2022\\\/10\\\/31\\\/reto-del-mes-noviembre-minimalismo\\\/#breadcrumb\",\"itemListElement\":[{\"@type\":\"ListItem\",\"position\":1,\"name\":\"Portada\",\"item\":\"https:\\\/\\\/camaraenmano.org\\\/\"},{\"@type\":\"ListItem\",\"position\":2,\"name\":\"Reto del mes: Noviembre &#8211; Minimalismo\"}]},{\"@type\":\"WebSite\",\"@id\":\"https:\\\/\\\/camaraenmano.org\\\/#website\",\"url\":\"https:\\\/\\\/camaraenmano.org\\\/\",\"name\":\"Asociaci\u00f3n fotogr\u00e1fica C\u00e1mara en mano Las Rozas\",\"description\":\"\",\"publisher\":{\"@id\":\"https:\\\/\\\/camaraenmano.org\\\/#organization\"},\"potentialAction\":[{\"@type\":\"SearchAction\",\"target\":{\"@type\":\"EntryPoint\",\"urlTemplate\":\"https:\\\/\\\/camaraenmano.org\\\/?s={search_term_string}\"},\"query-input\":{\"@type\":\"PropertyValueSpecification\",\"valueRequired\":true,\"valueName\":\"search_term_string\"}}],\"inLanguage\":\"es\"},{\"@type\":\"Organization\",\"@id\":\"https:\\\/\\\/camaraenmano.org\\\/#organization\",\"name\":\"C\u00e1mara en mano\",\"url\":\"https:\\\/\\\/camaraenmano.org\\\/\",\"logo\":{\"@type\":\"ImageObject\",\"inLanguage\":\"es\",\"@id\":\"https:\\\/\\\/camaraenmano.org\\\/#\\\/schema\\\/logo\\\/image\\\/\",\"url\":\"https:\\\/\\\/camaraenmano.org\\\/wp-content\\\/uploads\\\/2023\\\/10\\\/cropped-Logo-Camara-en-Mano-2-1.png\",\"contentUrl\":\"https:\\\/\\\/camaraenmano.org\\\/wp-content\\\/uploads\\\/2023\\\/10\\\/cropped-Logo-Camara-en-Mano-2-1.png\",\"width\":3174,\"height\":2093,\"caption\":\"C\u00e1mara en mano\"},\"image\":{\"@id\":\"https:\\\/\\\/camaraenmano.org\\\/#\\\/schema\\\/logo\\\/image\\\/\"},\"sameAs\":[\"https:\\\/\\\/www.facebook.com\\\/AFCamaraenmano\\\/\",\"https:\\\/\\\/www.instagram.com\\\/afcamaraenmano\\\/\"]},{\"@type\":\"Person\",\"@id\":\"https:\\\/\\\/camaraenmano.org\\\/#\\\/schema\\\/person\\\/9ae05f95e2aa0144ea0768d6f65488be\",\"name\":\"Administrador\",\"image\":{\"@type\":\"ImageObject\",\"inLanguage\":\"es\",\"@id\":\"https:\\\/\\\/secure.gravatar.com\\\/avatar\\\/afbf021a33f39f3b1b0fcbf424cd00175e4543d4630d7a19e2a7c6defa5096c8?s=96&d=mm&r=g\",\"url\":\"https:\\\/\\\/secure.gravatar.com\\\/avatar\\\/afbf021a33f39f3b1b0fcbf424cd00175e4543d4630d7a19e2a7c6defa5096c8?s=96&d=mm&r=g\",\"contentUrl\":\"https:\\\/\\\/secure.gravatar.com\\\/avatar\\\/afbf021a33f39f3b1b0fcbf424cd00175e4543d4630d7a19e2a7c6defa5096c8?s=96&d=mm&r=g\",\"caption\":\"Administrador\"},\"sameAs\":[\"http:\\\/\\\/camaraenmano.org\"],\"url\":\"https:\\\/\\\/camaraenmano.org\\\/index.php\\\/author\\\/admin2786\\\/\"}]}<\/script>\n<!-- \/ Yoast SEO plugin. -->","yoast_head_json":{"title":"Reto del mes: Noviembre - Minimalismo - Asociaci\u00f3n fotogr\u00e1fica C\u00e1mara en mano Las Rozas","robots":{"index":"index","follow":"follow","max-snippet":"max-snippet:-1","max-image-preview":"max-image-preview:large","max-video-preview":"max-video-preview:-1"},"canonical":"https:\/\/camaraenmano.org\/index.php\/2022\/10\/31\/reto-del-mes-noviembre-minimalismo\/","og_locale":"es_ES","og_type":"article","og_title":"Reto del mes: Noviembre - Minimalismo - Asociaci\u00f3n fotogr\u00e1fica C\u00e1mara en mano Las Rozas","og_description":"Este mes de noviembre empezamos con un nuevo reto. En esta ocasi\u00f3n el tema del reto es MINIMALISMO\u00a0 y est\u00e1 propuesto por Dolores. Dolores nos incluye para orientarnos un documento con algunas indicaciones que puedes bajar de este enlace. Adem\u00e1s, nos sugiere esta interesante Gu\u00eda con consejos y ejemplos para hacer tu primera foto minimalista [&hellip;]","og_url":"https:\/\/camaraenmano.org\/index.php\/2022\/10\/31\/reto-del-mes-noviembre-minimalismo\/","og_site_name":"Asociaci\u00f3n fotogr\u00e1fica C\u00e1mara en mano Las Rozas","article_publisher":"https:\/\/www.facebook.com\/AFCamaraenmano\/","article_published_time":"2022-10-31T21:15:44+00:00","article_modified_time":"2022-11-08T22:11:52+00:00","og_image":[{"width":555,"height":450,"url":"https:\/\/camaraenmano.org\/wp-content\/uploads\/2022\/10\/minimalismo1.jpg","type":"image\/jpeg"}],"author":"Administrador","twitter_card":"summary_large_image","twitter_misc":{"Escrito por":"Administrador","Tiempo de lectura":"1 minuto"},"schema":{"@context":"https:\/\/schema.org","@graph":[{"@type":"Article","@id":"https:\/\/camaraenmano.org\/index.php\/2022\/10\/31\/reto-del-mes-noviembre-minimalismo\/#article","isPartOf":{"@id":"https:\/\/camaraenmano.org\/index.php\/2022\/10\/31\/reto-del-mes-noviembre-minimalismo\/"},"author":{"name":"Administrador","@id":"https:\/\/camaraenmano.org\/#\/schema\/person\/9ae05f95e2aa0144ea0768d6f65488be"},"headline":"Reto del mes: Noviembre &#8211; Minimalismo","datePublished":"2022-10-31T21:15:44+00:00","dateModified":"2022-11-08T22:11:52+00:00","mainEntityOfPage":{"@id":"https:\/\/camaraenmano.org\/index.php\/2022\/10\/31\/reto-del-mes-noviembre-minimalismo\/"},"wordCount":128,"commentCount":0,"publisher":{"@id":"https:\/\/camaraenmano.org\/#organization"},"image":{"@id":"https:\/\/camaraenmano.org\/index.php\/2022\/10\/31\/reto-del-mes-noviembre-minimalismo\/#primaryimage"},"thumbnailUrl":"https:\/\/camaraenmano.org\/wp-content\/uploads\/2022\/10\/minimalismo1.jpg","articleSection":["Actividades","Noticias"],"inLanguage":"es","potentialAction":[{"@type":"CommentAction","name":"Comment","target":["https:\/\/camaraenmano.org\/index.php\/2022\/10\/31\/reto-del-mes-noviembre-minimalismo\/#respond"]}]},{"@type":"WebPage","@id":"https:\/\/camaraenmano.org\/index.php\/2022\/10\/31\/reto-del-mes-noviembre-minimalismo\/","url":"https:\/\/camaraenmano.org\/index.php\/2022\/10\/31\/reto-del-mes-noviembre-minimalismo\/","name":"Reto del mes: Noviembre - Minimalismo - Asociaci\u00f3n fotogr\u00e1fica C\u00e1mara en mano Las Rozas","isPartOf":{"@id":"https:\/\/camaraenmano.org\/#website"},"primaryImageOfPage":{"@id":"https:\/\/camaraenmano.org\/index.php\/2022\/10\/31\/reto-del-mes-noviembre-minimalismo\/#primaryimage"},"image":{"@id":"https:\/\/camaraenmano.org\/index.php\/2022\/10\/31\/reto-del-mes-noviembre-minimalismo\/#primaryimage"},"thumbnailUrl":"https:\/\/camaraenmano.org\/wp-content\/uploads\/2022\/10\/minimalismo1.jpg","datePublished":"2022-10-31T21:15:44+00:00","dateModified":"2022-11-08T22:11:52+00:00","breadcrumb":{"@id":"https:\/\/camaraenmano.org\/index.php\/2022\/10\/31\/reto-del-mes-noviembre-minimalismo\/#breadcrumb"},"inLanguage":"es","potentialAction":[{"@type":"ReadAction","target":["https:\/\/camaraenmano.org\/index.php\/2022\/10\/31\/reto-del-mes-noviembre-minimalismo\/"]}]},{"@type":"ImageObject","inLanguage":"es","@id":"https:\/\/camaraenmano.org\/index.php\/2022\/10\/31\/reto-del-mes-noviembre-minimalismo\/#primaryimage","url":"https:\/\/camaraenmano.org\/wp-content\/uploads\/2022\/10\/minimalismo1.jpg","contentUrl":"https:\/\/camaraenmano.org\/wp-content\/uploads\/2022\/10\/minimalismo1.jpg","width":555,"height":450},{"@type":"BreadcrumbList","@id":"https:\/\/camaraenmano.org\/index.php\/2022\/10\/31\/reto-del-mes-noviembre-minimalismo\/#breadcrumb","itemListElement":[{"@type":"ListItem","position":1,"name":"Portada","item":"https:\/\/camaraenmano.org\/"},{"@type":"ListItem","position":2,"name":"Reto del mes: Noviembre &#8211; Minimalismo"}]},{"@type":"WebSite","@id":"https:\/\/camaraenmano.org\/#website","url":"https:\/\/camaraenmano.org\/","name":"Asociaci\u00f3n fotogr\u00e1fica C\u00e1mara en mano Las Rozas","description":"","publisher":{"@id":"https:\/\/camaraenmano.org\/#organization"},"potentialAction":[{"@type":"SearchAction","target":{"@type":"EntryPoint","urlTemplate":"https:\/\/camaraenmano.org\/?s={search_term_string}"},"query-input":{"@type":"PropertyValueSpecification","valueRequired":true,"valueName":"search_term_string"}}],"inLanguage":"es"},{"@type":"Organization","@id":"https:\/\/camaraenmano.org\/#organization","name":"C\u00e1mara en mano","url":"https:\/\/camaraenmano.org\/","logo":{"@type":"ImageObject","inLanguage":"es","@id":"https:\/\/camaraenmano.org\/#\/schema\/logo\/image\/","url":"https:\/\/camaraenmano.org\/wp-content\/uploads\/2023\/10\/cropped-Logo-Camara-en-Mano-2-1.png","contentUrl":"https:\/\/camaraenmano.org\/wp-content\/uploads\/2023\/10\/cropped-Logo-Camara-en-Mano-2-1.png","width":3174,"height":2093,"caption":"C\u00e1mara en mano"},"image":{"@id":"https:\/\/camaraenmano.org\/#\/schema\/logo\/image\/"},"sameAs":["https:\/\/www.facebook.com\/AFCamaraenmano\/","https:\/\/www.instagram.com\/afcamaraenmano\/"]},{"@type":"Person","@id":"https:\/\/camaraenmano.org\/#\/schema\/person\/9ae05f95e2aa0144ea0768d6f65488be","name":"Administrador","image":{"@type":"ImageObject","inLanguage":"es","@id":"https:\/\/secure.gravatar.com\/avatar\/afbf021a33f39f3b1b0fcbf424cd00175e4543d4630d7a19e2a7c6defa5096c8?s=96&d=mm&r=g","url":"https:\/\/secure.gravatar.com\/avatar\/afbf021a33f39f3b1b0fcbf424cd00175e4543d4630d7a19e2a7c6defa5096c8?s=96&d=mm&r=g","contentUrl":"https:\/\/secure.gravatar.com\/avatar\/afbf021a33f39f3b1b0fcbf424cd00175e4543d4630d7a19e2a7c6defa5096c8?s=96&d=mm&r=g","caption":"Administrador"},"sameAs":["http:\/\/camaraenmano.org"],"url":"https:\/\/camaraenmano.org\/index.php\/author\/admin2786\/"}]}},"_links":{"self":[{"href":"https:\/\/camaraenmano.org\/index.php\/wp-json\/wp\/v2\/posts\/1782","targetHints":{"allow":["GET"]}}],"collection":[{"href":"https:\/\/camaraenmano.org\/index.php\/wp-json\/wp\/v2\/posts"}],"about":[{"href":"https:\/\/camaraenmano.org\/index.php\/wp-json\/wp\/v2\/types\/post"}],"author":[{"embeddable":true,"href":"https:\/\/camaraenmano.org\/index.php\/wp-json\/wp\/v2\/users\/1"}],"replies":[{"embeddable":true,"href":"https:\/\/camaraenmano.org\/index.php\/wp-json\/wp\/v2\/comments?post=1782"}],"version-history":[{"count":3,"href":"https:\/\/camaraenmano.org\/index.php\/wp-json\/wp\/v2\/posts\/1782\/revisions"}],"predecessor-version":[{"id":1787,"href":"https:\/\/camaraenmano.org\/index.php\/wp-json\/wp\/v2\/posts\/1782\/revisions\/1787"}],"wp:featuredmedia":[{"embeddable":true,"href":"https:\/\/camaraenmano.org\/index.php\/wp-json\/wp\/v2\/media\/1784"}],"wp:attachment":[{"href":"https:\/\/camaraenmano.org\/index.php\/wp-json\/wp\/v2\/media?parent=1782"}],"wp:term":[{"taxonomy":"category","embeddable":true,"href":"https:\/\/camaraenmano.org\/index.php\/wp-json\/wp\/v2\/categories?post=1782"},{"taxonomy":"post_tag","embeddable":true,"href":"https:\/\/camaraenmano.org\/index.php\/wp-json\/wp\/v2\/tags?post=1782"}],"curies":[{"name":"wp","href":"https:\/\/api.w.org\/{rel}","templated":true}]}}