{"id":1951,"date":"2022-11-23T19:23:00","date_gmt":"2022-11-23T18:23:00","guid":{"rendered":"https:\/\/camaraenmano.org\/?p=1951"},"modified":"2022-11-23T20:06:01","modified_gmt":"2022-11-23T19:06:01","slug":"proyecto-a-marina-mira-al-mar-angel-r-gonzalez","status":"publish","type":"post","link":"https:\/\/camaraenmano.org\/index.php\/2022\/11\/23\/proyecto-a-marina-mira-al-mar-angel-r-gonzalez\/","title":{"rendered":"Proyecto: A Mari\u00f1a mira al mar &#8211; \u00c1ngel R. Gonz\u00e1lez"},"content":{"rendered":"<p style=\"text-align: justify;\">Galicia, donde los romanos consideraban a Finisterre como la tierra del fin del mundo conocido, es una regi\u00f3n donde se concentran la mayor cantidad de playas de Espa\u00f1a. En su costa se asentaron Celtas y Vikingos, atra\u00eddos por su f\u00e1cil acceso y su riqueza natural.<\/p>\n<p style=\"text-align: justify;\">A Mari\u00f1a, costa norte de la provincia de Lugo, es uno de los lugares m\u00e1s vers\u00e1tiles, inexplorados y sorprendentes de Galicia, con arenales paradis\u00edacos, acompa\u00f1ados de sorprendentes bosques y arboledas que los protegen y decoran.<\/p>\n<p style=\"text-align: justify;\">Desde Ribadeo hasta O Vicedo se localizan m\u00e1s de 70 arenales, que nos permiten disfrutar de sus refrescantes aguas, sus acantilados, dunas, lagunas, marismas y r\u00edas de belleza extraordinaria.<\/p>\n<p style=\"text-align: justify;\">Emprend\u00ed este proyecto fotogr\u00e1fico para mostrar esas maravillosas playas, desde mi visor de naturaleza salvaje. Para ello compagin\u00e9 ciclos, en los que la marea se retira a descansar y nos deja los arenales al descubierto, lapsos temporales, en los que paseantes y ba\u00f1istas a\u00fan no han regresado a su objetivo diario, e instantes en los que la luz y las nubes del amanecer nos ense\u00f1an el despertar de su imparable belleza.<\/p>\n<p style=\"text-align: justify;\">Eleg\u00ed esos instantes que suponen renunciar a la ayuda de la luz solar, que resalta los colores e ilumina con vigor todo lo que encuentra a su paso, en esas horas estivales en las que los lugare\u00f1os y veraneantes se acercan a disfrutar del Mar y su entorno.<\/p>\n<p style=\"text-align: justify;\">Este objetivo supuso, durante varias jornadas, coger los artilugios fotogr\u00e1ficos, al toque de queda de las mareas, rescatando al paso del tiempo estos hermosos paisajes, con la ayuda de mi c\u00e1mara y mi visi\u00f3n fotogr\u00e1fica por excusa.<\/p>\n<p style=\"text-align: justify;\">Encontr\u00e9 playas de todas las extensiones imaginables, algunas monumentales, todas enormemente bellas por su longitud, sus formaciones rocosas, sus acantilados, sus bosques colindantes y desembocaduras de r\u00edos deslizando suavemente sus limpias y cristalinas aguas para llevarlas a descansar al so\u00f1ado Mar del Norte.<\/p>\n<p style=\"text-align: justify;\">A esta exposici\u00f3n aporto un peque\u00f1o recuerdo de esa visi\u00f3n fotogr\u00e1fica, con la intenci\u00f3n de dejar una muestra de lo que se puede encontrar en esa maravillosa tierra, de mi amada Galicia, que es A Mari\u00f1a.<\/p>\n<p style=\"text-align: justify;\">Mis ojos y mi c\u00e1mara se llenaron de sensaciones, lugares e im\u00e1genes inolvidables y de muchas ganas de volver a recorrerlas y capturarlas.<\/p>\n<blockquote><p>\u201cArtai, hijo de Brigo, y Aine, reina de las hadas, paseaban frecuentemente por el territorio donde se hab\u00eda asentado su tribu Sefe. Un buen d\u00eda, Artai propuso a Aine buscar un nuevo lugar donde\u00a0instalarse. Aine consult\u00f3 al consejo de las hadas celtas y concluyeron que la mejor tierra era la\u00a0zona llamada, muchos siglos despu\u00e9s, A Mari\u00f1a\u201d<\/p><\/blockquote>\n<p>&nbsp;<\/p>\n<p>\u00c1ngel R. Gonz\u00e1lez<\/p>\n<p>Septiembre 2022<\/p>\n<p>&nbsp;<\/p>\n","protected":false},"excerpt":{"rendered":"<p>Galicia, donde los romanos consideraban a Finisterre como la tierra del fin del mundo conocido, es una regi\u00f3n donde se concentran la mayor cantidad de playas de Espa\u00f1a. En su costa se asentaron Celtas y Vikingos, atra\u00eddos por su f\u00e1cil acceso y su riqueza natural. A Mari\u00f1a, costa norte de la provincia de Lugo, es [&hellip;]<\/p>\n","protected":false},"author":1,"featured_media":1975,"comment_status":"open","ping_status":"open","sticky":false,"template":"","format":"standard","meta":{"footnotes":""},"categories":[174,17],"tags":[],"class_list":{"0":"post-1951","1":"post","2":"type-post","3":"status-publish","4":"format-standard","5":"has-post-thumbnail","7":"category-angel-rafael-gonzalez-gonzalez","8":"category-proyectos","9":"czr-hentry"},"yoast_head":"<!-- This site is optimized with the Yoast SEO plugin v27.5 - https:\/\/yoast.com\/product\/yoast-seo-wordpress\/ -->\n<title>Proyecto: A Mari\u00f1a mira al mar - \u00c1ngel R. Gonz\u00e1lez - Asociaci\u00f3n fotogr\u00e1fica C\u00e1mara en mano Las Rozas<\/title>\n<meta name=\"robots\" content=\"index, follow, max-snippet:-1, max-image-preview:large, max-video-preview:-1\" \/>\n<link rel=\"canonical\" href=\"https:\/\/camaraenmano.org\/index.php\/2022\/11\/23\/proyecto-a-marina-mira-al-mar-angel-r-gonzalez\/\" \/>\n<meta property=\"og:locale\" content=\"es_ES\" \/>\n<meta property=\"og:type\" content=\"article\" \/>\n<meta property=\"og:title\" content=\"Proyecto: A Mari\u00f1a mira al mar - \u00c1ngel R. Gonz\u00e1lez - Asociaci\u00f3n fotogr\u00e1fica C\u00e1mara en mano Las Rozas\" \/>\n<meta property=\"og:description\" content=\"Galicia, donde los romanos consideraban a Finisterre como la tierra del fin del mundo conocido, es una regi\u00f3n donde se concentran la mayor cantidad de playas de Espa\u00f1a. En su costa se asentaron Celtas y Vikingos, atra\u00eddos por su f\u00e1cil acceso y su riqueza natural. A Mari\u00f1a, costa norte de la provincia de Lugo, es [&hellip;]\" \/>\n<meta property=\"og:url\" content=\"https:\/\/camaraenmano.org\/index.php\/2022\/11\/23\/proyecto-a-marina-mira-al-mar-angel-r-gonzalez\/\" \/>\n<meta property=\"og:site_name\" content=\"Asociaci\u00f3n fotogr\u00e1fica C\u00e1mara en mano Las Rozas\" \/>\n<meta property=\"article:publisher\" content=\"https:\/\/www.facebook.com\/AFCamaraenmano\/\" \/>\n<meta property=\"article:published_time\" content=\"2022-11-23T18:23:00+00:00\" \/>\n<meta property=\"article:modified_time\" content=\"2022-11-23T19:06:01+00:00\" \/>\n<meta property=\"og:image\" content=\"https:\/\/camaraenmano.org\/wp-content\/uploads\/2022\/11\/3R8A0353-1-scaled.jpg\" \/>\n\t<meta property=\"og:image:width\" content=\"2560\" \/>\n\t<meta property=\"og:image:height\" content=\"1707\" \/>\n\t<meta property=\"og:image:type\" content=\"image\/jpeg\" \/>\n<meta name=\"author\" content=\"Administrador\" \/>\n<meta name=\"twitter:card\" content=\"summary_large_image\" \/>\n<meta name=\"twitter:label1\" content=\"Escrito por\" \/>\n\t<meta name=\"twitter:data1\" content=\"Administrador\" \/>\n\t<meta name=\"twitter:label2\" content=\"Tiempo de lectura\" \/>\n\t<meta name=\"twitter:data2\" content=\"2 minutos\" \/>\n<script type=\"application\/ld+json\" class=\"yoast-schema-graph\">{\"@context\":\"https:\\\/\\\/schema.org\",\"@graph\":[{\"@type\":\"Article\",\"@id\":\"https:\\\/\\\/camaraenmano.org\\\/index.php\\\/2022\\\/11\\\/23\\\/proyecto-a-marina-mira-al-mar-angel-r-gonzalez\\\/#article\",\"isPartOf\":{\"@id\":\"https:\\\/\\\/camaraenmano.org\\\/index.php\\\/2022\\\/11\\\/23\\\/proyecto-a-marina-mira-al-mar-angel-r-gonzalez\\\/\"},\"author\":{\"name\":\"Administrador\",\"@id\":\"https:\\\/\\\/camaraenmano.org\\\/#\\\/schema\\\/person\\\/9ae05f95e2aa0144ea0768d6f65488be\"},\"headline\":\"Proyecto: A Mari\u00f1a mira al mar &#8211; \u00c1ngel R. Gonz\u00e1lez\",\"datePublished\":\"2022-11-23T18:23:00+00:00\",\"dateModified\":\"2022-11-23T19:06:01+00:00\",\"mainEntityOfPage\":{\"@id\":\"https:\\\/\\\/camaraenmano.org\\\/index.php\\\/2022\\\/11\\\/23\\\/proyecto-a-marina-mira-al-mar-angel-r-gonzalez\\\/\"},\"wordCount\":477,\"commentCount\":0,\"publisher\":{\"@id\":\"https:\\\/\\\/camaraenmano.org\\\/#organization\"},\"image\":{\"@id\":\"https:\\\/\\\/camaraenmano.org\\\/index.php\\\/2022\\\/11\\\/23\\\/proyecto-a-marina-mira-al-mar-angel-r-gonzalez\\\/#primaryimage\"},\"thumbnailUrl\":\"https:\\\/\\\/camaraenmano.org\\\/wp-content\\\/uploads\\\/2022\\\/11\\\/3R8A0353-1-scaled.jpg\",\"articleSection\":[\"\u00c1ngel Rafael Gonz\u00e1lez Gonz\u00e1lez\",\"Proyectos\"],\"inLanguage\":\"es\",\"potentialAction\":[{\"@type\":\"CommentAction\",\"name\":\"Comment\",\"target\":[\"https:\\\/\\\/camaraenmano.org\\\/index.php\\\/2022\\\/11\\\/23\\\/proyecto-a-marina-mira-al-mar-angel-r-gonzalez\\\/#respond\"]}]},{\"@type\":\"WebPage\",\"@id\":\"https:\\\/\\\/camaraenmano.org\\\/index.php\\\/2022\\\/11\\\/23\\\/proyecto-a-marina-mira-al-mar-angel-r-gonzalez\\\/\",\"url\":\"https:\\\/\\\/camaraenmano.org\\\/index.php\\\/2022\\\/11\\\/23\\\/proyecto-a-marina-mira-al-mar-angel-r-gonzalez\\\/\",\"name\":\"Proyecto: A Mari\u00f1a mira al mar - \u00c1ngel R. Gonz\u00e1lez - Asociaci\u00f3n fotogr\u00e1fica C\u00e1mara en mano Las Rozas\",\"isPartOf\":{\"@id\":\"https:\\\/\\\/camaraenmano.org\\\/#website\"},\"primaryImageOfPage\":{\"@id\":\"https:\\\/\\\/camaraenmano.org\\\/index.php\\\/2022\\\/11\\\/23\\\/proyecto-a-marina-mira-al-mar-angel-r-gonzalez\\\/#primaryimage\"},\"image\":{\"@id\":\"https:\\\/\\\/camaraenmano.org\\\/index.php\\\/2022\\\/11\\\/23\\\/proyecto-a-marina-mira-al-mar-angel-r-gonzalez\\\/#primaryimage\"},\"thumbnailUrl\":\"https:\\\/\\\/camaraenmano.org\\\/wp-content\\\/uploads\\\/2022\\\/11\\\/3R8A0353-1-scaled.jpg\",\"datePublished\":\"2022-11-23T18:23:00+00:00\",\"dateModified\":\"2022-11-23T19:06:01+00:00\",\"breadcrumb\":{\"@id\":\"https:\\\/\\\/camaraenmano.org\\\/index.php\\\/2022\\\/11\\\/23\\\/proyecto-a-marina-mira-al-mar-angel-r-gonzalez\\\/#breadcrumb\"},\"inLanguage\":\"es\",\"potentialAction\":[{\"@type\":\"ReadAction\",\"target\":[\"https:\\\/\\\/camaraenmano.org\\\/index.php\\\/2022\\\/11\\\/23\\\/proyecto-a-marina-mira-al-mar-angel-r-gonzalez\\\/\"]}]},{\"@type\":\"ImageObject\",\"inLanguage\":\"es\",\"@id\":\"https:\\\/\\\/camaraenmano.org\\\/index.php\\\/2022\\\/11\\\/23\\\/proyecto-a-marina-mira-al-mar-angel-r-gonzalez\\\/#primaryimage\",\"url\":\"https:\\\/\\\/camaraenmano.org\\\/wp-content\\\/uploads\\\/2022\\\/11\\\/3R8A0353-1-scaled.jpg\",\"contentUrl\":\"https:\\\/\\\/camaraenmano.org\\\/wp-content\\\/uploads\\\/2022\\\/11\\\/3R8A0353-1-scaled.jpg\",\"width\":2560,\"height\":1707},{\"@type\":\"BreadcrumbList\",\"@id\":\"https:\\\/\\\/camaraenmano.org\\\/index.php\\\/2022\\\/11\\\/23\\\/proyecto-a-marina-mira-al-mar-angel-r-gonzalez\\\/#breadcrumb\",\"itemListElement\":[{\"@type\":\"ListItem\",\"position\":1,\"name\":\"Portada\",\"item\":\"https:\\\/\\\/camaraenmano.org\\\/\"},{\"@type\":\"ListItem\",\"position\":2,\"name\":\"Proyecto: A Mari\u00f1a mira al mar &#8211; \u00c1ngel R. Gonz\u00e1lez\"}]},{\"@type\":\"WebSite\",\"@id\":\"https:\\\/\\\/camaraenmano.org\\\/#website\",\"url\":\"https:\\\/\\\/camaraenmano.org\\\/\",\"name\":\"Asociaci\u00f3n fotogr\u00e1fica C\u00e1mara en mano Las Rozas\",\"description\":\"\",\"publisher\":{\"@id\":\"https:\\\/\\\/camaraenmano.org\\\/#organization\"},\"potentialAction\":[{\"@type\":\"SearchAction\",\"target\":{\"@type\":\"EntryPoint\",\"urlTemplate\":\"https:\\\/\\\/camaraenmano.org\\\/?s={search_term_string}\"},\"query-input\":{\"@type\":\"PropertyValueSpecification\",\"valueRequired\":true,\"valueName\":\"search_term_string\"}}],\"inLanguage\":\"es\"},{\"@type\":\"Organization\",\"@id\":\"https:\\\/\\\/camaraenmano.org\\\/#organization\",\"name\":\"C\u00e1mara en mano\",\"url\":\"https:\\\/\\\/camaraenmano.org\\\/\",\"logo\":{\"@type\":\"ImageObject\",\"inLanguage\":\"es\",\"@id\":\"https:\\\/\\\/camaraenmano.org\\\/#\\\/schema\\\/logo\\\/image\\\/\",\"url\":\"https:\\\/\\\/camaraenmano.org\\\/wp-content\\\/uploads\\\/2023\\\/10\\\/cropped-Logo-Camara-en-Mano-2-1.png\",\"contentUrl\":\"https:\\\/\\\/camaraenmano.org\\\/wp-content\\\/uploads\\\/2023\\\/10\\\/cropped-Logo-Camara-en-Mano-2-1.png\",\"width\":3174,\"height\":2093,\"caption\":\"C\u00e1mara en mano\"},\"image\":{\"@id\":\"https:\\\/\\\/camaraenmano.org\\\/#\\\/schema\\\/logo\\\/image\\\/\"},\"sameAs\":[\"https:\\\/\\\/www.facebook.com\\\/AFCamaraenmano\\\/\",\"https:\\\/\\\/www.instagram.com\\\/afcamaraenmano\\\/\"]},{\"@type\":\"Person\",\"@id\":\"https:\\\/\\\/camaraenmano.org\\\/#\\\/schema\\\/person\\\/9ae05f95e2aa0144ea0768d6f65488be\",\"name\":\"Administrador\",\"image\":{\"@type\":\"ImageObject\",\"inLanguage\":\"es\",\"@id\":\"https:\\\/\\\/secure.gravatar.com\\\/avatar\\\/afbf021a33f39f3b1b0fcbf424cd00175e4543d4630d7a19e2a7c6defa5096c8?s=96&d=mm&r=g\",\"url\":\"https:\\\/\\\/secure.gravatar.com\\\/avatar\\\/afbf021a33f39f3b1b0fcbf424cd00175e4543d4630d7a19e2a7c6defa5096c8?s=96&d=mm&r=g\",\"contentUrl\":\"https:\\\/\\\/secure.gravatar.com\\\/avatar\\\/afbf021a33f39f3b1b0fcbf424cd00175e4543d4630d7a19e2a7c6defa5096c8?s=96&d=mm&r=g\",\"caption\":\"Administrador\"},\"sameAs\":[\"http:\\\/\\\/camaraenmano.org\"],\"url\":\"https:\\\/\\\/camaraenmano.org\\\/index.php\\\/author\\\/admin2786\\\/\"}]}<\/script>\n<!-- \/ Yoast SEO plugin. -->","yoast_head_json":{"title":"Proyecto: A Mari\u00f1a mira al mar - \u00c1ngel R. Gonz\u00e1lez - Asociaci\u00f3n fotogr\u00e1fica C\u00e1mara en mano Las Rozas","robots":{"index":"index","follow":"follow","max-snippet":"max-snippet:-1","max-image-preview":"max-image-preview:large","max-video-preview":"max-video-preview:-1"},"canonical":"https:\/\/camaraenmano.org\/index.php\/2022\/11\/23\/proyecto-a-marina-mira-al-mar-angel-r-gonzalez\/","og_locale":"es_ES","og_type":"article","og_title":"Proyecto: A Mari\u00f1a mira al mar - \u00c1ngel R. Gonz\u00e1lez - Asociaci\u00f3n fotogr\u00e1fica C\u00e1mara en mano Las Rozas","og_description":"Galicia, donde los romanos consideraban a Finisterre como la tierra del fin del mundo conocido, es una regi\u00f3n donde se concentran la mayor cantidad de playas de Espa\u00f1a. En su costa se asentaron Celtas y Vikingos, atra\u00eddos por su f\u00e1cil acceso y su riqueza natural. A Mari\u00f1a, costa norte de la provincia de Lugo, es [&hellip;]","og_url":"https:\/\/camaraenmano.org\/index.php\/2022\/11\/23\/proyecto-a-marina-mira-al-mar-angel-r-gonzalez\/","og_site_name":"Asociaci\u00f3n fotogr\u00e1fica C\u00e1mara en mano Las Rozas","article_publisher":"https:\/\/www.facebook.com\/AFCamaraenmano\/","article_published_time":"2022-11-23T18:23:00+00:00","article_modified_time":"2022-11-23T19:06:01+00:00","og_image":[{"width":2560,"height":1707,"url":"https:\/\/camaraenmano.org\/wp-content\/uploads\/2022\/11\/3R8A0353-1-scaled.jpg","type":"image\/jpeg"}],"author":"Administrador","twitter_card":"summary_large_image","twitter_misc":{"Escrito por":"Administrador","Tiempo de lectura":"2 minutos"},"schema":{"@context":"https:\/\/schema.org","@graph":[{"@type":"Article","@id":"https:\/\/camaraenmano.org\/index.php\/2022\/11\/23\/proyecto-a-marina-mira-al-mar-angel-r-gonzalez\/#article","isPartOf":{"@id":"https:\/\/camaraenmano.org\/index.php\/2022\/11\/23\/proyecto-a-marina-mira-al-mar-angel-r-gonzalez\/"},"author":{"name":"Administrador","@id":"https:\/\/camaraenmano.org\/#\/schema\/person\/9ae05f95e2aa0144ea0768d6f65488be"},"headline":"Proyecto: A Mari\u00f1a mira al mar &#8211; \u00c1ngel R. Gonz\u00e1lez","datePublished":"2022-11-23T18:23:00+00:00","dateModified":"2022-11-23T19:06:01+00:00","mainEntityOfPage":{"@id":"https:\/\/camaraenmano.org\/index.php\/2022\/11\/23\/proyecto-a-marina-mira-al-mar-angel-r-gonzalez\/"},"wordCount":477,"commentCount":0,"publisher":{"@id":"https:\/\/camaraenmano.org\/#organization"},"image":{"@id":"https:\/\/camaraenmano.org\/index.php\/2022\/11\/23\/proyecto-a-marina-mira-al-mar-angel-r-gonzalez\/#primaryimage"},"thumbnailUrl":"https:\/\/camaraenmano.org\/wp-content\/uploads\/2022\/11\/3R8A0353-1-scaled.jpg","articleSection":["\u00c1ngel Rafael Gonz\u00e1lez Gonz\u00e1lez","Proyectos"],"inLanguage":"es","potentialAction":[{"@type":"CommentAction","name":"Comment","target":["https:\/\/camaraenmano.org\/index.php\/2022\/11\/23\/proyecto-a-marina-mira-al-mar-angel-r-gonzalez\/#respond"]}]},{"@type":"WebPage","@id":"https:\/\/camaraenmano.org\/index.php\/2022\/11\/23\/proyecto-a-marina-mira-al-mar-angel-r-gonzalez\/","url":"https:\/\/camaraenmano.org\/index.php\/2022\/11\/23\/proyecto-a-marina-mira-al-mar-angel-r-gonzalez\/","name":"Proyecto: A Mari\u00f1a mira al mar - \u00c1ngel R. Gonz\u00e1lez - Asociaci\u00f3n fotogr\u00e1fica C\u00e1mara en mano Las Rozas","isPartOf":{"@id":"https:\/\/camaraenmano.org\/#website"},"primaryImageOfPage":{"@id":"https:\/\/camaraenmano.org\/index.php\/2022\/11\/23\/proyecto-a-marina-mira-al-mar-angel-r-gonzalez\/#primaryimage"},"image":{"@id":"https:\/\/camaraenmano.org\/index.php\/2022\/11\/23\/proyecto-a-marina-mira-al-mar-angel-r-gonzalez\/#primaryimage"},"thumbnailUrl":"https:\/\/camaraenmano.org\/wp-content\/uploads\/2022\/11\/3R8A0353-1-scaled.jpg","datePublished":"2022-11-23T18:23:00+00:00","dateModified":"2022-11-23T19:06:01+00:00","breadcrumb":{"@id":"https:\/\/camaraenmano.org\/index.php\/2022\/11\/23\/proyecto-a-marina-mira-al-mar-angel-r-gonzalez\/#breadcrumb"},"inLanguage":"es","potentialAction":[{"@type":"ReadAction","target":["https:\/\/camaraenmano.org\/index.php\/2022\/11\/23\/proyecto-a-marina-mira-al-mar-angel-r-gonzalez\/"]}]},{"@type":"ImageObject","inLanguage":"es","@id":"https:\/\/camaraenmano.org\/index.php\/2022\/11\/23\/proyecto-a-marina-mira-al-mar-angel-r-gonzalez\/#primaryimage","url":"https:\/\/camaraenmano.org\/wp-content\/uploads\/2022\/11\/3R8A0353-1-scaled.jpg","contentUrl":"https:\/\/camaraenmano.org\/wp-content\/uploads\/2022\/11\/3R8A0353-1-scaled.jpg","width":2560,"height":1707},{"@type":"BreadcrumbList","@id":"https:\/\/camaraenmano.org\/index.php\/2022\/11\/23\/proyecto-a-marina-mira-al-mar-angel-r-gonzalez\/#breadcrumb","itemListElement":[{"@type":"ListItem","position":1,"name":"Portada","item":"https:\/\/camaraenmano.org\/"},{"@type":"ListItem","position":2,"name":"Proyecto: A Mari\u00f1a mira al mar &#8211; \u00c1ngel R. Gonz\u00e1lez"}]},{"@type":"WebSite","@id":"https:\/\/camaraenmano.org\/#website","url":"https:\/\/camaraenmano.org\/","name":"Asociaci\u00f3n fotogr\u00e1fica C\u00e1mara en mano Las Rozas","description":"","publisher":{"@id":"https:\/\/camaraenmano.org\/#organization"},"potentialAction":[{"@type":"SearchAction","target":{"@type":"EntryPoint","urlTemplate":"https:\/\/camaraenmano.org\/?s={search_term_string}"},"query-input":{"@type":"PropertyValueSpecification","valueRequired":true,"valueName":"search_term_string"}}],"inLanguage":"es"},{"@type":"Organization","@id":"https:\/\/camaraenmano.org\/#organization","name":"C\u00e1mara en mano","url":"https:\/\/camaraenmano.org\/","logo":{"@type":"ImageObject","inLanguage":"es","@id":"https:\/\/camaraenmano.org\/#\/schema\/logo\/image\/","url":"https:\/\/camaraenmano.org\/wp-content\/uploads\/2023\/10\/cropped-Logo-Camara-en-Mano-2-1.png","contentUrl":"https:\/\/camaraenmano.org\/wp-content\/uploads\/2023\/10\/cropped-Logo-Camara-en-Mano-2-1.png","width":3174,"height":2093,"caption":"C\u00e1mara en mano"},"image":{"@id":"https:\/\/camaraenmano.org\/#\/schema\/logo\/image\/"},"sameAs":["https:\/\/www.facebook.com\/AFCamaraenmano\/","https:\/\/www.instagram.com\/afcamaraenmano\/"]},{"@type":"Person","@id":"https:\/\/camaraenmano.org\/#\/schema\/person\/9ae05f95e2aa0144ea0768d6f65488be","name":"Administrador","image":{"@type":"ImageObject","inLanguage":"es","@id":"https:\/\/secure.gravatar.com\/avatar\/afbf021a33f39f3b1b0fcbf424cd00175e4543d4630d7a19e2a7c6defa5096c8?s=96&d=mm&r=g","url":"https:\/\/secure.gravatar.com\/avatar\/afbf021a33f39f3b1b0fcbf424cd00175e4543d4630d7a19e2a7c6defa5096c8?s=96&d=mm&r=g","contentUrl":"https:\/\/secure.gravatar.com\/avatar\/afbf021a33f39f3b1b0fcbf424cd00175e4543d4630d7a19e2a7c6defa5096c8?s=96&d=mm&r=g","caption":"Administrador"},"sameAs":["http:\/\/camaraenmano.org"],"url":"https:\/\/camaraenmano.org\/index.php\/author\/admin2786\/"}]}},"_links":{"self":[{"href":"https:\/\/camaraenmano.org\/index.php\/wp-json\/wp\/v2\/posts\/1951","targetHints":{"allow":["GET"]}}],"collection":[{"href":"https:\/\/camaraenmano.org\/index.php\/wp-json\/wp\/v2\/posts"}],"about":[{"href":"https:\/\/camaraenmano.org\/index.php\/wp-json\/wp\/v2\/types\/post"}],"author":[{"embeddable":true,"href":"https:\/\/camaraenmano.org\/index.php\/wp-json\/wp\/v2\/users\/1"}],"replies":[{"embeddable":true,"href":"https:\/\/camaraenmano.org\/index.php\/wp-json\/wp\/v2\/comments?post=1951"}],"version-history":[{"count":4,"href":"https:\/\/camaraenmano.org\/index.php\/wp-json\/wp\/v2\/posts\/1951\/revisions"}],"predecessor-version":[{"id":2014,"href":"https:\/\/camaraenmano.org\/index.php\/wp-json\/wp\/v2\/posts\/1951\/revisions\/2014"}],"wp:featuredmedia":[{"embeddable":true,"href":"https:\/\/camaraenmano.org\/index.php\/wp-json\/wp\/v2\/media\/1975"}],"wp:attachment":[{"href":"https:\/\/camaraenmano.org\/index.php\/wp-json\/wp\/v2\/media?parent=1951"}],"wp:term":[{"taxonomy":"category","embeddable":true,"href":"https:\/\/camaraenmano.org\/index.php\/wp-json\/wp\/v2\/categories?post=1951"},{"taxonomy":"post_tag","embeddable":true,"href":"https:\/\/camaraenmano.org\/index.php\/wp-json\/wp\/v2\/tags?post=1951"}],"curies":[{"name":"wp","href":"https:\/\/api.w.org\/{rel}","templated":true}]}}