{"id":2121,"date":"2022-12-22T13:31:04","date_gmt":"2022-12-22T12:31:04","guid":{"rendered":"https:\/\/camaraenmano.org\/?p=2121"},"modified":"2023-01-03T12:51:44","modified_gmt":"2023-01-03T11:51:44","slug":"reto-de-noviembre-obras-ganadoras","status":"publish","type":"post","link":"https:\/\/camaraenmano.org\/index.php\/2022\/12\/22\/reto-de-noviembre-obras-ganadoras\/","title":{"rendered":"Reto de noviembre: Minimalismo &#8211; Obras ganadoras"},"content":{"rendered":"<p>En este reto se han recibido durante el mes de noviembre 24 fotograf\u00edas, una por participante.<\/p>\n<p>Tras la votaci\u00f3n, en la que han participado 22 personas y cada una ha votado a sus 3 fotos preferidas, se han elegido las 5 mejores fotos puesto que ha habido empate entre el cuarto y quinto.<\/p>\n<p>Los votos han estado muy repartidos dada la calidad de las fotograf\u00edas presentadas.<\/p>\n<p>Las obras ganadoras son:<\/p>\n<p>En primer lugar con 18 puntos la fotograf\u00eda de <strong>Felipe Rodr\u00edguez Alc\u00e1ntara<\/strong><\/p>\n<p><img loading=\"lazy\" decoding=\"async\" class=\"alignnone wp-image-2122 \" src=\"https:\/\/camaraenmano.org\/wp-content\/uploads\/2022\/12\/08A8574-300x200.jpg\" alt=\"\" width=\"320\" height=\"213\" srcset=\"https:\/\/camaraenmano.org\/wp-content\/uploads\/2022\/12\/08A8574-300x200.jpg 300w, https:\/\/camaraenmano.org\/wp-content\/uploads\/2022\/12\/08A8574-1024x683.jpg 1024w, https:\/\/camaraenmano.org\/wp-content\/uploads\/2022\/12\/08A8574-768x512.jpg 768w, https:\/\/camaraenmano.org\/wp-content\/uploads\/2022\/12\/08A8574.jpg 1312w\" sizes=\"auto, (max-width: 320px) 100vw, 320px\" \/><\/p>\n<p>En segundo lugar con 17 puntos la fotograf\u00eda de <strong>Marisa Arroyuelos<\/strong><\/p>\n<p><img loading=\"lazy\" decoding=\"async\" class=\"alignnone wp-image-2123 \" src=\"https:\/\/camaraenmano.org\/wp-content\/uploads\/2022\/12\/4C2992EF-79F7-4EA5-AA32-C235C213B752_1_201_a-300x200.jpg\" alt=\"\" width=\"320\" height=\"213\" srcset=\"https:\/\/camaraenmano.org\/wp-content\/uploads\/2022\/12\/4C2992EF-79F7-4EA5-AA32-C235C213B752_1_201_a-300x200.jpg 300w, https:\/\/camaraenmano.org\/wp-content\/uploads\/2022\/12\/4C2992EF-79F7-4EA5-AA32-C235C213B752_1_201_a-1024x683.jpg 1024w, https:\/\/camaraenmano.org\/wp-content\/uploads\/2022\/12\/4C2992EF-79F7-4EA5-AA32-C235C213B752_1_201_a-768x512.jpg 768w, https:\/\/camaraenmano.org\/wp-content\/uploads\/2022\/12\/4C2992EF-79F7-4EA5-AA32-C235C213B752_1_201_a-1536x1024.jpg 1536w, https:\/\/camaraenmano.org\/wp-content\/uploads\/2022\/12\/4C2992EF-79F7-4EA5-AA32-C235C213B752_1_201_a-2048x1365.jpg 2048w, https:\/\/camaraenmano.org\/wp-content\/uploads\/2022\/12\/4C2992EF-79F7-4EA5-AA32-C235C213B752_1_201_a-1320x880.jpg 1320w\" sizes=\"auto, (max-width: 320px) 100vw, 320px\" \/><\/p>\n<p>&nbsp;<\/p>\n<p>Y en tercer lugar, con un empate a 13 puntos, las fotograf\u00edas de <strong>Mari Angeles Mart\u00edn<\/strong> y <strong>Alberto Barrera P\u00e9rez<\/strong><\/p>\n<p><img loading=\"lazy\" decoding=\"async\" class=\"alignnone wp-image-2125 \" src=\"https:\/\/camaraenmano.org\/wp-content\/uploads\/2022\/12\/IMG_2710-224x300.jpg\" alt=\"\" width=\"242\" height=\"324\" srcset=\"https:\/\/camaraenmano.org\/wp-content\/uploads\/2022\/12\/IMG_2710-224x300.jpg 224w, https:\/\/camaraenmano.org\/wp-content\/uploads\/2022\/12\/IMG_2710-765x1024.jpg 765w, https:\/\/camaraenmano.org\/wp-content\/uploads\/2022\/12\/IMG_2710-768x1028.jpg 768w, https:\/\/camaraenmano.org\/wp-content\/uploads\/2022\/12\/IMG_2710-1148x1536.jpg 1148w, https:\/\/camaraenmano.org\/wp-content\/uploads\/2022\/12\/IMG_2710-1531x2048.jpg 1531w, https:\/\/camaraenmano.org\/wp-content\/uploads\/2022\/12\/IMG_2710-1320x1766.jpg 1320w, https:\/\/camaraenmano.org\/wp-content\/uploads\/2022\/12\/IMG_2710-scaled.jpg 1913w\" sizes=\"auto, (max-width: 242px) 100vw, 242px\" \/>\u00a0 \u00a0 \u00a0 \u00a0<img loading=\"lazy\" decoding=\"async\" class=\"alignnone wp-image-2126 \" src=\"https:\/\/camaraenmano.org\/wp-content\/uploads\/2022\/12\/DSC_9407-1-300x200.jpg\" alt=\"\" width=\"321\" height=\"214\" srcset=\"https:\/\/camaraenmano.org\/wp-content\/uploads\/2022\/12\/DSC_9407-1-300x200.jpg 300w, https:\/\/camaraenmano.org\/wp-content\/uploads\/2022\/12\/DSC_9407-1-1024x683.jpg 1024w, https:\/\/camaraenmano.org\/wp-content\/uploads\/2022\/12\/DSC_9407-1-768x512.jpg 768w, https:\/\/camaraenmano.org\/wp-content\/uploads\/2022\/12\/DSC_9407-1-1536x1024.jpg 1536w, https:\/\/camaraenmano.org\/wp-content\/uploads\/2022\/12\/DSC_9407-1-2048x1365.jpg 2048w, https:\/\/camaraenmano.org\/wp-content\/uploads\/2022\/12\/DSC_9407-1-1320x880.jpg 1320w\" sizes=\"auto, (max-width: 321px) 100vw, 321px\" \/><\/p>\n<p>&nbsp;<\/p>\n<p>Muchas felicidades a las personas ganadoras, muchas gracias a todas las personas que han participado y<\/p>\n<h4><strong>\u00a1a por el siguiente reto!!<\/strong><\/h4>\n","protected":false},"excerpt":{"rendered":"<p>En este reto se han recibido durante el mes de noviembre 24 fotograf\u00edas, una por participante. Tras la votaci\u00f3n, en la que han participado 22 personas y cada una ha votado a sus 3 fotos preferidas, se han elegido las 5 mejores fotos puesto que ha habido empate entre el cuarto y quinto. Los votos [&hellip;]<\/p>\n","protected":false},"author":1,"featured_media":2122,"comment_status":"open","ping_status":"open","sticky":false,"template":"","format":"standard","meta":{"footnotes":""},"categories":[5,168],"tags":[199,169],"class_list":{"0":"post-2121","1":"post","2":"type-post","3":"status-publish","4":"format-standard","5":"has-post-thumbnail","7":"category-actividades","8":"category-reto-mensual","9":"tag-minimalismo","10":"tag-reto-mensual","11":"czr-hentry"},"yoast_head":"<!-- This site is optimized with the Yoast SEO plugin v27.5 - https:\/\/yoast.com\/product\/yoast-seo-wordpress\/ -->\n<title>Reto de noviembre: Minimalismo - Obras ganadoras - Asociaci\u00f3n fotogr\u00e1fica C\u00e1mara en mano Las Rozas<\/title>\n<meta name=\"robots\" content=\"index, follow, max-snippet:-1, max-image-preview:large, max-video-preview:-1\" \/>\n<link rel=\"canonical\" href=\"https:\/\/camaraenmano.org\/index.php\/2022\/12\/22\/reto-de-noviembre-obras-ganadoras\/\" \/>\n<meta property=\"og:locale\" content=\"es_ES\" \/>\n<meta property=\"og:type\" content=\"article\" \/>\n<meta property=\"og:title\" content=\"Reto de noviembre: Minimalismo - Obras ganadoras - Asociaci\u00f3n fotogr\u00e1fica C\u00e1mara en mano Las Rozas\" \/>\n<meta property=\"og:description\" content=\"En este reto se han recibido durante el mes de noviembre 24 fotograf\u00edas, una por participante. Tras la votaci\u00f3n, en la que han participado 22 personas y cada una ha votado a sus 3 fotos preferidas, se han elegido las 5 mejores fotos puesto que ha habido empate entre el cuarto y quinto. Los votos [&hellip;]\" \/>\n<meta property=\"og:url\" content=\"https:\/\/camaraenmano.org\/index.php\/2022\/12\/22\/reto-de-noviembre-obras-ganadoras\/\" \/>\n<meta property=\"og:site_name\" content=\"Asociaci\u00f3n fotogr\u00e1fica C\u00e1mara en mano Las Rozas\" \/>\n<meta property=\"article:publisher\" content=\"https:\/\/www.facebook.com\/AFCamaraenmano\/\" \/>\n<meta property=\"article:published_time\" content=\"2022-12-22T12:31:04+00:00\" \/>\n<meta property=\"article:modified_time\" content=\"2023-01-03T11:51:44+00:00\" \/>\n<meta property=\"og:image\" content=\"https:\/\/camaraenmano.org\/wp-content\/uploads\/2022\/12\/08A8574.jpg\" \/>\n\t<meta property=\"og:image:width\" content=\"1312\" \/>\n\t<meta property=\"og:image:height\" content=\"875\" \/>\n\t<meta property=\"og:image:type\" content=\"image\/jpeg\" \/>\n<meta name=\"author\" content=\"Administrador\" \/>\n<meta name=\"twitter:card\" content=\"summary_large_image\" \/>\n<meta name=\"twitter:label1\" content=\"Escrito por\" \/>\n\t<meta name=\"twitter:data1\" content=\"Administrador\" \/>\n\t<meta name=\"twitter:label2\" content=\"Tiempo de lectura\" \/>\n\t<meta name=\"twitter:data2\" content=\"2 minutos\" \/>\n<script type=\"application\/ld+json\" class=\"yoast-schema-graph\">{\"@context\":\"https:\\\/\\\/schema.org\",\"@graph\":[{\"@type\":\"Article\",\"@id\":\"https:\\\/\\\/camaraenmano.org\\\/index.php\\\/2022\\\/12\\\/22\\\/reto-de-noviembre-obras-ganadoras\\\/#article\",\"isPartOf\":{\"@id\":\"https:\\\/\\\/camaraenmano.org\\\/index.php\\\/2022\\\/12\\\/22\\\/reto-de-noviembre-obras-ganadoras\\\/\"},\"author\":{\"name\":\"Administrador\",\"@id\":\"https:\\\/\\\/camaraenmano.org\\\/#\\\/schema\\\/person\\\/9ae05f95e2aa0144ea0768d6f65488be\"},\"headline\":\"Reto de noviembre: Minimalismo &#8211; Obras ganadoras\",\"datePublished\":\"2022-12-22T12:31:04+00:00\",\"dateModified\":\"2023-01-03T11:51:44+00:00\",\"mainEntityOfPage\":{\"@id\":\"https:\\\/\\\/camaraenmano.org\\\/index.php\\\/2022\\\/12\\\/22\\\/reto-de-noviembre-obras-ganadoras\\\/\"},\"wordCount\":146,\"commentCount\":0,\"publisher\":{\"@id\":\"https:\\\/\\\/camaraenmano.org\\\/#organization\"},\"image\":{\"@id\":\"https:\\\/\\\/camaraenmano.org\\\/index.php\\\/2022\\\/12\\\/22\\\/reto-de-noviembre-obras-ganadoras\\\/#primaryimage\"},\"thumbnailUrl\":\"https:\\\/\\\/camaraenmano.org\\\/wp-content\\\/uploads\\\/2022\\\/12\\\/08A8574.jpg\",\"keywords\":[\"minimalismo\",\"reto mensual\"],\"articleSection\":[\"Actividades\",\"Reto mensual\"],\"inLanguage\":\"es\",\"potentialAction\":[{\"@type\":\"CommentAction\",\"name\":\"Comment\",\"target\":[\"https:\\\/\\\/camaraenmano.org\\\/index.php\\\/2022\\\/12\\\/22\\\/reto-de-noviembre-obras-ganadoras\\\/#respond\"]}]},{\"@type\":\"WebPage\",\"@id\":\"https:\\\/\\\/camaraenmano.org\\\/index.php\\\/2022\\\/12\\\/22\\\/reto-de-noviembre-obras-ganadoras\\\/\",\"url\":\"https:\\\/\\\/camaraenmano.org\\\/index.php\\\/2022\\\/12\\\/22\\\/reto-de-noviembre-obras-ganadoras\\\/\",\"name\":\"Reto de noviembre: Minimalismo - Obras ganadoras - Asociaci\u00f3n fotogr\u00e1fica C\u00e1mara en mano Las Rozas\",\"isPartOf\":{\"@id\":\"https:\\\/\\\/camaraenmano.org\\\/#website\"},\"primaryImageOfPage\":{\"@id\":\"https:\\\/\\\/camaraenmano.org\\\/index.php\\\/2022\\\/12\\\/22\\\/reto-de-noviembre-obras-ganadoras\\\/#primaryimage\"},\"image\":{\"@id\":\"https:\\\/\\\/camaraenmano.org\\\/index.php\\\/2022\\\/12\\\/22\\\/reto-de-noviembre-obras-ganadoras\\\/#primaryimage\"},\"thumbnailUrl\":\"https:\\\/\\\/camaraenmano.org\\\/wp-content\\\/uploads\\\/2022\\\/12\\\/08A8574.jpg\",\"datePublished\":\"2022-12-22T12:31:04+00:00\",\"dateModified\":\"2023-01-03T11:51:44+00:00\",\"breadcrumb\":{\"@id\":\"https:\\\/\\\/camaraenmano.org\\\/index.php\\\/2022\\\/12\\\/22\\\/reto-de-noviembre-obras-ganadoras\\\/#breadcrumb\"},\"inLanguage\":\"es\",\"potentialAction\":[{\"@type\":\"ReadAction\",\"target\":[\"https:\\\/\\\/camaraenmano.org\\\/index.php\\\/2022\\\/12\\\/22\\\/reto-de-noviembre-obras-ganadoras\\\/\"]}]},{\"@type\":\"ImageObject\",\"inLanguage\":\"es\",\"@id\":\"https:\\\/\\\/camaraenmano.org\\\/index.php\\\/2022\\\/12\\\/22\\\/reto-de-noviembre-obras-ganadoras\\\/#primaryimage\",\"url\":\"https:\\\/\\\/camaraenmano.org\\\/wp-content\\\/uploads\\\/2022\\\/12\\\/08A8574.jpg\",\"contentUrl\":\"https:\\\/\\\/camaraenmano.org\\\/wp-content\\\/uploads\\\/2022\\\/12\\\/08A8574.jpg\",\"width\":1312,\"height\":875},{\"@type\":\"BreadcrumbList\",\"@id\":\"https:\\\/\\\/camaraenmano.org\\\/index.php\\\/2022\\\/12\\\/22\\\/reto-de-noviembre-obras-ganadoras\\\/#breadcrumb\",\"itemListElement\":[{\"@type\":\"ListItem\",\"position\":1,\"name\":\"Portada\",\"item\":\"https:\\\/\\\/camaraenmano.org\\\/\"},{\"@type\":\"ListItem\",\"position\":2,\"name\":\"Reto de noviembre: Minimalismo &#8211; Obras ganadoras\"}]},{\"@type\":\"WebSite\",\"@id\":\"https:\\\/\\\/camaraenmano.org\\\/#website\",\"url\":\"https:\\\/\\\/camaraenmano.org\\\/\",\"name\":\"Asociaci\u00f3n fotogr\u00e1fica C\u00e1mara en mano Las Rozas\",\"description\":\"\",\"publisher\":{\"@id\":\"https:\\\/\\\/camaraenmano.org\\\/#organization\"},\"potentialAction\":[{\"@type\":\"SearchAction\",\"target\":{\"@type\":\"EntryPoint\",\"urlTemplate\":\"https:\\\/\\\/camaraenmano.org\\\/?s={search_term_string}\"},\"query-input\":{\"@type\":\"PropertyValueSpecification\",\"valueRequired\":true,\"valueName\":\"search_term_string\"}}],\"inLanguage\":\"es\"},{\"@type\":\"Organization\",\"@id\":\"https:\\\/\\\/camaraenmano.org\\\/#organization\",\"name\":\"C\u00e1mara en mano\",\"url\":\"https:\\\/\\\/camaraenmano.org\\\/\",\"logo\":{\"@type\":\"ImageObject\",\"inLanguage\":\"es\",\"@id\":\"https:\\\/\\\/camaraenmano.org\\\/#\\\/schema\\\/logo\\\/image\\\/\",\"url\":\"https:\\\/\\\/camaraenmano.org\\\/wp-content\\\/uploads\\\/2023\\\/10\\\/cropped-Logo-Camara-en-Mano-2-1.png\",\"contentUrl\":\"https:\\\/\\\/camaraenmano.org\\\/wp-content\\\/uploads\\\/2023\\\/10\\\/cropped-Logo-Camara-en-Mano-2-1.png\",\"width\":3174,\"height\":2093,\"caption\":\"C\u00e1mara en mano\"},\"image\":{\"@id\":\"https:\\\/\\\/camaraenmano.org\\\/#\\\/schema\\\/logo\\\/image\\\/\"},\"sameAs\":[\"https:\\\/\\\/www.facebook.com\\\/AFCamaraenmano\\\/\",\"https:\\\/\\\/www.instagram.com\\\/afcamaraenmano\\\/\"]},{\"@type\":\"Person\",\"@id\":\"https:\\\/\\\/camaraenmano.org\\\/#\\\/schema\\\/person\\\/9ae05f95e2aa0144ea0768d6f65488be\",\"name\":\"Administrador\",\"image\":{\"@type\":\"ImageObject\",\"inLanguage\":\"es\",\"@id\":\"https:\\\/\\\/secure.gravatar.com\\\/avatar\\\/afbf021a33f39f3b1b0fcbf424cd00175e4543d4630d7a19e2a7c6defa5096c8?s=96&d=mm&r=g\",\"url\":\"https:\\\/\\\/secure.gravatar.com\\\/avatar\\\/afbf021a33f39f3b1b0fcbf424cd00175e4543d4630d7a19e2a7c6defa5096c8?s=96&d=mm&r=g\",\"contentUrl\":\"https:\\\/\\\/secure.gravatar.com\\\/avatar\\\/afbf021a33f39f3b1b0fcbf424cd00175e4543d4630d7a19e2a7c6defa5096c8?s=96&d=mm&r=g\",\"caption\":\"Administrador\"},\"sameAs\":[\"http:\\\/\\\/camaraenmano.org\"],\"url\":\"https:\\\/\\\/camaraenmano.org\\\/index.php\\\/author\\\/admin2786\\\/\"}]}<\/script>\n<!-- \/ Yoast SEO plugin. -->","yoast_head_json":{"title":"Reto de noviembre: Minimalismo - Obras ganadoras - Asociaci\u00f3n fotogr\u00e1fica C\u00e1mara en mano Las Rozas","robots":{"index":"index","follow":"follow","max-snippet":"max-snippet:-1","max-image-preview":"max-image-preview:large","max-video-preview":"max-video-preview:-1"},"canonical":"https:\/\/camaraenmano.org\/index.php\/2022\/12\/22\/reto-de-noviembre-obras-ganadoras\/","og_locale":"es_ES","og_type":"article","og_title":"Reto de noviembre: Minimalismo - Obras ganadoras - Asociaci\u00f3n fotogr\u00e1fica C\u00e1mara en mano Las Rozas","og_description":"En este reto se han recibido durante el mes de noviembre 24 fotograf\u00edas, una por participante. Tras la votaci\u00f3n, en la que han participado 22 personas y cada una ha votado a sus 3 fotos preferidas, se han elegido las 5 mejores fotos puesto que ha habido empate entre el cuarto y quinto. Los votos [&hellip;]","og_url":"https:\/\/camaraenmano.org\/index.php\/2022\/12\/22\/reto-de-noviembre-obras-ganadoras\/","og_site_name":"Asociaci\u00f3n fotogr\u00e1fica C\u00e1mara en mano Las Rozas","article_publisher":"https:\/\/www.facebook.com\/AFCamaraenmano\/","article_published_time":"2022-12-22T12:31:04+00:00","article_modified_time":"2023-01-03T11:51:44+00:00","og_image":[{"width":1312,"height":875,"url":"https:\/\/camaraenmano.org\/wp-content\/uploads\/2022\/12\/08A8574.jpg","type":"image\/jpeg"}],"author":"Administrador","twitter_card":"summary_large_image","twitter_misc":{"Escrito por":"Administrador","Tiempo de lectura":"2 minutos"},"schema":{"@context":"https:\/\/schema.org","@graph":[{"@type":"Article","@id":"https:\/\/camaraenmano.org\/index.php\/2022\/12\/22\/reto-de-noviembre-obras-ganadoras\/#article","isPartOf":{"@id":"https:\/\/camaraenmano.org\/index.php\/2022\/12\/22\/reto-de-noviembre-obras-ganadoras\/"},"author":{"name":"Administrador","@id":"https:\/\/camaraenmano.org\/#\/schema\/person\/9ae05f95e2aa0144ea0768d6f65488be"},"headline":"Reto de noviembre: Minimalismo &#8211; Obras ganadoras","datePublished":"2022-12-22T12:31:04+00:00","dateModified":"2023-01-03T11:51:44+00:00","mainEntityOfPage":{"@id":"https:\/\/camaraenmano.org\/index.php\/2022\/12\/22\/reto-de-noviembre-obras-ganadoras\/"},"wordCount":146,"commentCount":0,"publisher":{"@id":"https:\/\/camaraenmano.org\/#organization"},"image":{"@id":"https:\/\/camaraenmano.org\/index.php\/2022\/12\/22\/reto-de-noviembre-obras-ganadoras\/#primaryimage"},"thumbnailUrl":"https:\/\/camaraenmano.org\/wp-content\/uploads\/2022\/12\/08A8574.jpg","keywords":["minimalismo","reto mensual"],"articleSection":["Actividades","Reto mensual"],"inLanguage":"es","potentialAction":[{"@type":"CommentAction","name":"Comment","target":["https:\/\/camaraenmano.org\/index.php\/2022\/12\/22\/reto-de-noviembre-obras-ganadoras\/#respond"]}]},{"@type":"WebPage","@id":"https:\/\/camaraenmano.org\/index.php\/2022\/12\/22\/reto-de-noviembre-obras-ganadoras\/","url":"https:\/\/camaraenmano.org\/index.php\/2022\/12\/22\/reto-de-noviembre-obras-ganadoras\/","name":"Reto de noviembre: Minimalismo - Obras ganadoras - Asociaci\u00f3n fotogr\u00e1fica C\u00e1mara en mano Las Rozas","isPartOf":{"@id":"https:\/\/camaraenmano.org\/#website"},"primaryImageOfPage":{"@id":"https:\/\/camaraenmano.org\/index.php\/2022\/12\/22\/reto-de-noviembre-obras-ganadoras\/#primaryimage"},"image":{"@id":"https:\/\/camaraenmano.org\/index.php\/2022\/12\/22\/reto-de-noviembre-obras-ganadoras\/#primaryimage"},"thumbnailUrl":"https:\/\/camaraenmano.org\/wp-content\/uploads\/2022\/12\/08A8574.jpg","datePublished":"2022-12-22T12:31:04+00:00","dateModified":"2023-01-03T11:51:44+00:00","breadcrumb":{"@id":"https:\/\/camaraenmano.org\/index.php\/2022\/12\/22\/reto-de-noviembre-obras-ganadoras\/#breadcrumb"},"inLanguage":"es","potentialAction":[{"@type":"ReadAction","target":["https:\/\/camaraenmano.org\/index.php\/2022\/12\/22\/reto-de-noviembre-obras-ganadoras\/"]}]},{"@type":"ImageObject","inLanguage":"es","@id":"https:\/\/camaraenmano.org\/index.php\/2022\/12\/22\/reto-de-noviembre-obras-ganadoras\/#primaryimage","url":"https:\/\/camaraenmano.org\/wp-content\/uploads\/2022\/12\/08A8574.jpg","contentUrl":"https:\/\/camaraenmano.org\/wp-content\/uploads\/2022\/12\/08A8574.jpg","width":1312,"height":875},{"@type":"BreadcrumbList","@id":"https:\/\/camaraenmano.org\/index.php\/2022\/12\/22\/reto-de-noviembre-obras-ganadoras\/#breadcrumb","itemListElement":[{"@type":"ListItem","position":1,"name":"Portada","item":"https:\/\/camaraenmano.org\/"},{"@type":"ListItem","position":2,"name":"Reto de noviembre: Minimalismo &#8211; Obras ganadoras"}]},{"@type":"WebSite","@id":"https:\/\/camaraenmano.org\/#website","url":"https:\/\/camaraenmano.org\/","name":"Asociaci\u00f3n fotogr\u00e1fica C\u00e1mara en mano Las Rozas","description":"","publisher":{"@id":"https:\/\/camaraenmano.org\/#organization"},"potentialAction":[{"@type":"SearchAction","target":{"@type":"EntryPoint","urlTemplate":"https:\/\/camaraenmano.org\/?s={search_term_string}"},"query-input":{"@type":"PropertyValueSpecification","valueRequired":true,"valueName":"search_term_string"}}],"inLanguage":"es"},{"@type":"Organization","@id":"https:\/\/camaraenmano.org\/#organization","name":"C\u00e1mara en mano","url":"https:\/\/camaraenmano.org\/","logo":{"@type":"ImageObject","inLanguage":"es","@id":"https:\/\/camaraenmano.org\/#\/schema\/logo\/image\/","url":"https:\/\/camaraenmano.org\/wp-content\/uploads\/2023\/10\/cropped-Logo-Camara-en-Mano-2-1.png","contentUrl":"https:\/\/camaraenmano.org\/wp-content\/uploads\/2023\/10\/cropped-Logo-Camara-en-Mano-2-1.png","width":3174,"height":2093,"caption":"C\u00e1mara en mano"},"image":{"@id":"https:\/\/camaraenmano.org\/#\/schema\/logo\/image\/"},"sameAs":["https:\/\/www.facebook.com\/AFCamaraenmano\/","https:\/\/www.instagram.com\/afcamaraenmano\/"]},{"@type":"Person","@id":"https:\/\/camaraenmano.org\/#\/schema\/person\/9ae05f95e2aa0144ea0768d6f65488be","name":"Administrador","image":{"@type":"ImageObject","inLanguage":"es","@id":"https:\/\/secure.gravatar.com\/avatar\/afbf021a33f39f3b1b0fcbf424cd00175e4543d4630d7a19e2a7c6defa5096c8?s=96&d=mm&r=g","url":"https:\/\/secure.gravatar.com\/avatar\/afbf021a33f39f3b1b0fcbf424cd00175e4543d4630d7a19e2a7c6defa5096c8?s=96&d=mm&r=g","contentUrl":"https:\/\/secure.gravatar.com\/avatar\/afbf021a33f39f3b1b0fcbf424cd00175e4543d4630d7a19e2a7c6defa5096c8?s=96&d=mm&r=g","caption":"Administrador"},"sameAs":["http:\/\/camaraenmano.org"],"url":"https:\/\/camaraenmano.org\/index.php\/author\/admin2786\/"}]}},"_links":{"self":[{"href":"https:\/\/camaraenmano.org\/index.php\/wp-json\/wp\/v2\/posts\/2121","targetHints":{"allow":["GET"]}}],"collection":[{"href":"https:\/\/camaraenmano.org\/index.php\/wp-json\/wp\/v2\/posts"}],"about":[{"href":"https:\/\/camaraenmano.org\/index.php\/wp-json\/wp\/v2\/types\/post"}],"author":[{"embeddable":true,"href":"https:\/\/camaraenmano.org\/index.php\/wp-json\/wp\/v2\/users\/1"}],"replies":[{"embeddable":true,"href":"https:\/\/camaraenmano.org\/index.php\/wp-json\/wp\/v2\/comments?post=2121"}],"version-history":[{"count":4,"href":"https:\/\/camaraenmano.org\/index.php\/wp-json\/wp\/v2\/posts\/2121\/revisions"}],"predecessor-version":[{"id":2199,"href":"https:\/\/camaraenmano.org\/index.php\/wp-json\/wp\/v2\/posts\/2121\/revisions\/2199"}],"wp:featuredmedia":[{"embeddable":true,"href":"https:\/\/camaraenmano.org\/index.php\/wp-json\/wp\/v2\/media\/2122"}],"wp:attachment":[{"href":"https:\/\/camaraenmano.org\/index.php\/wp-json\/wp\/v2\/media?parent=2121"}],"wp:term":[{"taxonomy":"category","embeddable":true,"href":"https:\/\/camaraenmano.org\/index.php\/wp-json\/wp\/v2\/categories?post=2121"},{"taxonomy":"post_tag","embeddable":true,"href":"https:\/\/camaraenmano.org\/index.php\/wp-json\/wp\/v2\/tags?post=2121"}],"curies":[{"name":"wp","href":"https:\/\/api.w.org\/{rel}","templated":true}]}}