{"id":2490,"date":"2023-03-08T23:09:06","date_gmt":"2023-03-08T22:09:06","guid":{"rendered":"https:\/\/camaraenmano.org\/?p=2490"},"modified":"2023-03-09T09:14:53","modified_gmt":"2023-03-09T08:14:53","slug":"exposicion-izaskun-valmaseda","status":"publish","type":"post","link":"https:\/\/camaraenmano.org\/index.php\/2023\/03\/08\/exposicion-izaskun-valmaseda\/","title":{"rendered":"Exposici\u00f3n: Izaskun Valmaseda"},"content":{"rendered":"<p>Nuestra amiga y asociada, <a href=\"https:\/\/izaskunvalmaseda.com\/\">Izaskun Valmaseda<\/a>, nos invita a visitar la exposici\u00f3n que presenta <strong>El Club de las mujeres (In)visibles <\/strong>al \u00a0que pertenece y que recoge una de sus obras.<\/p>\n<p>El Club de las Mujeres (In) Visibles es una plataforma de visibilizaci\u00f3n para mujeres artistas sin l\u00edmite de edad ni nacionalidad. Es tambi\u00e9n una lanzadera de proyectos creados y\/o dirigidos por mujeres dentro del \u00e1mbito de arte y la cultura, adem\u00e1s, de un espacio que sirve como punto de encuentro entre las propias artistas, el p\u00fablico y los profesionales del sector art\u00edstico.\u00a0<a href=\"http:\/\/www.elclubdelasmujeresinvisibles.com\/\">El Club de las mujeres (In)Visibles<\/a>\u00a0re\u00fane, difunde, promociona y da accesibilidad al trabajo de mujeres artistas en diferentes disciplinas.<\/p>\n<p>Se trata de una exposici\u00f3n a la que se puede acceder de manera gratuita y que re\u00fane obras de disciplinas como fotograf\u00eda, collage, pintura e ilustraci\u00f3n.<\/p>\n<p>Esta exposici\u00f3n acoge obras de las artistas, Izaskun Valmaseda, Gema \u00c1lvaro, Sara Herranz, Sara Mu\u00f1oz, Fraules, Sonja Hlukenic, Caterina Amodio, Patricia Bernardos, Rosa C Buiza, Marillina Besteiro y Esther Lobo.<\/p>\n<p>Del 6 de Marzo y al 3 de Junio 2023 en La S\u00e9p7ima de Only YOU Atocha, Madrid.<br \/>\n<strong>\u00a1Est\u00e1is todos invitados!<\/strong>\u00bb<\/p>\n<p>La exposici\u00f3n se celebra en el hotel Only you Atocha (Infanta Isabel 13) del 6 de marzo al 3 de junio.<\/p>\n<p><img loading=\"lazy\" decoding=\"async\" class=\"alignnone wp-image-2491 \" src=\"https:\/\/camaraenmano.org\/wp-content\/uploads\/2023\/03\/eff09f8b-c070-4256-b9e8-2a01d76e30bf-1024x1024.jpg\" alt=\"\" width=\"728\" height=\"728\" srcset=\"https:\/\/camaraenmano.org\/wp-content\/uploads\/2023\/03\/eff09f8b-c070-4256-b9e8-2a01d76e30bf-1024x1024.jpg 1024w, https:\/\/camaraenmano.org\/wp-content\/uploads\/2023\/03\/eff09f8b-c070-4256-b9e8-2a01d76e30bf-300x300.jpg 300w, https:\/\/camaraenmano.org\/wp-content\/uploads\/2023\/03\/eff09f8b-c070-4256-b9e8-2a01d76e30bf-150x150.jpg 150w, https:\/\/camaraenmano.org\/wp-content\/uploads\/2023\/03\/eff09f8b-c070-4256-b9e8-2a01d76e30bf-768x768.jpg 768w, https:\/\/camaraenmano.org\/wp-content\/uploads\/2023\/03\/eff09f8b-c070-4256-b9e8-2a01d76e30bf-510x510.jpg 510w, https:\/\/camaraenmano.org\/wp-content\/uploads\/2023\/03\/eff09f8b-c070-4256-b9e8-2a01d76e30bf.jpg 1080w\" sizes=\"auto, (max-width: 728px) 100vw, 728px\" \/><\/p>\n","protected":false},"excerpt":{"rendered":"<p>Nuestra amiga y asociada, Izaskun Valmaseda, nos invita a visitar la exposici\u00f3n que presenta El Club de las mujeres (In)visibles al \u00a0que pertenece y que recoge una de sus obras. El Club de las Mujeres (In) Visibles es una plataforma de visibilizaci\u00f3n para mujeres artistas sin l\u00edmite de edad ni nacionalidad. Es tambi\u00e9n una lanzadera [&hellip;]<\/p>\n","protected":false},"author":1,"featured_media":2491,"comment_status":"open","ping_status":"open","sticky":false,"template":"","format":"standard","meta":{"footnotes":""},"categories":[5,23],"tags":[231,232],"class_list":{"0":"post-2490","1":"post","2":"type-post","3":"status-publish","4":"format-standard","5":"has-post-thumbnail","7":"category-actividades","8":"category-noticias","9":"tag-izaskun-valmaseda","10":"tag-only-you-hoteles","11":"czr-hentry"},"yoast_head":"<!-- This site is optimized with the Yoast SEO plugin v27.5 - https:\/\/yoast.com\/product\/yoast-seo-wordpress\/ -->\n<title>Exposici\u00f3n: Izaskun Valmaseda - Asociaci\u00f3n fotogr\u00e1fica C\u00e1mara en mano Las Rozas<\/title>\n<meta name=\"robots\" content=\"index, follow, max-snippet:-1, max-image-preview:large, max-video-preview:-1\" \/>\n<link rel=\"canonical\" href=\"https:\/\/camaraenmano.org\/index.php\/2023\/03\/08\/exposicion-izaskun-valmaseda\/\" \/>\n<meta property=\"og:locale\" content=\"es_ES\" \/>\n<meta property=\"og:type\" content=\"article\" \/>\n<meta property=\"og:title\" content=\"Exposici\u00f3n: Izaskun Valmaseda - Asociaci\u00f3n fotogr\u00e1fica C\u00e1mara en mano Las Rozas\" \/>\n<meta property=\"og:description\" content=\"Nuestra amiga y asociada, Izaskun Valmaseda, nos invita a visitar la exposici\u00f3n que presenta El Club de las mujeres (In)visibles al \u00a0que pertenece y que recoge una de sus obras. El Club de las Mujeres (In) Visibles es una plataforma de visibilizaci\u00f3n para mujeres artistas sin l\u00edmite de edad ni nacionalidad. Es tambi\u00e9n una lanzadera [&hellip;]\" \/>\n<meta property=\"og:url\" content=\"https:\/\/camaraenmano.org\/index.php\/2023\/03\/08\/exposicion-izaskun-valmaseda\/\" \/>\n<meta property=\"og:site_name\" content=\"Asociaci\u00f3n fotogr\u00e1fica C\u00e1mara en mano Las Rozas\" \/>\n<meta property=\"article:publisher\" content=\"https:\/\/www.facebook.com\/AFCamaraenmano\/\" \/>\n<meta property=\"article:published_time\" content=\"2023-03-08T22:09:06+00:00\" \/>\n<meta property=\"article:modified_time\" content=\"2023-03-09T08:14:53+00:00\" \/>\n<meta property=\"og:image\" content=\"https:\/\/camaraenmano.org\/wp-content\/uploads\/2023\/03\/eff09f8b-c070-4256-b9e8-2a01d76e30bf.jpg\" \/>\n\t<meta property=\"og:image:width\" content=\"1080\" \/>\n\t<meta property=\"og:image:height\" content=\"1080\" \/>\n\t<meta property=\"og:image:type\" content=\"image\/jpeg\" \/>\n<meta name=\"author\" content=\"Administrador\" \/>\n<meta name=\"twitter:card\" content=\"summary_large_image\" \/>\n<meta name=\"twitter:label1\" content=\"Escrito por\" \/>\n\t<meta name=\"twitter:data1\" content=\"Administrador\" \/>\n\t<meta name=\"twitter:label2\" content=\"Tiempo de lectura\" \/>\n\t<meta name=\"twitter:data2\" content=\"2 minutos\" \/>\n<script type=\"application\/ld+json\" class=\"yoast-schema-graph\">{\"@context\":\"https:\\\/\\\/schema.org\",\"@graph\":[{\"@type\":\"Article\",\"@id\":\"https:\\\/\\\/camaraenmano.org\\\/index.php\\\/2023\\\/03\\\/08\\\/exposicion-izaskun-valmaseda\\\/#article\",\"isPartOf\":{\"@id\":\"https:\\\/\\\/camaraenmano.org\\\/index.php\\\/2023\\\/03\\\/08\\\/exposicion-izaskun-valmaseda\\\/\"},\"author\":{\"name\":\"Administrador\",\"@id\":\"https:\\\/\\\/camaraenmano.org\\\/#\\\/schema\\\/person\\\/9ae05f95e2aa0144ea0768d6f65488be\"},\"headline\":\"Exposici\u00f3n: Izaskun Valmaseda\",\"datePublished\":\"2023-03-08T22:09:06+00:00\",\"dateModified\":\"2023-03-09T08:14:53+00:00\",\"mainEntityOfPage\":{\"@id\":\"https:\\\/\\\/camaraenmano.org\\\/index.php\\\/2023\\\/03\\\/08\\\/exposicion-izaskun-valmaseda\\\/\"},\"wordCount\":229,\"commentCount\":0,\"publisher\":{\"@id\":\"https:\\\/\\\/camaraenmano.org\\\/#organization\"},\"image\":{\"@id\":\"https:\\\/\\\/camaraenmano.org\\\/index.php\\\/2023\\\/03\\\/08\\\/exposicion-izaskun-valmaseda\\\/#primaryimage\"},\"thumbnailUrl\":\"https:\\\/\\\/camaraenmano.org\\\/wp-content\\\/uploads\\\/2023\\\/03\\\/eff09f8b-c070-4256-b9e8-2a01d76e30bf.jpg\",\"keywords\":[\"izaskun valmaseda\",\"Only you hoteles\"],\"articleSection\":[\"Actividades\",\"Noticias\"],\"inLanguage\":\"es\",\"potentialAction\":[{\"@type\":\"CommentAction\",\"name\":\"Comment\",\"target\":[\"https:\\\/\\\/camaraenmano.org\\\/index.php\\\/2023\\\/03\\\/08\\\/exposicion-izaskun-valmaseda\\\/#respond\"]}]},{\"@type\":\"WebPage\",\"@id\":\"https:\\\/\\\/camaraenmano.org\\\/index.php\\\/2023\\\/03\\\/08\\\/exposicion-izaskun-valmaseda\\\/\",\"url\":\"https:\\\/\\\/camaraenmano.org\\\/index.php\\\/2023\\\/03\\\/08\\\/exposicion-izaskun-valmaseda\\\/\",\"name\":\"Exposici\u00f3n: Izaskun Valmaseda - Asociaci\u00f3n fotogr\u00e1fica C\u00e1mara en mano Las Rozas\",\"isPartOf\":{\"@id\":\"https:\\\/\\\/camaraenmano.org\\\/#website\"},\"primaryImageOfPage\":{\"@id\":\"https:\\\/\\\/camaraenmano.org\\\/index.php\\\/2023\\\/03\\\/08\\\/exposicion-izaskun-valmaseda\\\/#primaryimage\"},\"image\":{\"@id\":\"https:\\\/\\\/camaraenmano.org\\\/index.php\\\/2023\\\/03\\\/08\\\/exposicion-izaskun-valmaseda\\\/#primaryimage\"},\"thumbnailUrl\":\"https:\\\/\\\/camaraenmano.org\\\/wp-content\\\/uploads\\\/2023\\\/03\\\/eff09f8b-c070-4256-b9e8-2a01d76e30bf.jpg\",\"datePublished\":\"2023-03-08T22:09:06+00:00\",\"dateModified\":\"2023-03-09T08:14:53+00:00\",\"breadcrumb\":{\"@id\":\"https:\\\/\\\/camaraenmano.org\\\/index.php\\\/2023\\\/03\\\/08\\\/exposicion-izaskun-valmaseda\\\/#breadcrumb\"},\"inLanguage\":\"es\",\"potentialAction\":[{\"@type\":\"ReadAction\",\"target\":[\"https:\\\/\\\/camaraenmano.org\\\/index.php\\\/2023\\\/03\\\/08\\\/exposicion-izaskun-valmaseda\\\/\"]}]},{\"@type\":\"ImageObject\",\"inLanguage\":\"es\",\"@id\":\"https:\\\/\\\/camaraenmano.org\\\/index.php\\\/2023\\\/03\\\/08\\\/exposicion-izaskun-valmaseda\\\/#primaryimage\",\"url\":\"https:\\\/\\\/camaraenmano.org\\\/wp-content\\\/uploads\\\/2023\\\/03\\\/eff09f8b-c070-4256-b9e8-2a01d76e30bf.jpg\",\"contentUrl\":\"https:\\\/\\\/camaraenmano.org\\\/wp-content\\\/uploads\\\/2023\\\/03\\\/eff09f8b-c070-4256-b9e8-2a01d76e30bf.jpg\",\"width\":1080,\"height\":1080},{\"@type\":\"BreadcrumbList\",\"@id\":\"https:\\\/\\\/camaraenmano.org\\\/index.php\\\/2023\\\/03\\\/08\\\/exposicion-izaskun-valmaseda\\\/#breadcrumb\",\"itemListElement\":[{\"@type\":\"ListItem\",\"position\":1,\"name\":\"Portada\",\"item\":\"https:\\\/\\\/camaraenmano.org\\\/\"},{\"@type\":\"ListItem\",\"position\":2,\"name\":\"Exposici\u00f3n: Izaskun Valmaseda\"}]},{\"@type\":\"WebSite\",\"@id\":\"https:\\\/\\\/camaraenmano.org\\\/#website\",\"url\":\"https:\\\/\\\/camaraenmano.org\\\/\",\"name\":\"Asociaci\u00f3n fotogr\u00e1fica C\u00e1mara en mano Las Rozas\",\"description\":\"\",\"publisher\":{\"@id\":\"https:\\\/\\\/camaraenmano.org\\\/#organization\"},\"potentialAction\":[{\"@type\":\"SearchAction\",\"target\":{\"@type\":\"EntryPoint\",\"urlTemplate\":\"https:\\\/\\\/camaraenmano.org\\\/?s={search_term_string}\"},\"query-input\":{\"@type\":\"PropertyValueSpecification\",\"valueRequired\":true,\"valueName\":\"search_term_string\"}}],\"inLanguage\":\"es\"},{\"@type\":\"Organization\",\"@id\":\"https:\\\/\\\/camaraenmano.org\\\/#organization\",\"name\":\"C\u00e1mara en mano\",\"url\":\"https:\\\/\\\/camaraenmano.org\\\/\",\"logo\":{\"@type\":\"ImageObject\",\"inLanguage\":\"es\",\"@id\":\"https:\\\/\\\/camaraenmano.org\\\/#\\\/schema\\\/logo\\\/image\\\/\",\"url\":\"https:\\\/\\\/camaraenmano.org\\\/wp-content\\\/uploads\\\/2023\\\/10\\\/cropped-Logo-Camara-en-Mano-2-1.png\",\"contentUrl\":\"https:\\\/\\\/camaraenmano.org\\\/wp-content\\\/uploads\\\/2023\\\/10\\\/cropped-Logo-Camara-en-Mano-2-1.png\",\"width\":3174,\"height\":2093,\"caption\":\"C\u00e1mara en mano\"},\"image\":{\"@id\":\"https:\\\/\\\/camaraenmano.org\\\/#\\\/schema\\\/logo\\\/image\\\/\"},\"sameAs\":[\"https:\\\/\\\/www.facebook.com\\\/AFCamaraenmano\\\/\",\"https:\\\/\\\/www.instagram.com\\\/afcamaraenmano\\\/\"]},{\"@type\":\"Person\",\"@id\":\"https:\\\/\\\/camaraenmano.org\\\/#\\\/schema\\\/person\\\/9ae05f95e2aa0144ea0768d6f65488be\",\"name\":\"Administrador\",\"image\":{\"@type\":\"ImageObject\",\"inLanguage\":\"es\",\"@id\":\"https:\\\/\\\/secure.gravatar.com\\\/avatar\\\/afbf021a33f39f3b1b0fcbf424cd00175e4543d4630d7a19e2a7c6defa5096c8?s=96&d=mm&r=g\",\"url\":\"https:\\\/\\\/secure.gravatar.com\\\/avatar\\\/afbf021a33f39f3b1b0fcbf424cd00175e4543d4630d7a19e2a7c6defa5096c8?s=96&d=mm&r=g\",\"contentUrl\":\"https:\\\/\\\/secure.gravatar.com\\\/avatar\\\/afbf021a33f39f3b1b0fcbf424cd00175e4543d4630d7a19e2a7c6defa5096c8?s=96&d=mm&r=g\",\"caption\":\"Administrador\"},\"sameAs\":[\"http:\\\/\\\/camaraenmano.org\"],\"url\":\"https:\\\/\\\/camaraenmano.org\\\/index.php\\\/author\\\/admin2786\\\/\"}]}<\/script>\n<!-- \/ Yoast SEO plugin. -->","yoast_head_json":{"title":"Exposici\u00f3n: Izaskun Valmaseda - Asociaci\u00f3n fotogr\u00e1fica C\u00e1mara en mano Las Rozas","robots":{"index":"index","follow":"follow","max-snippet":"max-snippet:-1","max-image-preview":"max-image-preview:large","max-video-preview":"max-video-preview:-1"},"canonical":"https:\/\/camaraenmano.org\/index.php\/2023\/03\/08\/exposicion-izaskun-valmaseda\/","og_locale":"es_ES","og_type":"article","og_title":"Exposici\u00f3n: Izaskun Valmaseda - Asociaci\u00f3n fotogr\u00e1fica C\u00e1mara en mano Las Rozas","og_description":"Nuestra amiga y asociada, Izaskun Valmaseda, nos invita a visitar la exposici\u00f3n que presenta El Club de las mujeres (In)visibles al \u00a0que pertenece y que recoge una de sus obras. El Club de las Mujeres (In) Visibles es una plataforma de visibilizaci\u00f3n para mujeres artistas sin l\u00edmite de edad ni nacionalidad. Es tambi\u00e9n una lanzadera [&hellip;]","og_url":"https:\/\/camaraenmano.org\/index.php\/2023\/03\/08\/exposicion-izaskun-valmaseda\/","og_site_name":"Asociaci\u00f3n fotogr\u00e1fica C\u00e1mara en mano Las Rozas","article_publisher":"https:\/\/www.facebook.com\/AFCamaraenmano\/","article_published_time":"2023-03-08T22:09:06+00:00","article_modified_time":"2023-03-09T08:14:53+00:00","og_image":[{"width":1080,"height":1080,"url":"https:\/\/camaraenmano.org\/wp-content\/uploads\/2023\/03\/eff09f8b-c070-4256-b9e8-2a01d76e30bf.jpg","type":"image\/jpeg"}],"author":"Administrador","twitter_card":"summary_large_image","twitter_misc":{"Escrito por":"Administrador","Tiempo de lectura":"2 minutos"},"schema":{"@context":"https:\/\/schema.org","@graph":[{"@type":"Article","@id":"https:\/\/camaraenmano.org\/index.php\/2023\/03\/08\/exposicion-izaskun-valmaseda\/#article","isPartOf":{"@id":"https:\/\/camaraenmano.org\/index.php\/2023\/03\/08\/exposicion-izaskun-valmaseda\/"},"author":{"name":"Administrador","@id":"https:\/\/camaraenmano.org\/#\/schema\/person\/9ae05f95e2aa0144ea0768d6f65488be"},"headline":"Exposici\u00f3n: Izaskun Valmaseda","datePublished":"2023-03-08T22:09:06+00:00","dateModified":"2023-03-09T08:14:53+00:00","mainEntityOfPage":{"@id":"https:\/\/camaraenmano.org\/index.php\/2023\/03\/08\/exposicion-izaskun-valmaseda\/"},"wordCount":229,"commentCount":0,"publisher":{"@id":"https:\/\/camaraenmano.org\/#organization"},"image":{"@id":"https:\/\/camaraenmano.org\/index.php\/2023\/03\/08\/exposicion-izaskun-valmaseda\/#primaryimage"},"thumbnailUrl":"https:\/\/camaraenmano.org\/wp-content\/uploads\/2023\/03\/eff09f8b-c070-4256-b9e8-2a01d76e30bf.jpg","keywords":["izaskun valmaseda","Only you hoteles"],"articleSection":["Actividades","Noticias"],"inLanguage":"es","potentialAction":[{"@type":"CommentAction","name":"Comment","target":["https:\/\/camaraenmano.org\/index.php\/2023\/03\/08\/exposicion-izaskun-valmaseda\/#respond"]}]},{"@type":"WebPage","@id":"https:\/\/camaraenmano.org\/index.php\/2023\/03\/08\/exposicion-izaskun-valmaseda\/","url":"https:\/\/camaraenmano.org\/index.php\/2023\/03\/08\/exposicion-izaskun-valmaseda\/","name":"Exposici\u00f3n: Izaskun Valmaseda - Asociaci\u00f3n fotogr\u00e1fica C\u00e1mara en mano Las Rozas","isPartOf":{"@id":"https:\/\/camaraenmano.org\/#website"},"primaryImageOfPage":{"@id":"https:\/\/camaraenmano.org\/index.php\/2023\/03\/08\/exposicion-izaskun-valmaseda\/#primaryimage"},"image":{"@id":"https:\/\/camaraenmano.org\/index.php\/2023\/03\/08\/exposicion-izaskun-valmaseda\/#primaryimage"},"thumbnailUrl":"https:\/\/camaraenmano.org\/wp-content\/uploads\/2023\/03\/eff09f8b-c070-4256-b9e8-2a01d76e30bf.jpg","datePublished":"2023-03-08T22:09:06+00:00","dateModified":"2023-03-09T08:14:53+00:00","breadcrumb":{"@id":"https:\/\/camaraenmano.org\/index.php\/2023\/03\/08\/exposicion-izaskun-valmaseda\/#breadcrumb"},"inLanguage":"es","potentialAction":[{"@type":"ReadAction","target":["https:\/\/camaraenmano.org\/index.php\/2023\/03\/08\/exposicion-izaskun-valmaseda\/"]}]},{"@type":"ImageObject","inLanguage":"es","@id":"https:\/\/camaraenmano.org\/index.php\/2023\/03\/08\/exposicion-izaskun-valmaseda\/#primaryimage","url":"https:\/\/camaraenmano.org\/wp-content\/uploads\/2023\/03\/eff09f8b-c070-4256-b9e8-2a01d76e30bf.jpg","contentUrl":"https:\/\/camaraenmano.org\/wp-content\/uploads\/2023\/03\/eff09f8b-c070-4256-b9e8-2a01d76e30bf.jpg","width":1080,"height":1080},{"@type":"BreadcrumbList","@id":"https:\/\/camaraenmano.org\/index.php\/2023\/03\/08\/exposicion-izaskun-valmaseda\/#breadcrumb","itemListElement":[{"@type":"ListItem","position":1,"name":"Portada","item":"https:\/\/camaraenmano.org\/"},{"@type":"ListItem","position":2,"name":"Exposici\u00f3n: Izaskun Valmaseda"}]},{"@type":"WebSite","@id":"https:\/\/camaraenmano.org\/#website","url":"https:\/\/camaraenmano.org\/","name":"Asociaci\u00f3n fotogr\u00e1fica C\u00e1mara en mano Las Rozas","description":"","publisher":{"@id":"https:\/\/camaraenmano.org\/#organization"},"potentialAction":[{"@type":"SearchAction","target":{"@type":"EntryPoint","urlTemplate":"https:\/\/camaraenmano.org\/?s={search_term_string}"},"query-input":{"@type":"PropertyValueSpecification","valueRequired":true,"valueName":"search_term_string"}}],"inLanguage":"es"},{"@type":"Organization","@id":"https:\/\/camaraenmano.org\/#organization","name":"C\u00e1mara en mano","url":"https:\/\/camaraenmano.org\/","logo":{"@type":"ImageObject","inLanguage":"es","@id":"https:\/\/camaraenmano.org\/#\/schema\/logo\/image\/","url":"https:\/\/camaraenmano.org\/wp-content\/uploads\/2023\/10\/cropped-Logo-Camara-en-Mano-2-1.png","contentUrl":"https:\/\/camaraenmano.org\/wp-content\/uploads\/2023\/10\/cropped-Logo-Camara-en-Mano-2-1.png","width":3174,"height":2093,"caption":"C\u00e1mara en mano"},"image":{"@id":"https:\/\/camaraenmano.org\/#\/schema\/logo\/image\/"},"sameAs":["https:\/\/www.facebook.com\/AFCamaraenmano\/","https:\/\/www.instagram.com\/afcamaraenmano\/"]},{"@type":"Person","@id":"https:\/\/camaraenmano.org\/#\/schema\/person\/9ae05f95e2aa0144ea0768d6f65488be","name":"Administrador","image":{"@type":"ImageObject","inLanguage":"es","@id":"https:\/\/secure.gravatar.com\/avatar\/afbf021a33f39f3b1b0fcbf424cd00175e4543d4630d7a19e2a7c6defa5096c8?s=96&d=mm&r=g","url":"https:\/\/secure.gravatar.com\/avatar\/afbf021a33f39f3b1b0fcbf424cd00175e4543d4630d7a19e2a7c6defa5096c8?s=96&d=mm&r=g","contentUrl":"https:\/\/secure.gravatar.com\/avatar\/afbf021a33f39f3b1b0fcbf424cd00175e4543d4630d7a19e2a7c6defa5096c8?s=96&d=mm&r=g","caption":"Administrador"},"sameAs":["http:\/\/camaraenmano.org"],"url":"https:\/\/camaraenmano.org\/index.php\/author\/admin2786\/"}]}},"_links":{"self":[{"href":"https:\/\/camaraenmano.org\/index.php\/wp-json\/wp\/v2\/posts\/2490","targetHints":{"allow":["GET"]}}],"collection":[{"href":"https:\/\/camaraenmano.org\/index.php\/wp-json\/wp\/v2\/posts"}],"about":[{"href":"https:\/\/camaraenmano.org\/index.php\/wp-json\/wp\/v2\/types\/post"}],"author":[{"embeddable":true,"href":"https:\/\/camaraenmano.org\/index.php\/wp-json\/wp\/v2\/users\/1"}],"replies":[{"embeddable":true,"href":"https:\/\/camaraenmano.org\/index.php\/wp-json\/wp\/v2\/comments?post=2490"}],"version-history":[{"count":5,"href":"https:\/\/camaraenmano.org\/index.php\/wp-json\/wp\/v2\/posts\/2490\/revisions"}],"predecessor-version":[{"id":2496,"href":"https:\/\/camaraenmano.org\/index.php\/wp-json\/wp\/v2\/posts\/2490\/revisions\/2496"}],"wp:featuredmedia":[{"embeddable":true,"href":"https:\/\/camaraenmano.org\/index.php\/wp-json\/wp\/v2\/media\/2491"}],"wp:attachment":[{"href":"https:\/\/camaraenmano.org\/index.php\/wp-json\/wp\/v2\/media?parent=2490"}],"wp:term":[{"taxonomy":"category","embeddable":true,"href":"https:\/\/camaraenmano.org\/index.php\/wp-json\/wp\/v2\/categories?post=2490"},{"taxonomy":"post_tag","embeddable":true,"href":"https:\/\/camaraenmano.org\/index.php\/wp-json\/wp\/v2\/tags?post=2490"}],"curies":[{"name":"wp","href":"https:\/\/api.w.org\/{rel}","templated":true}]}}