{"id":2580,"date":"2023-03-27T00:28:59","date_gmt":"2023-03-26T22:28:59","guid":{"rendered":"https:\/\/camaraenmano.org\/?p=2580"},"modified":"2023-03-27T00:28:59","modified_gmt":"2023-03-26T22:28:59","slug":"un-ano-de-fotografia-con-jose-b-ruiz","status":"publish","type":"post","link":"https:\/\/camaraenmano.org\/index.php\/2023\/03\/27\/un-ano-de-fotografia-con-jose-b-ruiz\/","title":{"rendered":"Un a\u00f1o de fotograf\u00eda con Jose B. Ruiz"},"content":{"rendered":"<p>Hemos encontrado por internet esta interesante colecci\u00f3n de videos correspondientes a las clases que el fot\u00f3grafo Jos\u00e9 Benito Ruiz imparti\u00f3 durante todo un a\u00f1o tratando numerosos temas que como fot\u00f3grafos nos interesan mucho.<\/p>\n<p>Cuenta con un total de 41 videos de varias horas cada uno pero que no tenemos que ver todos de corrido, sino seleccionar aquellos que traten los temas que mas nos interesan. Temas que van desde la configuraci\u00f3n de la c\u00e1mara, las distintas disciplinas en fotograf\u00eda, composici\u00f3n, aspectos legales, \u00e9tica y compromiso, y un largu\u00edsimo etcetera.<\/p>\n<p>&nbsp;<\/p>\n<p>Te dejamos aqui abajo el primer video y en <a href=\"https:\/\/www.youtube.com\/playlist?list=PLjMLRTW1UXSir0mOUkZ1p7Z5lKSQuASFG\">este enlace<\/a> puedes encontrar el resto.<\/p>\n<p>&nbsp;<\/p>\n<p><iframe loading=\"lazy\" title=\"Curso Un a\u00f1o de fotograf\u00eda con Jose Benito Ruiz. Sesi\u00f3n 01: Introducci\u00f3n al m\u00e9todo\" width=\"1140\" height=\"641\" src=\"https:\/\/www.youtube.com\/embed\/-1H_hw42-tI?list=PLjMLRTW1UXSir0mOUkZ1p7Z5lKSQuASFG\" frameborder=\"0\" allow=\"accelerometer; autoplay; clipboard-write; encrypted-media; gyroscope; picture-in-picture; web-share\" allowfullscreen><\/iframe><\/p>\n","protected":false},"excerpt":{"rendered":"<p>Hemos encontrado por internet esta interesante colecci\u00f3n de videos correspondientes a las clases que el fot\u00f3grafo Jos\u00e9 Benito Ruiz imparti\u00f3 durante todo un a\u00f1o tratando numerosos temas que como fot\u00f3grafos nos interesan mucho. Cuenta con un total de 41 videos de varias horas cada uno pero que no tenemos que ver todos de corrido, sino [&hellip;]<\/p>\n","protected":false},"author":1,"featured_media":2581,"comment_status":"open","ping_status":"open","sticky":false,"template":"","format":"standard","meta":{"footnotes":""},"categories":[24],"tags":[234,126],"class_list":{"0":"post-2580","1":"post","2":"type-post","3":"status-publish","4":"format-standard","5":"has-post-thumbnail","7":"category-tecnica-fotografica","8":"tag-curso-fotografia","9":"tag-jose-benito-ruiz","10":"czr-hentry"},"yoast_head":"<!-- This site is optimized with the Yoast SEO plugin v27.5 - https:\/\/yoast.com\/product\/yoast-seo-wordpress\/ -->\n<title>Un a\u00f1o de fotograf\u00eda con Jose B. Ruiz - Asociaci\u00f3n fotogr\u00e1fica C\u00e1mara en mano Las Rozas<\/title>\n<meta name=\"robots\" content=\"index, follow, max-snippet:-1, max-image-preview:large, max-video-preview:-1\" \/>\n<link rel=\"canonical\" href=\"https:\/\/camaraenmano.org\/index.php\/2023\/03\/27\/un-ano-de-fotografia-con-jose-b-ruiz\/\" \/>\n<meta property=\"og:locale\" content=\"es_ES\" \/>\n<meta property=\"og:type\" content=\"article\" \/>\n<meta property=\"og:title\" content=\"Un a\u00f1o de fotograf\u00eda con Jose B. Ruiz - Asociaci\u00f3n fotogr\u00e1fica C\u00e1mara en mano Las Rozas\" \/>\n<meta property=\"og:description\" content=\"Hemos encontrado por internet esta interesante colecci\u00f3n de videos correspondientes a las clases que el fot\u00f3grafo Jos\u00e9 Benito Ruiz imparti\u00f3 durante todo un a\u00f1o tratando numerosos temas que como fot\u00f3grafos nos interesan mucho. Cuenta con un total de 41 videos de varias horas cada uno pero que no tenemos que ver todos de corrido, sino [&hellip;]\" \/>\n<meta property=\"og:url\" content=\"https:\/\/camaraenmano.org\/index.php\/2023\/03\/27\/un-ano-de-fotografia-con-jose-b-ruiz\/\" \/>\n<meta property=\"og:site_name\" content=\"Asociaci\u00f3n fotogr\u00e1fica C\u00e1mara en mano Las Rozas\" \/>\n<meta property=\"article:publisher\" content=\"https:\/\/www.facebook.com\/AFCamaraenmano\/\" \/>\n<meta property=\"article:published_time\" content=\"2023-03-26T22:28:59+00:00\" \/>\n<meta property=\"og:image\" content=\"https:\/\/camaraenmano.org\/wp-content\/uploads\/2023\/03\/Jose-Benito-Ruiz.jpg\" \/>\n\t<meta property=\"og:image:width\" content=\"1920\" \/>\n\t<meta property=\"og:image:height\" content=\"1080\" \/>\n\t<meta property=\"og:image:type\" content=\"image\/jpeg\" \/>\n<meta name=\"author\" content=\"Administrador\" \/>\n<meta name=\"twitter:card\" content=\"summary_large_image\" \/>\n<meta name=\"twitter:label1\" content=\"Escrito por\" \/>\n\t<meta name=\"twitter:data1\" content=\"Administrador\" \/>\n\t<meta name=\"twitter:label2\" content=\"Tiempo de lectura\" \/>\n\t<meta name=\"twitter:data2\" content=\"1 minuto\" \/>\n<script type=\"application\/ld+json\" class=\"yoast-schema-graph\">{\"@context\":\"https:\\\/\\\/schema.org\",\"@graph\":[{\"@type\":\"Article\",\"@id\":\"https:\\\/\\\/camaraenmano.org\\\/index.php\\\/2023\\\/03\\\/27\\\/un-ano-de-fotografia-con-jose-b-ruiz\\\/#article\",\"isPartOf\":{\"@id\":\"https:\\\/\\\/camaraenmano.org\\\/index.php\\\/2023\\\/03\\\/27\\\/un-ano-de-fotografia-con-jose-b-ruiz\\\/\"},\"author\":{\"name\":\"Administrador\",\"@id\":\"https:\\\/\\\/camaraenmano.org\\\/#\\\/schema\\\/person\\\/9ae05f95e2aa0144ea0768d6f65488be\"},\"headline\":\"Un a\u00f1o de fotograf\u00eda con Jose B. Ruiz\",\"datePublished\":\"2023-03-26T22:28:59+00:00\",\"mainEntityOfPage\":{\"@id\":\"https:\\\/\\\/camaraenmano.org\\\/index.php\\\/2023\\\/03\\\/27\\\/un-ano-de-fotografia-con-jose-b-ruiz\\\/\"},\"wordCount\":142,\"commentCount\":0,\"publisher\":{\"@id\":\"https:\\\/\\\/camaraenmano.org\\\/#organization\"},\"image\":{\"@id\":\"https:\\\/\\\/camaraenmano.org\\\/index.php\\\/2023\\\/03\\\/27\\\/un-ano-de-fotografia-con-jose-b-ruiz\\\/#primaryimage\"},\"thumbnailUrl\":\"https:\\\/\\\/camaraenmano.org\\\/wp-content\\\/uploads\\\/2023\\\/03\\\/Jose-Benito-Ruiz.jpg\",\"keywords\":[\"curso fotografia\",\"Jose Benito Ruiz\"],\"articleSection\":[\"T\u00e9cnica fotogr\u00e1fica\"],\"inLanguage\":\"es\",\"potentialAction\":[{\"@type\":\"CommentAction\",\"name\":\"Comment\",\"target\":[\"https:\\\/\\\/camaraenmano.org\\\/index.php\\\/2023\\\/03\\\/27\\\/un-ano-de-fotografia-con-jose-b-ruiz\\\/#respond\"]}]},{\"@type\":\"WebPage\",\"@id\":\"https:\\\/\\\/camaraenmano.org\\\/index.php\\\/2023\\\/03\\\/27\\\/un-ano-de-fotografia-con-jose-b-ruiz\\\/\",\"url\":\"https:\\\/\\\/camaraenmano.org\\\/index.php\\\/2023\\\/03\\\/27\\\/un-ano-de-fotografia-con-jose-b-ruiz\\\/\",\"name\":\"Un a\u00f1o de fotograf\u00eda con Jose B. Ruiz - Asociaci\u00f3n fotogr\u00e1fica C\u00e1mara en mano Las Rozas\",\"isPartOf\":{\"@id\":\"https:\\\/\\\/camaraenmano.org\\\/#website\"},\"primaryImageOfPage\":{\"@id\":\"https:\\\/\\\/camaraenmano.org\\\/index.php\\\/2023\\\/03\\\/27\\\/un-ano-de-fotografia-con-jose-b-ruiz\\\/#primaryimage\"},\"image\":{\"@id\":\"https:\\\/\\\/camaraenmano.org\\\/index.php\\\/2023\\\/03\\\/27\\\/un-ano-de-fotografia-con-jose-b-ruiz\\\/#primaryimage\"},\"thumbnailUrl\":\"https:\\\/\\\/camaraenmano.org\\\/wp-content\\\/uploads\\\/2023\\\/03\\\/Jose-Benito-Ruiz.jpg\",\"datePublished\":\"2023-03-26T22:28:59+00:00\",\"breadcrumb\":{\"@id\":\"https:\\\/\\\/camaraenmano.org\\\/index.php\\\/2023\\\/03\\\/27\\\/un-ano-de-fotografia-con-jose-b-ruiz\\\/#breadcrumb\"},\"inLanguage\":\"es\",\"potentialAction\":[{\"@type\":\"ReadAction\",\"target\":[\"https:\\\/\\\/camaraenmano.org\\\/index.php\\\/2023\\\/03\\\/27\\\/un-ano-de-fotografia-con-jose-b-ruiz\\\/\"]}]},{\"@type\":\"ImageObject\",\"inLanguage\":\"es\",\"@id\":\"https:\\\/\\\/camaraenmano.org\\\/index.php\\\/2023\\\/03\\\/27\\\/un-ano-de-fotografia-con-jose-b-ruiz\\\/#primaryimage\",\"url\":\"https:\\\/\\\/camaraenmano.org\\\/wp-content\\\/uploads\\\/2023\\\/03\\\/Jose-Benito-Ruiz.jpg\",\"contentUrl\":\"https:\\\/\\\/camaraenmano.org\\\/wp-content\\\/uploads\\\/2023\\\/03\\\/Jose-Benito-Ruiz.jpg\",\"width\":1920,\"height\":1080},{\"@type\":\"BreadcrumbList\",\"@id\":\"https:\\\/\\\/camaraenmano.org\\\/index.php\\\/2023\\\/03\\\/27\\\/un-ano-de-fotografia-con-jose-b-ruiz\\\/#breadcrumb\",\"itemListElement\":[{\"@type\":\"ListItem\",\"position\":1,\"name\":\"Portada\",\"item\":\"https:\\\/\\\/camaraenmano.org\\\/\"},{\"@type\":\"ListItem\",\"position\":2,\"name\":\"Un a\u00f1o de fotograf\u00eda con Jose B. Ruiz\"}]},{\"@type\":\"WebSite\",\"@id\":\"https:\\\/\\\/camaraenmano.org\\\/#website\",\"url\":\"https:\\\/\\\/camaraenmano.org\\\/\",\"name\":\"Asociaci\u00f3n fotogr\u00e1fica C\u00e1mara en mano Las Rozas\",\"description\":\"\",\"publisher\":{\"@id\":\"https:\\\/\\\/camaraenmano.org\\\/#organization\"},\"potentialAction\":[{\"@type\":\"SearchAction\",\"target\":{\"@type\":\"EntryPoint\",\"urlTemplate\":\"https:\\\/\\\/camaraenmano.org\\\/?s={search_term_string}\"},\"query-input\":{\"@type\":\"PropertyValueSpecification\",\"valueRequired\":true,\"valueName\":\"search_term_string\"}}],\"inLanguage\":\"es\"},{\"@type\":\"Organization\",\"@id\":\"https:\\\/\\\/camaraenmano.org\\\/#organization\",\"name\":\"C\u00e1mara en mano\",\"url\":\"https:\\\/\\\/camaraenmano.org\\\/\",\"logo\":{\"@type\":\"ImageObject\",\"inLanguage\":\"es\",\"@id\":\"https:\\\/\\\/camaraenmano.org\\\/#\\\/schema\\\/logo\\\/image\\\/\",\"url\":\"https:\\\/\\\/camaraenmano.org\\\/wp-content\\\/uploads\\\/2023\\\/10\\\/cropped-Logo-Camara-en-Mano-2-1.png\",\"contentUrl\":\"https:\\\/\\\/camaraenmano.org\\\/wp-content\\\/uploads\\\/2023\\\/10\\\/cropped-Logo-Camara-en-Mano-2-1.png\",\"width\":3174,\"height\":2093,\"caption\":\"C\u00e1mara en mano\"},\"image\":{\"@id\":\"https:\\\/\\\/camaraenmano.org\\\/#\\\/schema\\\/logo\\\/image\\\/\"},\"sameAs\":[\"https:\\\/\\\/www.facebook.com\\\/AFCamaraenmano\\\/\",\"https:\\\/\\\/www.instagram.com\\\/afcamaraenmano\\\/\"]},{\"@type\":\"Person\",\"@id\":\"https:\\\/\\\/camaraenmano.org\\\/#\\\/schema\\\/person\\\/9ae05f95e2aa0144ea0768d6f65488be\",\"name\":\"Administrador\",\"image\":{\"@type\":\"ImageObject\",\"inLanguage\":\"es\",\"@id\":\"https:\\\/\\\/secure.gravatar.com\\\/avatar\\\/afbf021a33f39f3b1b0fcbf424cd00175e4543d4630d7a19e2a7c6defa5096c8?s=96&d=mm&r=g\",\"url\":\"https:\\\/\\\/secure.gravatar.com\\\/avatar\\\/afbf021a33f39f3b1b0fcbf424cd00175e4543d4630d7a19e2a7c6defa5096c8?s=96&d=mm&r=g\",\"contentUrl\":\"https:\\\/\\\/secure.gravatar.com\\\/avatar\\\/afbf021a33f39f3b1b0fcbf424cd00175e4543d4630d7a19e2a7c6defa5096c8?s=96&d=mm&r=g\",\"caption\":\"Administrador\"},\"sameAs\":[\"http:\\\/\\\/camaraenmano.org\"],\"url\":\"https:\\\/\\\/camaraenmano.org\\\/index.php\\\/author\\\/admin2786\\\/\"}]}<\/script>\n<!-- \/ Yoast SEO plugin. -->","yoast_head_json":{"title":"Un a\u00f1o de fotograf\u00eda con Jose B. Ruiz - Asociaci\u00f3n fotogr\u00e1fica C\u00e1mara en mano Las Rozas","robots":{"index":"index","follow":"follow","max-snippet":"max-snippet:-1","max-image-preview":"max-image-preview:large","max-video-preview":"max-video-preview:-1"},"canonical":"https:\/\/camaraenmano.org\/index.php\/2023\/03\/27\/un-ano-de-fotografia-con-jose-b-ruiz\/","og_locale":"es_ES","og_type":"article","og_title":"Un a\u00f1o de fotograf\u00eda con Jose B. Ruiz - Asociaci\u00f3n fotogr\u00e1fica C\u00e1mara en mano Las Rozas","og_description":"Hemos encontrado por internet esta interesante colecci\u00f3n de videos correspondientes a las clases que el fot\u00f3grafo Jos\u00e9 Benito Ruiz imparti\u00f3 durante todo un a\u00f1o tratando numerosos temas que como fot\u00f3grafos nos interesan mucho. Cuenta con un total de 41 videos de varias horas cada uno pero que no tenemos que ver todos de corrido, sino [&hellip;]","og_url":"https:\/\/camaraenmano.org\/index.php\/2023\/03\/27\/un-ano-de-fotografia-con-jose-b-ruiz\/","og_site_name":"Asociaci\u00f3n fotogr\u00e1fica C\u00e1mara en mano Las Rozas","article_publisher":"https:\/\/www.facebook.com\/AFCamaraenmano\/","article_published_time":"2023-03-26T22:28:59+00:00","og_image":[{"width":1920,"height":1080,"url":"https:\/\/camaraenmano.org\/wp-content\/uploads\/2023\/03\/Jose-Benito-Ruiz.jpg","type":"image\/jpeg"}],"author":"Administrador","twitter_card":"summary_large_image","twitter_misc":{"Escrito por":"Administrador","Tiempo de lectura":"1 minuto"},"schema":{"@context":"https:\/\/schema.org","@graph":[{"@type":"Article","@id":"https:\/\/camaraenmano.org\/index.php\/2023\/03\/27\/un-ano-de-fotografia-con-jose-b-ruiz\/#article","isPartOf":{"@id":"https:\/\/camaraenmano.org\/index.php\/2023\/03\/27\/un-ano-de-fotografia-con-jose-b-ruiz\/"},"author":{"name":"Administrador","@id":"https:\/\/camaraenmano.org\/#\/schema\/person\/9ae05f95e2aa0144ea0768d6f65488be"},"headline":"Un a\u00f1o de fotograf\u00eda con Jose B. Ruiz","datePublished":"2023-03-26T22:28:59+00:00","mainEntityOfPage":{"@id":"https:\/\/camaraenmano.org\/index.php\/2023\/03\/27\/un-ano-de-fotografia-con-jose-b-ruiz\/"},"wordCount":142,"commentCount":0,"publisher":{"@id":"https:\/\/camaraenmano.org\/#organization"},"image":{"@id":"https:\/\/camaraenmano.org\/index.php\/2023\/03\/27\/un-ano-de-fotografia-con-jose-b-ruiz\/#primaryimage"},"thumbnailUrl":"https:\/\/camaraenmano.org\/wp-content\/uploads\/2023\/03\/Jose-Benito-Ruiz.jpg","keywords":["curso fotografia","Jose Benito Ruiz"],"articleSection":["T\u00e9cnica fotogr\u00e1fica"],"inLanguage":"es","potentialAction":[{"@type":"CommentAction","name":"Comment","target":["https:\/\/camaraenmano.org\/index.php\/2023\/03\/27\/un-ano-de-fotografia-con-jose-b-ruiz\/#respond"]}]},{"@type":"WebPage","@id":"https:\/\/camaraenmano.org\/index.php\/2023\/03\/27\/un-ano-de-fotografia-con-jose-b-ruiz\/","url":"https:\/\/camaraenmano.org\/index.php\/2023\/03\/27\/un-ano-de-fotografia-con-jose-b-ruiz\/","name":"Un a\u00f1o de fotograf\u00eda con Jose B. Ruiz - Asociaci\u00f3n fotogr\u00e1fica C\u00e1mara en mano Las Rozas","isPartOf":{"@id":"https:\/\/camaraenmano.org\/#website"},"primaryImageOfPage":{"@id":"https:\/\/camaraenmano.org\/index.php\/2023\/03\/27\/un-ano-de-fotografia-con-jose-b-ruiz\/#primaryimage"},"image":{"@id":"https:\/\/camaraenmano.org\/index.php\/2023\/03\/27\/un-ano-de-fotografia-con-jose-b-ruiz\/#primaryimage"},"thumbnailUrl":"https:\/\/camaraenmano.org\/wp-content\/uploads\/2023\/03\/Jose-Benito-Ruiz.jpg","datePublished":"2023-03-26T22:28:59+00:00","breadcrumb":{"@id":"https:\/\/camaraenmano.org\/index.php\/2023\/03\/27\/un-ano-de-fotografia-con-jose-b-ruiz\/#breadcrumb"},"inLanguage":"es","potentialAction":[{"@type":"ReadAction","target":["https:\/\/camaraenmano.org\/index.php\/2023\/03\/27\/un-ano-de-fotografia-con-jose-b-ruiz\/"]}]},{"@type":"ImageObject","inLanguage":"es","@id":"https:\/\/camaraenmano.org\/index.php\/2023\/03\/27\/un-ano-de-fotografia-con-jose-b-ruiz\/#primaryimage","url":"https:\/\/camaraenmano.org\/wp-content\/uploads\/2023\/03\/Jose-Benito-Ruiz.jpg","contentUrl":"https:\/\/camaraenmano.org\/wp-content\/uploads\/2023\/03\/Jose-Benito-Ruiz.jpg","width":1920,"height":1080},{"@type":"BreadcrumbList","@id":"https:\/\/camaraenmano.org\/index.php\/2023\/03\/27\/un-ano-de-fotografia-con-jose-b-ruiz\/#breadcrumb","itemListElement":[{"@type":"ListItem","position":1,"name":"Portada","item":"https:\/\/camaraenmano.org\/"},{"@type":"ListItem","position":2,"name":"Un a\u00f1o de fotograf\u00eda con Jose B. Ruiz"}]},{"@type":"WebSite","@id":"https:\/\/camaraenmano.org\/#website","url":"https:\/\/camaraenmano.org\/","name":"Asociaci\u00f3n fotogr\u00e1fica C\u00e1mara en mano Las Rozas","description":"","publisher":{"@id":"https:\/\/camaraenmano.org\/#organization"},"potentialAction":[{"@type":"SearchAction","target":{"@type":"EntryPoint","urlTemplate":"https:\/\/camaraenmano.org\/?s={search_term_string}"},"query-input":{"@type":"PropertyValueSpecification","valueRequired":true,"valueName":"search_term_string"}}],"inLanguage":"es"},{"@type":"Organization","@id":"https:\/\/camaraenmano.org\/#organization","name":"C\u00e1mara en mano","url":"https:\/\/camaraenmano.org\/","logo":{"@type":"ImageObject","inLanguage":"es","@id":"https:\/\/camaraenmano.org\/#\/schema\/logo\/image\/","url":"https:\/\/camaraenmano.org\/wp-content\/uploads\/2023\/10\/cropped-Logo-Camara-en-Mano-2-1.png","contentUrl":"https:\/\/camaraenmano.org\/wp-content\/uploads\/2023\/10\/cropped-Logo-Camara-en-Mano-2-1.png","width":3174,"height":2093,"caption":"C\u00e1mara en mano"},"image":{"@id":"https:\/\/camaraenmano.org\/#\/schema\/logo\/image\/"},"sameAs":["https:\/\/www.facebook.com\/AFCamaraenmano\/","https:\/\/www.instagram.com\/afcamaraenmano\/"]},{"@type":"Person","@id":"https:\/\/camaraenmano.org\/#\/schema\/person\/9ae05f95e2aa0144ea0768d6f65488be","name":"Administrador","image":{"@type":"ImageObject","inLanguage":"es","@id":"https:\/\/secure.gravatar.com\/avatar\/afbf021a33f39f3b1b0fcbf424cd00175e4543d4630d7a19e2a7c6defa5096c8?s=96&d=mm&r=g","url":"https:\/\/secure.gravatar.com\/avatar\/afbf021a33f39f3b1b0fcbf424cd00175e4543d4630d7a19e2a7c6defa5096c8?s=96&d=mm&r=g","contentUrl":"https:\/\/secure.gravatar.com\/avatar\/afbf021a33f39f3b1b0fcbf424cd00175e4543d4630d7a19e2a7c6defa5096c8?s=96&d=mm&r=g","caption":"Administrador"},"sameAs":["http:\/\/camaraenmano.org"],"url":"https:\/\/camaraenmano.org\/index.php\/author\/admin2786\/"}]}},"_links":{"self":[{"href":"https:\/\/camaraenmano.org\/index.php\/wp-json\/wp\/v2\/posts\/2580","targetHints":{"allow":["GET"]}}],"collection":[{"href":"https:\/\/camaraenmano.org\/index.php\/wp-json\/wp\/v2\/posts"}],"about":[{"href":"https:\/\/camaraenmano.org\/index.php\/wp-json\/wp\/v2\/types\/post"}],"author":[{"embeddable":true,"href":"https:\/\/camaraenmano.org\/index.php\/wp-json\/wp\/v2\/users\/1"}],"replies":[{"embeddable":true,"href":"https:\/\/camaraenmano.org\/index.php\/wp-json\/wp\/v2\/comments?post=2580"}],"version-history":[{"count":1,"href":"https:\/\/camaraenmano.org\/index.php\/wp-json\/wp\/v2\/posts\/2580\/revisions"}],"predecessor-version":[{"id":2582,"href":"https:\/\/camaraenmano.org\/index.php\/wp-json\/wp\/v2\/posts\/2580\/revisions\/2582"}],"wp:featuredmedia":[{"embeddable":true,"href":"https:\/\/camaraenmano.org\/index.php\/wp-json\/wp\/v2\/media\/2581"}],"wp:attachment":[{"href":"https:\/\/camaraenmano.org\/index.php\/wp-json\/wp\/v2\/media?parent=2580"}],"wp:term":[{"taxonomy":"category","embeddable":true,"href":"https:\/\/camaraenmano.org\/index.php\/wp-json\/wp\/v2\/categories?post=2580"},{"taxonomy":"post_tag","embeddable":true,"href":"https:\/\/camaraenmano.org\/index.php\/wp-json\/wp\/v2\/tags?post=2580"}],"curies":[{"name":"wp","href":"https:\/\/api.w.org\/{rel}","templated":true}]}}