{"id":2616,"date":"2023-03-31T09:01:09","date_gmt":"2023-03-31T07:01:09","guid":{"rendered":"https:\/\/camaraenmano.org\/?p=2616"},"modified":"2023-03-31T09:01:09","modified_gmt":"2023-03-31T07:01:09","slug":"reto-de-abril-pictorialismo","status":"publish","type":"post","link":"https:\/\/camaraenmano.org\/index.php\/2023\/03\/31\/reto-de-abril-pictorialismo\/","title":{"rendered":"Reto de abril: Pictorialismo"},"content":{"rendered":"<p style=\"text-align: justify;\">El pictorialismo es un movimiento que surgi\u00f3 a finales de los a\u00f1os 1880. Los pictorialistas realizaban las fotograf\u00edas con un toque art\u00edstico. Para lograr efectos sin nitidez utilizaban t\u00e9cnicas como el desenfoque de diafragma (efecto flue). Las im\u00e1genes borrosas se\u00f1alan una gran influencia del Impresionismo. En el revelado usaban un papel especial y manipulaban la imagen con carbones y tintas.<\/p>\n<p style=\"text-align: justify;\">Los principales representantes de la est\u00e9tica pictorialista son Peter Henry Emerson, Henry Peach Robinson, Robert Demachy y Guido Rey. Margaret Cameron estaba en el epicentro pictorialista de la d\u00e9cada de 1860 y los pictorialistas la reconocen por su influencia.<\/p>\n<p style=\"text-align: justify;\">El fot\u00f3grafo pictorialista piensa que la realidad hay que interpretarla, pero lo hace con herramientas que rompen con la naturaleza de la fotograf\u00eda. Su esencia es dar a la fotograf\u00eda un enfoque m\u00e1s art\u00edstico, pues consideran a este movimiento, un arte en s\u00ed mismo, que responde a un planteamiento creativo, utilizando la t\u00e9cnica fotogr\u00e1fica para transmitir emociones, sentimientos, sensaciones. Ligado a este movimiento estar\u00eda el Surrealismo, digno de un reto independiente.<\/p>\n<p style=\"text-align: justify;\">Lo importante no es mostrar el mundo como es, sino como se imagina o se piensa que puede quedar m\u00e1s llamativo.<\/p>\n<figure id=\"attachment_2618\" aria-describedby=\"caption-attachment-2618\" style=\"width: 240px\" class=\"wp-caption alignleft\"><img loading=\"lazy\" decoding=\"async\" class=\"wp-image-2618 size-medium\" src=\"https:\/\/camaraenmano.org\/wp-content\/uploads\/2023\/03\/3-Julia-Margaret-Cameron-El-beso-de-la-paz-1869-240x300.jpg\" alt=\"\" width=\"240\" height=\"300\" srcset=\"https:\/\/camaraenmano.org\/wp-content\/uploads\/2023\/03\/3-Julia-Margaret-Cameron-El-beso-de-la-paz-1869-240x300.jpg 240w, https:\/\/camaraenmano.org\/wp-content\/uploads\/2023\/03\/3-Julia-Margaret-Cameron-El-beso-de-la-paz-1869.jpg 479w\" sizes=\"auto, (max-width: 240px) 100vw, 240px\" \/><figcaption id=\"caption-attachment-2618\" class=\"wp-caption-text\">Julia Margaret Cameron-El beso de la paz 1869<\/figcaption><\/figure>\n<figure id=\"attachment_2619\" aria-describedby=\"caption-attachment-2619\" style=\"width: 300px\" class=\"wp-caption alignright\"><img loading=\"lazy\" decoding=\"async\" class=\"wp-image-2619 size-medium\" src=\"https:\/\/camaraenmano.org\/wp-content\/uploads\/2023\/03\/Peter-Henry-Emerson-Setting-the-bownet-300x174.jpg\" alt=\"\" width=\"300\" height=\"174\" srcset=\"https:\/\/camaraenmano.org\/wp-content\/uploads\/2023\/03\/Peter-Henry-Emerson-Setting-the-bownet-300x174.jpg 300w, https:\/\/camaraenmano.org\/wp-content\/uploads\/2023\/03\/Peter-Henry-Emerson-Setting-the-bownet-1024x593.jpg 1024w, https:\/\/camaraenmano.org\/wp-content\/uploads\/2023\/03\/Peter-Henry-Emerson-Setting-the-bownet-768x445.jpg 768w, https:\/\/camaraenmano.org\/wp-content\/uploads\/2023\/03\/Peter-Henry-Emerson-Setting-the-bownet.jpg 1200w\" sizes=\"auto, (max-width: 300px) 100vw, 300px\" \/><figcaption id=\"caption-attachment-2619\" class=\"wp-caption-text\">Peter Henry Emerson &#8211; Setting the bownet<\/figcaption><\/figure>\n<figure id=\"attachment_2620\" aria-describedby=\"caption-attachment-2620\" style=\"width: 300px\" class=\"wp-caption alignright\"><img loading=\"lazy\" decoding=\"async\" class=\"size-medium wp-image-2620\" src=\"https:\/\/camaraenmano.org\/wp-content\/uploads\/2023\/03\/1903-1904-Joan-Vilatoba-1-300x198.jpg\" alt=\"\" width=\"300\" height=\"198\" srcset=\"https:\/\/camaraenmano.org\/wp-content\/uploads\/2023\/03\/1903-1904-Joan-Vilatoba-1-300x198.jpg 300w, https:\/\/camaraenmano.org\/wp-content\/uploads\/2023\/03\/1903-1904-Joan-Vilatoba-1.jpg 400w\" sizes=\"auto, (max-width: 300px) 100vw, 300px\" \/><figcaption id=\"caption-attachment-2620\" class=\"wp-caption-text\">1903-1904 Joan Vilatob\u00e0<\/figcaption><\/figure>\n<p>&nbsp;<\/p>\n<p>&nbsp;<\/p>\n<p>&nbsp;<\/p>\n<p>&nbsp;<\/p>\n<p>&nbsp;<\/p>\n<p>&nbsp;<\/p>\n<p>&nbsp;<\/p>\n<p>&nbsp;<\/p>\n<p>&nbsp;<\/p>\n<p>&nbsp;<\/p>\n<figure id=\"attachment_2621\" aria-describedby=\"caption-attachment-2621\" style=\"width: 216px\" class=\"wp-caption alignleft\"><img loading=\"lazy\" decoding=\"async\" class=\"size-medium wp-image-2621\" src=\"https:\/\/camaraenmano.org\/wp-content\/uploads\/2023\/03\/Dora-Maar-216x300.jpg\" alt=\"\" width=\"216\" height=\"300\" srcset=\"https:\/\/camaraenmano.org\/wp-content\/uploads\/2023\/03\/Dora-Maar-216x300.jpg 216w, https:\/\/camaraenmano.org\/wp-content\/uploads\/2023\/03\/Dora-Maar.jpg 666w\" sizes=\"auto, (max-width: 216px) 100vw, 216px\" \/><figcaption id=\"caption-attachment-2621\" class=\"wp-caption-text\">Dora Maar<\/figcaption><\/figure>\n<p>&nbsp;<\/p>\n<p>&nbsp;<\/p>\n<p>&nbsp;<\/p>\n<p>&nbsp;<\/p>\n<p>&nbsp;<\/p>\n<p>&nbsp;<\/p>\n<p>&nbsp;<\/p>\n<p>&nbsp;<\/p>\n<p>&nbsp;<\/p>\n<p>Algunos enlaces para inspirarte:<\/p>\n<p><a href=\"https:\/\/www.xatakafoto.com\/opinion\/eterno-retorno-fotografia-pictorialista\">https:\/\/www.xatakafoto.com\/opinion\/eterno-retorno-fotografia-pictorialista<\/a><\/p>\n<p><a href=\"https:\/\/unifotografia.com\/2019\/12\/28\/sabes-que-el-pictorialismo-en-la-fotografia\/\">https:\/\/unifotografia.com\/2019\/12\/28\/sabes-que-el-pictorialismo-en-la-fotografia\/<\/a><\/p>\n<p><a href=\"https:\/\/www.wikiart.org\/es\/artists-by-art-movement\/pictorialismo#!\">https:\/\/www.wikiart.org\/es\/artists-by-art-movement\/pictorialismo#!#resultType:masonry<\/a><\/p>\n<p><a href=\"https:\/\/www.famososfotografos.com\/2022\/03\/dora-maar.html\">https:\/\/www.famososfotografos.com\/2022\/03\/dora-maar.html<\/a><\/p>\n","protected":false},"excerpt":{"rendered":"<p>El pictorialismo es un movimiento que surgi\u00f3 a finales de los a\u00f1os 1880. Los pictorialistas realizaban las fotograf\u00edas con un toque art\u00edstico. Para lograr efectos sin nitidez utilizaban t\u00e9cnicas como el desenfoque de diafragma (efecto flue). Las im\u00e1genes borrosas se\u00f1alan una gran influencia del Impresionismo. En el revelado usaban un papel especial y manipulaban la [&hellip;]<\/p>\n","protected":false},"author":1,"featured_media":0,"comment_status":"open","ping_status":"open","sticky":false,"template":"","format":"standard","meta":{"footnotes":""},"categories":[5,168],"tags":[],"class_list":{"0":"post-2616","1":"post","2":"type-post","3":"status-publish","4":"format-standard","6":"category-actividades","7":"category-reto-mensual","8":"czr-hentry"},"yoast_head":"<!-- This site is optimized with the Yoast SEO plugin v27.5 - https:\/\/yoast.com\/product\/yoast-seo-wordpress\/ -->\n<title>Reto de abril: Pictorialismo - Asociaci\u00f3n fotogr\u00e1fica C\u00e1mara en mano Las Rozas<\/title>\n<meta name=\"robots\" content=\"index, follow, max-snippet:-1, max-image-preview:large, max-video-preview:-1\" \/>\n<link rel=\"canonical\" href=\"https:\/\/camaraenmano.org\/index.php\/2023\/03\/31\/reto-de-abril-pictorialismo\/\" \/>\n<meta property=\"og:locale\" content=\"es_ES\" \/>\n<meta property=\"og:type\" content=\"article\" \/>\n<meta property=\"og:title\" content=\"Reto de abril: Pictorialismo - Asociaci\u00f3n fotogr\u00e1fica C\u00e1mara en mano Las Rozas\" \/>\n<meta property=\"og:description\" content=\"El pictorialismo es un movimiento que surgi\u00f3 a finales de los a\u00f1os 1880. Los pictorialistas realizaban las fotograf\u00edas con un toque art\u00edstico. Para lograr efectos sin nitidez utilizaban t\u00e9cnicas como el desenfoque de diafragma (efecto flue). Las im\u00e1genes borrosas se\u00f1alan una gran influencia del Impresionismo. En el revelado usaban un papel especial y manipulaban la [&hellip;]\" \/>\n<meta property=\"og:url\" content=\"https:\/\/camaraenmano.org\/index.php\/2023\/03\/31\/reto-de-abril-pictorialismo\/\" \/>\n<meta property=\"og:site_name\" content=\"Asociaci\u00f3n fotogr\u00e1fica C\u00e1mara en mano Las Rozas\" \/>\n<meta property=\"article:publisher\" content=\"https:\/\/www.facebook.com\/AFCamaraenmano\/\" \/>\n<meta property=\"article:published_time\" content=\"2023-03-31T07:01:09+00:00\" \/>\n<meta property=\"og:image\" content=\"https:\/\/camaraenmano.org\/wp-content\/uploads\/2023\/03\/3-Julia-Margaret-Cameron-El-beso-de-la-paz-1869-240x300.jpg\" \/>\n<meta name=\"author\" content=\"Administrador\" \/>\n<meta name=\"twitter:card\" content=\"summary_large_image\" \/>\n<meta name=\"twitter:label1\" content=\"Escrito por\" \/>\n\t<meta name=\"twitter:data1\" content=\"Administrador\" \/>\n\t<meta name=\"twitter:label2\" content=\"Tiempo de lectura\" \/>\n\t<meta name=\"twitter:data2\" content=\"2 minutos\" \/>\n<script type=\"application\/ld+json\" class=\"yoast-schema-graph\">{\"@context\":\"https:\\\/\\\/schema.org\",\"@graph\":[{\"@type\":\"Article\",\"@id\":\"https:\\\/\\\/camaraenmano.org\\\/index.php\\\/2023\\\/03\\\/31\\\/reto-de-abril-pictorialismo\\\/#article\",\"isPartOf\":{\"@id\":\"https:\\\/\\\/camaraenmano.org\\\/index.php\\\/2023\\\/03\\\/31\\\/reto-de-abril-pictorialismo\\\/\"},\"author\":{\"name\":\"Administrador\",\"@id\":\"https:\\\/\\\/camaraenmano.org\\\/#\\\/schema\\\/person\\\/9ae05f95e2aa0144ea0768d6f65488be\"},\"headline\":\"Reto de abril: Pictorialismo\",\"datePublished\":\"2023-03-31T07:01:09+00:00\",\"mainEntityOfPage\":{\"@id\":\"https:\\\/\\\/camaraenmano.org\\\/index.php\\\/2023\\\/03\\\/31\\\/reto-de-abril-pictorialismo\\\/\"},\"wordCount\":305,\"commentCount\":0,\"publisher\":{\"@id\":\"https:\\\/\\\/camaraenmano.org\\\/#organization\"},\"image\":{\"@id\":\"https:\\\/\\\/camaraenmano.org\\\/index.php\\\/2023\\\/03\\\/31\\\/reto-de-abril-pictorialismo\\\/#primaryimage\"},\"thumbnailUrl\":\"https:\\\/\\\/camaraenmano.org\\\/wp-content\\\/uploads\\\/2023\\\/03\\\/3-Julia-Margaret-Cameron-El-beso-de-la-paz-1869-240x300.jpg\",\"articleSection\":[\"Actividades\",\"Reto mensual\"],\"inLanguage\":\"es\",\"potentialAction\":[{\"@type\":\"CommentAction\",\"name\":\"Comment\",\"target\":[\"https:\\\/\\\/camaraenmano.org\\\/index.php\\\/2023\\\/03\\\/31\\\/reto-de-abril-pictorialismo\\\/#respond\"]}]},{\"@type\":\"WebPage\",\"@id\":\"https:\\\/\\\/camaraenmano.org\\\/index.php\\\/2023\\\/03\\\/31\\\/reto-de-abril-pictorialismo\\\/\",\"url\":\"https:\\\/\\\/camaraenmano.org\\\/index.php\\\/2023\\\/03\\\/31\\\/reto-de-abril-pictorialismo\\\/\",\"name\":\"Reto de abril: Pictorialismo - Asociaci\u00f3n fotogr\u00e1fica C\u00e1mara en mano Las Rozas\",\"isPartOf\":{\"@id\":\"https:\\\/\\\/camaraenmano.org\\\/#website\"},\"primaryImageOfPage\":{\"@id\":\"https:\\\/\\\/camaraenmano.org\\\/index.php\\\/2023\\\/03\\\/31\\\/reto-de-abril-pictorialismo\\\/#primaryimage\"},\"image\":{\"@id\":\"https:\\\/\\\/camaraenmano.org\\\/index.php\\\/2023\\\/03\\\/31\\\/reto-de-abril-pictorialismo\\\/#primaryimage\"},\"thumbnailUrl\":\"https:\\\/\\\/camaraenmano.org\\\/wp-content\\\/uploads\\\/2023\\\/03\\\/3-Julia-Margaret-Cameron-El-beso-de-la-paz-1869-240x300.jpg\",\"datePublished\":\"2023-03-31T07:01:09+00:00\",\"breadcrumb\":{\"@id\":\"https:\\\/\\\/camaraenmano.org\\\/index.php\\\/2023\\\/03\\\/31\\\/reto-de-abril-pictorialismo\\\/#breadcrumb\"},\"inLanguage\":\"es\",\"potentialAction\":[{\"@type\":\"ReadAction\",\"target\":[\"https:\\\/\\\/camaraenmano.org\\\/index.php\\\/2023\\\/03\\\/31\\\/reto-de-abril-pictorialismo\\\/\"]}]},{\"@type\":\"ImageObject\",\"inLanguage\":\"es\",\"@id\":\"https:\\\/\\\/camaraenmano.org\\\/index.php\\\/2023\\\/03\\\/31\\\/reto-de-abril-pictorialismo\\\/#primaryimage\",\"url\":\"https:\\\/\\\/camaraenmano.org\\\/wp-content\\\/uploads\\\/2023\\\/03\\\/3-Julia-Margaret-Cameron-El-beso-de-la-paz-1869.jpg\",\"contentUrl\":\"https:\\\/\\\/camaraenmano.org\\\/wp-content\\\/uploads\\\/2023\\\/03\\\/3-Julia-Margaret-Cameron-El-beso-de-la-paz-1869.jpg\",\"width\":479,\"height\":599},{\"@type\":\"BreadcrumbList\",\"@id\":\"https:\\\/\\\/camaraenmano.org\\\/index.php\\\/2023\\\/03\\\/31\\\/reto-de-abril-pictorialismo\\\/#breadcrumb\",\"itemListElement\":[{\"@type\":\"ListItem\",\"position\":1,\"name\":\"Portada\",\"item\":\"https:\\\/\\\/camaraenmano.org\\\/\"},{\"@type\":\"ListItem\",\"position\":2,\"name\":\"Reto de abril: Pictorialismo\"}]},{\"@type\":\"WebSite\",\"@id\":\"https:\\\/\\\/camaraenmano.org\\\/#website\",\"url\":\"https:\\\/\\\/camaraenmano.org\\\/\",\"name\":\"Asociaci\u00f3n fotogr\u00e1fica C\u00e1mara en mano Las Rozas\",\"description\":\"\",\"publisher\":{\"@id\":\"https:\\\/\\\/camaraenmano.org\\\/#organization\"},\"potentialAction\":[{\"@type\":\"SearchAction\",\"target\":{\"@type\":\"EntryPoint\",\"urlTemplate\":\"https:\\\/\\\/camaraenmano.org\\\/?s={search_term_string}\"},\"query-input\":{\"@type\":\"PropertyValueSpecification\",\"valueRequired\":true,\"valueName\":\"search_term_string\"}}],\"inLanguage\":\"es\"},{\"@type\":\"Organization\",\"@id\":\"https:\\\/\\\/camaraenmano.org\\\/#organization\",\"name\":\"C\u00e1mara en mano\",\"url\":\"https:\\\/\\\/camaraenmano.org\\\/\",\"logo\":{\"@type\":\"ImageObject\",\"inLanguage\":\"es\",\"@id\":\"https:\\\/\\\/camaraenmano.org\\\/#\\\/schema\\\/logo\\\/image\\\/\",\"url\":\"https:\\\/\\\/camaraenmano.org\\\/wp-content\\\/uploads\\\/2023\\\/10\\\/cropped-Logo-Camara-en-Mano-2-1.png\",\"contentUrl\":\"https:\\\/\\\/camaraenmano.org\\\/wp-content\\\/uploads\\\/2023\\\/10\\\/cropped-Logo-Camara-en-Mano-2-1.png\",\"width\":3174,\"height\":2093,\"caption\":\"C\u00e1mara en mano\"},\"image\":{\"@id\":\"https:\\\/\\\/camaraenmano.org\\\/#\\\/schema\\\/logo\\\/image\\\/\"},\"sameAs\":[\"https:\\\/\\\/www.facebook.com\\\/AFCamaraenmano\\\/\",\"https:\\\/\\\/www.instagram.com\\\/afcamaraenmano\\\/\"]},{\"@type\":\"Person\",\"@id\":\"https:\\\/\\\/camaraenmano.org\\\/#\\\/schema\\\/person\\\/9ae05f95e2aa0144ea0768d6f65488be\",\"name\":\"Administrador\",\"image\":{\"@type\":\"ImageObject\",\"inLanguage\":\"es\",\"@id\":\"https:\\\/\\\/secure.gravatar.com\\\/avatar\\\/afbf021a33f39f3b1b0fcbf424cd00175e4543d4630d7a19e2a7c6defa5096c8?s=96&d=mm&r=g\",\"url\":\"https:\\\/\\\/secure.gravatar.com\\\/avatar\\\/afbf021a33f39f3b1b0fcbf424cd00175e4543d4630d7a19e2a7c6defa5096c8?s=96&d=mm&r=g\",\"contentUrl\":\"https:\\\/\\\/secure.gravatar.com\\\/avatar\\\/afbf021a33f39f3b1b0fcbf424cd00175e4543d4630d7a19e2a7c6defa5096c8?s=96&d=mm&r=g\",\"caption\":\"Administrador\"},\"sameAs\":[\"http:\\\/\\\/camaraenmano.org\"],\"url\":\"https:\\\/\\\/camaraenmano.org\\\/index.php\\\/author\\\/admin2786\\\/\"}]}<\/script>\n<!-- \/ Yoast SEO plugin. -->","yoast_head_json":{"title":"Reto de abril: Pictorialismo - Asociaci\u00f3n fotogr\u00e1fica C\u00e1mara en mano Las Rozas","robots":{"index":"index","follow":"follow","max-snippet":"max-snippet:-1","max-image-preview":"max-image-preview:large","max-video-preview":"max-video-preview:-1"},"canonical":"https:\/\/camaraenmano.org\/index.php\/2023\/03\/31\/reto-de-abril-pictorialismo\/","og_locale":"es_ES","og_type":"article","og_title":"Reto de abril: Pictorialismo - Asociaci\u00f3n fotogr\u00e1fica C\u00e1mara en mano Las Rozas","og_description":"El pictorialismo es un movimiento que surgi\u00f3 a finales de los a\u00f1os 1880. Los pictorialistas realizaban las fotograf\u00edas con un toque art\u00edstico. Para lograr efectos sin nitidez utilizaban t\u00e9cnicas como el desenfoque de diafragma (efecto flue). Las im\u00e1genes borrosas se\u00f1alan una gran influencia del Impresionismo. En el revelado usaban un papel especial y manipulaban la [&hellip;]","og_url":"https:\/\/camaraenmano.org\/index.php\/2023\/03\/31\/reto-de-abril-pictorialismo\/","og_site_name":"Asociaci\u00f3n fotogr\u00e1fica C\u00e1mara en mano Las Rozas","article_publisher":"https:\/\/www.facebook.com\/AFCamaraenmano\/","article_published_time":"2023-03-31T07:01:09+00:00","og_image":[{"url":"https:\/\/camaraenmano.org\/wp-content\/uploads\/2023\/03\/3-Julia-Margaret-Cameron-El-beso-de-la-paz-1869-240x300.jpg","type":"","width":"","height":""}],"author":"Administrador","twitter_card":"summary_large_image","twitter_misc":{"Escrito por":"Administrador","Tiempo de lectura":"2 minutos"},"schema":{"@context":"https:\/\/schema.org","@graph":[{"@type":"Article","@id":"https:\/\/camaraenmano.org\/index.php\/2023\/03\/31\/reto-de-abril-pictorialismo\/#article","isPartOf":{"@id":"https:\/\/camaraenmano.org\/index.php\/2023\/03\/31\/reto-de-abril-pictorialismo\/"},"author":{"name":"Administrador","@id":"https:\/\/camaraenmano.org\/#\/schema\/person\/9ae05f95e2aa0144ea0768d6f65488be"},"headline":"Reto de abril: Pictorialismo","datePublished":"2023-03-31T07:01:09+00:00","mainEntityOfPage":{"@id":"https:\/\/camaraenmano.org\/index.php\/2023\/03\/31\/reto-de-abril-pictorialismo\/"},"wordCount":305,"commentCount":0,"publisher":{"@id":"https:\/\/camaraenmano.org\/#organization"},"image":{"@id":"https:\/\/camaraenmano.org\/index.php\/2023\/03\/31\/reto-de-abril-pictorialismo\/#primaryimage"},"thumbnailUrl":"https:\/\/camaraenmano.org\/wp-content\/uploads\/2023\/03\/3-Julia-Margaret-Cameron-El-beso-de-la-paz-1869-240x300.jpg","articleSection":["Actividades","Reto mensual"],"inLanguage":"es","potentialAction":[{"@type":"CommentAction","name":"Comment","target":["https:\/\/camaraenmano.org\/index.php\/2023\/03\/31\/reto-de-abril-pictorialismo\/#respond"]}]},{"@type":"WebPage","@id":"https:\/\/camaraenmano.org\/index.php\/2023\/03\/31\/reto-de-abril-pictorialismo\/","url":"https:\/\/camaraenmano.org\/index.php\/2023\/03\/31\/reto-de-abril-pictorialismo\/","name":"Reto de abril: Pictorialismo - Asociaci\u00f3n fotogr\u00e1fica C\u00e1mara en mano Las Rozas","isPartOf":{"@id":"https:\/\/camaraenmano.org\/#website"},"primaryImageOfPage":{"@id":"https:\/\/camaraenmano.org\/index.php\/2023\/03\/31\/reto-de-abril-pictorialismo\/#primaryimage"},"image":{"@id":"https:\/\/camaraenmano.org\/index.php\/2023\/03\/31\/reto-de-abril-pictorialismo\/#primaryimage"},"thumbnailUrl":"https:\/\/camaraenmano.org\/wp-content\/uploads\/2023\/03\/3-Julia-Margaret-Cameron-El-beso-de-la-paz-1869-240x300.jpg","datePublished":"2023-03-31T07:01:09+00:00","breadcrumb":{"@id":"https:\/\/camaraenmano.org\/index.php\/2023\/03\/31\/reto-de-abril-pictorialismo\/#breadcrumb"},"inLanguage":"es","potentialAction":[{"@type":"ReadAction","target":["https:\/\/camaraenmano.org\/index.php\/2023\/03\/31\/reto-de-abril-pictorialismo\/"]}]},{"@type":"ImageObject","inLanguage":"es","@id":"https:\/\/camaraenmano.org\/index.php\/2023\/03\/31\/reto-de-abril-pictorialismo\/#primaryimage","url":"https:\/\/camaraenmano.org\/wp-content\/uploads\/2023\/03\/3-Julia-Margaret-Cameron-El-beso-de-la-paz-1869.jpg","contentUrl":"https:\/\/camaraenmano.org\/wp-content\/uploads\/2023\/03\/3-Julia-Margaret-Cameron-El-beso-de-la-paz-1869.jpg","width":479,"height":599},{"@type":"BreadcrumbList","@id":"https:\/\/camaraenmano.org\/index.php\/2023\/03\/31\/reto-de-abril-pictorialismo\/#breadcrumb","itemListElement":[{"@type":"ListItem","position":1,"name":"Portada","item":"https:\/\/camaraenmano.org\/"},{"@type":"ListItem","position":2,"name":"Reto de abril: Pictorialismo"}]},{"@type":"WebSite","@id":"https:\/\/camaraenmano.org\/#website","url":"https:\/\/camaraenmano.org\/","name":"Asociaci\u00f3n fotogr\u00e1fica C\u00e1mara en mano Las Rozas","description":"","publisher":{"@id":"https:\/\/camaraenmano.org\/#organization"},"potentialAction":[{"@type":"SearchAction","target":{"@type":"EntryPoint","urlTemplate":"https:\/\/camaraenmano.org\/?s={search_term_string}"},"query-input":{"@type":"PropertyValueSpecification","valueRequired":true,"valueName":"search_term_string"}}],"inLanguage":"es"},{"@type":"Organization","@id":"https:\/\/camaraenmano.org\/#organization","name":"C\u00e1mara en mano","url":"https:\/\/camaraenmano.org\/","logo":{"@type":"ImageObject","inLanguage":"es","@id":"https:\/\/camaraenmano.org\/#\/schema\/logo\/image\/","url":"https:\/\/camaraenmano.org\/wp-content\/uploads\/2023\/10\/cropped-Logo-Camara-en-Mano-2-1.png","contentUrl":"https:\/\/camaraenmano.org\/wp-content\/uploads\/2023\/10\/cropped-Logo-Camara-en-Mano-2-1.png","width":3174,"height":2093,"caption":"C\u00e1mara en mano"},"image":{"@id":"https:\/\/camaraenmano.org\/#\/schema\/logo\/image\/"},"sameAs":["https:\/\/www.facebook.com\/AFCamaraenmano\/","https:\/\/www.instagram.com\/afcamaraenmano\/"]},{"@type":"Person","@id":"https:\/\/camaraenmano.org\/#\/schema\/person\/9ae05f95e2aa0144ea0768d6f65488be","name":"Administrador","image":{"@type":"ImageObject","inLanguage":"es","@id":"https:\/\/secure.gravatar.com\/avatar\/afbf021a33f39f3b1b0fcbf424cd00175e4543d4630d7a19e2a7c6defa5096c8?s=96&d=mm&r=g","url":"https:\/\/secure.gravatar.com\/avatar\/afbf021a33f39f3b1b0fcbf424cd00175e4543d4630d7a19e2a7c6defa5096c8?s=96&d=mm&r=g","contentUrl":"https:\/\/secure.gravatar.com\/avatar\/afbf021a33f39f3b1b0fcbf424cd00175e4543d4630d7a19e2a7c6defa5096c8?s=96&d=mm&r=g","caption":"Administrador"},"sameAs":["http:\/\/camaraenmano.org"],"url":"https:\/\/camaraenmano.org\/index.php\/author\/admin2786\/"}]}},"_links":{"self":[{"href":"https:\/\/camaraenmano.org\/index.php\/wp-json\/wp\/v2\/posts\/2616","targetHints":{"allow":["GET"]}}],"collection":[{"href":"https:\/\/camaraenmano.org\/index.php\/wp-json\/wp\/v2\/posts"}],"about":[{"href":"https:\/\/camaraenmano.org\/index.php\/wp-json\/wp\/v2\/types\/post"}],"author":[{"embeddable":true,"href":"https:\/\/camaraenmano.org\/index.php\/wp-json\/wp\/v2\/users\/1"}],"replies":[{"embeddable":true,"href":"https:\/\/camaraenmano.org\/index.php\/wp-json\/wp\/v2\/comments?post=2616"}],"version-history":[{"count":2,"href":"https:\/\/camaraenmano.org\/index.php\/wp-json\/wp\/v2\/posts\/2616\/revisions"}],"predecessor-version":[{"id":2622,"href":"https:\/\/camaraenmano.org\/index.php\/wp-json\/wp\/v2\/posts\/2616\/revisions\/2622"}],"wp:attachment":[{"href":"https:\/\/camaraenmano.org\/index.php\/wp-json\/wp\/v2\/media?parent=2616"}],"wp:term":[{"taxonomy":"category","embeddable":true,"href":"https:\/\/camaraenmano.org\/index.php\/wp-json\/wp\/v2\/categories?post=2616"},{"taxonomy":"post_tag","embeddable":true,"href":"https:\/\/camaraenmano.org\/index.php\/wp-json\/wp\/v2\/tags?post=2616"}],"curies":[{"name":"wp","href":"https:\/\/api.w.org\/{rel}","templated":true}]}}