{"id":2636,"date":"2023-04-18T10:40:40","date_gmt":"2023-04-18T08:40:40","guid":{"rendered":"https:\/\/camaraenmano.org\/?p=2636"},"modified":"2023-04-18T21:12:00","modified_gmt":"2023-04-18T19:12:00","slug":"la-fotografia-como-practica-artisticas-con-carlos-delgado","status":"publish","type":"post","link":"https:\/\/camaraenmano.org\/index.php\/2023\/04\/18\/la-fotografia-como-practica-artisticas-con-carlos-delgado\/","title":{"rendered":"APLAZADA: La fotograf\u00eda como pr\u00e1ctica art\u00edstica. Con Carlos Delgado"},"content":{"rendered":"<p><strong><span style=\"color: #ff0000;\">Debido\u00a0a un inconveniente surgido al orador, tenemos que aplazar esta interesante conferencia. Te informaremos de la nueva convocatoria.<\/span><\/strong><\/p>\n<p>&nbsp;<\/p>\n<p>&nbsp;<\/p>\n<p><span class=\"x7l2uk3 xt0e3qv\">Tenemos el enorme placer de contar con Carlos Delgado, cr\u00edtico de arte, como ponente el pr\u00f3ximo 20 de abril para hablar del Arte de la Fotograf\u00eda. En esta charla Carlos Delgado abordar\u00e1 este complejo trayecto, as\u00ed como sus hitos culturales y de mercado.<br \/>\n<\/span><\/p>\n<p><span class=\"x7l2uk3 xt0e3qv\">\u00bfNos acompa\u00f1as?<\/span><\/p>\n<p><a href=\"https:\/\/www.instagram.com\/carlosdelgadomayor\/\">@carlosdelgadomayor<\/a><span> <\/span><\/p>\n<p><img loading=\"lazy\" decoding=\"async\" class=\"alignnone wp-image-2637 size-full\" src=\"https:\/\/camaraenmano.org\/wp-content\/uploads\/2023\/04\/WhatsApp-Image-2023-04-11-at-10.23.29.jpeg\" alt=\"\" width=\"816\" height=\"1020\" srcset=\"https:\/\/camaraenmano.org\/wp-content\/uploads\/2023\/04\/WhatsApp-Image-2023-04-11-at-10.23.29.jpeg 816w, https:\/\/camaraenmano.org\/wp-content\/uploads\/2023\/04\/WhatsApp-Image-2023-04-11-at-10.23.29-240x300.jpeg 240w, https:\/\/camaraenmano.org\/wp-content\/uploads\/2023\/04\/WhatsApp-Image-2023-04-11-at-10.23.29-768x960.jpeg 768w\" sizes=\"auto, (max-width: 816px) 100vw, 816px\" \/><\/p>\n","protected":false},"excerpt":{"rendered":"<p>Debido\u00a0a un inconveniente surgido al orador, tenemos que aplazar esta interesante conferencia. Te informaremos de la nueva convocatoria. &nbsp; &nbsp; Tenemos el enorme placer de contar con Carlos Delgado, cr\u00edtico de arte, como ponente el pr\u00f3ximo 20 de abril para hablar del Arte de la Fotograf\u00eda. En esta charla Carlos Delgado abordar\u00e1 este complejo trayecto, [&hellip;]<\/p>\n","protected":false},"author":1,"featured_media":2740,"comment_status":"open","ping_status":"open","sticky":false,"template":"","format":"standard","meta":{"footnotes":""},"categories":[5],"tags":[243,242],"class_list":{"0":"post-2636","1":"post","2":"type-post","3":"status-publish","4":"format-standard","5":"has-post-thumbnail","7":"category-actividades","8":"tag-arte-y-fotografia","9":"tag-carlos-delgado","10":"czr-hentry"},"yoast_head":"<!-- This site is optimized with the Yoast SEO plugin v27.5 - https:\/\/yoast.com\/product\/yoast-seo-wordpress\/ -->\n<title>APLAZADA: La fotograf\u00eda como pr\u00e1ctica art\u00edstica. Con Carlos Delgado - Asociaci\u00f3n fotogr\u00e1fica C\u00e1mara en mano Las Rozas<\/title>\n<meta name=\"robots\" content=\"index, follow, max-snippet:-1, max-image-preview:large, max-video-preview:-1\" \/>\n<link rel=\"canonical\" href=\"https:\/\/camaraenmano.org\/index.php\/2023\/04\/18\/la-fotografia-como-practica-artisticas-con-carlos-delgado\/\" \/>\n<meta property=\"og:locale\" content=\"es_ES\" \/>\n<meta property=\"og:type\" content=\"article\" \/>\n<meta property=\"og:title\" content=\"APLAZADA: La fotograf\u00eda como pr\u00e1ctica art\u00edstica. Con Carlos Delgado - Asociaci\u00f3n fotogr\u00e1fica C\u00e1mara en mano Las Rozas\" \/>\n<meta property=\"og:description\" content=\"Debido\u00a0a un inconveniente surgido al orador, tenemos que aplazar esta interesante conferencia. Te informaremos de la nueva convocatoria. &nbsp; &nbsp; Tenemos el enorme placer de contar con Carlos Delgado, cr\u00edtico de arte, como ponente el pr\u00f3ximo 20 de abril para hablar del Arte de la Fotograf\u00eda. En esta charla Carlos Delgado abordar\u00e1 este complejo trayecto, [&hellip;]\" \/>\n<meta property=\"og:url\" content=\"https:\/\/camaraenmano.org\/index.php\/2023\/04\/18\/la-fotografia-como-practica-artisticas-con-carlos-delgado\/\" \/>\n<meta property=\"og:site_name\" content=\"Asociaci\u00f3n fotogr\u00e1fica C\u00e1mara en mano Las Rozas\" \/>\n<meta property=\"article:publisher\" content=\"https:\/\/www.facebook.com\/AFCamaraenmano\/\" \/>\n<meta property=\"article:published_time\" content=\"2023-04-18T08:40:40+00:00\" \/>\n<meta property=\"article:modified_time\" content=\"2023-04-18T19:12:00+00:00\" \/>\n<meta property=\"og:image\" content=\"https:\/\/camaraenmano.org\/wp-content\/uploads\/2023\/04\/Aplazamiento-Conferencia-Carlos-Delgado2.jpg\" \/>\n\t<meta property=\"og:image:width\" content=\"816\" \/>\n\t<meta property=\"og:image:height\" content=\"1020\" \/>\n\t<meta property=\"og:image:type\" content=\"image\/jpeg\" \/>\n<meta name=\"author\" content=\"Administrador\" \/>\n<meta name=\"twitter:card\" content=\"summary_large_image\" \/>\n<meta name=\"twitter:label1\" content=\"Escrito por\" \/>\n\t<meta name=\"twitter:data1\" content=\"Administrador\" \/>\n\t<meta name=\"twitter:label2\" content=\"Tiempo de lectura\" \/>\n\t<meta name=\"twitter:data2\" content=\"1 minuto\" \/>\n<script type=\"application\/ld+json\" class=\"yoast-schema-graph\">{\"@context\":\"https:\\\/\\\/schema.org\",\"@graph\":[{\"@type\":\"Article\",\"@id\":\"https:\\\/\\\/camaraenmano.org\\\/index.php\\\/2023\\\/04\\\/18\\\/la-fotografia-como-practica-artisticas-con-carlos-delgado\\\/#article\",\"isPartOf\":{\"@id\":\"https:\\\/\\\/camaraenmano.org\\\/index.php\\\/2023\\\/04\\\/18\\\/la-fotografia-como-practica-artisticas-con-carlos-delgado\\\/\"},\"author\":{\"name\":\"Administrador\",\"@id\":\"https:\\\/\\\/camaraenmano.org\\\/#\\\/schema\\\/person\\\/9ae05f95e2aa0144ea0768d6f65488be\"},\"headline\":\"APLAZADA: La fotograf\u00eda como pr\u00e1ctica art\u00edstica. Con Carlos Delgado\",\"datePublished\":\"2023-04-18T08:40:40+00:00\",\"dateModified\":\"2023-04-18T19:12:00+00:00\",\"mainEntityOfPage\":{\"@id\":\"https:\\\/\\\/camaraenmano.org\\\/index.php\\\/2023\\\/04\\\/18\\\/la-fotografia-como-practica-artisticas-con-carlos-delgado\\\/\"},\"wordCount\":82,\"commentCount\":0,\"publisher\":{\"@id\":\"https:\\\/\\\/camaraenmano.org\\\/#organization\"},\"image\":{\"@id\":\"https:\\\/\\\/camaraenmano.org\\\/index.php\\\/2023\\\/04\\\/18\\\/la-fotografia-como-practica-artisticas-con-carlos-delgado\\\/#primaryimage\"},\"thumbnailUrl\":\"https:\\\/\\\/camaraenmano.org\\\/wp-content\\\/uploads\\\/2023\\\/04\\\/Aplazamiento-Conferencia-Carlos-Delgado2.jpg\",\"keywords\":[\"arte y fotografia\",\"carlos delgado\"],\"articleSection\":[\"Actividades\"],\"inLanguage\":\"es\",\"potentialAction\":[{\"@type\":\"CommentAction\",\"name\":\"Comment\",\"target\":[\"https:\\\/\\\/camaraenmano.org\\\/index.php\\\/2023\\\/04\\\/18\\\/la-fotografia-como-practica-artisticas-con-carlos-delgado\\\/#respond\"]}]},{\"@type\":\"WebPage\",\"@id\":\"https:\\\/\\\/camaraenmano.org\\\/index.php\\\/2023\\\/04\\\/18\\\/la-fotografia-como-practica-artisticas-con-carlos-delgado\\\/\",\"url\":\"https:\\\/\\\/camaraenmano.org\\\/index.php\\\/2023\\\/04\\\/18\\\/la-fotografia-como-practica-artisticas-con-carlos-delgado\\\/\",\"name\":\"APLAZADA: La fotograf\u00eda como pr\u00e1ctica art\u00edstica. Con Carlos Delgado - Asociaci\u00f3n fotogr\u00e1fica C\u00e1mara en mano Las Rozas\",\"isPartOf\":{\"@id\":\"https:\\\/\\\/camaraenmano.org\\\/#website\"},\"primaryImageOfPage\":{\"@id\":\"https:\\\/\\\/camaraenmano.org\\\/index.php\\\/2023\\\/04\\\/18\\\/la-fotografia-como-practica-artisticas-con-carlos-delgado\\\/#primaryimage\"},\"image\":{\"@id\":\"https:\\\/\\\/camaraenmano.org\\\/index.php\\\/2023\\\/04\\\/18\\\/la-fotografia-como-practica-artisticas-con-carlos-delgado\\\/#primaryimage\"},\"thumbnailUrl\":\"https:\\\/\\\/camaraenmano.org\\\/wp-content\\\/uploads\\\/2023\\\/04\\\/Aplazamiento-Conferencia-Carlos-Delgado2.jpg\",\"datePublished\":\"2023-04-18T08:40:40+00:00\",\"dateModified\":\"2023-04-18T19:12:00+00:00\",\"breadcrumb\":{\"@id\":\"https:\\\/\\\/camaraenmano.org\\\/index.php\\\/2023\\\/04\\\/18\\\/la-fotografia-como-practica-artisticas-con-carlos-delgado\\\/#breadcrumb\"},\"inLanguage\":\"es\",\"potentialAction\":[{\"@type\":\"ReadAction\",\"target\":[\"https:\\\/\\\/camaraenmano.org\\\/index.php\\\/2023\\\/04\\\/18\\\/la-fotografia-como-practica-artisticas-con-carlos-delgado\\\/\"]}]},{\"@type\":\"ImageObject\",\"inLanguage\":\"es\",\"@id\":\"https:\\\/\\\/camaraenmano.org\\\/index.php\\\/2023\\\/04\\\/18\\\/la-fotografia-como-practica-artisticas-con-carlos-delgado\\\/#primaryimage\",\"url\":\"https:\\\/\\\/camaraenmano.org\\\/wp-content\\\/uploads\\\/2023\\\/04\\\/Aplazamiento-Conferencia-Carlos-Delgado2.jpg\",\"contentUrl\":\"https:\\\/\\\/camaraenmano.org\\\/wp-content\\\/uploads\\\/2023\\\/04\\\/Aplazamiento-Conferencia-Carlos-Delgado2.jpg\",\"width\":816,\"height\":1020},{\"@type\":\"BreadcrumbList\",\"@id\":\"https:\\\/\\\/camaraenmano.org\\\/index.php\\\/2023\\\/04\\\/18\\\/la-fotografia-como-practica-artisticas-con-carlos-delgado\\\/#breadcrumb\",\"itemListElement\":[{\"@type\":\"ListItem\",\"position\":1,\"name\":\"Portada\",\"item\":\"https:\\\/\\\/camaraenmano.org\\\/\"},{\"@type\":\"ListItem\",\"position\":2,\"name\":\"APLAZADA: La fotograf\u00eda como pr\u00e1ctica art\u00edstica. Con Carlos Delgado\"}]},{\"@type\":\"WebSite\",\"@id\":\"https:\\\/\\\/camaraenmano.org\\\/#website\",\"url\":\"https:\\\/\\\/camaraenmano.org\\\/\",\"name\":\"Asociaci\u00f3n fotogr\u00e1fica C\u00e1mara en mano Las Rozas\",\"description\":\"\",\"publisher\":{\"@id\":\"https:\\\/\\\/camaraenmano.org\\\/#organization\"},\"potentialAction\":[{\"@type\":\"SearchAction\",\"target\":{\"@type\":\"EntryPoint\",\"urlTemplate\":\"https:\\\/\\\/camaraenmano.org\\\/?s={search_term_string}\"},\"query-input\":{\"@type\":\"PropertyValueSpecification\",\"valueRequired\":true,\"valueName\":\"search_term_string\"}}],\"inLanguage\":\"es\"},{\"@type\":\"Organization\",\"@id\":\"https:\\\/\\\/camaraenmano.org\\\/#organization\",\"name\":\"C\u00e1mara en mano\",\"url\":\"https:\\\/\\\/camaraenmano.org\\\/\",\"logo\":{\"@type\":\"ImageObject\",\"inLanguage\":\"es\",\"@id\":\"https:\\\/\\\/camaraenmano.org\\\/#\\\/schema\\\/logo\\\/image\\\/\",\"url\":\"https:\\\/\\\/camaraenmano.org\\\/wp-content\\\/uploads\\\/2023\\\/10\\\/cropped-Logo-Camara-en-Mano-2-1.png\",\"contentUrl\":\"https:\\\/\\\/camaraenmano.org\\\/wp-content\\\/uploads\\\/2023\\\/10\\\/cropped-Logo-Camara-en-Mano-2-1.png\",\"width\":3174,\"height\":2093,\"caption\":\"C\u00e1mara en mano\"},\"image\":{\"@id\":\"https:\\\/\\\/camaraenmano.org\\\/#\\\/schema\\\/logo\\\/image\\\/\"},\"sameAs\":[\"https:\\\/\\\/www.facebook.com\\\/AFCamaraenmano\\\/\",\"https:\\\/\\\/www.instagram.com\\\/afcamaraenmano\\\/\"]},{\"@type\":\"Person\",\"@id\":\"https:\\\/\\\/camaraenmano.org\\\/#\\\/schema\\\/person\\\/9ae05f95e2aa0144ea0768d6f65488be\",\"name\":\"Administrador\",\"image\":{\"@type\":\"ImageObject\",\"inLanguage\":\"es\",\"@id\":\"https:\\\/\\\/secure.gravatar.com\\\/avatar\\\/afbf021a33f39f3b1b0fcbf424cd00175e4543d4630d7a19e2a7c6defa5096c8?s=96&d=mm&r=g\",\"url\":\"https:\\\/\\\/secure.gravatar.com\\\/avatar\\\/afbf021a33f39f3b1b0fcbf424cd00175e4543d4630d7a19e2a7c6defa5096c8?s=96&d=mm&r=g\",\"contentUrl\":\"https:\\\/\\\/secure.gravatar.com\\\/avatar\\\/afbf021a33f39f3b1b0fcbf424cd00175e4543d4630d7a19e2a7c6defa5096c8?s=96&d=mm&r=g\",\"caption\":\"Administrador\"},\"sameAs\":[\"http:\\\/\\\/camaraenmano.org\"],\"url\":\"https:\\\/\\\/camaraenmano.org\\\/index.php\\\/author\\\/admin2786\\\/\"}]}<\/script>\n<!-- \/ Yoast SEO plugin. -->","yoast_head_json":{"title":"APLAZADA: La fotograf\u00eda como pr\u00e1ctica art\u00edstica. Con Carlos Delgado - Asociaci\u00f3n fotogr\u00e1fica C\u00e1mara en mano Las Rozas","robots":{"index":"index","follow":"follow","max-snippet":"max-snippet:-1","max-image-preview":"max-image-preview:large","max-video-preview":"max-video-preview:-1"},"canonical":"https:\/\/camaraenmano.org\/index.php\/2023\/04\/18\/la-fotografia-como-practica-artisticas-con-carlos-delgado\/","og_locale":"es_ES","og_type":"article","og_title":"APLAZADA: La fotograf\u00eda como pr\u00e1ctica art\u00edstica. Con Carlos Delgado - Asociaci\u00f3n fotogr\u00e1fica C\u00e1mara en mano Las Rozas","og_description":"Debido\u00a0a un inconveniente surgido al orador, tenemos que aplazar esta interesante conferencia. Te informaremos de la nueva convocatoria. &nbsp; &nbsp; Tenemos el enorme placer de contar con Carlos Delgado, cr\u00edtico de arte, como ponente el pr\u00f3ximo 20 de abril para hablar del Arte de la Fotograf\u00eda. En esta charla Carlos Delgado abordar\u00e1 este complejo trayecto, [&hellip;]","og_url":"https:\/\/camaraenmano.org\/index.php\/2023\/04\/18\/la-fotografia-como-practica-artisticas-con-carlos-delgado\/","og_site_name":"Asociaci\u00f3n fotogr\u00e1fica C\u00e1mara en mano Las Rozas","article_publisher":"https:\/\/www.facebook.com\/AFCamaraenmano\/","article_published_time":"2023-04-18T08:40:40+00:00","article_modified_time":"2023-04-18T19:12:00+00:00","og_image":[{"width":816,"height":1020,"url":"https:\/\/camaraenmano.org\/wp-content\/uploads\/2023\/04\/Aplazamiento-Conferencia-Carlos-Delgado2.jpg","type":"image\/jpeg"}],"author":"Administrador","twitter_card":"summary_large_image","twitter_misc":{"Escrito por":"Administrador","Tiempo de lectura":"1 minuto"},"schema":{"@context":"https:\/\/schema.org","@graph":[{"@type":"Article","@id":"https:\/\/camaraenmano.org\/index.php\/2023\/04\/18\/la-fotografia-como-practica-artisticas-con-carlos-delgado\/#article","isPartOf":{"@id":"https:\/\/camaraenmano.org\/index.php\/2023\/04\/18\/la-fotografia-como-practica-artisticas-con-carlos-delgado\/"},"author":{"name":"Administrador","@id":"https:\/\/camaraenmano.org\/#\/schema\/person\/9ae05f95e2aa0144ea0768d6f65488be"},"headline":"APLAZADA: La fotograf\u00eda como pr\u00e1ctica art\u00edstica. Con Carlos Delgado","datePublished":"2023-04-18T08:40:40+00:00","dateModified":"2023-04-18T19:12:00+00:00","mainEntityOfPage":{"@id":"https:\/\/camaraenmano.org\/index.php\/2023\/04\/18\/la-fotografia-como-practica-artisticas-con-carlos-delgado\/"},"wordCount":82,"commentCount":0,"publisher":{"@id":"https:\/\/camaraenmano.org\/#organization"},"image":{"@id":"https:\/\/camaraenmano.org\/index.php\/2023\/04\/18\/la-fotografia-como-practica-artisticas-con-carlos-delgado\/#primaryimage"},"thumbnailUrl":"https:\/\/camaraenmano.org\/wp-content\/uploads\/2023\/04\/Aplazamiento-Conferencia-Carlos-Delgado2.jpg","keywords":["arte y fotografia","carlos delgado"],"articleSection":["Actividades"],"inLanguage":"es","potentialAction":[{"@type":"CommentAction","name":"Comment","target":["https:\/\/camaraenmano.org\/index.php\/2023\/04\/18\/la-fotografia-como-practica-artisticas-con-carlos-delgado\/#respond"]}]},{"@type":"WebPage","@id":"https:\/\/camaraenmano.org\/index.php\/2023\/04\/18\/la-fotografia-como-practica-artisticas-con-carlos-delgado\/","url":"https:\/\/camaraenmano.org\/index.php\/2023\/04\/18\/la-fotografia-como-practica-artisticas-con-carlos-delgado\/","name":"APLAZADA: La fotograf\u00eda como pr\u00e1ctica art\u00edstica. Con Carlos Delgado - Asociaci\u00f3n fotogr\u00e1fica C\u00e1mara en mano Las Rozas","isPartOf":{"@id":"https:\/\/camaraenmano.org\/#website"},"primaryImageOfPage":{"@id":"https:\/\/camaraenmano.org\/index.php\/2023\/04\/18\/la-fotografia-como-practica-artisticas-con-carlos-delgado\/#primaryimage"},"image":{"@id":"https:\/\/camaraenmano.org\/index.php\/2023\/04\/18\/la-fotografia-como-practica-artisticas-con-carlos-delgado\/#primaryimage"},"thumbnailUrl":"https:\/\/camaraenmano.org\/wp-content\/uploads\/2023\/04\/Aplazamiento-Conferencia-Carlos-Delgado2.jpg","datePublished":"2023-04-18T08:40:40+00:00","dateModified":"2023-04-18T19:12:00+00:00","breadcrumb":{"@id":"https:\/\/camaraenmano.org\/index.php\/2023\/04\/18\/la-fotografia-como-practica-artisticas-con-carlos-delgado\/#breadcrumb"},"inLanguage":"es","potentialAction":[{"@type":"ReadAction","target":["https:\/\/camaraenmano.org\/index.php\/2023\/04\/18\/la-fotografia-como-practica-artisticas-con-carlos-delgado\/"]}]},{"@type":"ImageObject","inLanguage":"es","@id":"https:\/\/camaraenmano.org\/index.php\/2023\/04\/18\/la-fotografia-como-practica-artisticas-con-carlos-delgado\/#primaryimage","url":"https:\/\/camaraenmano.org\/wp-content\/uploads\/2023\/04\/Aplazamiento-Conferencia-Carlos-Delgado2.jpg","contentUrl":"https:\/\/camaraenmano.org\/wp-content\/uploads\/2023\/04\/Aplazamiento-Conferencia-Carlos-Delgado2.jpg","width":816,"height":1020},{"@type":"BreadcrumbList","@id":"https:\/\/camaraenmano.org\/index.php\/2023\/04\/18\/la-fotografia-como-practica-artisticas-con-carlos-delgado\/#breadcrumb","itemListElement":[{"@type":"ListItem","position":1,"name":"Portada","item":"https:\/\/camaraenmano.org\/"},{"@type":"ListItem","position":2,"name":"APLAZADA: La fotograf\u00eda como pr\u00e1ctica art\u00edstica. Con Carlos Delgado"}]},{"@type":"WebSite","@id":"https:\/\/camaraenmano.org\/#website","url":"https:\/\/camaraenmano.org\/","name":"Asociaci\u00f3n fotogr\u00e1fica C\u00e1mara en mano Las Rozas","description":"","publisher":{"@id":"https:\/\/camaraenmano.org\/#organization"},"potentialAction":[{"@type":"SearchAction","target":{"@type":"EntryPoint","urlTemplate":"https:\/\/camaraenmano.org\/?s={search_term_string}"},"query-input":{"@type":"PropertyValueSpecification","valueRequired":true,"valueName":"search_term_string"}}],"inLanguage":"es"},{"@type":"Organization","@id":"https:\/\/camaraenmano.org\/#organization","name":"C\u00e1mara en mano","url":"https:\/\/camaraenmano.org\/","logo":{"@type":"ImageObject","inLanguage":"es","@id":"https:\/\/camaraenmano.org\/#\/schema\/logo\/image\/","url":"https:\/\/camaraenmano.org\/wp-content\/uploads\/2023\/10\/cropped-Logo-Camara-en-Mano-2-1.png","contentUrl":"https:\/\/camaraenmano.org\/wp-content\/uploads\/2023\/10\/cropped-Logo-Camara-en-Mano-2-1.png","width":3174,"height":2093,"caption":"C\u00e1mara en mano"},"image":{"@id":"https:\/\/camaraenmano.org\/#\/schema\/logo\/image\/"},"sameAs":["https:\/\/www.facebook.com\/AFCamaraenmano\/","https:\/\/www.instagram.com\/afcamaraenmano\/"]},{"@type":"Person","@id":"https:\/\/camaraenmano.org\/#\/schema\/person\/9ae05f95e2aa0144ea0768d6f65488be","name":"Administrador","image":{"@type":"ImageObject","inLanguage":"es","@id":"https:\/\/secure.gravatar.com\/avatar\/afbf021a33f39f3b1b0fcbf424cd00175e4543d4630d7a19e2a7c6defa5096c8?s=96&d=mm&r=g","url":"https:\/\/secure.gravatar.com\/avatar\/afbf021a33f39f3b1b0fcbf424cd00175e4543d4630d7a19e2a7c6defa5096c8?s=96&d=mm&r=g","contentUrl":"https:\/\/secure.gravatar.com\/avatar\/afbf021a33f39f3b1b0fcbf424cd00175e4543d4630d7a19e2a7c6defa5096c8?s=96&d=mm&r=g","caption":"Administrador"},"sameAs":["http:\/\/camaraenmano.org"],"url":"https:\/\/camaraenmano.org\/index.php\/author\/admin2786\/"}]}},"_links":{"self":[{"href":"https:\/\/camaraenmano.org\/index.php\/wp-json\/wp\/v2\/posts\/2636","targetHints":{"allow":["GET"]}}],"collection":[{"href":"https:\/\/camaraenmano.org\/index.php\/wp-json\/wp\/v2\/posts"}],"about":[{"href":"https:\/\/camaraenmano.org\/index.php\/wp-json\/wp\/v2\/types\/post"}],"author":[{"embeddable":true,"href":"https:\/\/camaraenmano.org\/index.php\/wp-json\/wp\/v2\/users\/1"}],"replies":[{"embeddable":true,"href":"https:\/\/camaraenmano.org\/index.php\/wp-json\/wp\/v2\/comments?post=2636"}],"version-history":[{"count":3,"href":"https:\/\/camaraenmano.org\/index.php\/wp-json\/wp\/v2\/posts\/2636\/revisions"}],"predecessor-version":[{"id":2739,"href":"https:\/\/camaraenmano.org\/index.php\/wp-json\/wp\/v2\/posts\/2636\/revisions\/2739"}],"wp:featuredmedia":[{"embeddable":true,"href":"https:\/\/camaraenmano.org\/index.php\/wp-json\/wp\/v2\/media\/2740"}],"wp:attachment":[{"href":"https:\/\/camaraenmano.org\/index.php\/wp-json\/wp\/v2\/media?parent=2636"}],"wp:term":[{"taxonomy":"category","embeddable":true,"href":"https:\/\/camaraenmano.org\/index.php\/wp-json\/wp\/v2\/categories?post=2636"},{"taxonomy":"post_tag","embeddable":true,"href":"https:\/\/camaraenmano.org\/index.php\/wp-json\/wp\/v2\/tags?post=2636"}],"curies":[{"name":"wp","href":"https:\/\/api.w.org\/{rel}","templated":true}]}}