{"id":2832,"date":"2023-06-01T09:43:38","date_gmt":"2023-06-01T07:43:38","guid":{"rendered":"https:\/\/camaraenmano.org\/?p=2832"},"modified":"2023-07-11T17:48:14","modified_gmt":"2023-07-11T15:48:14","slug":"salida-fotografica-trekking-nocturno-en-la-pedriza-con-dani-sanz","status":"publish","type":"post","link":"https:\/\/camaraenmano.org\/index.php\/2023\/06\/01\/salida-fotografica-trekking-nocturno-en-la-pedriza-con-dani-sanz\/","title":{"rendered":"Salida fotografica: Trekking nocturno en La Pedriza con Dani Sanz"},"content":{"rendered":"<h3><strong>\u00a1A\u00daN QUEDAN PLAZAS LIBRES! PREINSCR\u00cdBETE EN <a href=\"https:\/\/camaraenmano.org\/index.php\/apuntate-a-nuestras-actividades\/\">ESTE ENLACE<\/a><\/strong><\/h3>\n<p style=\"text-align: justify;\">El pr\u00f3ximo 30 de junio hemos organizado una excursi\u00f3n por La Pedriza para practicar la fotograf\u00eda nocturna. Contaremos con Dani Sanz, fot\u00f3grafo y monta\u00f1ero especializado nos guiar\u00e1 e introducir\u00e1 en la materia.<\/p>\n<p style=\"text-align: justify;\">\u00bfAlguna vez has so\u00f1ado con capturar la belleza de la noche y sus estrellas en un entorno natural ? \u00a1Entonces tenemos la experiencia perfecta para ti! \u00danete a nosotros el 30 de junio en un emocionante fototrekking nocturno en La Pedriza. Contaremos con Dani Sanz, fot\u00f3grafo y monta\u00f1ero especializado que nos guiar\u00e1 e introducir\u00e1 en la materia. Prep\u00e1rate para sumergirte en una aventura \u00fanica y capturar im\u00e1genes fascinantes bajo el manto estrellado.<\/p>\n<p style=\"text-align: justify;\"><img loading=\"lazy\" decoding=\"async\" class=\"alignright wp-image-2833 \" src=\"https:\/\/camaraenmano.org\/wp-content\/uploads\/2023\/06\/ruta-fotografica-5-1024x768.jpg\" alt=\"\" width=\"651\" height=\"488\" srcset=\"https:\/\/camaraenmano.org\/wp-content\/uploads\/2023\/06\/ruta-fotografica-5-1024x768.jpg 1024w, https:\/\/camaraenmano.org\/wp-content\/uploads\/2023\/06\/ruta-fotografica-5-300x225.jpg 300w, https:\/\/camaraenmano.org\/wp-content\/uploads\/2023\/06\/ruta-fotografica-5-768x576.jpg 768w, https:\/\/camaraenmano.org\/wp-content\/uploads\/2023\/06\/ruta-fotografica-5-1320x990.jpg 1320w, https:\/\/camaraenmano.org\/wp-content\/uploads\/2023\/06\/ruta-fotografica-5.jpg 1519w\" sizes=\"auto, (max-width: 651px) 100vw, 651px\" \/><\/p>\n<p style=\"text-align: justify;\">La Pedriza es un lugar impresionante durante el d\u00eda, pero cuando cae la noche, se transforma en un escenario a\u00fan m\u00e1s m\u00e1gico y enigm\u00e1tico. Los acantilados, las rocas y las cascadas adquieren una nueva dimensi\u00f3n bajo la luz de la luna y las estrellas. Si alguna vez has sentido curiosidad por la fotograf\u00eda nocturna, este es el momento perfecto para descubrir el potencial art\u00edstico que se esconde en la oscuridad.<\/p>\n<p style=\"text-align: justify;\">Dani Sanz, un apasionado de la fotograf\u00eda nocturna y experto en capturar la majestuosidad del cielo estrellado, ser\u00e1 nuestro gu\u00eda en esta experiencia fotogr\u00e1fica \u00fanica. Con su vasto conocimiento y habilidades t\u00e9cnicas, te ense\u00f1ar\u00e1 c\u00f3mo aprovechar al m\u00e1ximo tu c\u00e1mara durante la noche y c\u00f3mo capturar la esencia de La Pedriza en la oscuridad. Aprender\u00e1s sobre la configuraci\u00f3n adecuada de la c\u00e1mara, las t\u00e9cnicas de iluminaci\u00f3n y c\u00f3mo componer im\u00e1genes impresionantes en condiciones de poca luz.<\/p>\n<p style=\"text-align: justify;\">Durante este fototrekking nocturno, tendr\u00e1s la oportunidad de explorar los rincones m\u00e1s cautivadores de La Pedriza y capturar im\u00e1genes que transmitan la atm\u00f3sfera m\u00e1gica de la noche. Desde largas exposiciones que resalten el movimiento de las estrellas hasta la creaci\u00f3n de pinturas de luz, esta experiencia te permitir\u00e1 experimentar con diversas t\u00e9cnicas y despertar tu lado m\u00e1s creativo. Adem\u00e1s, Dani Sanz estar\u00e1 all\u00ed para brindarte orientaci\u00f3n individualizada y ayudarte a perfeccionar tus habilidades fotogr\u00e1ficas.<\/p>\n<p style=\"text-align: justify;\">El trekking va dirigido a todos los aficionados a la fotograf\u00eda, con algo de experiencia en la monta\u00f1a que quieran conocer La Pedriza sin mucho desnivel ni kil\u00f3metros y empezar o dar un paso m\u00e1s en fotograf\u00eda nocturna y de paisaje.<\/p>\n<p style=\"text-align: justify;\">La ruta, de unos 4 km, es un poco t\u00e9cnica en una subida de 150 metros +. (Nivel 0\/1).<\/p>\n<p style=\"text-align: justify;\">Tendr\u00e1s la oportunidad de conocer a otros entusiastas de la fotograf\u00eda nocturna y compartir experiencias e ideas. La pasi\u00f3n compartida por la fotograf\u00eda y la noche crea un ambiente \u00fanico de colaboraci\u00f3n y camarader\u00eda, donde todos pueden aprender unos de otros y disfrutar de la magia de la fotograf\u00eda juntos.<\/p>\n<p style=\"text-align: justify;\">Si quieres sumergirte en la belleza nocturna de La Pedriza y aprender de la mano de un experto como Dani Sanz, \u00a1no puedes perderte este fototrekking nocturno el 30 de junio! Explora los misterios de la noche, captura im\u00e1genes fascinantes y crea recuerdos duraderos mientras te sumerges en la magia nocturna de La Pedriza. \u00a1Prepara tu c\u00e1mara y \u00fanete a nosotros!<\/p>\n<p><strong>\u00bfQu\u00e9 aprender\u00e1s?<\/strong><\/p>\n<ul>\n<li>Iniciaci\u00f3n a la fotograf\u00eda nocturna y de paisaje desde 0.<\/li>\n<li>Los 3 pilares de la fotograf\u00eda nocturna (Exposici\u00f3n, hiperfocal y balance de blancos)<\/li>\n<li>Configuraci\u00f3n de la c\u00e1mara , filtros, bracketing de exposici\u00f3n y enfoque<\/li>\n<li>Iluminaci\u00f3n de elementos naturales.<\/li>\n<\/ul>\n<p><strong>MATERIAL Y EQUIPO IMPRESCINDIBLE QUE NECESITAS<\/strong><\/p>\n<ul>\n<li>C\u00e1mara con modo manual \/bulb<\/li>\n<li>Objetivo Angular<\/li>\n<li>Tr\u00edpode estable<\/li>\n<li>Luz Frontal<\/li>\n<li>Calzado c\u00f3modo de monta\u00f1a, ropa deportiva y de abrigo<\/li>\n<li>Capa impermeable<\/li>\n<li>Mochila c\u00f3moda<\/li>\n<li>Comida y agua para la ruta<\/li>\n<\/ul>\n<p>&nbsp;<\/p>\n<p>&nbsp;<\/p>\n<figure id=\"attachment_2834\" aria-describedby=\"caption-attachment-2834\" style=\"width: 1024px\" class=\"wp-caption alignnone\"><img loading=\"lazy\" decoding=\"async\" class=\"wp-image-2834 size-large\" src=\"https:\/\/camaraenmano.org\/wp-content\/uploads\/2023\/06\/la-pedriza-1024x318.jpg\" alt=\"\" width=\"1024\" height=\"318\" srcset=\"https:\/\/camaraenmano.org\/wp-content\/uploads\/2023\/06\/la-pedriza-1024x318.jpg 1024w, https:\/\/camaraenmano.org\/wp-content\/uploads\/2023\/06\/la-pedriza-300x93.jpg 300w, https:\/\/camaraenmano.org\/wp-content\/uploads\/2023\/06\/la-pedriza-768x238.jpg 768w, https:\/\/camaraenmano.org\/wp-content\/uploads\/2023\/06\/la-pedriza-1320x410.jpg 1320w, https:\/\/camaraenmano.org\/wp-content\/uploads\/2023\/06\/la-pedriza.jpg 1440w\" sizes=\"auto, (max-width: 1024px) 100vw, 1024px\" \/><figcaption id=\"caption-attachment-2834\" class=\"wp-caption-text\">Imagen: Dani Sanz &#8211; www.trekkingfotografico.com<\/figcaption><\/figure>\n<p>&nbsp;<\/p>\n<blockquote class=\"instagram-media\" style=\"background: #FFF; border: 0; border-radius: 3px; box-shadow: 0 0 1px 0 rgba(0,0,0,0.5),0 1px 10px 0 rgba(0,0,0,0.15); margin: 1px; max-width: 540px; min-width: 326px; padding: 0; width: calc(100% - 2px);\" data-instgrm-captioned=\"\" data-instgrm-permalink=\"https:\/\/www.instagram.com\/reel\/CsQw2TMxRfG\/?utm_source=ig_embed&amp;utm_campaign=loading\" data-instgrm-version=\"14\">\n<div style=\"padding: 16px;\">\n<p><script async src=\"\/\/www.instagram.com\/embed.js\"><\/script><\/p>\n<\/div>\n<\/blockquote>\n<p>&nbsp;<\/p>\n<p><strong>Precio para asociados: 50 euros<\/strong><\/p>\n<p><strong>Precio para los no asociados: 60 euros<\/strong><\/p>\n<p>&nbsp;<\/p>\n<p>Informaci\u00f3n y reservas: <a href=\"https:\/\/camaraenmano.org\/index.php\/contacta\/\">contacta<\/a>.<\/p>\n","protected":false},"excerpt":{"rendered":"<p>\u00a1A\u00daN QUEDAN PLAZAS LIBRES! PREINSCR\u00cdBETE EN ESTE ENLACE El pr\u00f3ximo 30 de junio hemos organizado una excursi\u00f3n por La Pedriza para practicar la fotograf\u00eda nocturna. Contaremos con Dani Sanz, fot\u00f3grafo y monta\u00f1ero especializado nos guiar\u00e1 e introducir\u00e1 en la materia. \u00bfAlguna vez has so\u00f1ado con capturar la belleza de la noche y sus estrellas en [&hellip;]<\/p>\n","protected":false},"author":1,"featured_media":0,"comment_status":"open","ping_status":"open","sticky":false,"template":"","format":"standard","meta":{"footnotes":""},"categories":[5,56],"tags":[258,256,257],"class_list":{"0":"post-2832","1":"post","2":"type-post","3":"status-publish","4":"format-standard","6":"category-actividades","7":"category-salidas-fotograficas","8":"tag-dani-sanz","9":"tag-la-pedriza","10":"tag-treking-fotografico","11":"czr-hentry"},"yoast_head":"<!-- This site is optimized with the Yoast SEO plugin v27.5 - https:\/\/yoast.com\/product\/yoast-seo-wordpress\/ -->\n<title>Salida fotografica: Trekking nocturno en La Pedriza con Dani Sanz - Asociaci\u00f3n fotogr\u00e1fica C\u00e1mara en mano Las Rozas<\/title>\n<meta name=\"robots\" content=\"index, follow, max-snippet:-1, max-image-preview:large, max-video-preview:-1\" \/>\n<link rel=\"canonical\" href=\"https:\/\/camaraenmano.org\/index.php\/2023\/06\/01\/salida-fotografica-trekking-nocturno-en-la-pedriza-con-dani-sanz\/\" \/>\n<meta property=\"og:locale\" content=\"es_ES\" \/>\n<meta property=\"og:type\" content=\"article\" \/>\n<meta property=\"og:title\" content=\"Salida fotografica: Trekking nocturno en La Pedriza con Dani Sanz - Asociaci\u00f3n fotogr\u00e1fica C\u00e1mara en mano Las Rozas\" \/>\n<meta property=\"og:description\" content=\"\u00a1A\u00daN QUEDAN PLAZAS LIBRES! PREINSCR\u00cdBETE EN ESTE ENLACE El pr\u00f3ximo 30 de junio hemos organizado una excursi\u00f3n por La Pedriza para practicar la fotograf\u00eda nocturna. Contaremos con Dani Sanz, fot\u00f3grafo y monta\u00f1ero especializado nos guiar\u00e1 e introducir\u00e1 en la materia. \u00bfAlguna vez has so\u00f1ado con capturar la belleza de la noche y sus estrellas en [&hellip;]\" \/>\n<meta property=\"og:url\" content=\"https:\/\/camaraenmano.org\/index.php\/2023\/06\/01\/salida-fotografica-trekking-nocturno-en-la-pedriza-con-dani-sanz\/\" \/>\n<meta property=\"og:site_name\" content=\"Asociaci\u00f3n fotogr\u00e1fica C\u00e1mara en mano Las Rozas\" \/>\n<meta property=\"article:publisher\" content=\"https:\/\/www.facebook.com\/AFCamaraenmano\/\" \/>\n<meta property=\"article:published_time\" content=\"2023-06-01T07:43:38+00:00\" \/>\n<meta property=\"article:modified_time\" content=\"2023-07-11T15:48:14+00:00\" \/>\n<meta property=\"og:image\" content=\"https:\/\/camaraenmano.org\/wp-content\/uploads\/2023\/06\/ruta-fotografica-5-1024x768.jpg\" \/>\n<meta name=\"author\" content=\"Administrador\" \/>\n<meta name=\"twitter:card\" content=\"summary_large_image\" \/>\n<meta name=\"twitter:label1\" content=\"Escrito por\" \/>\n\t<meta name=\"twitter:data1\" content=\"Administrador\" \/>\n\t<meta name=\"twitter:label2\" content=\"Tiempo de lectura\" \/>\n\t<meta name=\"twitter:data2\" content=\"4 minutos\" \/>\n<script type=\"application\/ld+json\" class=\"yoast-schema-graph\">{\"@context\":\"https:\\\/\\\/schema.org\",\"@graph\":[{\"@type\":\"Article\",\"@id\":\"https:\\\/\\\/camaraenmano.org\\\/index.php\\\/2023\\\/06\\\/01\\\/salida-fotografica-trekking-nocturno-en-la-pedriza-con-dani-sanz\\\/#article\",\"isPartOf\":{\"@id\":\"https:\\\/\\\/camaraenmano.org\\\/index.php\\\/2023\\\/06\\\/01\\\/salida-fotografica-trekking-nocturno-en-la-pedriza-con-dani-sanz\\\/\"},\"author\":{\"name\":\"Administrador\",\"@id\":\"https:\\\/\\\/camaraenmano.org\\\/#\\\/schema\\\/person\\\/9ae05f95e2aa0144ea0768d6f65488be\"},\"headline\":\"Salida fotografica: Trekking nocturno en La Pedriza con Dani Sanz\",\"datePublished\":\"2023-06-01T07:43:38+00:00\",\"dateModified\":\"2023-07-11T15:48:14+00:00\",\"mainEntityOfPage\":{\"@id\":\"https:\\\/\\\/camaraenmano.org\\\/index.php\\\/2023\\\/06\\\/01\\\/salida-fotografica-trekking-nocturno-en-la-pedriza-con-dani-sanz\\\/\"},\"wordCount\":688,\"commentCount\":0,\"publisher\":{\"@id\":\"https:\\\/\\\/camaraenmano.org\\\/#organization\"},\"image\":{\"@id\":\"https:\\\/\\\/camaraenmano.org\\\/index.php\\\/2023\\\/06\\\/01\\\/salida-fotografica-trekking-nocturno-en-la-pedriza-con-dani-sanz\\\/#primaryimage\"},\"thumbnailUrl\":\"https:\\\/\\\/camaraenmano.org\\\/wp-content\\\/uploads\\\/2023\\\/06\\\/ruta-fotografica-5-1024x768.jpg\",\"keywords\":[\"Dani Sanz\",\"la pedriza\",\"treking fotografico\"],\"articleSection\":[\"Actividades\",\"Salidas fotogr\u00e1ficas\"],\"inLanguage\":\"es\",\"potentialAction\":[{\"@type\":\"CommentAction\",\"name\":\"Comment\",\"target\":[\"https:\\\/\\\/camaraenmano.org\\\/index.php\\\/2023\\\/06\\\/01\\\/salida-fotografica-trekking-nocturno-en-la-pedriza-con-dani-sanz\\\/#respond\"]}]},{\"@type\":\"WebPage\",\"@id\":\"https:\\\/\\\/camaraenmano.org\\\/index.php\\\/2023\\\/06\\\/01\\\/salida-fotografica-trekking-nocturno-en-la-pedriza-con-dani-sanz\\\/\",\"url\":\"https:\\\/\\\/camaraenmano.org\\\/index.php\\\/2023\\\/06\\\/01\\\/salida-fotografica-trekking-nocturno-en-la-pedriza-con-dani-sanz\\\/\",\"name\":\"Salida fotografica: Trekking nocturno en La Pedriza con Dani Sanz - Asociaci\u00f3n fotogr\u00e1fica C\u00e1mara en mano Las Rozas\",\"isPartOf\":{\"@id\":\"https:\\\/\\\/camaraenmano.org\\\/#website\"},\"primaryImageOfPage\":{\"@id\":\"https:\\\/\\\/camaraenmano.org\\\/index.php\\\/2023\\\/06\\\/01\\\/salida-fotografica-trekking-nocturno-en-la-pedriza-con-dani-sanz\\\/#primaryimage\"},\"image\":{\"@id\":\"https:\\\/\\\/camaraenmano.org\\\/index.php\\\/2023\\\/06\\\/01\\\/salida-fotografica-trekking-nocturno-en-la-pedriza-con-dani-sanz\\\/#primaryimage\"},\"thumbnailUrl\":\"https:\\\/\\\/camaraenmano.org\\\/wp-content\\\/uploads\\\/2023\\\/06\\\/ruta-fotografica-5-1024x768.jpg\",\"datePublished\":\"2023-06-01T07:43:38+00:00\",\"dateModified\":\"2023-07-11T15:48:14+00:00\",\"breadcrumb\":{\"@id\":\"https:\\\/\\\/camaraenmano.org\\\/index.php\\\/2023\\\/06\\\/01\\\/salida-fotografica-trekking-nocturno-en-la-pedriza-con-dani-sanz\\\/#breadcrumb\"},\"inLanguage\":\"es\",\"potentialAction\":[{\"@type\":\"ReadAction\",\"target\":[\"https:\\\/\\\/camaraenmano.org\\\/index.php\\\/2023\\\/06\\\/01\\\/salida-fotografica-trekking-nocturno-en-la-pedriza-con-dani-sanz\\\/\"]}]},{\"@type\":\"ImageObject\",\"inLanguage\":\"es\",\"@id\":\"https:\\\/\\\/camaraenmano.org\\\/index.php\\\/2023\\\/06\\\/01\\\/salida-fotografica-trekking-nocturno-en-la-pedriza-con-dani-sanz\\\/#primaryimage\",\"url\":\"https:\\\/\\\/camaraenmano.org\\\/wp-content\\\/uploads\\\/2023\\\/06\\\/ruta-fotografica-5.jpg\",\"contentUrl\":\"https:\\\/\\\/camaraenmano.org\\\/wp-content\\\/uploads\\\/2023\\\/06\\\/ruta-fotografica-5.jpg\",\"width\":1519,\"height\":1139},{\"@type\":\"BreadcrumbList\",\"@id\":\"https:\\\/\\\/camaraenmano.org\\\/index.php\\\/2023\\\/06\\\/01\\\/salida-fotografica-trekking-nocturno-en-la-pedriza-con-dani-sanz\\\/#breadcrumb\",\"itemListElement\":[{\"@type\":\"ListItem\",\"position\":1,\"name\":\"Portada\",\"item\":\"https:\\\/\\\/camaraenmano.org\\\/\"},{\"@type\":\"ListItem\",\"position\":2,\"name\":\"Salida fotografica: Trekking nocturno en La Pedriza con Dani Sanz\"}]},{\"@type\":\"WebSite\",\"@id\":\"https:\\\/\\\/camaraenmano.org\\\/#website\",\"url\":\"https:\\\/\\\/camaraenmano.org\\\/\",\"name\":\"Asociaci\u00f3n fotogr\u00e1fica C\u00e1mara en mano Las Rozas\",\"description\":\"\",\"publisher\":{\"@id\":\"https:\\\/\\\/camaraenmano.org\\\/#organization\"},\"potentialAction\":[{\"@type\":\"SearchAction\",\"target\":{\"@type\":\"EntryPoint\",\"urlTemplate\":\"https:\\\/\\\/camaraenmano.org\\\/?s={search_term_string}\"},\"query-input\":{\"@type\":\"PropertyValueSpecification\",\"valueRequired\":true,\"valueName\":\"search_term_string\"}}],\"inLanguage\":\"es\"},{\"@type\":\"Organization\",\"@id\":\"https:\\\/\\\/camaraenmano.org\\\/#organization\",\"name\":\"C\u00e1mara en mano\",\"url\":\"https:\\\/\\\/camaraenmano.org\\\/\",\"logo\":{\"@type\":\"ImageObject\",\"inLanguage\":\"es\",\"@id\":\"https:\\\/\\\/camaraenmano.org\\\/#\\\/schema\\\/logo\\\/image\\\/\",\"url\":\"https:\\\/\\\/camaraenmano.org\\\/wp-content\\\/uploads\\\/2023\\\/10\\\/cropped-Logo-Camara-en-Mano-2-1.png\",\"contentUrl\":\"https:\\\/\\\/camaraenmano.org\\\/wp-content\\\/uploads\\\/2023\\\/10\\\/cropped-Logo-Camara-en-Mano-2-1.png\",\"width\":3174,\"height\":2093,\"caption\":\"C\u00e1mara en mano\"},\"image\":{\"@id\":\"https:\\\/\\\/camaraenmano.org\\\/#\\\/schema\\\/logo\\\/image\\\/\"},\"sameAs\":[\"https:\\\/\\\/www.facebook.com\\\/AFCamaraenmano\\\/\",\"https:\\\/\\\/www.instagram.com\\\/afcamaraenmano\\\/\"]},{\"@type\":\"Person\",\"@id\":\"https:\\\/\\\/camaraenmano.org\\\/#\\\/schema\\\/person\\\/9ae05f95e2aa0144ea0768d6f65488be\",\"name\":\"Administrador\",\"image\":{\"@type\":\"ImageObject\",\"inLanguage\":\"es\",\"@id\":\"https:\\\/\\\/secure.gravatar.com\\\/avatar\\\/afbf021a33f39f3b1b0fcbf424cd00175e4543d4630d7a19e2a7c6defa5096c8?s=96&d=mm&r=g\",\"url\":\"https:\\\/\\\/secure.gravatar.com\\\/avatar\\\/afbf021a33f39f3b1b0fcbf424cd00175e4543d4630d7a19e2a7c6defa5096c8?s=96&d=mm&r=g\",\"contentUrl\":\"https:\\\/\\\/secure.gravatar.com\\\/avatar\\\/afbf021a33f39f3b1b0fcbf424cd00175e4543d4630d7a19e2a7c6defa5096c8?s=96&d=mm&r=g\",\"caption\":\"Administrador\"},\"sameAs\":[\"http:\\\/\\\/camaraenmano.org\"],\"url\":\"https:\\\/\\\/camaraenmano.org\\\/index.php\\\/author\\\/admin2786\\\/\"}]}<\/script>\n<!-- \/ Yoast SEO plugin. -->","yoast_head_json":{"title":"Salida fotografica: Trekking nocturno en La Pedriza con Dani Sanz - Asociaci\u00f3n fotogr\u00e1fica C\u00e1mara en mano Las Rozas","robots":{"index":"index","follow":"follow","max-snippet":"max-snippet:-1","max-image-preview":"max-image-preview:large","max-video-preview":"max-video-preview:-1"},"canonical":"https:\/\/camaraenmano.org\/index.php\/2023\/06\/01\/salida-fotografica-trekking-nocturno-en-la-pedriza-con-dani-sanz\/","og_locale":"es_ES","og_type":"article","og_title":"Salida fotografica: Trekking nocturno en La Pedriza con Dani Sanz - Asociaci\u00f3n fotogr\u00e1fica C\u00e1mara en mano Las Rozas","og_description":"\u00a1A\u00daN QUEDAN PLAZAS LIBRES! PREINSCR\u00cdBETE EN ESTE ENLACE El pr\u00f3ximo 30 de junio hemos organizado una excursi\u00f3n por La Pedriza para practicar la fotograf\u00eda nocturna. Contaremos con Dani Sanz, fot\u00f3grafo y monta\u00f1ero especializado nos guiar\u00e1 e introducir\u00e1 en la materia. \u00bfAlguna vez has so\u00f1ado con capturar la belleza de la noche y sus estrellas en [&hellip;]","og_url":"https:\/\/camaraenmano.org\/index.php\/2023\/06\/01\/salida-fotografica-trekking-nocturno-en-la-pedriza-con-dani-sanz\/","og_site_name":"Asociaci\u00f3n fotogr\u00e1fica C\u00e1mara en mano Las Rozas","article_publisher":"https:\/\/www.facebook.com\/AFCamaraenmano\/","article_published_time":"2023-06-01T07:43:38+00:00","article_modified_time":"2023-07-11T15:48:14+00:00","og_image":[{"url":"https:\/\/camaraenmano.org\/wp-content\/uploads\/2023\/06\/ruta-fotografica-5-1024x768.jpg","type":"","width":"","height":""}],"author":"Administrador","twitter_card":"summary_large_image","twitter_misc":{"Escrito por":"Administrador","Tiempo de lectura":"4 minutos"},"schema":{"@context":"https:\/\/schema.org","@graph":[{"@type":"Article","@id":"https:\/\/camaraenmano.org\/index.php\/2023\/06\/01\/salida-fotografica-trekking-nocturno-en-la-pedriza-con-dani-sanz\/#article","isPartOf":{"@id":"https:\/\/camaraenmano.org\/index.php\/2023\/06\/01\/salida-fotografica-trekking-nocturno-en-la-pedriza-con-dani-sanz\/"},"author":{"name":"Administrador","@id":"https:\/\/camaraenmano.org\/#\/schema\/person\/9ae05f95e2aa0144ea0768d6f65488be"},"headline":"Salida fotografica: Trekking nocturno en La Pedriza con Dani Sanz","datePublished":"2023-06-01T07:43:38+00:00","dateModified":"2023-07-11T15:48:14+00:00","mainEntityOfPage":{"@id":"https:\/\/camaraenmano.org\/index.php\/2023\/06\/01\/salida-fotografica-trekking-nocturno-en-la-pedriza-con-dani-sanz\/"},"wordCount":688,"commentCount":0,"publisher":{"@id":"https:\/\/camaraenmano.org\/#organization"},"image":{"@id":"https:\/\/camaraenmano.org\/index.php\/2023\/06\/01\/salida-fotografica-trekking-nocturno-en-la-pedriza-con-dani-sanz\/#primaryimage"},"thumbnailUrl":"https:\/\/camaraenmano.org\/wp-content\/uploads\/2023\/06\/ruta-fotografica-5-1024x768.jpg","keywords":["Dani Sanz","la pedriza","treking fotografico"],"articleSection":["Actividades","Salidas fotogr\u00e1ficas"],"inLanguage":"es","potentialAction":[{"@type":"CommentAction","name":"Comment","target":["https:\/\/camaraenmano.org\/index.php\/2023\/06\/01\/salida-fotografica-trekking-nocturno-en-la-pedriza-con-dani-sanz\/#respond"]}]},{"@type":"WebPage","@id":"https:\/\/camaraenmano.org\/index.php\/2023\/06\/01\/salida-fotografica-trekking-nocturno-en-la-pedriza-con-dani-sanz\/","url":"https:\/\/camaraenmano.org\/index.php\/2023\/06\/01\/salida-fotografica-trekking-nocturno-en-la-pedriza-con-dani-sanz\/","name":"Salida fotografica: Trekking nocturno en La Pedriza con Dani Sanz - Asociaci\u00f3n fotogr\u00e1fica C\u00e1mara en mano Las Rozas","isPartOf":{"@id":"https:\/\/camaraenmano.org\/#website"},"primaryImageOfPage":{"@id":"https:\/\/camaraenmano.org\/index.php\/2023\/06\/01\/salida-fotografica-trekking-nocturno-en-la-pedriza-con-dani-sanz\/#primaryimage"},"image":{"@id":"https:\/\/camaraenmano.org\/index.php\/2023\/06\/01\/salida-fotografica-trekking-nocturno-en-la-pedriza-con-dani-sanz\/#primaryimage"},"thumbnailUrl":"https:\/\/camaraenmano.org\/wp-content\/uploads\/2023\/06\/ruta-fotografica-5-1024x768.jpg","datePublished":"2023-06-01T07:43:38+00:00","dateModified":"2023-07-11T15:48:14+00:00","breadcrumb":{"@id":"https:\/\/camaraenmano.org\/index.php\/2023\/06\/01\/salida-fotografica-trekking-nocturno-en-la-pedriza-con-dani-sanz\/#breadcrumb"},"inLanguage":"es","potentialAction":[{"@type":"ReadAction","target":["https:\/\/camaraenmano.org\/index.php\/2023\/06\/01\/salida-fotografica-trekking-nocturno-en-la-pedriza-con-dani-sanz\/"]}]},{"@type":"ImageObject","inLanguage":"es","@id":"https:\/\/camaraenmano.org\/index.php\/2023\/06\/01\/salida-fotografica-trekking-nocturno-en-la-pedriza-con-dani-sanz\/#primaryimage","url":"https:\/\/camaraenmano.org\/wp-content\/uploads\/2023\/06\/ruta-fotografica-5.jpg","contentUrl":"https:\/\/camaraenmano.org\/wp-content\/uploads\/2023\/06\/ruta-fotografica-5.jpg","width":1519,"height":1139},{"@type":"BreadcrumbList","@id":"https:\/\/camaraenmano.org\/index.php\/2023\/06\/01\/salida-fotografica-trekking-nocturno-en-la-pedriza-con-dani-sanz\/#breadcrumb","itemListElement":[{"@type":"ListItem","position":1,"name":"Portada","item":"https:\/\/camaraenmano.org\/"},{"@type":"ListItem","position":2,"name":"Salida fotografica: Trekking nocturno en La Pedriza con Dani Sanz"}]},{"@type":"WebSite","@id":"https:\/\/camaraenmano.org\/#website","url":"https:\/\/camaraenmano.org\/","name":"Asociaci\u00f3n fotogr\u00e1fica C\u00e1mara en mano Las Rozas","description":"","publisher":{"@id":"https:\/\/camaraenmano.org\/#organization"},"potentialAction":[{"@type":"SearchAction","target":{"@type":"EntryPoint","urlTemplate":"https:\/\/camaraenmano.org\/?s={search_term_string}"},"query-input":{"@type":"PropertyValueSpecification","valueRequired":true,"valueName":"search_term_string"}}],"inLanguage":"es"},{"@type":"Organization","@id":"https:\/\/camaraenmano.org\/#organization","name":"C\u00e1mara en mano","url":"https:\/\/camaraenmano.org\/","logo":{"@type":"ImageObject","inLanguage":"es","@id":"https:\/\/camaraenmano.org\/#\/schema\/logo\/image\/","url":"https:\/\/camaraenmano.org\/wp-content\/uploads\/2023\/10\/cropped-Logo-Camara-en-Mano-2-1.png","contentUrl":"https:\/\/camaraenmano.org\/wp-content\/uploads\/2023\/10\/cropped-Logo-Camara-en-Mano-2-1.png","width":3174,"height":2093,"caption":"C\u00e1mara en mano"},"image":{"@id":"https:\/\/camaraenmano.org\/#\/schema\/logo\/image\/"},"sameAs":["https:\/\/www.facebook.com\/AFCamaraenmano\/","https:\/\/www.instagram.com\/afcamaraenmano\/"]},{"@type":"Person","@id":"https:\/\/camaraenmano.org\/#\/schema\/person\/9ae05f95e2aa0144ea0768d6f65488be","name":"Administrador","image":{"@type":"ImageObject","inLanguage":"es","@id":"https:\/\/secure.gravatar.com\/avatar\/afbf021a33f39f3b1b0fcbf424cd00175e4543d4630d7a19e2a7c6defa5096c8?s=96&d=mm&r=g","url":"https:\/\/secure.gravatar.com\/avatar\/afbf021a33f39f3b1b0fcbf424cd00175e4543d4630d7a19e2a7c6defa5096c8?s=96&d=mm&r=g","contentUrl":"https:\/\/secure.gravatar.com\/avatar\/afbf021a33f39f3b1b0fcbf424cd00175e4543d4630d7a19e2a7c6defa5096c8?s=96&d=mm&r=g","caption":"Administrador"},"sameAs":["http:\/\/camaraenmano.org"],"url":"https:\/\/camaraenmano.org\/index.php\/author\/admin2786\/"}]}},"_links":{"self":[{"href":"https:\/\/camaraenmano.org\/index.php\/wp-json\/wp\/v2\/posts\/2832","targetHints":{"allow":["GET"]}}],"collection":[{"href":"https:\/\/camaraenmano.org\/index.php\/wp-json\/wp\/v2\/posts"}],"about":[{"href":"https:\/\/camaraenmano.org\/index.php\/wp-json\/wp\/v2\/types\/post"}],"author":[{"embeddable":true,"href":"https:\/\/camaraenmano.org\/index.php\/wp-json\/wp\/v2\/users\/1"}],"replies":[{"embeddable":true,"href":"https:\/\/camaraenmano.org\/index.php\/wp-json\/wp\/v2\/comments?post=2832"}],"version-history":[{"count":12,"href":"https:\/\/camaraenmano.org\/index.php\/wp-json\/wp\/v2\/posts\/2832\/revisions"}],"predecessor-version":[{"id":2897,"href":"https:\/\/camaraenmano.org\/index.php\/wp-json\/wp\/v2\/posts\/2832\/revisions\/2897"}],"wp:attachment":[{"href":"https:\/\/camaraenmano.org\/index.php\/wp-json\/wp\/v2\/media?parent=2832"}],"wp:term":[{"taxonomy":"category","embeddable":true,"href":"https:\/\/camaraenmano.org\/index.php\/wp-json\/wp\/v2\/categories?post=2832"},{"taxonomy":"post_tag","embeddable":true,"href":"https:\/\/camaraenmano.org\/index.php\/wp-json\/wp\/v2\/tags?post=2832"}],"curies":[{"name":"wp","href":"https:\/\/api.w.org\/{rel}","templated":true}]}}