{"id":2860,"date":"2023-06-01T19:10:15","date_gmt":"2023-06-01T17:10:15","guid":{"rendered":"https:\/\/camaraenmano.org\/?p=2860"},"modified":"2023-06-01T19:10:15","modified_gmt":"2023-06-01T17:10:15","slug":"curso-de-wordpress-para-fotografos-joan-vendrell","status":"publish","type":"post","link":"https:\/\/camaraenmano.org\/index.php\/2023\/06\/01\/curso-de-wordpress-para-fotografos-joan-vendrell\/","title":{"rendered":"Curso de WordPress para fot\u00f3grafos \u2013 Joan Vendrell"},"content":{"rendered":"<p>Te presentamos un breve curso introductorio de worpress para presentar nuestras fotograf\u00edas impartido por Joan Vendrell, fot\u00f3grafo autodidacta especializado en fotograf\u00eda de viaje pero con una amplia experiencia en otros campos. Esperamos que te sea de utilidad.<\/p>\n<p>Este curso dura como unas dos horas y te da unas nociones muy interesantes para ponerte en marcha en esta disciplina.<\/p>\n<p><iframe loading=\"lazy\" title=\"YouTube video player\" src=\"https:\/\/www.youtube.com\/embed\/P50Zxbsl8mQ\" width=\"560\" height=\"315\" frameborder=\"0\" allowfullscreen=\"allowfullscreen\"><\/iframe><\/p>\n<p><iframe loading=\"lazy\" title=\"YouTube video player\" src=\"https:\/\/www.youtube.com\/embed\/6ZhieLKc9fg\" width=\"560\" height=\"315\" frameborder=\"0\" allowfullscreen=\"allowfullscreen\"><\/iframe><br \/>\n&nbsp;<\/p>\n<p>Adem\u00e1s, Joan Vendrell tiene una serie de v\u00eddeos que nos explican algunas otras cosa de wordpress como las siguientes:<\/p>\n<p><a href=\"https:\/\/www.youtube.com\/watch?v=jgIGpemNRGs\">Instalar WordPress con 1-click<\/a><\/p>\n<p><a href=\"https:\/\/www.youtube.com\/watch?v=vBCkL4yV_AE\">Crear tu Porfolio fotogr\u00e1fico con WordPress<\/a><\/p>\n<p><a href=\"https:\/\/www.youtube.com\/watch?v=H6baVFGnH5w\">WordPress para Fot\u00f3grafos: la barra de navegaci\u00f3n<\/a><\/p>\n<p><a href=\"https:\/\/www.youtube.com\/watch?v=bmThaE0kjCs\">WordPress para Fot\u00f3grafos: copia de seguridad<\/a><\/p>\n<p><a href=\"https:\/\/www.youtube.com\/watch?v=D4yWeB9BIHc\">Actualiza tu WordPress con seguridad<\/a><\/p>\n<p><a href=\"https:\/\/www.youtube.com\/watch?v=9XNHymLGfIM\">Galer\u00edas fotogr\u00e1ficas con WordPress y Justified Image Grid<\/a><\/p>\n<p><a href=\"https:\/\/www.youtube.com\/watch?v=brRzOho4b9c\">\u00abOptinSkin\u00bb un plugin que te ayudar\u00e1 a conseguir Suscriptores para tu Newsletter<\/a><\/p>\n<p><a href=\"https:\/\/www.youtube.com\/watch?v=3XyId3ol5Ak\">\u00bfQu\u00e9 es una web responsiva\/adaptativa?<\/a><\/p>\n<p><a href=\"https:\/\/www.youtube.com\/watch?v=VSTXUfdFCg0\">Barra de notificaciones para tu WordPress<\/a><\/p>\n<p><a href=\"https:\/\/www.youtube.com\/watch?v=qVrsUZUNFac\">\u00abDivi 2\u00bb un tema para WordPress potente y vers\u00e1til<\/a><\/p>\n<p>&nbsp;<\/p>\n","protected":false},"excerpt":{"rendered":"<p>Te presentamos un breve curso introductorio de worpress para presentar nuestras fotograf\u00edas impartido por Joan Vendrell, fot\u00f3grafo autodidacta especializado en fotograf\u00eda de viaje pero con una amplia experiencia en otros campos. Esperamos que te sea de utilidad. Este curso dura como unas dos horas y te da unas nociones muy interesantes para ponerte en marcha [&hellip;]<\/p>\n","protected":false},"author":1,"featured_media":2862,"comment_status":"open","ping_status":"open","sticky":false,"template":"","format":"standard","meta":{"footnotes":""},"categories":[5],"tags":[],"class_list":{"0":"post-2860","1":"post","2":"type-post","3":"status-publish","4":"format-standard","5":"has-post-thumbnail","7":"category-actividades","8":"czr-hentry"},"yoast_head":"<!-- This site is optimized with the Yoast SEO plugin v27.5 - https:\/\/yoast.com\/product\/yoast-seo-wordpress\/ -->\n<title>Curso de WordPress para fot\u00f3grafos \u2013 Joan Vendrell - Asociaci\u00f3n fotogr\u00e1fica C\u00e1mara en mano Las Rozas<\/title>\n<meta name=\"robots\" content=\"index, follow, max-snippet:-1, max-image-preview:large, max-video-preview:-1\" \/>\n<link rel=\"canonical\" href=\"https:\/\/camaraenmano.org\/index.php\/2023\/06\/01\/curso-de-wordpress-para-fotografos-joan-vendrell\/\" \/>\n<meta property=\"og:locale\" content=\"es_ES\" \/>\n<meta property=\"og:type\" content=\"article\" \/>\n<meta property=\"og:title\" content=\"Curso de WordPress para fot\u00f3grafos \u2013 Joan Vendrell - Asociaci\u00f3n fotogr\u00e1fica C\u00e1mara en mano Las Rozas\" \/>\n<meta property=\"og:description\" content=\"Te presentamos un breve curso introductorio de worpress para presentar nuestras fotograf\u00edas impartido por Joan Vendrell, fot\u00f3grafo autodidacta especializado en fotograf\u00eda de viaje pero con una amplia experiencia en otros campos. Esperamos que te sea de utilidad. Este curso dura como unas dos horas y te da unas nociones muy interesantes para ponerte en marcha [&hellip;]\" \/>\n<meta property=\"og:url\" content=\"https:\/\/camaraenmano.org\/index.php\/2023\/06\/01\/curso-de-wordpress-para-fotografos-joan-vendrell\/\" \/>\n<meta property=\"og:site_name\" content=\"Asociaci\u00f3n fotogr\u00e1fica C\u00e1mara en mano Las Rozas\" \/>\n<meta property=\"article:publisher\" content=\"https:\/\/www.facebook.com\/AFCamaraenmano\/\" \/>\n<meta property=\"article:published_time\" content=\"2023-06-01T17:10:15+00:00\" \/>\n<meta property=\"og:image\" content=\"https:\/\/camaraenmano.org\/wp-content\/uploads\/2023\/06\/WordPress_blue_logo.svg_.png\" \/>\n\t<meta property=\"og:image:width\" content=\"1200\" \/>\n\t<meta property=\"og:image:height\" content=\"1200\" \/>\n\t<meta property=\"og:image:type\" content=\"image\/png\" \/>\n<meta name=\"author\" content=\"Administrador\" \/>\n<meta name=\"twitter:card\" content=\"summary_large_image\" \/>\n<meta name=\"twitter:label1\" content=\"Escrito por\" \/>\n\t<meta name=\"twitter:data1\" content=\"Administrador\" \/>\n\t<meta name=\"twitter:label2\" content=\"Tiempo de lectura\" \/>\n\t<meta name=\"twitter:data2\" content=\"1 minuto\" \/>\n<script type=\"application\/ld+json\" class=\"yoast-schema-graph\">{\"@context\":\"https:\\\/\\\/schema.org\",\"@graph\":[{\"@type\":\"Article\",\"@id\":\"https:\\\/\\\/camaraenmano.org\\\/index.php\\\/2023\\\/06\\\/01\\\/curso-de-wordpress-para-fotografos-joan-vendrell\\\/#article\",\"isPartOf\":{\"@id\":\"https:\\\/\\\/camaraenmano.org\\\/index.php\\\/2023\\\/06\\\/01\\\/curso-de-wordpress-para-fotografos-joan-vendrell\\\/\"},\"author\":{\"name\":\"Administrador\",\"@id\":\"https:\\\/\\\/camaraenmano.org\\\/#\\\/schema\\\/person\\\/9ae05f95e2aa0144ea0768d6f65488be\"},\"headline\":\"Curso de WordPress para fot\u00f3grafos \u2013 Joan Vendrell\",\"datePublished\":\"2023-06-01T17:10:15+00:00\",\"mainEntityOfPage\":{\"@id\":\"https:\\\/\\\/camaraenmano.org\\\/index.php\\\/2023\\\/06\\\/01\\\/curso-de-wordpress-para-fotografos-joan-vendrell\\\/\"},\"wordCount\":167,\"commentCount\":0,\"publisher\":{\"@id\":\"https:\\\/\\\/camaraenmano.org\\\/#organization\"},\"image\":{\"@id\":\"https:\\\/\\\/camaraenmano.org\\\/index.php\\\/2023\\\/06\\\/01\\\/curso-de-wordpress-para-fotografos-joan-vendrell\\\/#primaryimage\"},\"thumbnailUrl\":\"https:\\\/\\\/camaraenmano.org\\\/wp-content\\\/uploads\\\/2023\\\/06\\\/WordPress_blue_logo.svg_.png\",\"articleSection\":[\"Actividades\"],\"inLanguage\":\"es\",\"potentialAction\":[{\"@type\":\"CommentAction\",\"name\":\"Comment\",\"target\":[\"https:\\\/\\\/camaraenmano.org\\\/index.php\\\/2023\\\/06\\\/01\\\/curso-de-wordpress-para-fotografos-joan-vendrell\\\/#respond\"]}]},{\"@type\":\"WebPage\",\"@id\":\"https:\\\/\\\/camaraenmano.org\\\/index.php\\\/2023\\\/06\\\/01\\\/curso-de-wordpress-para-fotografos-joan-vendrell\\\/\",\"url\":\"https:\\\/\\\/camaraenmano.org\\\/index.php\\\/2023\\\/06\\\/01\\\/curso-de-wordpress-para-fotografos-joan-vendrell\\\/\",\"name\":\"Curso de WordPress para fot\u00f3grafos \u2013 Joan Vendrell - Asociaci\u00f3n fotogr\u00e1fica C\u00e1mara en mano Las Rozas\",\"isPartOf\":{\"@id\":\"https:\\\/\\\/camaraenmano.org\\\/#website\"},\"primaryImageOfPage\":{\"@id\":\"https:\\\/\\\/camaraenmano.org\\\/index.php\\\/2023\\\/06\\\/01\\\/curso-de-wordpress-para-fotografos-joan-vendrell\\\/#primaryimage\"},\"image\":{\"@id\":\"https:\\\/\\\/camaraenmano.org\\\/index.php\\\/2023\\\/06\\\/01\\\/curso-de-wordpress-para-fotografos-joan-vendrell\\\/#primaryimage\"},\"thumbnailUrl\":\"https:\\\/\\\/camaraenmano.org\\\/wp-content\\\/uploads\\\/2023\\\/06\\\/WordPress_blue_logo.svg_.png\",\"datePublished\":\"2023-06-01T17:10:15+00:00\",\"breadcrumb\":{\"@id\":\"https:\\\/\\\/camaraenmano.org\\\/index.php\\\/2023\\\/06\\\/01\\\/curso-de-wordpress-para-fotografos-joan-vendrell\\\/#breadcrumb\"},\"inLanguage\":\"es\",\"potentialAction\":[{\"@type\":\"ReadAction\",\"target\":[\"https:\\\/\\\/camaraenmano.org\\\/index.php\\\/2023\\\/06\\\/01\\\/curso-de-wordpress-para-fotografos-joan-vendrell\\\/\"]}]},{\"@type\":\"ImageObject\",\"inLanguage\":\"es\",\"@id\":\"https:\\\/\\\/camaraenmano.org\\\/index.php\\\/2023\\\/06\\\/01\\\/curso-de-wordpress-para-fotografos-joan-vendrell\\\/#primaryimage\",\"url\":\"https:\\\/\\\/camaraenmano.org\\\/wp-content\\\/uploads\\\/2023\\\/06\\\/WordPress_blue_logo.svg_.png\",\"contentUrl\":\"https:\\\/\\\/camaraenmano.org\\\/wp-content\\\/uploads\\\/2023\\\/06\\\/WordPress_blue_logo.svg_.png\",\"width\":1200,\"height\":1200},{\"@type\":\"BreadcrumbList\",\"@id\":\"https:\\\/\\\/camaraenmano.org\\\/index.php\\\/2023\\\/06\\\/01\\\/curso-de-wordpress-para-fotografos-joan-vendrell\\\/#breadcrumb\",\"itemListElement\":[{\"@type\":\"ListItem\",\"position\":1,\"name\":\"Portada\",\"item\":\"https:\\\/\\\/camaraenmano.org\\\/\"},{\"@type\":\"ListItem\",\"position\":2,\"name\":\"Curso de WordPress para fot\u00f3grafos \u2013 Joan Vendrell\"}]},{\"@type\":\"WebSite\",\"@id\":\"https:\\\/\\\/camaraenmano.org\\\/#website\",\"url\":\"https:\\\/\\\/camaraenmano.org\\\/\",\"name\":\"Asociaci\u00f3n fotogr\u00e1fica C\u00e1mara en mano Las Rozas\",\"description\":\"\",\"publisher\":{\"@id\":\"https:\\\/\\\/camaraenmano.org\\\/#organization\"},\"potentialAction\":[{\"@type\":\"SearchAction\",\"target\":{\"@type\":\"EntryPoint\",\"urlTemplate\":\"https:\\\/\\\/camaraenmano.org\\\/?s={search_term_string}\"},\"query-input\":{\"@type\":\"PropertyValueSpecification\",\"valueRequired\":true,\"valueName\":\"search_term_string\"}}],\"inLanguage\":\"es\"},{\"@type\":\"Organization\",\"@id\":\"https:\\\/\\\/camaraenmano.org\\\/#organization\",\"name\":\"C\u00e1mara en mano\",\"url\":\"https:\\\/\\\/camaraenmano.org\\\/\",\"logo\":{\"@type\":\"ImageObject\",\"inLanguage\":\"es\",\"@id\":\"https:\\\/\\\/camaraenmano.org\\\/#\\\/schema\\\/logo\\\/image\\\/\",\"url\":\"https:\\\/\\\/camaraenmano.org\\\/wp-content\\\/uploads\\\/2023\\\/10\\\/cropped-Logo-Camara-en-Mano-2-1.png\",\"contentUrl\":\"https:\\\/\\\/camaraenmano.org\\\/wp-content\\\/uploads\\\/2023\\\/10\\\/cropped-Logo-Camara-en-Mano-2-1.png\",\"width\":3174,\"height\":2093,\"caption\":\"C\u00e1mara en mano\"},\"image\":{\"@id\":\"https:\\\/\\\/camaraenmano.org\\\/#\\\/schema\\\/logo\\\/image\\\/\"},\"sameAs\":[\"https:\\\/\\\/www.facebook.com\\\/AFCamaraenmano\\\/\",\"https:\\\/\\\/www.instagram.com\\\/afcamaraenmano\\\/\"]},{\"@type\":\"Person\",\"@id\":\"https:\\\/\\\/camaraenmano.org\\\/#\\\/schema\\\/person\\\/9ae05f95e2aa0144ea0768d6f65488be\",\"name\":\"Administrador\",\"image\":{\"@type\":\"ImageObject\",\"inLanguage\":\"es\",\"@id\":\"https:\\\/\\\/secure.gravatar.com\\\/avatar\\\/afbf021a33f39f3b1b0fcbf424cd00175e4543d4630d7a19e2a7c6defa5096c8?s=96&d=mm&r=g\",\"url\":\"https:\\\/\\\/secure.gravatar.com\\\/avatar\\\/afbf021a33f39f3b1b0fcbf424cd00175e4543d4630d7a19e2a7c6defa5096c8?s=96&d=mm&r=g\",\"contentUrl\":\"https:\\\/\\\/secure.gravatar.com\\\/avatar\\\/afbf021a33f39f3b1b0fcbf424cd00175e4543d4630d7a19e2a7c6defa5096c8?s=96&d=mm&r=g\",\"caption\":\"Administrador\"},\"sameAs\":[\"http:\\\/\\\/camaraenmano.org\"],\"url\":\"https:\\\/\\\/camaraenmano.org\\\/index.php\\\/author\\\/admin2786\\\/\"}]}<\/script>\n<!-- \/ Yoast SEO plugin. -->","yoast_head_json":{"title":"Curso de WordPress para fot\u00f3grafos \u2013 Joan Vendrell - Asociaci\u00f3n fotogr\u00e1fica C\u00e1mara en mano Las Rozas","robots":{"index":"index","follow":"follow","max-snippet":"max-snippet:-1","max-image-preview":"max-image-preview:large","max-video-preview":"max-video-preview:-1"},"canonical":"https:\/\/camaraenmano.org\/index.php\/2023\/06\/01\/curso-de-wordpress-para-fotografos-joan-vendrell\/","og_locale":"es_ES","og_type":"article","og_title":"Curso de WordPress para fot\u00f3grafos \u2013 Joan Vendrell - Asociaci\u00f3n fotogr\u00e1fica C\u00e1mara en mano Las Rozas","og_description":"Te presentamos un breve curso introductorio de worpress para presentar nuestras fotograf\u00edas impartido por Joan Vendrell, fot\u00f3grafo autodidacta especializado en fotograf\u00eda de viaje pero con una amplia experiencia en otros campos. Esperamos que te sea de utilidad. Este curso dura como unas dos horas y te da unas nociones muy interesantes para ponerte en marcha [&hellip;]","og_url":"https:\/\/camaraenmano.org\/index.php\/2023\/06\/01\/curso-de-wordpress-para-fotografos-joan-vendrell\/","og_site_name":"Asociaci\u00f3n fotogr\u00e1fica C\u00e1mara en mano Las Rozas","article_publisher":"https:\/\/www.facebook.com\/AFCamaraenmano\/","article_published_time":"2023-06-01T17:10:15+00:00","og_image":[{"width":1200,"height":1200,"url":"https:\/\/camaraenmano.org\/wp-content\/uploads\/2023\/06\/WordPress_blue_logo.svg_.png","type":"image\/png"}],"author":"Administrador","twitter_card":"summary_large_image","twitter_misc":{"Escrito por":"Administrador","Tiempo de lectura":"1 minuto"},"schema":{"@context":"https:\/\/schema.org","@graph":[{"@type":"Article","@id":"https:\/\/camaraenmano.org\/index.php\/2023\/06\/01\/curso-de-wordpress-para-fotografos-joan-vendrell\/#article","isPartOf":{"@id":"https:\/\/camaraenmano.org\/index.php\/2023\/06\/01\/curso-de-wordpress-para-fotografos-joan-vendrell\/"},"author":{"name":"Administrador","@id":"https:\/\/camaraenmano.org\/#\/schema\/person\/9ae05f95e2aa0144ea0768d6f65488be"},"headline":"Curso de WordPress para fot\u00f3grafos \u2013 Joan Vendrell","datePublished":"2023-06-01T17:10:15+00:00","mainEntityOfPage":{"@id":"https:\/\/camaraenmano.org\/index.php\/2023\/06\/01\/curso-de-wordpress-para-fotografos-joan-vendrell\/"},"wordCount":167,"commentCount":0,"publisher":{"@id":"https:\/\/camaraenmano.org\/#organization"},"image":{"@id":"https:\/\/camaraenmano.org\/index.php\/2023\/06\/01\/curso-de-wordpress-para-fotografos-joan-vendrell\/#primaryimage"},"thumbnailUrl":"https:\/\/camaraenmano.org\/wp-content\/uploads\/2023\/06\/WordPress_blue_logo.svg_.png","articleSection":["Actividades"],"inLanguage":"es","potentialAction":[{"@type":"CommentAction","name":"Comment","target":["https:\/\/camaraenmano.org\/index.php\/2023\/06\/01\/curso-de-wordpress-para-fotografos-joan-vendrell\/#respond"]}]},{"@type":"WebPage","@id":"https:\/\/camaraenmano.org\/index.php\/2023\/06\/01\/curso-de-wordpress-para-fotografos-joan-vendrell\/","url":"https:\/\/camaraenmano.org\/index.php\/2023\/06\/01\/curso-de-wordpress-para-fotografos-joan-vendrell\/","name":"Curso de WordPress para fot\u00f3grafos \u2013 Joan Vendrell - Asociaci\u00f3n fotogr\u00e1fica C\u00e1mara en mano Las Rozas","isPartOf":{"@id":"https:\/\/camaraenmano.org\/#website"},"primaryImageOfPage":{"@id":"https:\/\/camaraenmano.org\/index.php\/2023\/06\/01\/curso-de-wordpress-para-fotografos-joan-vendrell\/#primaryimage"},"image":{"@id":"https:\/\/camaraenmano.org\/index.php\/2023\/06\/01\/curso-de-wordpress-para-fotografos-joan-vendrell\/#primaryimage"},"thumbnailUrl":"https:\/\/camaraenmano.org\/wp-content\/uploads\/2023\/06\/WordPress_blue_logo.svg_.png","datePublished":"2023-06-01T17:10:15+00:00","breadcrumb":{"@id":"https:\/\/camaraenmano.org\/index.php\/2023\/06\/01\/curso-de-wordpress-para-fotografos-joan-vendrell\/#breadcrumb"},"inLanguage":"es","potentialAction":[{"@type":"ReadAction","target":["https:\/\/camaraenmano.org\/index.php\/2023\/06\/01\/curso-de-wordpress-para-fotografos-joan-vendrell\/"]}]},{"@type":"ImageObject","inLanguage":"es","@id":"https:\/\/camaraenmano.org\/index.php\/2023\/06\/01\/curso-de-wordpress-para-fotografos-joan-vendrell\/#primaryimage","url":"https:\/\/camaraenmano.org\/wp-content\/uploads\/2023\/06\/WordPress_blue_logo.svg_.png","contentUrl":"https:\/\/camaraenmano.org\/wp-content\/uploads\/2023\/06\/WordPress_blue_logo.svg_.png","width":1200,"height":1200},{"@type":"BreadcrumbList","@id":"https:\/\/camaraenmano.org\/index.php\/2023\/06\/01\/curso-de-wordpress-para-fotografos-joan-vendrell\/#breadcrumb","itemListElement":[{"@type":"ListItem","position":1,"name":"Portada","item":"https:\/\/camaraenmano.org\/"},{"@type":"ListItem","position":2,"name":"Curso de WordPress para fot\u00f3grafos \u2013 Joan Vendrell"}]},{"@type":"WebSite","@id":"https:\/\/camaraenmano.org\/#website","url":"https:\/\/camaraenmano.org\/","name":"Asociaci\u00f3n fotogr\u00e1fica C\u00e1mara en mano Las Rozas","description":"","publisher":{"@id":"https:\/\/camaraenmano.org\/#organization"},"potentialAction":[{"@type":"SearchAction","target":{"@type":"EntryPoint","urlTemplate":"https:\/\/camaraenmano.org\/?s={search_term_string}"},"query-input":{"@type":"PropertyValueSpecification","valueRequired":true,"valueName":"search_term_string"}}],"inLanguage":"es"},{"@type":"Organization","@id":"https:\/\/camaraenmano.org\/#organization","name":"C\u00e1mara en mano","url":"https:\/\/camaraenmano.org\/","logo":{"@type":"ImageObject","inLanguage":"es","@id":"https:\/\/camaraenmano.org\/#\/schema\/logo\/image\/","url":"https:\/\/camaraenmano.org\/wp-content\/uploads\/2023\/10\/cropped-Logo-Camara-en-Mano-2-1.png","contentUrl":"https:\/\/camaraenmano.org\/wp-content\/uploads\/2023\/10\/cropped-Logo-Camara-en-Mano-2-1.png","width":3174,"height":2093,"caption":"C\u00e1mara en mano"},"image":{"@id":"https:\/\/camaraenmano.org\/#\/schema\/logo\/image\/"},"sameAs":["https:\/\/www.facebook.com\/AFCamaraenmano\/","https:\/\/www.instagram.com\/afcamaraenmano\/"]},{"@type":"Person","@id":"https:\/\/camaraenmano.org\/#\/schema\/person\/9ae05f95e2aa0144ea0768d6f65488be","name":"Administrador","image":{"@type":"ImageObject","inLanguage":"es","@id":"https:\/\/secure.gravatar.com\/avatar\/afbf021a33f39f3b1b0fcbf424cd00175e4543d4630d7a19e2a7c6defa5096c8?s=96&d=mm&r=g","url":"https:\/\/secure.gravatar.com\/avatar\/afbf021a33f39f3b1b0fcbf424cd00175e4543d4630d7a19e2a7c6defa5096c8?s=96&d=mm&r=g","contentUrl":"https:\/\/secure.gravatar.com\/avatar\/afbf021a33f39f3b1b0fcbf424cd00175e4543d4630d7a19e2a7c6defa5096c8?s=96&d=mm&r=g","caption":"Administrador"},"sameAs":["http:\/\/camaraenmano.org"],"url":"https:\/\/camaraenmano.org\/index.php\/author\/admin2786\/"}]}},"_links":{"self":[{"href":"https:\/\/camaraenmano.org\/index.php\/wp-json\/wp\/v2\/posts\/2860","targetHints":{"allow":["GET"]}}],"collection":[{"href":"https:\/\/camaraenmano.org\/index.php\/wp-json\/wp\/v2\/posts"}],"about":[{"href":"https:\/\/camaraenmano.org\/index.php\/wp-json\/wp\/v2\/types\/post"}],"author":[{"embeddable":true,"href":"https:\/\/camaraenmano.org\/index.php\/wp-json\/wp\/v2\/users\/1"}],"replies":[{"embeddable":true,"href":"https:\/\/camaraenmano.org\/index.php\/wp-json\/wp\/v2\/comments?post=2860"}],"version-history":[{"count":1,"href":"https:\/\/camaraenmano.org\/index.php\/wp-json\/wp\/v2\/posts\/2860\/revisions"}],"predecessor-version":[{"id":2863,"href":"https:\/\/camaraenmano.org\/index.php\/wp-json\/wp\/v2\/posts\/2860\/revisions\/2863"}],"wp:featuredmedia":[{"embeddable":true,"href":"https:\/\/camaraenmano.org\/index.php\/wp-json\/wp\/v2\/media\/2862"}],"wp:attachment":[{"href":"https:\/\/camaraenmano.org\/index.php\/wp-json\/wp\/v2\/media?parent=2860"}],"wp:term":[{"taxonomy":"category","embeddable":true,"href":"https:\/\/camaraenmano.org\/index.php\/wp-json\/wp\/v2\/categories?post=2860"},{"taxonomy":"post_tag","embeddable":true,"href":"https:\/\/camaraenmano.org\/index.php\/wp-json\/wp\/v2\/tags?post=2860"}],"curies":[{"name":"wp","href":"https:\/\/api.w.org\/{rel}","templated":true}]}}