{"id":2899,"date":"2023-06-19T17:58:58","date_gmt":"2023-06-19T15:58:58","guid":{"rendered":"https:\/\/camaraenmano.org\/?p=2899"},"modified":"2023-07-03T19:15:46","modified_gmt":"2023-07-03T17:15:46","slug":"exposicion-el-universo-de-una-estrella-ouka-leele-real-sociedad-fotografica","status":"publish","type":"post","link":"https:\/\/camaraenmano.org\/index.php\/2023\/06\/19\/exposicion-el-universo-de-una-estrella-ouka-leele-real-sociedad-fotografica\/","title":{"rendered":"Exposici\u00f3n El Universo de una Estrella, Ouka Leele (Real Sociedad Fotogr\u00e1fica)"},"content":{"rendered":"<p style=\"text-align: justify;\">Varios de los miembros de la Asociaci\u00f3n asistimos, el pasado <strong>6 de junio<\/strong>, a la inauguraci\u00f3n de la exposici\u00f3n \u201cEl Universo de una Estrella. Ouka Leele\u201d en los locales de la Real Sociedad Fotogr\u00e1fica.<\/p>\n<figure id=\"attachment_2900\" aria-describedby=\"caption-attachment-2900\" style=\"width: 523px\" class=\"wp-caption alignleft\"><img loading=\"lazy\" decoding=\"async\" class=\"wp-image-2900\" src=\"https:\/\/camaraenmano.org\/wp-content\/uploads\/2023\/06\/oukalele1-1024x461.jpg\" alt=\"\" width=\"523\" height=\"235\" srcset=\"https:\/\/camaraenmano.org\/wp-content\/uploads\/2023\/06\/oukalele1-1024x461.jpg 1024w, https:\/\/camaraenmano.org\/wp-content\/uploads\/2023\/06\/oukalele1-300x135.jpg 300w, https:\/\/camaraenmano.org\/wp-content\/uploads\/2023\/06\/oukalele1-768x346.jpg 768w, https:\/\/camaraenmano.org\/wp-content\/uploads\/2023\/06\/oukalele1-1320x594.jpg 1320w, https:\/\/camaraenmano.org\/wp-content\/uploads\/2023\/06\/oukalele1.jpg 1488w\" sizes=\"auto, (max-width: 523px) 100vw, 523px\" \/><figcaption id=\"caption-attachment-2900\" class=\"wp-caption-text\">Imagen \u00c1ngel R. Gonz\u00e1lez<\/figcaption><\/figure>\n<p style=\"text-align: justify;\">Invitados por la Real Sociedad Fotogr\u00e1fica, pudimos contemplar obras, en blanco y negro, de la primera \u00e9poca de la genial fot\u00f3grafa. Las obras fueron cedidas por su hija Mar\u00eda, especialmente para esta retrospectiva de la obra de Ouka Leele.<\/p>\n<p style=\"text-align: justify;\"><em>Seg\u00fan sus propias palabras, entendi\u00f3 la fotograf\u00eda como \u00ab<span>poes\u00eda visual, una forma de hablar sin usar palabras\u00bb.\u00a0<\/span><\/em><em>Premio Nacional de Fotograf\u00eda en 2005 por \u201ccuestionar los l\u00edmites de la fotograf\u00eda\u201d, su obra autodidacta y vitalista\u00a0es ic\u00f3nica del Madrid de la Movida madrile\u00f1a.<\/em><\/p>\n<p style=\"text-align: justify;\"><em>B\u00e1rbara Allende se convirti\u00f3 en una estrella cuando, en 1979, adopt\u00f3 como pseud\u00f3nimo Ouka Leele, una constelaci\u00f3n salida de la galaxia imaginaria del Hortelano para su emblem\u00e1tico c\u00f3mic Europa Requiem.<\/em><\/p>\n<p style=\"text-align: justify;\"><em>Artista polifac\u00e9tica, asumi\u00f3 durante su carrera constantes retos para sus creaciones, utilizando recursos de todas las disciplinas art\u00edsticas como la pintura, el dibujo, la fotograf\u00eda, la escenograf\u00eda, el perfomance, el cine y el video, e incluso literarias, como la poes\u00eda y el relato.<\/em><\/p>\n<figure id=\"attachment_2901\" aria-describedby=\"caption-attachment-2901\" style=\"width: 602px\" class=\"wp-caption alignright\"><img loading=\"lazy\" decoding=\"async\" class=\"wp-image-2901\" src=\"https:\/\/camaraenmano.org\/wp-content\/uploads\/2023\/06\/oukalele3.jpg\" alt=\"\" width=\"602\" height=\"241\" srcset=\"https:\/\/camaraenmano.org\/wp-content\/uploads\/2023\/06\/oukalele3.jpg 1013w, https:\/\/camaraenmano.org\/wp-content\/uploads\/2023\/06\/oukalele3-300x120.jpg 300w, https:\/\/camaraenmano.org\/wp-content\/uploads\/2023\/06\/oukalele3-768x308.jpg 768w\" sizes=\"auto, (max-width: 602px) 100vw, 602px\" \/><figcaption id=\"caption-attachment-2901\" class=\"wp-caption-text\">Imagen \u00c1ngel R. Gonz\u00e1lez<\/figcaption><\/figure>\n<p style=\"text-align: justify;\"><em>Entendiendo la fotograf\u00eda como poes\u00eda visual, como una forma de hablar sin usar las palabras, revolucion\u00f3 el g\u00e9nero con las im\u00e1genes<\/em><em>\u00a0llenas de color de su serie Peluquer\u00eda. As\u00ed, capa sobre capa, como hacen los pintores, Ouka Leele iluminaba las escenas, les insuflaba vida, las dotaba de magia.<\/em><\/p>\n<p style=\"text-align: justify;\"><em>En esta exposici\u00f3n, la fot\u00f3grafa que so\u00f1aba en colores, se desnuda delante de nosotros, se despoja de todo lo artificioso para mostrarnos su parte m\u00e1s \u00edntima, su mirada primigenia, su universo descarnado. Lo esencial. En blanco y negro<\/em><\/p>\n<figure id=\"attachment_2902\" aria-describedby=\"caption-attachment-2902\" style=\"width: 537px\" class=\"wp-caption alignnone\"><img loading=\"lazy\" decoding=\"async\" class=\"wp-image-2902\" src=\"https:\/\/camaraenmano.org\/wp-content\/uploads\/2023\/06\/oukalele2.jpg\" alt=\"\" width=\"537\" height=\"242\" srcset=\"https:\/\/camaraenmano.org\/wp-content\/uploads\/2023\/06\/oukalele2.jpg 837w, https:\/\/camaraenmano.org\/wp-content\/uploads\/2023\/06\/oukalele2-300x135.jpg 300w, https:\/\/camaraenmano.org\/wp-content\/uploads\/2023\/06\/oukalele2-768x346.jpg 768w\" sizes=\"auto, (max-width: 537px) 100vw, 537px\" \/><figcaption id=\"caption-attachment-2902\" class=\"wp-caption-text\">Imagen \u00c1ngel R. Gonz\u00e1lez<\/figcaption><\/figure>\n<p><em>B\u00e1rbara retoma la fotograf\u00eda de sus inicios, m\u00e1s bien siempre tuvo un hueco para los abanicos grises. Tonalidades capaces de capturar objetos y escenas a los que dota de cualidades\u00a0<\/em><em>m\u00e1gicas, de su m\u00edstica dom\u00e9stica. Composiciones estudiadas y paisajes construidos, habitados por ninfas y duendecillos, por personajes salidos de su imaginaci\u00f3n y de su coraz\u00f3n, para contarnos una historia. Retratos intimistas de su familia, de sus amigos, de su universo. Aqu\u00ed, vida y fotograf\u00eda se unen para atrapar momentos, para retratar el tiempo. <\/em>(Texto de Mar\u00eda Redondo)<\/p>\n<p>&nbsp;<\/p>\n<p><img loading=\"lazy\" decoding=\"async\" class=\"alignnone size-full wp-image-2903\" src=\"https:\/\/camaraenmano.org\/wp-content\/uploads\/2023\/06\/oukaleele.jpg\" alt=\"\" width=\"687\" height=\"1001\" srcset=\"https:\/\/camaraenmano.org\/wp-content\/uploads\/2023\/06\/oukaleele.jpg 687w, https:\/\/camaraenmano.org\/wp-content\/uploads\/2023\/06\/oukaleele-206x300.jpg 206w\" sizes=\"auto, (max-width: 687px) 100vw, 687px\" \/> <img loading=\"lazy\" decoding=\"async\" class=\"alignnone size-large wp-image-2904\" src=\"https:\/\/camaraenmano.org\/wp-content\/uploads\/2023\/06\/Sin-titulo-1.jpg\" alt=\"\" width=\"746\" height=\"802\" srcset=\"https:\/\/camaraenmano.org\/wp-content\/uploads\/2023\/06\/Sin-titulo-1.jpg 746w, https:\/\/camaraenmano.org\/wp-content\/uploads\/2023\/06\/Sin-titulo-1-279x300.jpg 279w\" sizes=\"auto, (max-width: 746px) 100vw, 746px\" \/><\/p>\n","protected":false},"excerpt":{"rendered":"<p>Varios de los miembros de la Asociaci\u00f3n asistimos, el pasado 6 de junio, a la inauguraci\u00f3n de la exposici\u00f3n \u201cEl Universo de una Estrella. Ouka Leele\u201d en los locales de la Real Sociedad Fotogr\u00e1fica. Invitados por la Real Sociedad Fotogr\u00e1fica, pudimos contemplar obras, en blanco y negro, de la primera \u00e9poca de la genial fot\u00f3grafa. [&hellip;]<\/p>\n","protected":false},"author":1,"featured_media":2902,"comment_status":"open","ping_status":"open","sticky":false,"template":"","format":"standard","meta":{"footnotes":""},"categories":[5],"tags":[260],"class_list":{"0":"post-2899","1":"post","2":"type-post","3":"status-publish","4":"format-standard","5":"has-post-thumbnail","7":"category-actividades","8":"tag-ouka-leele","9":"czr-hentry"},"yoast_head":"<!-- This site is optimized with the Yoast SEO plugin v27.5 - https:\/\/yoast.com\/product\/yoast-seo-wordpress\/ -->\n<title>Exposici\u00f3n El Universo de una Estrella, Ouka Leele (Real Sociedad Fotogr\u00e1fica) - Asociaci\u00f3n fotogr\u00e1fica C\u00e1mara en mano Las Rozas<\/title>\n<meta name=\"robots\" content=\"index, follow, max-snippet:-1, max-image-preview:large, max-video-preview:-1\" \/>\n<link rel=\"canonical\" href=\"https:\/\/camaraenmano.org\/index.php\/2023\/06\/19\/exposicion-el-universo-de-una-estrella-ouka-leele-real-sociedad-fotografica\/\" \/>\n<meta property=\"og:locale\" content=\"es_ES\" \/>\n<meta property=\"og:type\" content=\"article\" \/>\n<meta property=\"og:title\" content=\"Exposici\u00f3n El Universo de una Estrella, Ouka Leele (Real Sociedad Fotogr\u00e1fica) - Asociaci\u00f3n fotogr\u00e1fica C\u00e1mara en mano Las Rozas\" \/>\n<meta property=\"og:description\" content=\"Varios de los miembros de la Asociaci\u00f3n asistimos, el pasado 6 de junio, a la inauguraci\u00f3n de la exposici\u00f3n \u201cEl Universo de una Estrella. Ouka Leele\u201d en los locales de la Real Sociedad Fotogr\u00e1fica. Invitados por la Real Sociedad Fotogr\u00e1fica, pudimos contemplar obras, en blanco y negro, de la primera \u00e9poca de la genial fot\u00f3grafa. [&hellip;]\" \/>\n<meta property=\"og:url\" content=\"https:\/\/camaraenmano.org\/index.php\/2023\/06\/19\/exposicion-el-universo-de-una-estrella-ouka-leele-real-sociedad-fotografica\/\" \/>\n<meta property=\"og:site_name\" content=\"Asociaci\u00f3n fotogr\u00e1fica C\u00e1mara en mano Las Rozas\" \/>\n<meta property=\"article:publisher\" content=\"https:\/\/www.facebook.com\/AFCamaraenmano\/\" \/>\n<meta property=\"article:published_time\" content=\"2023-06-19T15:58:58+00:00\" \/>\n<meta property=\"article:modified_time\" content=\"2023-07-03T17:15:46+00:00\" \/>\n<meta property=\"og:image\" content=\"https:\/\/camaraenmano.org\/wp-content\/uploads\/2023\/06\/oukalele2.jpg\" \/>\n\t<meta property=\"og:image:width\" content=\"837\" \/>\n\t<meta property=\"og:image:height\" content=\"377\" \/>\n\t<meta property=\"og:image:type\" content=\"image\/jpeg\" \/>\n<meta name=\"author\" content=\"Administrador\" \/>\n<meta name=\"twitter:card\" content=\"summary_large_image\" \/>\n<meta name=\"twitter:label1\" content=\"Escrito por\" \/>\n\t<meta name=\"twitter:data1\" content=\"Administrador\" \/>\n\t<meta name=\"twitter:label2\" content=\"Tiempo de lectura\" \/>\n\t<meta name=\"twitter:data2\" content=\"3 minutos\" \/>\n<script type=\"application\/ld+json\" class=\"yoast-schema-graph\">{\"@context\":\"https:\\\/\\\/schema.org\",\"@graph\":[{\"@type\":\"Article\",\"@id\":\"https:\\\/\\\/camaraenmano.org\\\/index.php\\\/2023\\\/06\\\/19\\\/exposicion-el-universo-de-una-estrella-ouka-leele-real-sociedad-fotografica\\\/#article\",\"isPartOf\":{\"@id\":\"https:\\\/\\\/camaraenmano.org\\\/index.php\\\/2023\\\/06\\\/19\\\/exposicion-el-universo-de-una-estrella-ouka-leele-real-sociedad-fotografica\\\/\"},\"author\":{\"name\":\"Administrador\",\"@id\":\"https:\\\/\\\/camaraenmano.org\\\/#\\\/schema\\\/person\\\/9ae05f95e2aa0144ea0768d6f65488be\"},\"headline\":\"Exposici\u00f3n El Universo de una Estrella, Ouka Leele (Real Sociedad Fotogr\u00e1fica)\",\"datePublished\":\"2023-06-19T15:58:58+00:00\",\"dateModified\":\"2023-07-03T17:15:46+00:00\",\"mainEntityOfPage\":{\"@id\":\"https:\\\/\\\/camaraenmano.org\\\/index.php\\\/2023\\\/06\\\/19\\\/exposicion-el-universo-de-una-estrella-ouka-leele-real-sociedad-fotografica\\\/\"},\"wordCount\":453,\"commentCount\":0,\"publisher\":{\"@id\":\"https:\\\/\\\/camaraenmano.org\\\/#organization\"},\"image\":{\"@id\":\"https:\\\/\\\/camaraenmano.org\\\/index.php\\\/2023\\\/06\\\/19\\\/exposicion-el-universo-de-una-estrella-ouka-leele-real-sociedad-fotografica\\\/#primaryimage\"},\"thumbnailUrl\":\"https:\\\/\\\/camaraenmano.org\\\/wp-content\\\/uploads\\\/2023\\\/06\\\/oukalele2.jpg\",\"keywords\":[\"Ouka Leele\"],\"articleSection\":[\"Actividades\"],\"inLanguage\":\"es\",\"potentialAction\":[{\"@type\":\"CommentAction\",\"name\":\"Comment\",\"target\":[\"https:\\\/\\\/camaraenmano.org\\\/index.php\\\/2023\\\/06\\\/19\\\/exposicion-el-universo-de-una-estrella-ouka-leele-real-sociedad-fotografica\\\/#respond\"]}]},{\"@type\":\"WebPage\",\"@id\":\"https:\\\/\\\/camaraenmano.org\\\/index.php\\\/2023\\\/06\\\/19\\\/exposicion-el-universo-de-una-estrella-ouka-leele-real-sociedad-fotografica\\\/\",\"url\":\"https:\\\/\\\/camaraenmano.org\\\/index.php\\\/2023\\\/06\\\/19\\\/exposicion-el-universo-de-una-estrella-ouka-leele-real-sociedad-fotografica\\\/\",\"name\":\"Exposici\u00f3n El Universo de una Estrella, Ouka Leele (Real Sociedad Fotogr\u00e1fica) - Asociaci\u00f3n fotogr\u00e1fica C\u00e1mara en mano Las Rozas\",\"isPartOf\":{\"@id\":\"https:\\\/\\\/camaraenmano.org\\\/#website\"},\"primaryImageOfPage\":{\"@id\":\"https:\\\/\\\/camaraenmano.org\\\/index.php\\\/2023\\\/06\\\/19\\\/exposicion-el-universo-de-una-estrella-ouka-leele-real-sociedad-fotografica\\\/#primaryimage\"},\"image\":{\"@id\":\"https:\\\/\\\/camaraenmano.org\\\/index.php\\\/2023\\\/06\\\/19\\\/exposicion-el-universo-de-una-estrella-ouka-leele-real-sociedad-fotografica\\\/#primaryimage\"},\"thumbnailUrl\":\"https:\\\/\\\/camaraenmano.org\\\/wp-content\\\/uploads\\\/2023\\\/06\\\/oukalele2.jpg\",\"datePublished\":\"2023-06-19T15:58:58+00:00\",\"dateModified\":\"2023-07-03T17:15:46+00:00\",\"breadcrumb\":{\"@id\":\"https:\\\/\\\/camaraenmano.org\\\/index.php\\\/2023\\\/06\\\/19\\\/exposicion-el-universo-de-una-estrella-ouka-leele-real-sociedad-fotografica\\\/#breadcrumb\"},\"inLanguage\":\"es\",\"potentialAction\":[{\"@type\":\"ReadAction\",\"target\":[\"https:\\\/\\\/camaraenmano.org\\\/index.php\\\/2023\\\/06\\\/19\\\/exposicion-el-universo-de-una-estrella-ouka-leele-real-sociedad-fotografica\\\/\"]}]},{\"@type\":\"ImageObject\",\"inLanguage\":\"es\",\"@id\":\"https:\\\/\\\/camaraenmano.org\\\/index.php\\\/2023\\\/06\\\/19\\\/exposicion-el-universo-de-una-estrella-ouka-leele-real-sociedad-fotografica\\\/#primaryimage\",\"url\":\"https:\\\/\\\/camaraenmano.org\\\/wp-content\\\/uploads\\\/2023\\\/06\\\/oukalele2.jpg\",\"contentUrl\":\"https:\\\/\\\/camaraenmano.org\\\/wp-content\\\/uploads\\\/2023\\\/06\\\/oukalele2.jpg\",\"width\":837,\"height\":377},{\"@type\":\"BreadcrumbList\",\"@id\":\"https:\\\/\\\/camaraenmano.org\\\/index.php\\\/2023\\\/06\\\/19\\\/exposicion-el-universo-de-una-estrella-ouka-leele-real-sociedad-fotografica\\\/#breadcrumb\",\"itemListElement\":[{\"@type\":\"ListItem\",\"position\":1,\"name\":\"Portada\",\"item\":\"https:\\\/\\\/camaraenmano.org\\\/\"},{\"@type\":\"ListItem\",\"position\":2,\"name\":\"Exposici\u00f3n El Universo de una Estrella, Ouka Leele (Real Sociedad Fotogr\u00e1fica)\"}]},{\"@type\":\"WebSite\",\"@id\":\"https:\\\/\\\/camaraenmano.org\\\/#website\",\"url\":\"https:\\\/\\\/camaraenmano.org\\\/\",\"name\":\"Asociaci\u00f3n fotogr\u00e1fica C\u00e1mara en mano Las Rozas\",\"description\":\"\",\"publisher\":{\"@id\":\"https:\\\/\\\/camaraenmano.org\\\/#organization\"},\"potentialAction\":[{\"@type\":\"SearchAction\",\"target\":{\"@type\":\"EntryPoint\",\"urlTemplate\":\"https:\\\/\\\/camaraenmano.org\\\/?s={search_term_string}\"},\"query-input\":{\"@type\":\"PropertyValueSpecification\",\"valueRequired\":true,\"valueName\":\"search_term_string\"}}],\"inLanguage\":\"es\"},{\"@type\":\"Organization\",\"@id\":\"https:\\\/\\\/camaraenmano.org\\\/#organization\",\"name\":\"C\u00e1mara en mano\",\"url\":\"https:\\\/\\\/camaraenmano.org\\\/\",\"logo\":{\"@type\":\"ImageObject\",\"inLanguage\":\"es\",\"@id\":\"https:\\\/\\\/camaraenmano.org\\\/#\\\/schema\\\/logo\\\/image\\\/\",\"url\":\"https:\\\/\\\/camaraenmano.org\\\/wp-content\\\/uploads\\\/2023\\\/10\\\/cropped-Logo-Camara-en-Mano-2-1.png\",\"contentUrl\":\"https:\\\/\\\/camaraenmano.org\\\/wp-content\\\/uploads\\\/2023\\\/10\\\/cropped-Logo-Camara-en-Mano-2-1.png\",\"width\":3174,\"height\":2093,\"caption\":\"C\u00e1mara en mano\"},\"image\":{\"@id\":\"https:\\\/\\\/camaraenmano.org\\\/#\\\/schema\\\/logo\\\/image\\\/\"},\"sameAs\":[\"https:\\\/\\\/www.facebook.com\\\/AFCamaraenmano\\\/\",\"https:\\\/\\\/www.instagram.com\\\/afcamaraenmano\\\/\"]},{\"@type\":\"Person\",\"@id\":\"https:\\\/\\\/camaraenmano.org\\\/#\\\/schema\\\/person\\\/9ae05f95e2aa0144ea0768d6f65488be\",\"name\":\"Administrador\",\"image\":{\"@type\":\"ImageObject\",\"inLanguage\":\"es\",\"@id\":\"https:\\\/\\\/secure.gravatar.com\\\/avatar\\\/afbf021a33f39f3b1b0fcbf424cd00175e4543d4630d7a19e2a7c6defa5096c8?s=96&d=mm&r=g\",\"url\":\"https:\\\/\\\/secure.gravatar.com\\\/avatar\\\/afbf021a33f39f3b1b0fcbf424cd00175e4543d4630d7a19e2a7c6defa5096c8?s=96&d=mm&r=g\",\"contentUrl\":\"https:\\\/\\\/secure.gravatar.com\\\/avatar\\\/afbf021a33f39f3b1b0fcbf424cd00175e4543d4630d7a19e2a7c6defa5096c8?s=96&d=mm&r=g\",\"caption\":\"Administrador\"},\"sameAs\":[\"http:\\\/\\\/camaraenmano.org\"],\"url\":\"https:\\\/\\\/camaraenmano.org\\\/index.php\\\/author\\\/admin2786\\\/\"}]}<\/script>\n<!-- \/ Yoast SEO plugin. -->","yoast_head_json":{"title":"Exposici\u00f3n El Universo de una Estrella, Ouka Leele (Real Sociedad Fotogr\u00e1fica) - Asociaci\u00f3n fotogr\u00e1fica C\u00e1mara en mano Las Rozas","robots":{"index":"index","follow":"follow","max-snippet":"max-snippet:-1","max-image-preview":"max-image-preview:large","max-video-preview":"max-video-preview:-1"},"canonical":"https:\/\/camaraenmano.org\/index.php\/2023\/06\/19\/exposicion-el-universo-de-una-estrella-ouka-leele-real-sociedad-fotografica\/","og_locale":"es_ES","og_type":"article","og_title":"Exposici\u00f3n El Universo de una Estrella, Ouka Leele (Real Sociedad Fotogr\u00e1fica) - Asociaci\u00f3n fotogr\u00e1fica C\u00e1mara en mano Las Rozas","og_description":"Varios de los miembros de la Asociaci\u00f3n asistimos, el pasado 6 de junio, a la inauguraci\u00f3n de la exposici\u00f3n \u201cEl Universo de una Estrella. Ouka Leele\u201d en los locales de la Real Sociedad Fotogr\u00e1fica. Invitados por la Real Sociedad Fotogr\u00e1fica, pudimos contemplar obras, en blanco y negro, de la primera \u00e9poca de la genial fot\u00f3grafa. [&hellip;]","og_url":"https:\/\/camaraenmano.org\/index.php\/2023\/06\/19\/exposicion-el-universo-de-una-estrella-ouka-leele-real-sociedad-fotografica\/","og_site_name":"Asociaci\u00f3n fotogr\u00e1fica C\u00e1mara en mano Las Rozas","article_publisher":"https:\/\/www.facebook.com\/AFCamaraenmano\/","article_published_time":"2023-06-19T15:58:58+00:00","article_modified_time":"2023-07-03T17:15:46+00:00","og_image":[{"width":837,"height":377,"url":"https:\/\/camaraenmano.org\/wp-content\/uploads\/2023\/06\/oukalele2.jpg","type":"image\/jpeg"}],"author":"Administrador","twitter_card":"summary_large_image","twitter_misc":{"Escrito por":"Administrador","Tiempo de lectura":"3 minutos"},"schema":{"@context":"https:\/\/schema.org","@graph":[{"@type":"Article","@id":"https:\/\/camaraenmano.org\/index.php\/2023\/06\/19\/exposicion-el-universo-de-una-estrella-ouka-leele-real-sociedad-fotografica\/#article","isPartOf":{"@id":"https:\/\/camaraenmano.org\/index.php\/2023\/06\/19\/exposicion-el-universo-de-una-estrella-ouka-leele-real-sociedad-fotografica\/"},"author":{"name":"Administrador","@id":"https:\/\/camaraenmano.org\/#\/schema\/person\/9ae05f95e2aa0144ea0768d6f65488be"},"headline":"Exposici\u00f3n El Universo de una Estrella, Ouka Leele (Real Sociedad Fotogr\u00e1fica)","datePublished":"2023-06-19T15:58:58+00:00","dateModified":"2023-07-03T17:15:46+00:00","mainEntityOfPage":{"@id":"https:\/\/camaraenmano.org\/index.php\/2023\/06\/19\/exposicion-el-universo-de-una-estrella-ouka-leele-real-sociedad-fotografica\/"},"wordCount":453,"commentCount":0,"publisher":{"@id":"https:\/\/camaraenmano.org\/#organization"},"image":{"@id":"https:\/\/camaraenmano.org\/index.php\/2023\/06\/19\/exposicion-el-universo-de-una-estrella-ouka-leele-real-sociedad-fotografica\/#primaryimage"},"thumbnailUrl":"https:\/\/camaraenmano.org\/wp-content\/uploads\/2023\/06\/oukalele2.jpg","keywords":["Ouka Leele"],"articleSection":["Actividades"],"inLanguage":"es","potentialAction":[{"@type":"CommentAction","name":"Comment","target":["https:\/\/camaraenmano.org\/index.php\/2023\/06\/19\/exposicion-el-universo-de-una-estrella-ouka-leele-real-sociedad-fotografica\/#respond"]}]},{"@type":"WebPage","@id":"https:\/\/camaraenmano.org\/index.php\/2023\/06\/19\/exposicion-el-universo-de-una-estrella-ouka-leele-real-sociedad-fotografica\/","url":"https:\/\/camaraenmano.org\/index.php\/2023\/06\/19\/exposicion-el-universo-de-una-estrella-ouka-leele-real-sociedad-fotografica\/","name":"Exposici\u00f3n El Universo de una Estrella, Ouka Leele (Real Sociedad Fotogr\u00e1fica) - Asociaci\u00f3n fotogr\u00e1fica C\u00e1mara en mano Las Rozas","isPartOf":{"@id":"https:\/\/camaraenmano.org\/#website"},"primaryImageOfPage":{"@id":"https:\/\/camaraenmano.org\/index.php\/2023\/06\/19\/exposicion-el-universo-de-una-estrella-ouka-leele-real-sociedad-fotografica\/#primaryimage"},"image":{"@id":"https:\/\/camaraenmano.org\/index.php\/2023\/06\/19\/exposicion-el-universo-de-una-estrella-ouka-leele-real-sociedad-fotografica\/#primaryimage"},"thumbnailUrl":"https:\/\/camaraenmano.org\/wp-content\/uploads\/2023\/06\/oukalele2.jpg","datePublished":"2023-06-19T15:58:58+00:00","dateModified":"2023-07-03T17:15:46+00:00","breadcrumb":{"@id":"https:\/\/camaraenmano.org\/index.php\/2023\/06\/19\/exposicion-el-universo-de-una-estrella-ouka-leele-real-sociedad-fotografica\/#breadcrumb"},"inLanguage":"es","potentialAction":[{"@type":"ReadAction","target":["https:\/\/camaraenmano.org\/index.php\/2023\/06\/19\/exposicion-el-universo-de-una-estrella-ouka-leele-real-sociedad-fotografica\/"]}]},{"@type":"ImageObject","inLanguage":"es","@id":"https:\/\/camaraenmano.org\/index.php\/2023\/06\/19\/exposicion-el-universo-de-una-estrella-ouka-leele-real-sociedad-fotografica\/#primaryimage","url":"https:\/\/camaraenmano.org\/wp-content\/uploads\/2023\/06\/oukalele2.jpg","contentUrl":"https:\/\/camaraenmano.org\/wp-content\/uploads\/2023\/06\/oukalele2.jpg","width":837,"height":377},{"@type":"BreadcrumbList","@id":"https:\/\/camaraenmano.org\/index.php\/2023\/06\/19\/exposicion-el-universo-de-una-estrella-ouka-leele-real-sociedad-fotografica\/#breadcrumb","itemListElement":[{"@type":"ListItem","position":1,"name":"Portada","item":"https:\/\/camaraenmano.org\/"},{"@type":"ListItem","position":2,"name":"Exposici\u00f3n El Universo de una Estrella, Ouka Leele (Real Sociedad Fotogr\u00e1fica)"}]},{"@type":"WebSite","@id":"https:\/\/camaraenmano.org\/#website","url":"https:\/\/camaraenmano.org\/","name":"Asociaci\u00f3n fotogr\u00e1fica C\u00e1mara en mano Las Rozas","description":"","publisher":{"@id":"https:\/\/camaraenmano.org\/#organization"},"potentialAction":[{"@type":"SearchAction","target":{"@type":"EntryPoint","urlTemplate":"https:\/\/camaraenmano.org\/?s={search_term_string}"},"query-input":{"@type":"PropertyValueSpecification","valueRequired":true,"valueName":"search_term_string"}}],"inLanguage":"es"},{"@type":"Organization","@id":"https:\/\/camaraenmano.org\/#organization","name":"C\u00e1mara en mano","url":"https:\/\/camaraenmano.org\/","logo":{"@type":"ImageObject","inLanguage":"es","@id":"https:\/\/camaraenmano.org\/#\/schema\/logo\/image\/","url":"https:\/\/camaraenmano.org\/wp-content\/uploads\/2023\/10\/cropped-Logo-Camara-en-Mano-2-1.png","contentUrl":"https:\/\/camaraenmano.org\/wp-content\/uploads\/2023\/10\/cropped-Logo-Camara-en-Mano-2-1.png","width":3174,"height":2093,"caption":"C\u00e1mara en mano"},"image":{"@id":"https:\/\/camaraenmano.org\/#\/schema\/logo\/image\/"},"sameAs":["https:\/\/www.facebook.com\/AFCamaraenmano\/","https:\/\/www.instagram.com\/afcamaraenmano\/"]},{"@type":"Person","@id":"https:\/\/camaraenmano.org\/#\/schema\/person\/9ae05f95e2aa0144ea0768d6f65488be","name":"Administrador","image":{"@type":"ImageObject","inLanguage":"es","@id":"https:\/\/secure.gravatar.com\/avatar\/afbf021a33f39f3b1b0fcbf424cd00175e4543d4630d7a19e2a7c6defa5096c8?s=96&d=mm&r=g","url":"https:\/\/secure.gravatar.com\/avatar\/afbf021a33f39f3b1b0fcbf424cd00175e4543d4630d7a19e2a7c6defa5096c8?s=96&d=mm&r=g","contentUrl":"https:\/\/secure.gravatar.com\/avatar\/afbf021a33f39f3b1b0fcbf424cd00175e4543d4630d7a19e2a7c6defa5096c8?s=96&d=mm&r=g","caption":"Administrador"},"sameAs":["http:\/\/camaraenmano.org"],"url":"https:\/\/camaraenmano.org\/index.php\/author\/admin2786\/"}]}},"_links":{"self":[{"href":"https:\/\/camaraenmano.org\/index.php\/wp-json\/wp\/v2\/posts\/2899","targetHints":{"allow":["GET"]}}],"collection":[{"href":"https:\/\/camaraenmano.org\/index.php\/wp-json\/wp\/v2\/posts"}],"about":[{"href":"https:\/\/camaraenmano.org\/index.php\/wp-json\/wp\/v2\/types\/post"}],"author":[{"embeddable":true,"href":"https:\/\/camaraenmano.org\/index.php\/wp-json\/wp\/v2\/users\/1"}],"replies":[{"embeddable":true,"href":"https:\/\/camaraenmano.org\/index.php\/wp-json\/wp\/v2\/comments?post=2899"}],"version-history":[{"count":2,"href":"https:\/\/camaraenmano.org\/index.php\/wp-json\/wp\/v2\/posts\/2899\/revisions"}],"predecessor-version":[{"id":2927,"href":"https:\/\/camaraenmano.org\/index.php\/wp-json\/wp\/v2\/posts\/2899\/revisions\/2927"}],"wp:featuredmedia":[{"embeddable":true,"href":"https:\/\/camaraenmano.org\/index.php\/wp-json\/wp\/v2\/media\/2902"}],"wp:attachment":[{"href":"https:\/\/camaraenmano.org\/index.php\/wp-json\/wp\/v2\/media?parent=2899"}],"wp:term":[{"taxonomy":"category","embeddable":true,"href":"https:\/\/camaraenmano.org\/index.php\/wp-json\/wp\/v2\/categories?post=2899"},{"taxonomy":"post_tag","embeddable":true,"href":"https:\/\/camaraenmano.org\/index.php\/wp-json\/wp\/v2\/tags?post=2899"}],"curies":[{"name":"wp","href":"https:\/\/api.w.org\/{rel}","templated":true}]}}