{"id":303,"date":"2021-12-08T11:33:31","date_gmt":"2021-12-08T10:33:31","guid":{"rendered":"https:\/\/camaraenmano.org\/?p=303"},"modified":"2021-12-08T11:33:31","modified_gmt":"2021-12-08T10:33:31","slug":"exposicion-steve-mac-curry-icons","status":"publish","type":"post","link":"https:\/\/camaraenmano.org\/index.php\/2021\/12\/08\/exposicion-steve-mac-curry-icons\/","title":{"rendered":"Exposici\u00f3n: Steve Mac Curry &#8211; Icons"},"content":{"rendered":"<p>Interesante exposici\u00f3n que <span>acerca al visitante m\u00e1s de 100 fotograf\u00edas ic\u00f3nicas de\u00a0<\/span><strong>Steve McCurry<\/strong><span>, como la \u201cNi\u00f1a Afgana\u201d, Sharbat Gula, quien cautiv\u00f3 al mundo desde la portada de la revista National Geographic en 1985, as\u00ed como una selecci\u00f3n de las im\u00e1genes m\u00e1s impresionantes de sus viajes a Afganist\u00e1n, Pakist\u00e1n, India o China, entre otros muchos pa\u00edses.\u00a0<\/span><\/p>\n<p>La exposici\u00f3n tiene lugar en el COAM (Colegio Oficial de Arquitectos de Madrid, <span>C. de Hortaleza, 63, 28004 Madrid<\/span>) <strong>del 17 de noviembre 2021 al 13 de febrero 2022.<\/strong><\/p>\n<p>Las entradas cuestan<strong> 11,50 \u20ac<\/strong> y se pueden sacar en su p\u00e1gina web https:\/\/stevemccurry.es\/<\/p>\n<p>&nbsp;<\/p>\n<p><img loading=\"lazy\" decoding=\"async\" class=\"alignnone size-medium wp-image-304\" src=\"https:\/\/camaraenmano.org\/wp-content\/uploads\/2021\/12\/Exposicion-Steve-McCurry-Icons-COAM-Madrid-204x300.jpg\" alt=\"\" width=\"204\" height=\"300\" srcset=\"https:\/\/camaraenmano.org\/wp-content\/uploads\/2021\/12\/Exposicion-Steve-McCurry-Icons-COAM-Madrid-204x300.jpg 204w, https:\/\/camaraenmano.org\/wp-content\/uploads\/2021\/12\/Exposicion-Steve-McCurry-Icons-COAM-Madrid.jpg 493w\" sizes=\"auto, (max-width: 204px) 100vw, 204px\" \/><\/p>\n","protected":false},"excerpt":{"rendered":"<p>Interesante exposici\u00f3n que acerca al visitante m\u00e1s de 100 fotograf\u00edas ic\u00f3nicas de\u00a0Steve McCurry, como la \u201cNi\u00f1a Afgana\u201d, Sharbat Gula, quien cautiv\u00f3 al mundo desde la portada de la revista National Geographic en 1985, as\u00ed como una selecci\u00f3n de las im\u00e1genes m\u00e1s impresionantes de sus viajes a Afganist\u00e1n, Pakist\u00e1n, India o China, entre otros muchos pa\u00edses.\u00a0 [&hellip;]<\/p>\n","protected":false},"author":1,"featured_media":304,"comment_status":"open","ping_status":"open","sticky":false,"template":"","format":"standard","meta":{"footnotes":""},"categories":[5,23],"tags":[42,41],"class_list":{"0":"post-303","1":"post","2":"type-post","3":"status-publish","4":"format-standard","5":"has-post-thumbnail","7":"category-actividades","8":"category-noticias","9":"tag-exposicion","10":"tag-steeve-maccurry","11":"czr-hentry"},"yoast_head":"<!-- This site is optimized with the Yoast SEO plugin v27.5 - https:\/\/yoast.com\/product\/yoast-seo-wordpress\/ -->\n<title>Exposici\u00f3n: Steve Mac Curry - Icons - Asociaci\u00f3n fotogr\u00e1fica C\u00e1mara en mano Las Rozas<\/title>\n<meta name=\"robots\" content=\"index, follow, max-snippet:-1, max-image-preview:large, max-video-preview:-1\" \/>\n<link rel=\"canonical\" href=\"https:\/\/camaraenmano.org\/index.php\/2021\/12\/08\/exposicion-steve-mac-curry-icons\/\" \/>\n<meta property=\"og:locale\" content=\"es_ES\" \/>\n<meta property=\"og:type\" content=\"article\" \/>\n<meta property=\"og:title\" content=\"Exposici\u00f3n: Steve Mac Curry - Icons - Asociaci\u00f3n fotogr\u00e1fica C\u00e1mara en mano Las Rozas\" \/>\n<meta property=\"og:description\" content=\"Interesante exposici\u00f3n que acerca al visitante m\u00e1s de 100 fotograf\u00edas ic\u00f3nicas de\u00a0Steve McCurry, como la \u201cNi\u00f1a Afgana\u201d, Sharbat Gula, quien cautiv\u00f3 al mundo desde la portada de la revista National Geographic en 1985, as\u00ed como una selecci\u00f3n de las im\u00e1genes m\u00e1s impresionantes de sus viajes a Afganist\u00e1n, Pakist\u00e1n, India o China, entre otros muchos pa\u00edses.\u00a0 [&hellip;]\" \/>\n<meta property=\"og:url\" content=\"https:\/\/camaraenmano.org\/index.php\/2021\/12\/08\/exposicion-steve-mac-curry-icons\/\" \/>\n<meta property=\"og:site_name\" content=\"Asociaci\u00f3n fotogr\u00e1fica C\u00e1mara en mano Las Rozas\" \/>\n<meta property=\"article:publisher\" content=\"https:\/\/www.facebook.com\/AFCamaraenmano\/\" \/>\n<meta property=\"article:published_time\" content=\"2021-12-08T10:33:31+00:00\" \/>\n<meta property=\"og:image\" content=\"https:\/\/camaraenmano.org\/wp-content\/uploads\/2021\/12\/Exposicion-Steve-McCurry-Icons-COAM-Madrid.jpg\" \/>\n\t<meta property=\"og:image:width\" content=\"493\" \/>\n\t<meta property=\"og:image:height\" content=\"725\" \/>\n\t<meta property=\"og:image:type\" content=\"image\/jpeg\" \/>\n<meta name=\"author\" content=\"Administrador\" \/>\n<meta name=\"twitter:card\" content=\"summary_large_image\" \/>\n<meta name=\"twitter:label1\" content=\"Escrito por\" \/>\n\t<meta name=\"twitter:data1\" content=\"Administrador\" \/>\n\t<meta name=\"twitter:label2\" content=\"Tiempo de lectura\" \/>\n\t<meta name=\"twitter:data2\" content=\"1 minuto\" \/>\n<script type=\"application\/ld+json\" class=\"yoast-schema-graph\">{\"@context\":\"https:\\\/\\\/schema.org\",\"@graph\":[{\"@type\":\"Article\",\"@id\":\"https:\\\/\\\/camaraenmano.org\\\/index.php\\\/2021\\\/12\\\/08\\\/exposicion-steve-mac-curry-icons\\\/#article\",\"isPartOf\":{\"@id\":\"https:\\\/\\\/camaraenmano.org\\\/index.php\\\/2021\\\/12\\\/08\\\/exposicion-steve-mac-curry-icons\\\/\"},\"author\":{\"name\":\"Administrador\",\"@id\":\"https:\\\/\\\/camaraenmano.org\\\/#\\\/schema\\\/person\\\/9ae05f95e2aa0144ea0768d6f65488be\"},\"headline\":\"Exposici\u00f3n: Steve Mac Curry &#8211; Icons\",\"datePublished\":\"2021-12-08T10:33:31+00:00\",\"mainEntityOfPage\":{\"@id\":\"https:\\\/\\\/camaraenmano.org\\\/index.php\\\/2021\\\/12\\\/08\\\/exposicion-steve-mac-curry-icons\\\/\"},\"wordCount\":112,\"commentCount\":0,\"publisher\":{\"@id\":\"https:\\\/\\\/camaraenmano.org\\\/#organization\"},\"image\":{\"@id\":\"https:\\\/\\\/camaraenmano.org\\\/index.php\\\/2021\\\/12\\\/08\\\/exposicion-steve-mac-curry-icons\\\/#primaryimage\"},\"thumbnailUrl\":\"https:\\\/\\\/camaraenmano.org\\\/wp-content\\\/uploads\\\/2021\\\/12\\\/Exposicion-Steve-McCurry-Icons-COAM-Madrid.jpg\",\"keywords\":[\"Exposici\u00f3n\",\"Steeve MacCurry\"],\"articleSection\":[\"Actividades\",\"Noticias\"],\"inLanguage\":\"es\",\"potentialAction\":[{\"@type\":\"CommentAction\",\"name\":\"Comment\",\"target\":[\"https:\\\/\\\/camaraenmano.org\\\/index.php\\\/2021\\\/12\\\/08\\\/exposicion-steve-mac-curry-icons\\\/#respond\"]}]},{\"@type\":\"WebPage\",\"@id\":\"https:\\\/\\\/camaraenmano.org\\\/index.php\\\/2021\\\/12\\\/08\\\/exposicion-steve-mac-curry-icons\\\/\",\"url\":\"https:\\\/\\\/camaraenmano.org\\\/index.php\\\/2021\\\/12\\\/08\\\/exposicion-steve-mac-curry-icons\\\/\",\"name\":\"Exposici\u00f3n: Steve Mac Curry - Icons - Asociaci\u00f3n fotogr\u00e1fica C\u00e1mara en mano Las Rozas\",\"isPartOf\":{\"@id\":\"https:\\\/\\\/camaraenmano.org\\\/#website\"},\"primaryImageOfPage\":{\"@id\":\"https:\\\/\\\/camaraenmano.org\\\/index.php\\\/2021\\\/12\\\/08\\\/exposicion-steve-mac-curry-icons\\\/#primaryimage\"},\"image\":{\"@id\":\"https:\\\/\\\/camaraenmano.org\\\/index.php\\\/2021\\\/12\\\/08\\\/exposicion-steve-mac-curry-icons\\\/#primaryimage\"},\"thumbnailUrl\":\"https:\\\/\\\/camaraenmano.org\\\/wp-content\\\/uploads\\\/2021\\\/12\\\/Exposicion-Steve-McCurry-Icons-COAM-Madrid.jpg\",\"datePublished\":\"2021-12-08T10:33:31+00:00\",\"breadcrumb\":{\"@id\":\"https:\\\/\\\/camaraenmano.org\\\/index.php\\\/2021\\\/12\\\/08\\\/exposicion-steve-mac-curry-icons\\\/#breadcrumb\"},\"inLanguage\":\"es\",\"potentialAction\":[{\"@type\":\"ReadAction\",\"target\":[\"https:\\\/\\\/camaraenmano.org\\\/index.php\\\/2021\\\/12\\\/08\\\/exposicion-steve-mac-curry-icons\\\/\"]}]},{\"@type\":\"ImageObject\",\"inLanguage\":\"es\",\"@id\":\"https:\\\/\\\/camaraenmano.org\\\/index.php\\\/2021\\\/12\\\/08\\\/exposicion-steve-mac-curry-icons\\\/#primaryimage\",\"url\":\"https:\\\/\\\/camaraenmano.org\\\/wp-content\\\/uploads\\\/2021\\\/12\\\/Exposicion-Steve-McCurry-Icons-COAM-Madrid.jpg\",\"contentUrl\":\"https:\\\/\\\/camaraenmano.org\\\/wp-content\\\/uploads\\\/2021\\\/12\\\/Exposicion-Steve-McCurry-Icons-COAM-Madrid.jpg\",\"width\":493,\"height\":725},{\"@type\":\"BreadcrumbList\",\"@id\":\"https:\\\/\\\/camaraenmano.org\\\/index.php\\\/2021\\\/12\\\/08\\\/exposicion-steve-mac-curry-icons\\\/#breadcrumb\",\"itemListElement\":[{\"@type\":\"ListItem\",\"position\":1,\"name\":\"Portada\",\"item\":\"https:\\\/\\\/camaraenmano.org\\\/\"},{\"@type\":\"ListItem\",\"position\":2,\"name\":\"Exposici\u00f3n: Steve Mac Curry &#8211; Icons\"}]},{\"@type\":\"WebSite\",\"@id\":\"https:\\\/\\\/camaraenmano.org\\\/#website\",\"url\":\"https:\\\/\\\/camaraenmano.org\\\/\",\"name\":\"Asociaci\u00f3n fotogr\u00e1fica C\u00e1mara en mano Las Rozas\",\"description\":\"\",\"publisher\":{\"@id\":\"https:\\\/\\\/camaraenmano.org\\\/#organization\"},\"potentialAction\":[{\"@type\":\"SearchAction\",\"target\":{\"@type\":\"EntryPoint\",\"urlTemplate\":\"https:\\\/\\\/camaraenmano.org\\\/?s={search_term_string}\"},\"query-input\":{\"@type\":\"PropertyValueSpecification\",\"valueRequired\":true,\"valueName\":\"search_term_string\"}}],\"inLanguage\":\"es\"},{\"@type\":\"Organization\",\"@id\":\"https:\\\/\\\/camaraenmano.org\\\/#organization\",\"name\":\"C\u00e1mara en mano\",\"url\":\"https:\\\/\\\/camaraenmano.org\\\/\",\"logo\":{\"@type\":\"ImageObject\",\"inLanguage\":\"es\",\"@id\":\"https:\\\/\\\/camaraenmano.org\\\/#\\\/schema\\\/logo\\\/image\\\/\",\"url\":\"https:\\\/\\\/camaraenmano.org\\\/wp-content\\\/uploads\\\/2023\\\/10\\\/cropped-Logo-Camara-en-Mano-2-1.png\",\"contentUrl\":\"https:\\\/\\\/camaraenmano.org\\\/wp-content\\\/uploads\\\/2023\\\/10\\\/cropped-Logo-Camara-en-Mano-2-1.png\",\"width\":3174,\"height\":2093,\"caption\":\"C\u00e1mara en mano\"},\"image\":{\"@id\":\"https:\\\/\\\/camaraenmano.org\\\/#\\\/schema\\\/logo\\\/image\\\/\"},\"sameAs\":[\"https:\\\/\\\/www.facebook.com\\\/AFCamaraenmano\\\/\",\"https:\\\/\\\/www.instagram.com\\\/afcamaraenmano\\\/\"]},{\"@type\":\"Person\",\"@id\":\"https:\\\/\\\/camaraenmano.org\\\/#\\\/schema\\\/person\\\/9ae05f95e2aa0144ea0768d6f65488be\",\"name\":\"Administrador\",\"image\":{\"@type\":\"ImageObject\",\"inLanguage\":\"es\",\"@id\":\"https:\\\/\\\/secure.gravatar.com\\\/avatar\\\/afbf021a33f39f3b1b0fcbf424cd00175e4543d4630d7a19e2a7c6defa5096c8?s=96&d=mm&r=g\",\"url\":\"https:\\\/\\\/secure.gravatar.com\\\/avatar\\\/afbf021a33f39f3b1b0fcbf424cd00175e4543d4630d7a19e2a7c6defa5096c8?s=96&d=mm&r=g\",\"contentUrl\":\"https:\\\/\\\/secure.gravatar.com\\\/avatar\\\/afbf021a33f39f3b1b0fcbf424cd00175e4543d4630d7a19e2a7c6defa5096c8?s=96&d=mm&r=g\",\"caption\":\"Administrador\"},\"sameAs\":[\"http:\\\/\\\/camaraenmano.org\"],\"url\":\"https:\\\/\\\/camaraenmano.org\\\/index.php\\\/author\\\/admin2786\\\/\"}]}<\/script>\n<!-- \/ Yoast SEO plugin. -->","yoast_head_json":{"title":"Exposici\u00f3n: Steve Mac Curry - Icons - Asociaci\u00f3n fotogr\u00e1fica C\u00e1mara en mano Las Rozas","robots":{"index":"index","follow":"follow","max-snippet":"max-snippet:-1","max-image-preview":"max-image-preview:large","max-video-preview":"max-video-preview:-1"},"canonical":"https:\/\/camaraenmano.org\/index.php\/2021\/12\/08\/exposicion-steve-mac-curry-icons\/","og_locale":"es_ES","og_type":"article","og_title":"Exposici\u00f3n: Steve Mac Curry - Icons - Asociaci\u00f3n fotogr\u00e1fica C\u00e1mara en mano Las Rozas","og_description":"Interesante exposici\u00f3n que acerca al visitante m\u00e1s de 100 fotograf\u00edas ic\u00f3nicas de\u00a0Steve McCurry, como la \u201cNi\u00f1a Afgana\u201d, Sharbat Gula, quien cautiv\u00f3 al mundo desde la portada de la revista National Geographic en 1985, as\u00ed como una selecci\u00f3n de las im\u00e1genes m\u00e1s impresionantes de sus viajes a Afganist\u00e1n, Pakist\u00e1n, India o China, entre otros muchos pa\u00edses.\u00a0 [&hellip;]","og_url":"https:\/\/camaraenmano.org\/index.php\/2021\/12\/08\/exposicion-steve-mac-curry-icons\/","og_site_name":"Asociaci\u00f3n fotogr\u00e1fica C\u00e1mara en mano Las Rozas","article_publisher":"https:\/\/www.facebook.com\/AFCamaraenmano\/","article_published_time":"2021-12-08T10:33:31+00:00","og_image":[{"width":493,"height":725,"url":"https:\/\/camaraenmano.org\/wp-content\/uploads\/2021\/12\/Exposicion-Steve-McCurry-Icons-COAM-Madrid.jpg","type":"image\/jpeg"}],"author":"Administrador","twitter_card":"summary_large_image","twitter_misc":{"Escrito por":"Administrador","Tiempo de lectura":"1 minuto"},"schema":{"@context":"https:\/\/schema.org","@graph":[{"@type":"Article","@id":"https:\/\/camaraenmano.org\/index.php\/2021\/12\/08\/exposicion-steve-mac-curry-icons\/#article","isPartOf":{"@id":"https:\/\/camaraenmano.org\/index.php\/2021\/12\/08\/exposicion-steve-mac-curry-icons\/"},"author":{"name":"Administrador","@id":"https:\/\/camaraenmano.org\/#\/schema\/person\/9ae05f95e2aa0144ea0768d6f65488be"},"headline":"Exposici\u00f3n: Steve Mac Curry &#8211; Icons","datePublished":"2021-12-08T10:33:31+00:00","mainEntityOfPage":{"@id":"https:\/\/camaraenmano.org\/index.php\/2021\/12\/08\/exposicion-steve-mac-curry-icons\/"},"wordCount":112,"commentCount":0,"publisher":{"@id":"https:\/\/camaraenmano.org\/#organization"},"image":{"@id":"https:\/\/camaraenmano.org\/index.php\/2021\/12\/08\/exposicion-steve-mac-curry-icons\/#primaryimage"},"thumbnailUrl":"https:\/\/camaraenmano.org\/wp-content\/uploads\/2021\/12\/Exposicion-Steve-McCurry-Icons-COAM-Madrid.jpg","keywords":["Exposici\u00f3n","Steeve MacCurry"],"articleSection":["Actividades","Noticias"],"inLanguage":"es","potentialAction":[{"@type":"CommentAction","name":"Comment","target":["https:\/\/camaraenmano.org\/index.php\/2021\/12\/08\/exposicion-steve-mac-curry-icons\/#respond"]}]},{"@type":"WebPage","@id":"https:\/\/camaraenmano.org\/index.php\/2021\/12\/08\/exposicion-steve-mac-curry-icons\/","url":"https:\/\/camaraenmano.org\/index.php\/2021\/12\/08\/exposicion-steve-mac-curry-icons\/","name":"Exposici\u00f3n: Steve Mac Curry - Icons - Asociaci\u00f3n fotogr\u00e1fica C\u00e1mara en mano Las Rozas","isPartOf":{"@id":"https:\/\/camaraenmano.org\/#website"},"primaryImageOfPage":{"@id":"https:\/\/camaraenmano.org\/index.php\/2021\/12\/08\/exposicion-steve-mac-curry-icons\/#primaryimage"},"image":{"@id":"https:\/\/camaraenmano.org\/index.php\/2021\/12\/08\/exposicion-steve-mac-curry-icons\/#primaryimage"},"thumbnailUrl":"https:\/\/camaraenmano.org\/wp-content\/uploads\/2021\/12\/Exposicion-Steve-McCurry-Icons-COAM-Madrid.jpg","datePublished":"2021-12-08T10:33:31+00:00","breadcrumb":{"@id":"https:\/\/camaraenmano.org\/index.php\/2021\/12\/08\/exposicion-steve-mac-curry-icons\/#breadcrumb"},"inLanguage":"es","potentialAction":[{"@type":"ReadAction","target":["https:\/\/camaraenmano.org\/index.php\/2021\/12\/08\/exposicion-steve-mac-curry-icons\/"]}]},{"@type":"ImageObject","inLanguage":"es","@id":"https:\/\/camaraenmano.org\/index.php\/2021\/12\/08\/exposicion-steve-mac-curry-icons\/#primaryimage","url":"https:\/\/camaraenmano.org\/wp-content\/uploads\/2021\/12\/Exposicion-Steve-McCurry-Icons-COAM-Madrid.jpg","contentUrl":"https:\/\/camaraenmano.org\/wp-content\/uploads\/2021\/12\/Exposicion-Steve-McCurry-Icons-COAM-Madrid.jpg","width":493,"height":725},{"@type":"BreadcrumbList","@id":"https:\/\/camaraenmano.org\/index.php\/2021\/12\/08\/exposicion-steve-mac-curry-icons\/#breadcrumb","itemListElement":[{"@type":"ListItem","position":1,"name":"Portada","item":"https:\/\/camaraenmano.org\/"},{"@type":"ListItem","position":2,"name":"Exposici\u00f3n: Steve Mac Curry &#8211; Icons"}]},{"@type":"WebSite","@id":"https:\/\/camaraenmano.org\/#website","url":"https:\/\/camaraenmano.org\/","name":"Asociaci\u00f3n fotogr\u00e1fica C\u00e1mara en mano Las Rozas","description":"","publisher":{"@id":"https:\/\/camaraenmano.org\/#organization"},"potentialAction":[{"@type":"SearchAction","target":{"@type":"EntryPoint","urlTemplate":"https:\/\/camaraenmano.org\/?s={search_term_string}"},"query-input":{"@type":"PropertyValueSpecification","valueRequired":true,"valueName":"search_term_string"}}],"inLanguage":"es"},{"@type":"Organization","@id":"https:\/\/camaraenmano.org\/#organization","name":"C\u00e1mara en mano","url":"https:\/\/camaraenmano.org\/","logo":{"@type":"ImageObject","inLanguage":"es","@id":"https:\/\/camaraenmano.org\/#\/schema\/logo\/image\/","url":"https:\/\/camaraenmano.org\/wp-content\/uploads\/2023\/10\/cropped-Logo-Camara-en-Mano-2-1.png","contentUrl":"https:\/\/camaraenmano.org\/wp-content\/uploads\/2023\/10\/cropped-Logo-Camara-en-Mano-2-1.png","width":3174,"height":2093,"caption":"C\u00e1mara en mano"},"image":{"@id":"https:\/\/camaraenmano.org\/#\/schema\/logo\/image\/"},"sameAs":["https:\/\/www.facebook.com\/AFCamaraenmano\/","https:\/\/www.instagram.com\/afcamaraenmano\/"]},{"@type":"Person","@id":"https:\/\/camaraenmano.org\/#\/schema\/person\/9ae05f95e2aa0144ea0768d6f65488be","name":"Administrador","image":{"@type":"ImageObject","inLanguage":"es","@id":"https:\/\/secure.gravatar.com\/avatar\/afbf021a33f39f3b1b0fcbf424cd00175e4543d4630d7a19e2a7c6defa5096c8?s=96&d=mm&r=g","url":"https:\/\/secure.gravatar.com\/avatar\/afbf021a33f39f3b1b0fcbf424cd00175e4543d4630d7a19e2a7c6defa5096c8?s=96&d=mm&r=g","contentUrl":"https:\/\/secure.gravatar.com\/avatar\/afbf021a33f39f3b1b0fcbf424cd00175e4543d4630d7a19e2a7c6defa5096c8?s=96&d=mm&r=g","caption":"Administrador"},"sameAs":["http:\/\/camaraenmano.org"],"url":"https:\/\/camaraenmano.org\/index.php\/author\/admin2786\/"}]}},"_links":{"self":[{"href":"https:\/\/camaraenmano.org\/index.php\/wp-json\/wp\/v2\/posts\/303","targetHints":{"allow":["GET"]}}],"collection":[{"href":"https:\/\/camaraenmano.org\/index.php\/wp-json\/wp\/v2\/posts"}],"about":[{"href":"https:\/\/camaraenmano.org\/index.php\/wp-json\/wp\/v2\/types\/post"}],"author":[{"embeddable":true,"href":"https:\/\/camaraenmano.org\/index.php\/wp-json\/wp\/v2\/users\/1"}],"replies":[{"embeddable":true,"href":"https:\/\/camaraenmano.org\/index.php\/wp-json\/wp\/v2\/comments?post=303"}],"version-history":[{"count":1,"href":"https:\/\/camaraenmano.org\/index.php\/wp-json\/wp\/v2\/posts\/303\/revisions"}],"predecessor-version":[{"id":305,"href":"https:\/\/camaraenmano.org\/index.php\/wp-json\/wp\/v2\/posts\/303\/revisions\/305"}],"wp:featuredmedia":[{"embeddable":true,"href":"https:\/\/camaraenmano.org\/index.php\/wp-json\/wp\/v2\/media\/304"}],"wp:attachment":[{"href":"https:\/\/camaraenmano.org\/index.php\/wp-json\/wp\/v2\/media?parent=303"}],"wp:term":[{"taxonomy":"category","embeddable":true,"href":"https:\/\/camaraenmano.org\/index.php\/wp-json\/wp\/v2\/categories?post=303"},{"taxonomy":"post_tag","embeddable":true,"href":"https:\/\/camaraenmano.org\/index.php\/wp-json\/wp\/v2\/tags?post=303"}],"curies":[{"name":"wp","href":"https:\/\/api.w.org\/{rel}","templated":true}]}}