{"id":3292,"date":"2023-11-25T20:30:35","date_gmt":"2023-11-25T19:30:35","guid":{"rendered":"https:\/\/camaraenmano.org\/?p=3292"},"modified":"2023-11-25T22:54:19","modified_gmt":"2023-11-25T21:54:19","slug":"maria-luisa-alguacil-ceruelo","status":"publish","type":"post","link":"https:\/\/camaraenmano.org\/index.php\/2023\/11\/25\/maria-luisa-alguacil-ceruelo\/","title":{"rendered":"Mar\u00eda Luisa Alguacil Ceruelo"},"content":{"rendered":"<p style=\"text-align: justify;\">Siempre me gusto la fotograf\u00eda. Me maravillaba la gente como mi marido que cog\u00eda una m\u00e1quina y de una manera autodidacta se pon\u00eda a fotografiar y hacia maravillas. Como le ten\u00eda a \u00e9l me dejaba llevar y solamente me dedicaba a contemplar todo lo que lograba solamente con un disparo. As\u00ed que cuando ya no tuve quien plasmara en una foto todo lo que ve\u00eda, decid\u00ed coger una m\u00e1quina, apuntarme a las clases de Maria Montero en el Ayuntamiento de Las Rozas, para aprender lo que yo pod\u00eda hacer con aquel aparato\u2026\u2026<\/p>\n<p style=\"text-align: justify;\"><img loading=\"lazy\" decoding=\"async\" class=\"wp-image-3293 alignleft\" src=\"https:\/\/camaraenmano.org\/wp-content\/uploads\/2023\/11\/AUTORRETRAT--1024x683.jpg\" alt=\"\" width=\"483\" height=\"322\" srcset=\"https:\/\/camaraenmano.org\/wp-content\/uploads\/2023\/11\/AUTORRETRAT--1024x683.jpg 1024w, https:\/\/camaraenmano.org\/wp-content\/uploads\/2023\/11\/AUTORRETRAT--300x200.jpg 300w, https:\/\/camaraenmano.org\/wp-content\/uploads\/2023\/11\/AUTORRETRAT--768x512.jpg 768w, https:\/\/camaraenmano.org\/wp-content\/uploads\/2023\/11\/AUTORRETRAT--1536x1024.jpg 1536w, https:\/\/camaraenmano.org\/wp-content\/uploads\/2023\/11\/AUTORRETRAT--2048x1365.jpg 2048w, https:\/\/camaraenmano.org\/wp-content\/uploads\/2023\/11\/AUTORRETRAT--1320x880.jpg 1320w\" sizes=\"auto, (max-width: 483px) 100vw, 483px\" \/>Me compre mi primera m\u00e1quina, una Nikon Z50, al principio todo me parec\u00eda un mundo, como si me hablaran en chino. No entend\u00eda nada, pero poco a poco he ido captando toda esa terminolog\u00eda, consiguiendo engancharme\u2026claro que despu\u00e9s de tres a\u00f1os de clases, todav\u00eda tengo que pensar bastante cuando quiero hacer algo decente y ello es porque no puedo dedicar a la fotograf\u00eda todo el tiempo que deber\u00eda.<\/p>\n<p style=\"text-align: justify;\">He realizado varios viajes fotogr\u00e1ficos con fot\u00f3grafos expertos, sobre todo para fotografiar paisaje. A la zona del Montseny, Pa\u00eds Vasco y Navarra.<\/p>\n<p style=\"text-align: justify;\">Creo que la fotograf\u00eda de paisaje y el retrato es de lo que mas me gusta o lo que m\u00e1s f\u00e1cil me resulta.<\/p>\n<p style=\"text-align: justify;\">Pienso que todo es tiempo, leer sobre fotograf\u00eda y sobre todo ver fotos de tantos genios como hay en este mundo. Y hacer y hacer\u2026<\/p>\n<p>En el a\u00f1o 2023 he realizado un proyecto fotogr\u00e1fico denominado \u00ab<a href=\"https:\/\/camaraenmano.org\/?p=3295\">Vinos biodin\u00e1micos<\/a>\u00bb que pod\u00e9is ver en <a href=\"https:\/\/camaraenmano.org\/?p=3295\">este enlace<\/a>.<\/p>\n<p>Tambien he participado en las siguientes exposiciones colectivas:<\/p>\n<ul>\n<li>A little mix. Centro Cultural Perez de la Riva (Las Rozas). Noviembre 2023<\/li>\n<li>A little mix. Centro Cultural San Juan Bautista (Madrid). Diciembre 2023<\/li>\n<li>A little mix. Centro Cultural La Elipa (Madrid). Enero 2024<\/li>\n<\/ul>\n<p>&nbsp;<\/p>\n<p>Maria Luisa Alguacil<\/p>\n<p>Contacto: mluisaalguacil@gmail.com<\/p>\n<p>Instagram: <a href=\"https:\/\/www.instagram.com\/marialuisaalguacilceruelo\/\" target=\"_blank\" rel=\"noopener\">@marialuisaalguacilceruelo<\/a><\/p>\n<p>&nbsp;<\/p>\n<p>Visita la galer\u00eda personal de Mar\u00eda Luisa en <a href=\"https:\/\/camaraenmano.org\/index.php\/category\/maria-luisa-alguacil\/\">este enlace<\/a>.<\/p>\n","protected":false},"excerpt":{"rendered":"<p>Siempre me gusto la fotograf\u00eda. Me maravillaba la gente como mi marido que cog\u00eda una m\u00e1quina y de una manera autodidacta se pon\u00eda a fotografiar y hacia maravillas. Como le ten\u00eda a \u00e9l me dejaba llevar y solamente me dedicaba a contemplar todo lo que lograba solamente con un disparo. As\u00ed que cuando ya no [&hellip;]<\/p>\n","protected":false},"author":1,"featured_media":3293,"comment_status":"open","ping_status":"open","sticky":false,"template":"","format":"standard","meta":{"footnotes":""},"categories":[3,273],"tags":[],"class_list":{"0":"post-3292","1":"post","2":"type-post","3":"status-publish","4":"format-standard","5":"has-post-thumbnail","7":"category-fotografs","8":"category-maria-luisa-alguacil","9":"czr-hentry"},"yoast_head":"<!-- This site is optimized with the Yoast SEO plugin v27.5 - https:\/\/yoast.com\/product\/yoast-seo-wordpress\/ -->\n<title>Mar\u00eda Luisa Alguacil Ceruelo - Asociaci\u00f3n fotogr\u00e1fica C\u00e1mara en mano Las Rozas<\/title>\n<meta name=\"robots\" content=\"index, follow, max-snippet:-1, max-image-preview:large, max-video-preview:-1\" \/>\n<link rel=\"canonical\" href=\"https:\/\/camaraenmano.org\/index.php\/2023\/11\/25\/maria-luisa-alguacil-ceruelo\/\" \/>\n<meta property=\"og:locale\" content=\"es_ES\" \/>\n<meta property=\"og:type\" content=\"article\" \/>\n<meta property=\"og:title\" content=\"Mar\u00eda Luisa Alguacil Ceruelo - Asociaci\u00f3n fotogr\u00e1fica C\u00e1mara en mano Las Rozas\" \/>\n<meta property=\"og:description\" content=\"Siempre me gusto la fotograf\u00eda. Me maravillaba la gente como mi marido que cog\u00eda una m\u00e1quina y de una manera autodidacta se pon\u00eda a fotografiar y hacia maravillas. Como le ten\u00eda a \u00e9l me dejaba llevar y solamente me dedicaba a contemplar todo lo que lograba solamente con un disparo. As\u00ed que cuando ya no [&hellip;]\" \/>\n<meta property=\"og:url\" content=\"https:\/\/camaraenmano.org\/index.php\/2023\/11\/25\/maria-luisa-alguacil-ceruelo\/\" \/>\n<meta property=\"og:site_name\" content=\"Asociaci\u00f3n fotogr\u00e1fica C\u00e1mara en mano Las Rozas\" \/>\n<meta property=\"article:publisher\" content=\"https:\/\/www.facebook.com\/AFCamaraenmano\/\" \/>\n<meta property=\"article:published_time\" content=\"2023-11-25T19:30:35+00:00\" \/>\n<meta property=\"article:modified_time\" content=\"2023-11-25T21:54:19+00:00\" \/>\n<meta property=\"og:image\" content=\"https:\/\/camaraenmano.org\/wp-content\/uploads\/2023\/11\/AUTORRETRAT--scaled.jpg\" \/>\n\t<meta property=\"og:image:width\" content=\"2560\" \/>\n\t<meta property=\"og:image:height\" content=\"1707\" \/>\n\t<meta property=\"og:image:type\" content=\"image\/jpeg\" \/>\n<meta name=\"author\" content=\"Administrador\" \/>\n<meta name=\"twitter:card\" content=\"summary_large_image\" \/>\n<meta name=\"twitter:label1\" content=\"Escrito por\" \/>\n\t<meta name=\"twitter:data1\" content=\"Administrador\" \/>\n\t<meta name=\"twitter:label2\" content=\"Tiempo de lectura\" \/>\n\t<meta name=\"twitter:data2\" content=\"2 minutos\" \/>\n<script type=\"application\/ld+json\" class=\"yoast-schema-graph\">{\"@context\":\"https:\\\/\\\/schema.org\",\"@graph\":[{\"@type\":\"Article\",\"@id\":\"https:\\\/\\\/camaraenmano.org\\\/index.php\\\/2023\\\/11\\\/25\\\/maria-luisa-alguacil-ceruelo\\\/#article\",\"isPartOf\":{\"@id\":\"https:\\\/\\\/camaraenmano.org\\\/index.php\\\/2023\\\/11\\\/25\\\/maria-luisa-alguacil-ceruelo\\\/\"},\"author\":{\"name\":\"Administrador\",\"@id\":\"https:\\\/\\\/camaraenmano.org\\\/#\\\/schema\\\/person\\\/9ae05f95e2aa0144ea0768d6f65488be\"},\"headline\":\"Mar\u00eda Luisa Alguacil Ceruelo\",\"datePublished\":\"2023-11-25T19:30:35+00:00\",\"dateModified\":\"2023-11-25T21:54:19+00:00\",\"mainEntityOfPage\":{\"@id\":\"https:\\\/\\\/camaraenmano.org\\\/index.php\\\/2023\\\/11\\\/25\\\/maria-luisa-alguacil-ceruelo\\\/\"},\"wordCount\":343,\"commentCount\":0,\"publisher\":{\"@id\":\"https:\\\/\\\/camaraenmano.org\\\/#organization\"},\"image\":{\"@id\":\"https:\\\/\\\/camaraenmano.org\\\/index.php\\\/2023\\\/11\\\/25\\\/maria-luisa-alguacil-ceruelo\\\/#primaryimage\"},\"thumbnailUrl\":\"https:\\\/\\\/camaraenmano.org\\\/wp-content\\\/uploads\\\/2023\\\/11\\\/AUTORRETRAT--scaled.jpg\",\"articleSection\":[\"Fotograf@s\",\"Maria Luisa Alguacil\"],\"inLanguage\":\"es\",\"potentialAction\":[{\"@type\":\"CommentAction\",\"name\":\"Comment\",\"target\":[\"https:\\\/\\\/camaraenmano.org\\\/index.php\\\/2023\\\/11\\\/25\\\/maria-luisa-alguacil-ceruelo\\\/#respond\"]}]},{\"@type\":\"WebPage\",\"@id\":\"https:\\\/\\\/camaraenmano.org\\\/index.php\\\/2023\\\/11\\\/25\\\/maria-luisa-alguacil-ceruelo\\\/\",\"url\":\"https:\\\/\\\/camaraenmano.org\\\/index.php\\\/2023\\\/11\\\/25\\\/maria-luisa-alguacil-ceruelo\\\/\",\"name\":\"Mar\u00eda Luisa Alguacil Ceruelo - Asociaci\u00f3n fotogr\u00e1fica C\u00e1mara en mano Las Rozas\",\"isPartOf\":{\"@id\":\"https:\\\/\\\/camaraenmano.org\\\/#website\"},\"primaryImageOfPage\":{\"@id\":\"https:\\\/\\\/camaraenmano.org\\\/index.php\\\/2023\\\/11\\\/25\\\/maria-luisa-alguacil-ceruelo\\\/#primaryimage\"},\"image\":{\"@id\":\"https:\\\/\\\/camaraenmano.org\\\/index.php\\\/2023\\\/11\\\/25\\\/maria-luisa-alguacil-ceruelo\\\/#primaryimage\"},\"thumbnailUrl\":\"https:\\\/\\\/camaraenmano.org\\\/wp-content\\\/uploads\\\/2023\\\/11\\\/AUTORRETRAT--scaled.jpg\",\"datePublished\":\"2023-11-25T19:30:35+00:00\",\"dateModified\":\"2023-11-25T21:54:19+00:00\",\"breadcrumb\":{\"@id\":\"https:\\\/\\\/camaraenmano.org\\\/index.php\\\/2023\\\/11\\\/25\\\/maria-luisa-alguacil-ceruelo\\\/#breadcrumb\"},\"inLanguage\":\"es\",\"potentialAction\":[{\"@type\":\"ReadAction\",\"target\":[\"https:\\\/\\\/camaraenmano.org\\\/index.php\\\/2023\\\/11\\\/25\\\/maria-luisa-alguacil-ceruelo\\\/\"]}]},{\"@type\":\"ImageObject\",\"inLanguage\":\"es\",\"@id\":\"https:\\\/\\\/camaraenmano.org\\\/index.php\\\/2023\\\/11\\\/25\\\/maria-luisa-alguacil-ceruelo\\\/#primaryimage\",\"url\":\"https:\\\/\\\/camaraenmano.org\\\/wp-content\\\/uploads\\\/2023\\\/11\\\/AUTORRETRAT--scaled.jpg\",\"contentUrl\":\"https:\\\/\\\/camaraenmano.org\\\/wp-content\\\/uploads\\\/2023\\\/11\\\/AUTORRETRAT--scaled.jpg\",\"width\":2560,\"height\":1707},{\"@type\":\"BreadcrumbList\",\"@id\":\"https:\\\/\\\/camaraenmano.org\\\/index.php\\\/2023\\\/11\\\/25\\\/maria-luisa-alguacil-ceruelo\\\/#breadcrumb\",\"itemListElement\":[{\"@type\":\"ListItem\",\"position\":1,\"name\":\"Portada\",\"item\":\"https:\\\/\\\/camaraenmano.org\\\/\"},{\"@type\":\"ListItem\",\"position\":2,\"name\":\"Mar\u00eda Luisa Alguacil Ceruelo\"}]},{\"@type\":\"WebSite\",\"@id\":\"https:\\\/\\\/camaraenmano.org\\\/#website\",\"url\":\"https:\\\/\\\/camaraenmano.org\\\/\",\"name\":\"Asociaci\u00f3n fotogr\u00e1fica C\u00e1mara en mano Las Rozas\",\"description\":\"\",\"publisher\":{\"@id\":\"https:\\\/\\\/camaraenmano.org\\\/#organization\"},\"potentialAction\":[{\"@type\":\"SearchAction\",\"target\":{\"@type\":\"EntryPoint\",\"urlTemplate\":\"https:\\\/\\\/camaraenmano.org\\\/?s={search_term_string}\"},\"query-input\":{\"@type\":\"PropertyValueSpecification\",\"valueRequired\":true,\"valueName\":\"search_term_string\"}}],\"inLanguage\":\"es\"},{\"@type\":\"Organization\",\"@id\":\"https:\\\/\\\/camaraenmano.org\\\/#organization\",\"name\":\"C\u00e1mara en mano\",\"url\":\"https:\\\/\\\/camaraenmano.org\\\/\",\"logo\":{\"@type\":\"ImageObject\",\"inLanguage\":\"es\",\"@id\":\"https:\\\/\\\/camaraenmano.org\\\/#\\\/schema\\\/logo\\\/image\\\/\",\"url\":\"https:\\\/\\\/camaraenmano.org\\\/wp-content\\\/uploads\\\/2023\\\/10\\\/cropped-Logo-Camara-en-Mano-2-1.png\",\"contentUrl\":\"https:\\\/\\\/camaraenmano.org\\\/wp-content\\\/uploads\\\/2023\\\/10\\\/cropped-Logo-Camara-en-Mano-2-1.png\",\"width\":3174,\"height\":2093,\"caption\":\"C\u00e1mara en mano\"},\"image\":{\"@id\":\"https:\\\/\\\/camaraenmano.org\\\/#\\\/schema\\\/logo\\\/image\\\/\"},\"sameAs\":[\"https:\\\/\\\/www.facebook.com\\\/AFCamaraenmano\\\/\",\"https:\\\/\\\/www.instagram.com\\\/afcamaraenmano\\\/\"]},{\"@type\":\"Person\",\"@id\":\"https:\\\/\\\/camaraenmano.org\\\/#\\\/schema\\\/person\\\/9ae05f95e2aa0144ea0768d6f65488be\",\"name\":\"Administrador\",\"image\":{\"@type\":\"ImageObject\",\"inLanguage\":\"es\",\"@id\":\"https:\\\/\\\/secure.gravatar.com\\\/avatar\\\/afbf021a33f39f3b1b0fcbf424cd00175e4543d4630d7a19e2a7c6defa5096c8?s=96&d=mm&r=g\",\"url\":\"https:\\\/\\\/secure.gravatar.com\\\/avatar\\\/afbf021a33f39f3b1b0fcbf424cd00175e4543d4630d7a19e2a7c6defa5096c8?s=96&d=mm&r=g\",\"contentUrl\":\"https:\\\/\\\/secure.gravatar.com\\\/avatar\\\/afbf021a33f39f3b1b0fcbf424cd00175e4543d4630d7a19e2a7c6defa5096c8?s=96&d=mm&r=g\",\"caption\":\"Administrador\"},\"sameAs\":[\"http:\\\/\\\/camaraenmano.org\"],\"url\":\"https:\\\/\\\/camaraenmano.org\\\/index.php\\\/author\\\/admin2786\\\/\"}]}<\/script>\n<!-- \/ Yoast SEO plugin. -->","yoast_head_json":{"title":"Mar\u00eda Luisa Alguacil Ceruelo - Asociaci\u00f3n fotogr\u00e1fica C\u00e1mara en mano Las Rozas","robots":{"index":"index","follow":"follow","max-snippet":"max-snippet:-1","max-image-preview":"max-image-preview:large","max-video-preview":"max-video-preview:-1"},"canonical":"https:\/\/camaraenmano.org\/index.php\/2023\/11\/25\/maria-luisa-alguacil-ceruelo\/","og_locale":"es_ES","og_type":"article","og_title":"Mar\u00eda Luisa Alguacil Ceruelo - Asociaci\u00f3n fotogr\u00e1fica C\u00e1mara en mano Las Rozas","og_description":"Siempre me gusto la fotograf\u00eda. Me maravillaba la gente como mi marido que cog\u00eda una m\u00e1quina y de una manera autodidacta se pon\u00eda a fotografiar y hacia maravillas. Como le ten\u00eda a \u00e9l me dejaba llevar y solamente me dedicaba a contemplar todo lo que lograba solamente con un disparo. As\u00ed que cuando ya no [&hellip;]","og_url":"https:\/\/camaraenmano.org\/index.php\/2023\/11\/25\/maria-luisa-alguacil-ceruelo\/","og_site_name":"Asociaci\u00f3n fotogr\u00e1fica C\u00e1mara en mano Las Rozas","article_publisher":"https:\/\/www.facebook.com\/AFCamaraenmano\/","article_published_time":"2023-11-25T19:30:35+00:00","article_modified_time":"2023-11-25T21:54:19+00:00","og_image":[{"width":2560,"height":1707,"url":"https:\/\/camaraenmano.org\/wp-content\/uploads\/2023\/11\/AUTORRETRAT--scaled.jpg","type":"image\/jpeg"}],"author":"Administrador","twitter_card":"summary_large_image","twitter_misc":{"Escrito por":"Administrador","Tiempo de lectura":"2 minutos"},"schema":{"@context":"https:\/\/schema.org","@graph":[{"@type":"Article","@id":"https:\/\/camaraenmano.org\/index.php\/2023\/11\/25\/maria-luisa-alguacil-ceruelo\/#article","isPartOf":{"@id":"https:\/\/camaraenmano.org\/index.php\/2023\/11\/25\/maria-luisa-alguacil-ceruelo\/"},"author":{"name":"Administrador","@id":"https:\/\/camaraenmano.org\/#\/schema\/person\/9ae05f95e2aa0144ea0768d6f65488be"},"headline":"Mar\u00eda Luisa Alguacil Ceruelo","datePublished":"2023-11-25T19:30:35+00:00","dateModified":"2023-11-25T21:54:19+00:00","mainEntityOfPage":{"@id":"https:\/\/camaraenmano.org\/index.php\/2023\/11\/25\/maria-luisa-alguacil-ceruelo\/"},"wordCount":343,"commentCount":0,"publisher":{"@id":"https:\/\/camaraenmano.org\/#organization"},"image":{"@id":"https:\/\/camaraenmano.org\/index.php\/2023\/11\/25\/maria-luisa-alguacil-ceruelo\/#primaryimage"},"thumbnailUrl":"https:\/\/camaraenmano.org\/wp-content\/uploads\/2023\/11\/AUTORRETRAT--scaled.jpg","articleSection":["Fotograf@s","Maria Luisa Alguacil"],"inLanguage":"es","potentialAction":[{"@type":"CommentAction","name":"Comment","target":["https:\/\/camaraenmano.org\/index.php\/2023\/11\/25\/maria-luisa-alguacil-ceruelo\/#respond"]}]},{"@type":"WebPage","@id":"https:\/\/camaraenmano.org\/index.php\/2023\/11\/25\/maria-luisa-alguacil-ceruelo\/","url":"https:\/\/camaraenmano.org\/index.php\/2023\/11\/25\/maria-luisa-alguacil-ceruelo\/","name":"Mar\u00eda Luisa Alguacil Ceruelo - Asociaci\u00f3n fotogr\u00e1fica C\u00e1mara en mano Las Rozas","isPartOf":{"@id":"https:\/\/camaraenmano.org\/#website"},"primaryImageOfPage":{"@id":"https:\/\/camaraenmano.org\/index.php\/2023\/11\/25\/maria-luisa-alguacil-ceruelo\/#primaryimage"},"image":{"@id":"https:\/\/camaraenmano.org\/index.php\/2023\/11\/25\/maria-luisa-alguacil-ceruelo\/#primaryimage"},"thumbnailUrl":"https:\/\/camaraenmano.org\/wp-content\/uploads\/2023\/11\/AUTORRETRAT--scaled.jpg","datePublished":"2023-11-25T19:30:35+00:00","dateModified":"2023-11-25T21:54:19+00:00","breadcrumb":{"@id":"https:\/\/camaraenmano.org\/index.php\/2023\/11\/25\/maria-luisa-alguacil-ceruelo\/#breadcrumb"},"inLanguage":"es","potentialAction":[{"@type":"ReadAction","target":["https:\/\/camaraenmano.org\/index.php\/2023\/11\/25\/maria-luisa-alguacil-ceruelo\/"]}]},{"@type":"ImageObject","inLanguage":"es","@id":"https:\/\/camaraenmano.org\/index.php\/2023\/11\/25\/maria-luisa-alguacil-ceruelo\/#primaryimage","url":"https:\/\/camaraenmano.org\/wp-content\/uploads\/2023\/11\/AUTORRETRAT--scaled.jpg","contentUrl":"https:\/\/camaraenmano.org\/wp-content\/uploads\/2023\/11\/AUTORRETRAT--scaled.jpg","width":2560,"height":1707},{"@type":"BreadcrumbList","@id":"https:\/\/camaraenmano.org\/index.php\/2023\/11\/25\/maria-luisa-alguacil-ceruelo\/#breadcrumb","itemListElement":[{"@type":"ListItem","position":1,"name":"Portada","item":"https:\/\/camaraenmano.org\/"},{"@type":"ListItem","position":2,"name":"Mar\u00eda Luisa Alguacil Ceruelo"}]},{"@type":"WebSite","@id":"https:\/\/camaraenmano.org\/#website","url":"https:\/\/camaraenmano.org\/","name":"Asociaci\u00f3n fotogr\u00e1fica C\u00e1mara en mano Las Rozas","description":"","publisher":{"@id":"https:\/\/camaraenmano.org\/#organization"},"potentialAction":[{"@type":"SearchAction","target":{"@type":"EntryPoint","urlTemplate":"https:\/\/camaraenmano.org\/?s={search_term_string}"},"query-input":{"@type":"PropertyValueSpecification","valueRequired":true,"valueName":"search_term_string"}}],"inLanguage":"es"},{"@type":"Organization","@id":"https:\/\/camaraenmano.org\/#organization","name":"C\u00e1mara en mano","url":"https:\/\/camaraenmano.org\/","logo":{"@type":"ImageObject","inLanguage":"es","@id":"https:\/\/camaraenmano.org\/#\/schema\/logo\/image\/","url":"https:\/\/camaraenmano.org\/wp-content\/uploads\/2023\/10\/cropped-Logo-Camara-en-Mano-2-1.png","contentUrl":"https:\/\/camaraenmano.org\/wp-content\/uploads\/2023\/10\/cropped-Logo-Camara-en-Mano-2-1.png","width":3174,"height":2093,"caption":"C\u00e1mara en mano"},"image":{"@id":"https:\/\/camaraenmano.org\/#\/schema\/logo\/image\/"},"sameAs":["https:\/\/www.facebook.com\/AFCamaraenmano\/","https:\/\/www.instagram.com\/afcamaraenmano\/"]},{"@type":"Person","@id":"https:\/\/camaraenmano.org\/#\/schema\/person\/9ae05f95e2aa0144ea0768d6f65488be","name":"Administrador","image":{"@type":"ImageObject","inLanguage":"es","@id":"https:\/\/secure.gravatar.com\/avatar\/afbf021a33f39f3b1b0fcbf424cd00175e4543d4630d7a19e2a7c6defa5096c8?s=96&d=mm&r=g","url":"https:\/\/secure.gravatar.com\/avatar\/afbf021a33f39f3b1b0fcbf424cd00175e4543d4630d7a19e2a7c6defa5096c8?s=96&d=mm&r=g","contentUrl":"https:\/\/secure.gravatar.com\/avatar\/afbf021a33f39f3b1b0fcbf424cd00175e4543d4630d7a19e2a7c6defa5096c8?s=96&d=mm&r=g","caption":"Administrador"},"sameAs":["http:\/\/camaraenmano.org"],"url":"https:\/\/camaraenmano.org\/index.php\/author\/admin2786\/"}]}},"_links":{"self":[{"href":"https:\/\/camaraenmano.org\/index.php\/wp-json\/wp\/v2\/posts\/3292","targetHints":{"allow":["GET"]}}],"collection":[{"href":"https:\/\/camaraenmano.org\/index.php\/wp-json\/wp\/v2\/posts"}],"about":[{"href":"https:\/\/camaraenmano.org\/index.php\/wp-json\/wp\/v2\/types\/post"}],"author":[{"embeddable":true,"href":"https:\/\/camaraenmano.org\/index.php\/wp-json\/wp\/v2\/users\/1"}],"replies":[{"embeddable":true,"href":"https:\/\/camaraenmano.org\/index.php\/wp-json\/wp\/v2\/comments?post=3292"}],"version-history":[{"count":4,"href":"https:\/\/camaraenmano.org\/index.php\/wp-json\/wp\/v2\/posts\/3292\/revisions"}],"predecessor-version":[{"id":3311,"href":"https:\/\/camaraenmano.org\/index.php\/wp-json\/wp\/v2\/posts\/3292\/revisions\/3311"}],"wp:featuredmedia":[{"embeddable":true,"href":"https:\/\/camaraenmano.org\/index.php\/wp-json\/wp\/v2\/media\/3293"}],"wp:attachment":[{"href":"https:\/\/camaraenmano.org\/index.php\/wp-json\/wp\/v2\/media?parent=3292"}],"wp:term":[{"taxonomy":"category","embeddable":true,"href":"https:\/\/camaraenmano.org\/index.php\/wp-json\/wp\/v2\/categories?post=3292"},{"taxonomy":"post_tag","embeddable":true,"href":"https:\/\/camaraenmano.org\/index.php\/wp-json\/wp\/v2\/tags?post=3292"}],"curies":[{"name":"wp","href":"https:\/\/api.w.org\/{rel}","templated":true}]}}