{"id":3295,"date":"2023-11-25T22:46:11","date_gmt":"2023-11-25T21:46:11","guid":{"rendered":"https:\/\/camaraenmano.org\/?p=3295"},"modified":"2023-11-25T22:56:11","modified_gmt":"2023-11-25T21:56:11","slug":"proyecto-vinos-biodinamicos-maria-luisa-alguacil","status":"publish","type":"post","link":"https:\/\/camaraenmano.org\/index.php\/2023\/11\/25\/proyecto-vinos-biodinamicos-maria-luisa-alguacil\/","title":{"rendered":"Proyecto: Vinos biodin\u00e1micos &#8211; Mar\u00eda Luisa Alguacil"},"content":{"rendered":"<p style=\"text-align: justify;\">Tras mucho pensar y no saber que hacer, lleg\u00f3 a mi conocimiento la existencia de los Vinos Biodin\u00e1micos. Me puse a investigar y pens\u00e9 que merec\u00eda la pena hablar sobre ellos. Son parte de la Agricultura Biodin\u00e1mica, confundida a veces con la Agricultura Ecol\u00f3gica.<\/p>\n<p style=\"text-align: justify;\">Lo primero de todo hay que entender que son vinos de verdad y que en una cata ser\u00eda imposible distinguirlos de otros vinos tradiciones, sus procesos de fabricaci\u00f3n no difieren excesivamente de ellos. Su diferencia est\u00e1 en que en el proceso de elaboraci\u00f3n interviene la agricultura Biodin\u00e1mica, basada en la teor\u00eda de Rudolf Steiner que estableci\u00f3 las bases de la antroposof\u00eda, planteando una explotaci\u00f3n de la naturaleza en correcta armon\u00eda entre el mundo animal, vegetal y mineral incorporada al cosmos e influenciada por los planetas (para estos agricultores, el calendario lunar cuenta para cada intervenci\u00f3n vin\u00edcola y enol\u00f3gica).<\/p>\n<p style=\"text-align: justify;\">La vid se trata de una manera equilibrada y respetuosa, con una absoluta ausencia de fitosanitarios que tengan componentes qu\u00edmicos.<\/p>\n<p style=\"text-align: justify;\">Cada vez son m\u00e1s las bodegas que tratan vinos con estilos, que van por un camino diferente a la elaboraci\u00f3n conocida como tradicional, superando la idea de la moda en vigencia o el gusto particular por ellos.<\/p>\n<p style=\"text-align: justify;\">Con esto, nos referimos a cuestiones m\u00e1s importantes y filos\u00f3ficas. Hablamos de un \u201cestilo de vida\u201d. Se trata del cuidado por el medio ambiente y el entorno. Adem\u00e1s, se enmarca en la tendencia de saber realmente que es lo que incorporamos a nuestro cuerpo, que cada vez cobra m\u00e1s fuerza.<\/p>\n<p>Maria Luisa Alguacil<\/p>\n<p>2023<\/p>\n<p>Contacto: mluisaalguacil@gmail.com<\/p>\n<p>Instagram: <a href=\"https:\/\/www.instagram.com\/marialuisaalguacilceruelo\/\">@marialuisaalguacilceruelo<\/a><\/p>\n<p>Aqu\u00ed os dejo unas cuantas fotograf\u00edas del proyecto.<\/p>\n<p>Vuelve a la galer\u00eda de Maria Luisa en <a href=\"https:\/\/camaraenmano.org\/index.php\/category\/maria-luisa-alguacil\/\">este enlace<\/a>.<\/p>\n","protected":false},"excerpt":{"rendered":"<p>Tras mucho pensar y no saber que hacer, lleg\u00f3 a mi conocimiento la existencia de los Vinos Biodin\u00e1micos. Me puse a investigar y pens\u00e9 que merec\u00eda la pena hablar sobre ellos. Son parte de la Agricultura Biodin\u00e1mica, confundida a veces con la Agricultura Ecol\u00f3gica. Lo primero de todo hay que entender que son vinos de [&hellip;]<\/p>\n","protected":false},"author":1,"featured_media":3300,"comment_status":"open","ping_status":"open","sticky":false,"template":"","format":"standard","meta":{"footnotes":""},"categories":[273,17],"tags":[],"class_list":{"0":"post-3295","1":"post","2":"type-post","3":"status-publish","4":"format-standard","5":"has-post-thumbnail","7":"category-maria-luisa-alguacil","8":"category-proyectos","9":"czr-hentry"},"yoast_head":"<!-- This site is optimized with the Yoast SEO plugin v27.5 - https:\/\/yoast.com\/product\/yoast-seo-wordpress\/ -->\n<title>Proyecto: Vinos biodin\u00e1micos - Mar\u00eda Luisa Alguacil - Asociaci\u00f3n fotogr\u00e1fica C\u00e1mara en mano Las Rozas<\/title>\n<meta name=\"robots\" content=\"index, follow, max-snippet:-1, max-image-preview:large, max-video-preview:-1\" \/>\n<link rel=\"canonical\" href=\"https:\/\/camaraenmano.org\/index.php\/2023\/11\/25\/proyecto-vinos-biodinamicos-maria-luisa-alguacil\/\" \/>\n<meta property=\"og:locale\" content=\"es_ES\" \/>\n<meta property=\"og:type\" content=\"article\" \/>\n<meta property=\"og:title\" content=\"Proyecto: Vinos biodin\u00e1micos - Mar\u00eda Luisa Alguacil - Asociaci\u00f3n fotogr\u00e1fica C\u00e1mara en mano Las Rozas\" \/>\n<meta property=\"og:description\" content=\"Tras mucho pensar y no saber que hacer, lleg\u00f3 a mi conocimiento la existencia de los Vinos Biodin\u00e1micos. Me puse a investigar y pens\u00e9 que merec\u00eda la pena hablar sobre ellos. Son parte de la Agricultura Biodin\u00e1mica, confundida a veces con la Agricultura Ecol\u00f3gica. Lo primero de todo hay que entender que son vinos de [&hellip;]\" \/>\n<meta property=\"og:url\" content=\"https:\/\/camaraenmano.org\/index.php\/2023\/11\/25\/proyecto-vinos-biodinamicos-maria-luisa-alguacil\/\" \/>\n<meta property=\"og:site_name\" content=\"Asociaci\u00f3n fotogr\u00e1fica C\u00e1mara en mano Las Rozas\" \/>\n<meta property=\"article:publisher\" content=\"https:\/\/www.facebook.com\/AFCamaraenmano\/\" \/>\n<meta property=\"article:published_time\" content=\"2023-11-25T21:46:11+00:00\" \/>\n<meta property=\"article:modified_time\" content=\"2023-11-25T21:56:11+00:00\" \/>\n<meta property=\"og:image\" content=\"https:\/\/camaraenmano.org\/wp-content\/uploads\/2023\/11\/CONCURSO-3-1-1024x731.jpg\" \/>\n\t<meta property=\"og:image:width\" content=\"1024\" \/>\n\t<meta property=\"og:image:height\" content=\"731\" \/>\n\t<meta property=\"og:image:type\" content=\"image\/jpeg\" \/>\n<meta name=\"author\" content=\"Administrador\" \/>\n<meta name=\"twitter:card\" content=\"summary_large_image\" \/>\n<meta name=\"twitter:label1\" content=\"Escrito por\" \/>\n\t<meta name=\"twitter:data1\" content=\"Administrador\" \/>\n\t<meta name=\"twitter:label2\" content=\"Tiempo de lectura\" \/>\n\t<meta name=\"twitter:data2\" content=\"2 minutos\" \/>\n<script type=\"application\/ld+json\" class=\"yoast-schema-graph\">{\"@context\":\"https:\\\/\\\/schema.org\",\"@graph\":[{\"@type\":\"Article\",\"@id\":\"https:\\\/\\\/camaraenmano.org\\\/index.php\\\/2023\\\/11\\\/25\\\/proyecto-vinos-biodinamicos-maria-luisa-alguacil\\\/#article\",\"isPartOf\":{\"@id\":\"https:\\\/\\\/camaraenmano.org\\\/index.php\\\/2023\\\/11\\\/25\\\/proyecto-vinos-biodinamicos-maria-luisa-alguacil\\\/\"},\"author\":{\"name\":\"Administrador\",\"@id\":\"https:\\\/\\\/camaraenmano.org\\\/#\\\/schema\\\/person\\\/9ae05f95e2aa0144ea0768d6f65488be\"},\"headline\":\"Proyecto: Vinos biodin\u00e1micos &#8211; Mar\u00eda Luisa Alguacil\",\"datePublished\":\"2023-11-25T21:46:11+00:00\",\"dateModified\":\"2023-11-25T21:56:11+00:00\",\"mainEntityOfPage\":{\"@id\":\"https:\\\/\\\/camaraenmano.org\\\/index.php\\\/2023\\\/11\\\/25\\\/proyecto-vinos-biodinamicos-maria-luisa-alguacil\\\/\"},\"wordCount\":309,\"commentCount\":0,\"publisher\":{\"@id\":\"https:\\\/\\\/camaraenmano.org\\\/#organization\"},\"image\":{\"@id\":\"https:\\\/\\\/camaraenmano.org\\\/index.php\\\/2023\\\/11\\\/25\\\/proyecto-vinos-biodinamicos-maria-luisa-alguacil\\\/#primaryimage\"},\"thumbnailUrl\":\"https:\\\/\\\/camaraenmano.org\\\/wp-content\\\/uploads\\\/2023\\\/11\\\/CONCURSO-3-1-scaled.jpg\",\"articleSection\":[\"Maria Luisa Alguacil\",\"Proyectos\"],\"inLanguage\":\"es\",\"potentialAction\":[{\"@type\":\"CommentAction\",\"name\":\"Comment\",\"target\":[\"https:\\\/\\\/camaraenmano.org\\\/index.php\\\/2023\\\/11\\\/25\\\/proyecto-vinos-biodinamicos-maria-luisa-alguacil\\\/#respond\"]}]},{\"@type\":\"WebPage\",\"@id\":\"https:\\\/\\\/camaraenmano.org\\\/index.php\\\/2023\\\/11\\\/25\\\/proyecto-vinos-biodinamicos-maria-luisa-alguacil\\\/\",\"url\":\"https:\\\/\\\/camaraenmano.org\\\/index.php\\\/2023\\\/11\\\/25\\\/proyecto-vinos-biodinamicos-maria-luisa-alguacil\\\/\",\"name\":\"Proyecto: Vinos biodin\u00e1micos - Mar\u00eda Luisa Alguacil - Asociaci\u00f3n fotogr\u00e1fica C\u00e1mara en mano Las Rozas\",\"isPartOf\":{\"@id\":\"https:\\\/\\\/camaraenmano.org\\\/#website\"},\"primaryImageOfPage\":{\"@id\":\"https:\\\/\\\/camaraenmano.org\\\/index.php\\\/2023\\\/11\\\/25\\\/proyecto-vinos-biodinamicos-maria-luisa-alguacil\\\/#primaryimage\"},\"image\":{\"@id\":\"https:\\\/\\\/camaraenmano.org\\\/index.php\\\/2023\\\/11\\\/25\\\/proyecto-vinos-biodinamicos-maria-luisa-alguacil\\\/#primaryimage\"},\"thumbnailUrl\":\"https:\\\/\\\/camaraenmano.org\\\/wp-content\\\/uploads\\\/2023\\\/11\\\/CONCURSO-3-1-scaled.jpg\",\"datePublished\":\"2023-11-25T21:46:11+00:00\",\"dateModified\":\"2023-11-25T21:56:11+00:00\",\"breadcrumb\":{\"@id\":\"https:\\\/\\\/camaraenmano.org\\\/index.php\\\/2023\\\/11\\\/25\\\/proyecto-vinos-biodinamicos-maria-luisa-alguacil\\\/#breadcrumb\"},\"inLanguage\":\"es\",\"potentialAction\":[{\"@type\":\"ReadAction\",\"target\":[\"https:\\\/\\\/camaraenmano.org\\\/index.php\\\/2023\\\/11\\\/25\\\/proyecto-vinos-biodinamicos-maria-luisa-alguacil\\\/\"]}]},{\"@type\":\"ImageObject\",\"inLanguage\":\"es\",\"@id\":\"https:\\\/\\\/camaraenmano.org\\\/index.php\\\/2023\\\/11\\\/25\\\/proyecto-vinos-biodinamicos-maria-luisa-alguacil\\\/#primaryimage\",\"url\":\"https:\\\/\\\/camaraenmano.org\\\/wp-content\\\/uploads\\\/2023\\\/11\\\/CONCURSO-3-1-scaled.jpg\",\"contentUrl\":\"https:\\\/\\\/camaraenmano.org\\\/wp-content\\\/uploads\\\/2023\\\/11\\\/CONCURSO-3-1-scaled.jpg\",\"width\":2560,\"height\":1828},{\"@type\":\"BreadcrumbList\",\"@id\":\"https:\\\/\\\/camaraenmano.org\\\/index.php\\\/2023\\\/11\\\/25\\\/proyecto-vinos-biodinamicos-maria-luisa-alguacil\\\/#breadcrumb\",\"itemListElement\":[{\"@type\":\"ListItem\",\"position\":1,\"name\":\"Portada\",\"item\":\"https:\\\/\\\/camaraenmano.org\\\/\"},{\"@type\":\"ListItem\",\"position\":2,\"name\":\"Proyecto: Vinos biodin\u00e1micos &#8211; Mar\u00eda Luisa Alguacil\"}]},{\"@type\":\"WebSite\",\"@id\":\"https:\\\/\\\/camaraenmano.org\\\/#website\",\"url\":\"https:\\\/\\\/camaraenmano.org\\\/\",\"name\":\"Asociaci\u00f3n fotogr\u00e1fica C\u00e1mara en mano Las Rozas\",\"description\":\"\",\"publisher\":{\"@id\":\"https:\\\/\\\/camaraenmano.org\\\/#organization\"},\"potentialAction\":[{\"@type\":\"SearchAction\",\"target\":{\"@type\":\"EntryPoint\",\"urlTemplate\":\"https:\\\/\\\/camaraenmano.org\\\/?s={search_term_string}\"},\"query-input\":{\"@type\":\"PropertyValueSpecification\",\"valueRequired\":true,\"valueName\":\"search_term_string\"}}],\"inLanguage\":\"es\"},{\"@type\":\"Organization\",\"@id\":\"https:\\\/\\\/camaraenmano.org\\\/#organization\",\"name\":\"C\u00e1mara en mano\",\"url\":\"https:\\\/\\\/camaraenmano.org\\\/\",\"logo\":{\"@type\":\"ImageObject\",\"inLanguage\":\"es\",\"@id\":\"https:\\\/\\\/camaraenmano.org\\\/#\\\/schema\\\/logo\\\/image\\\/\",\"url\":\"https:\\\/\\\/camaraenmano.org\\\/wp-content\\\/uploads\\\/2023\\\/10\\\/cropped-Logo-Camara-en-Mano-2-1.png\",\"contentUrl\":\"https:\\\/\\\/camaraenmano.org\\\/wp-content\\\/uploads\\\/2023\\\/10\\\/cropped-Logo-Camara-en-Mano-2-1.png\",\"width\":3174,\"height\":2093,\"caption\":\"C\u00e1mara en mano\"},\"image\":{\"@id\":\"https:\\\/\\\/camaraenmano.org\\\/#\\\/schema\\\/logo\\\/image\\\/\"},\"sameAs\":[\"https:\\\/\\\/www.facebook.com\\\/AFCamaraenmano\\\/\",\"https:\\\/\\\/www.instagram.com\\\/afcamaraenmano\\\/\"]},{\"@type\":\"Person\",\"@id\":\"https:\\\/\\\/camaraenmano.org\\\/#\\\/schema\\\/person\\\/9ae05f95e2aa0144ea0768d6f65488be\",\"name\":\"Administrador\",\"image\":{\"@type\":\"ImageObject\",\"inLanguage\":\"es\",\"@id\":\"https:\\\/\\\/secure.gravatar.com\\\/avatar\\\/afbf021a33f39f3b1b0fcbf424cd00175e4543d4630d7a19e2a7c6defa5096c8?s=96&d=mm&r=g\",\"url\":\"https:\\\/\\\/secure.gravatar.com\\\/avatar\\\/afbf021a33f39f3b1b0fcbf424cd00175e4543d4630d7a19e2a7c6defa5096c8?s=96&d=mm&r=g\",\"contentUrl\":\"https:\\\/\\\/secure.gravatar.com\\\/avatar\\\/afbf021a33f39f3b1b0fcbf424cd00175e4543d4630d7a19e2a7c6defa5096c8?s=96&d=mm&r=g\",\"caption\":\"Administrador\"},\"sameAs\":[\"http:\\\/\\\/camaraenmano.org\"],\"url\":\"https:\\\/\\\/camaraenmano.org\\\/index.php\\\/author\\\/admin2786\\\/\"}]}<\/script>\n<!-- \/ Yoast SEO plugin. -->","yoast_head_json":{"title":"Proyecto: Vinos biodin\u00e1micos - Mar\u00eda Luisa Alguacil - Asociaci\u00f3n fotogr\u00e1fica C\u00e1mara en mano Las Rozas","robots":{"index":"index","follow":"follow","max-snippet":"max-snippet:-1","max-image-preview":"max-image-preview:large","max-video-preview":"max-video-preview:-1"},"canonical":"https:\/\/camaraenmano.org\/index.php\/2023\/11\/25\/proyecto-vinos-biodinamicos-maria-luisa-alguacil\/","og_locale":"es_ES","og_type":"article","og_title":"Proyecto: Vinos biodin\u00e1micos - Mar\u00eda Luisa Alguacil - Asociaci\u00f3n fotogr\u00e1fica C\u00e1mara en mano Las Rozas","og_description":"Tras mucho pensar y no saber que hacer, lleg\u00f3 a mi conocimiento la existencia de los Vinos Biodin\u00e1micos. Me puse a investigar y pens\u00e9 que merec\u00eda la pena hablar sobre ellos. Son parte de la Agricultura Biodin\u00e1mica, confundida a veces con la Agricultura Ecol\u00f3gica. Lo primero de todo hay que entender que son vinos de [&hellip;]","og_url":"https:\/\/camaraenmano.org\/index.php\/2023\/11\/25\/proyecto-vinos-biodinamicos-maria-luisa-alguacil\/","og_site_name":"Asociaci\u00f3n fotogr\u00e1fica C\u00e1mara en mano Las Rozas","article_publisher":"https:\/\/www.facebook.com\/AFCamaraenmano\/","article_published_time":"2023-11-25T21:46:11+00:00","article_modified_time":"2023-11-25T21:56:11+00:00","og_image":[{"width":1024,"height":731,"url":"https:\/\/camaraenmano.org\/wp-content\/uploads\/2023\/11\/CONCURSO-3-1-1024x731.jpg","type":"image\/jpeg"}],"author":"Administrador","twitter_card":"summary_large_image","twitter_misc":{"Escrito por":"Administrador","Tiempo de lectura":"2 minutos"},"schema":{"@context":"https:\/\/schema.org","@graph":[{"@type":"Article","@id":"https:\/\/camaraenmano.org\/index.php\/2023\/11\/25\/proyecto-vinos-biodinamicos-maria-luisa-alguacil\/#article","isPartOf":{"@id":"https:\/\/camaraenmano.org\/index.php\/2023\/11\/25\/proyecto-vinos-biodinamicos-maria-luisa-alguacil\/"},"author":{"name":"Administrador","@id":"https:\/\/camaraenmano.org\/#\/schema\/person\/9ae05f95e2aa0144ea0768d6f65488be"},"headline":"Proyecto: Vinos biodin\u00e1micos &#8211; Mar\u00eda Luisa Alguacil","datePublished":"2023-11-25T21:46:11+00:00","dateModified":"2023-11-25T21:56:11+00:00","mainEntityOfPage":{"@id":"https:\/\/camaraenmano.org\/index.php\/2023\/11\/25\/proyecto-vinos-biodinamicos-maria-luisa-alguacil\/"},"wordCount":309,"commentCount":0,"publisher":{"@id":"https:\/\/camaraenmano.org\/#organization"},"image":{"@id":"https:\/\/camaraenmano.org\/index.php\/2023\/11\/25\/proyecto-vinos-biodinamicos-maria-luisa-alguacil\/#primaryimage"},"thumbnailUrl":"https:\/\/camaraenmano.org\/wp-content\/uploads\/2023\/11\/CONCURSO-3-1-scaled.jpg","articleSection":["Maria Luisa Alguacil","Proyectos"],"inLanguage":"es","potentialAction":[{"@type":"CommentAction","name":"Comment","target":["https:\/\/camaraenmano.org\/index.php\/2023\/11\/25\/proyecto-vinos-biodinamicos-maria-luisa-alguacil\/#respond"]}]},{"@type":"WebPage","@id":"https:\/\/camaraenmano.org\/index.php\/2023\/11\/25\/proyecto-vinos-biodinamicos-maria-luisa-alguacil\/","url":"https:\/\/camaraenmano.org\/index.php\/2023\/11\/25\/proyecto-vinos-biodinamicos-maria-luisa-alguacil\/","name":"Proyecto: Vinos biodin\u00e1micos - Mar\u00eda Luisa Alguacil - Asociaci\u00f3n fotogr\u00e1fica C\u00e1mara en mano Las Rozas","isPartOf":{"@id":"https:\/\/camaraenmano.org\/#website"},"primaryImageOfPage":{"@id":"https:\/\/camaraenmano.org\/index.php\/2023\/11\/25\/proyecto-vinos-biodinamicos-maria-luisa-alguacil\/#primaryimage"},"image":{"@id":"https:\/\/camaraenmano.org\/index.php\/2023\/11\/25\/proyecto-vinos-biodinamicos-maria-luisa-alguacil\/#primaryimage"},"thumbnailUrl":"https:\/\/camaraenmano.org\/wp-content\/uploads\/2023\/11\/CONCURSO-3-1-scaled.jpg","datePublished":"2023-11-25T21:46:11+00:00","dateModified":"2023-11-25T21:56:11+00:00","breadcrumb":{"@id":"https:\/\/camaraenmano.org\/index.php\/2023\/11\/25\/proyecto-vinos-biodinamicos-maria-luisa-alguacil\/#breadcrumb"},"inLanguage":"es","potentialAction":[{"@type":"ReadAction","target":["https:\/\/camaraenmano.org\/index.php\/2023\/11\/25\/proyecto-vinos-biodinamicos-maria-luisa-alguacil\/"]}]},{"@type":"ImageObject","inLanguage":"es","@id":"https:\/\/camaraenmano.org\/index.php\/2023\/11\/25\/proyecto-vinos-biodinamicos-maria-luisa-alguacil\/#primaryimage","url":"https:\/\/camaraenmano.org\/wp-content\/uploads\/2023\/11\/CONCURSO-3-1-scaled.jpg","contentUrl":"https:\/\/camaraenmano.org\/wp-content\/uploads\/2023\/11\/CONCURSO-3-1-scaled.jpg","width":2560,"height":1828},{"@type":"BreadcrumbList","@id":"https:\/\/camaraenmano.org\/index.php\/2023\/11\/25\/proyecto-vinos-biodinamicos-maria-luisa-alguacil\/#breadcrumb","itemListElement":[{"@type":"ListItem","position":1,"name":"Portada","item":"https:\/\/camaraenmano.org\/"},{"@type":"ListItem","position":2,"name":"Proyecto: Vinos biodin\u00e1micos &#8211; Mar\u00eda Luisa Alguacil"}]},{"@type":"WebSite","@id":"https:\/\/camaraenmano.org\/#website","url":"https:\/\/camaraenmano.org\/","name":"Asociaci\u00f3n fotogr\u00e1fica C\u00e1mara en mano Las Rozas","description":"","publisher":{"@id":"https:\/\/camaraenmano.org\/#organization"},"potentialAction":[{"@type":"SearchAction","target":{"@type":"EntryPoint","urlTemplate":"https:\/\/camaraenmano.org\/?s={search_term_string}"},"query-input":{"@type":"PropertyValueSpecification","valueRequired":true,"valueName":"search_term_string"}}],"inLanguage":"es"},{"@type":"Organization","@id":"https:\/\/camaraenmano.org\/#organization","name":"C\u00e1mara en mano","url":"https:\/\/camaraenmano.org\/","logo":{"@type":"ImageObject","inLanguage":"es","@id":"https:\/\/camaraenmano.org\/#\/schema\/logo\/image\/","url":"https:\/\/camaraenmano.org\/wp-content\/uploads\/2023\/10\/cropped-Logo-Camara-en-Mano-2-1.png","contentUrl":"https:\/\/camaraenmano.org\/wp-content\/uploads\/2023\/10\/cropped-Logo-Camara-en-Mano-2-1.png","width":3174,"height":2093,"caption":"C\u00e1mara en mano"},"image":{"@id":"https:\/\/camaraenmano.org\/#\/schema\/logo\/image\/"},"sameAs":["https:\/\/www.facebook.com\/AFCamaraenmano\/","https:\/\/www.instagram.com\/afcamaraenmano\/"]},{"@type":"Person","@id":"https:\/\/camaraenmano.org\/#\/schema\/person\/9ae05f95e2aa0144ea0768d6f65488be","name":"Administrador","image":{"@type":"ImageObject","inLanguage":"es","@id":"https:\/\/secure.gravatar.com\/avatar\/afbf021a33f39f3b1b0fcbf424cd00175e4543d4630d7a19e2a7c6defa5096c8?s=96&d=mm&r=g","url":"https:\/\/secure.gravatar.com\/avatar\/afbf021a33f39f3b1b0fcbf424cd00175e4543d4630d7a19e2a7c6defa5096c8?s=96&d=mm&r=g","contentUrl":"https:\/\/secure.gravatar.com\/avatar\/afbf021a33f39f3b1b0fcbf424cd00175e4543d4630d7a19e2a7c6defa5096c8?s=96&d=mm&r=g","caption":"Administrador"},"sameAs":["http:\/\/camaraenmano.org"],"url":"https:\/\/camaraenmano.org\/index.php\/author\/admin2786\/"}]}},"_links":{"self":[{"href":"https:\/\/camaraenmano.org\/index.php\/wp-json\/wp\/v2\/posts\/3295","targetHints":{"allow":["GET"]}}],"collection":[{"href":"https:\/\/camaraenmano.org\/index.php\/wp-json\/wp\/v2\/posts"}],"about":[{"href":"https:\/\/camaraenmano.org\/index.php\/wp-json\/wp\/v2\/types\/post"}],"author":[{"embeddable":true,"href":"https:\/\/camaraenmano.org\/index.php\/wp-json\/wp\/v2\/users\/1"}],"replies":[{"embeddable":true,"href":"https:\/\/camaraenmano.org\/index.php\/wp-json\/wp\/v2\/comments?post=3295"}],"version-history":[{"count":4,"href":"https:\/\/camaraenmano.org\/index.php\/wp-json\/wp\/v2\/posts\/3295\/revisions"}],"predecessor-version":[{"id":3313,"href":"https:\/\/camaraenmano.org\/index.php\/wp-json\/wp\/v2\/posts\/3295\/revisions\/3313"}],"wp:featuredmedia":[{"embeddable":true,"href":"https:\/\/camaraenmano.org\/index.php\/wp-json\/wp\/v2\/media\/3300"}],"wp:attachment":[{"href":"https:\/\/camaraenmano.org\/index.php\/wp-json\/wp\/v2\/media?parent=3295"}],"wp:term":[{"taxonomy":"category","embeddable":true,"href":"https:\/\/camaraenmano.org\/index.php\/wp-json\/wp\/v2\/categories?post=3295"},{"taxonomy":"post_tag","embeddable":true,"href":"https:\/\/camaraenmano.org\/index.php\/wp-json\/wp\/v2\/tags?post=3295"}],"curies":[{"name":"wp","href":"https:\/\/api.w.org\/{rel}","templated":true}]}}