{"id":3341,"date":"2023-11-27T23:45:19","date_gmt":"2023-11-27T22:45:19","guid":{"rendered":"https:\/\/camaraenmano.org\/?p=3341"},"modified":"2023-12-30T23:30:04","modified_gmt":"2023-12-30T22:30:04","slug":"proyecto-musicos-callejeros-angel-r-gonzalez","status":"publish","type":"post","link":"https:\/\/camaraenmano.org\/index.php\/2023\/11\/27\/proyecto-musicos-callejeros-angel-r-gonzalez\/","title":{"rendered":"Proyecto: M\u00fasicos Callejeros &#8211; \u00c1ngel R. Gonz\u00e1lez"},"content":{"rendered":"<p style=\"text-align: justify;\"><strong>M\u00fasicos Callejeros. Espa\u00f1a y Cuba Hermanadas por la M\u00fasica Callejera.<\/strong><\/p>\n<p style=\"text-align: justify;\"><strong>ANTECEDENTES<\/strong><\/p>\n<p style=\"text-align: justify;\">Hace unos meses, con el fin de configurar un nuevo proyecto fotogr\u00e1fico, me plante\u00e9 la idea de unir esas dos facetas art\u00edsticas en un proyecto fotogr\u00e1fico. Despu\u00e9s de descartar algunas opciones, decid\u00ed plasmar en ese proyecto a los m\u00fasicos que se afanan por introducirse en el mundo de la m\u00fasica, d\u00e1ndose a conocer en el medio m\u00e1s cercano a los contribuyentes de su entorno: <strong>La Calle<\/strong>.<\/p>\n<p style=\"text-align: justify;\">En el transcurso de la puesta en marcha, consider\u00e9 la idea de realizar un viaje a Cuba, donde se concentra una gran selecci\u00f3n de m\u00fasicos en la calle o en establecimientos tur\u00edsticos.<\/p>\n<p style=\"text-align: justify;\"><strong><em>\u00bfPodr\u00eda yo hacer algo por darles a conocer?\u00a0 \u00bfContar sus historias?\u00a0 \u00bfComo han llegado hasta aqu\u00ed?\u00a0 \u00bfQu\u00e9 proyectos de futuro tienen?\u00a0 \u00bfPodr\u00eda darles visibilidad?<\/em><\/strong><\/p>\n<h5 style=\"text-align: justify;\"><strong><em>AS\u00cd NACI\u00d3 ESTE PROYECTO<\/em><\/strong><\/h5>\n<h4 style=\"text-align: justify;\"><strong>DESCRIPCI\u00d3N DEL PROYECTO<\/strong><\/h4>\n<p style=\"text-align: justify;\">En las ciudades importantes nos encontramos una dilatada proliferaci\u00f3n de m\u00fasicos, que utilizan sus transitadas calles y medios de transporte como v\u00edas de trasmisi\u00f3n de su expresi\u00f3n art\u00edstica. La mayor\u00eda atesora una formaci\u00f3n otorgada por conservatorios y escuelas importantes de sus ciudades, pueblos o regiones de origen.<\/p>\n<p style=\"text-align: justify;\">Conforman una fauna de entretenedores ambientales, que se establecen a lo largo de las zonas de mayor afluencia de turistas y apresurados paseantes, objetivos de contribuci\u00f3n econ\u00f3mica al sostenimiento familiar, y a aplaudir gustosamente el sonido que emana de sus gargantas e instrumentos.<\/p>\n<p style=\"text-align: justify;\">En Cuba, pr\u00e1cticamente todos son aut\u00f3ctonos de la Isla e intentan, a trav\u00e9s de la actuaci\u00f3n en directo, darse a conocer, al mismo tiempo que recaudar las apreciadas DIVISAS que les permitan luchar contra la pobreza, la escasez y el bloqueo comercial al que llevan sometidos desde hace m\u00e1s de 65 A\u00d1OS.<\/p>\n<p style=\"text-align: justify;\">En las calles y transportes de ESPA\u00d1A me encontr\u00e9 m\u00fasicos de diversas latitudes, especialmente de HISPANOAM\u00c9RICA. He podido encontrarme con m\u00fasicos de Venezuela, Costa Rica, Argentina, Colombia, Cuba, Chile y Per\u00fa, todos llegados a ESPA\u00d1A con el deseo de encontrar una vida mejor y un proyecto de VIDA VIABLE, fuera de sus pa\u00edses natales.<\/p>\n<p style=\"text-align: justify;\">Es las siguientes p\u00e1ginas reflejar\u00e9 la vida e historia que he recabado, de las gratificantes entrevistas y sesiones que he mantenido con los m\u00fasicos callejeros, intentando darles a conocer a trav\u00e9s de la imagen fotogr\u00e1fica, que me inspiraba su m\u00fasica, y de sus propios relatos.<\/p>\n<p>Puedes ver el libro de autor de este proyecto en <a href=\"https:\/\/camaraenmano.org\/?p=3452\">este enlace.<\/a><\/p>\n<p>&nbsp;<\/p>\n","protected":false},"excerpt":{"rendered":"<p>M\u00fasicos Callejeros. Espa\u00f1a y Cuba Hermanadas por la M\u00fasica Callejera. ANTECEDENTES Hace unos meses, con el fin de configurar un nuevo proyecto fotogr\u00e1fico, me plante\u00e9 la idea de unir esas dos facetas art\u00edsticas en un proyecto fotogr\u00e1fico. Despu\u00e9s de descartar algunas opciones, decid\u00ed plasmar en ese proyecto a los m\u00fasicos que se afanan por introducirse [&hellip;]<\/p>\n","protected":false},"author":1,"featured_media":3343,"comment_status":"open","ping_status":"open","sticky":false,"template":"","format":"standard","meta":{"footnotes":""},"categories":[174,17],"tags":[],"class_list":{"0":"post-3341","1":"post","2":"type-post","3":"status-publish","4":"format-standard","5":"has-post-thumbnail","7":"category-angel-rafael-gonzalez-gonzalez","8":"category-proyectos","9":"czr-hentry"},"yoast_head":"<!-- This site is optimized with the Yoast SEO plugin v27.5 - https:\/\/yoast.com\/product\/yoast-seo-wordpress\/ -->\n<title>Proyecto: M\u00fasicos Callejeros - \u00c1ngel R. Gonz\u00e1lez - Asociaci\u00f3n fotogr\u00e1fica C\u00e1mara en mano Las Rozas<\/title>\n<meta name=\"robots\" content=\"index, follow, max-snippet:-1, max-image-preview:large, max-video-preview:-1\" \/>\n<link rel=\"canonical\" href=\"https:\/\/camaraenmano.org\/index.php\/2023\/11\/27\/proyecto-musicos-callejeros-angel-r-gonzalez\/\" \/>\n<meta property=\"og:locale\" content=\"es_ES\" \/>\n<meta property=\"og:type\" content=\"article\" \/>\n<meta property=\"og:title\" content=\"Proyecto: M\u00fasicos Callejeros - \u00c1ngel R. Gonz\u00e1lez - Asociaci\u00f3n fotogr\u00e1fica C\u00e1mara en mano Las Rozas\" \/>\n<meta property=\"og:description\" content=\"M\u00fasicos Callejeros. Espa\u00f1a y Cuba Hermanadas por la M\u00fasica Callejera. ANTECEDENTES Hace unos meses, con el fin de configurar un nuevo proyecto fotogr\u00e1fico, me plante\u00e9 la idea de unir esas dos facetas art\u00edsticas en un proyecto fotogr\u00e1fico. Despu\u00e9s de descartar algunas opciones, decid\u00ed plasmar en ese proyecto a los m\u00fasicos que se afanan por introducirse [&hellip;]\" \/>\n<meta property=\"og:url\" content=\"https:\/\/camaraenmano.org\/index.php\/2023\/11\/27\/proyecto-musicos-callejeros-angel-r-gonzalez\/\" \/>\n<meta property=\"og:site_name\" content=\"Asociaci\u00f3n fotogr\u00e1fica C\u00e1mara en mano Las Rozas\" \/>\n<meta property=\"article:publisher\" content=\"https:\/\/www.facebook.com\/AFCamaraenmano\/\" \/>\n<meta property=\"article:published_time\" content=\"2023-11-27T22:45:19+00:00\" \/>\n<meta property=\"article:modified_time\" content=\"2023-12-30T22:30:04+00:00\" \/>\n<meta property=\"og:image\" content=\"https:\/\/camaraenmano.org\/wp-content\/uploads\/2023\/11\/angel1.jpg\" \/>\n\t<meta property=\"og:image:width\" content=\"1004\" \/>\n\t<meta property=\"og:image:height\" content=\"1507\" \/>\n\t<meta property=\"og:image:type\" content=\"image\/jpeg\" \/>\n<meta name=\"author\" content=\"Administrador\" \/>\n<meta name=\"twitter:card\" content=\"summary_large_image\" \/>\n<meta name=\"twitter:label1\" content=\"Escrito por\" \/>\n\t<meta name=\"twitter:data1\" content=\"Administrador\" \/>\n\t<meta name=\"twitter:label2\" content=\"Tiempo de lectura\" \/>\n\t<meta name=\"twitter:data2\" content=\"5 minutos\" \/>\n<script type=\"application\/ld+json\" class=\"yoast-schema-graph\">{\"@context\":\"https:\\\/\\\/schema.org\",\"@graph\":[{\"@type\":\"Article\",\"@id\":\"https:\\\/\\\/camaraenmano.org\\\/index.php\\\/2023\\\/11\\\/27\\\/proyecto-musicos-callejeros-angel-r-gonzalez\\\/#article\",\"isPartOf\":{\"@id\":\"https:\\\/\\\/camaraenmano.org\\\/index.php\\\/2023\\\/11\\\/27\\\/proyecto-musicos-callejeros-angel-r-gonzalez\\\/\"},\"author\":{\"name\":\"Administrador\",\"@id\":\"https:\\\/\\\/camaraenmano.org\\\/#\\\/schema\\\/person\\\/9ae05f95e2aa0144ea0768d6f65488be\"},\"headline\":\"Proyecto: M\u00fasicos Callejeros &#8211; \u00c1ngel R. Gonz\u00e1lez\",\"datePublished\":\"2023-11-27T22:45:19+00:00\",\"dateModified\":\"2023-12-30T22:30:04+00:00\",\"mainEntityOfPage\":{\"@id\":\"https:\\\/\\\/camaraenmano.org\\\/index.php\\\/2023\\\/11\\\/27\\\/proyecto-musicos-callejeros-angel-r-gonzalez\\\/\"},\"wordCount\":446,\"commentCount\":0,\"publisher\":{\"@id\":\"https:\\\/\\\/camaraenmano.org\\\/#organization\"},\"image\":{\"@id\":\"https:\\\/\\\/camaraenmano.org\\\/index.php\\\/2023\\\/11\\\/27\\\/proyecto-musicos-callejeros-angel-r-gonzalez\\\/#primaryimage\"},\"thumbnailUrl\":\"https:\\\/\\\/camaraenmano.org\\\/wp-content\\\/uploads\\\/2023\\\/11\\\/angel1.jpg\",\"articleSection\":[\"\u00c1ngel Rafael Gonz\u00e1lez Gonz\u00e1lez\",\"Proyectos\"],\"inLanguage\":\"es\",\"potentialAction\":[{\"@type\":\"CommentAction\",\"name\":\"Comment\",\"target\":[\"https:\\\/\\\/camaraenmano.org\\\/index.php\\\/2023\\\/11\\\/27\\\/proyecto-musicos-callejeros-angel-r-gonzalez\\\/#respond\"]}]},{\"@type\":\"WebPage\",\"@id\":\"https:\\\/\\\/camaraenmano.org\\\/index.php\\\/2023\\\/11\\\/27\\\/proyecto-musicos-callejeros-angel-r-gonzalez\\\/\",\"url\":\"https:\\\/\\\/camaraenmano.org\\\/index.php\\\/2023\\\/11\\\/27\\\/proyecto-musicos-callejeros-angel-r-gonzalez\\\/\",\"name\":\"Proyecto: M\u00fasicos Callejeros - \u00c1ngel R. Gonz\u00e1lez - Asociaci\u00f3n fotogr\u00e1fica C\u00e1mara en mano Las Rozas\",\"isPartOf\":{\"@id\":\"https:\\\/\\\/camaraenmano.org\\\/#website\"},\"primaryImageOfPage\":{\"@id\":\"https:\\\/\\\/camaraenmano.org\\\/index.php\\\/2023\\\/11\\\/27\\\/proyecto-musicos-callejeros-angel-r-gonzalez\\\/#primaryimage\"},\"image\":{\"@id\":\"https:\\\/\\\/camaraenmano.org\\\/index.php\\\/2023\\\/11\\\/27\\\/proyecto-musicos-callejeros-angel-r-gonzalez\\\/#primaryimage\"},\"thumbnailUrl\":\"https:\\\/\\\/camaraenmano.org\\\/wp-content\\\/uploads\\\/2023\\\/11\\\/angel1.jpg\",\"datePublished\":\"2023-11-27T22:45:19+00:00\",\"dateModified\":\"2023-12-30T22:30:04+00:00\",\"breadcrumb\":{\"@id\":\"https:\\\/\\\/camaraenmano.org\\\/index.php\\\/2023\\\/11\\\/27\\\/proyecto-musicos-callejeros-angel-r-gonzalez\\\/#breadcrumb\"},\"inLanguage\":\"es\",\"potentialAction\":[{\"@type\":\"ReadAction\",\"target\":[\"https:\\\/\\\/camaraenmano.org\\\/index.php\\\/2023\\\/11\\\/27\\\/proyecto-musicos-callejeros-angel-r-gonzalez\\\/\"]}]},{\"@type\":\"ImageObject\",\"inLanguage\":\"es\",\"@id\":\"https:\\\/\\\/camaraenmano.org\\\/index.php\\\/2023\\\/11\\\/27\\\/proyecto-musicos-callejeros-angel-r-gonzalez\\\/#primaryimage\",\"url\":\"https:\\\/\\\/camaraenmano.org\\\/wp-content\\\/uploads\\\/2023\\\/11\\\/angel1.jpg\",\"contentUrl\":\"https:\\\/\\\/camaraenmano.org\\\/wp-content\\\/uploads\\\/2023\\\/11\\\/angel1.jpg\",\"width\":1004,\"height\":1507},{\"@type\":\"BreadcrumbList\",\"@id\":\"https:\\\/\\\/camaraenmano.org\\\/index.php\\\/2023\\\/11\\\/27\\\/proyecto-musicos-callejeros-angel-r-gonzalez\\\/#breadcrumb\",\"itemListElement\":[{\"@type\":\"ListItem\",\"position\":1,\"name\":\"Portada\",\"item\":\"https:\\\/\\\/camaraenmano.org\\\/\"},{\"@type\":\"ListItem\",\"position\":2,\"name\":\"Proyecto: M\u00fasicos Callejeros &#8211; \u00c1ngel R. Gonz\u00e1lez\"}]},{\"@type\":\"WebSite\",\"@id\":\"https:\\\/\\\/camaraenmano.org\\\/#website\",\"url\":\"https:\\\/\\\/camaraenmano.org\\\/\",\"name\":\"Asociaci\u00f3n fotogr\u00e1fica C\u00e1mara en mano Las Rozas\",\"description\":\"\",\"publisher\":{\"@id\":\"https:\\\/\\\/camaraenmano.org\\\/#organization\"},\"potentialAction\":[{\"@type\":\"SearchAction\",\"target\":{\"@type\":\"EntryPoint\",\"urlTemplate\":\"https:\\\/\\\/camaraenmano.org\\\/?s={search_term_string}\"},\"query-input\":{\"@type\":\"PropertyValueSpecification\",\"valueRequired\":true,\"valueName\":\"search_term_string\"}}],\"inLanguage\":\"es\"},{\"@type\":\"Organization\",\"@id\":\"https:\\\/\\\/camaraenmano.org\\\/#organization\",\"name\":\"C\u00e1mara en mano\",\"url\":\"https:\\\/\\\/camaraenmano.org\\\/\",\"logo\":{\"@type\":\"ImageObject\",\"inLanguage\":\"es\",\"@id\":\"https:\\\/\\\/camaraenmano.org\\\/#\\\/schema\\\/logo\\\/image\\\/\",\"url\":\"https:\\\/\\\/camaraenmano.org\\\/wp-content\\\/uploads\\\/2023\\\/10\\\/cropped-Logo-Camara-en-Mano-2-1.png\",\"contentUrl\":\"https:\\\/\\\/camaraenmano.org\\\/wp-content\\\/uploads\\\/2023\\\/10\\\/cropped-Logo-Camara-en-Mano-2-1.png\",\"width\":3174,\"height\":2093,\"caption\":\"C\u00e1mara en mano\"},\"image\":{\"@id\":\"https:\\\/\\\/camaraenmano.org\\\/#\\\/schema\\\/logo\\\/image\\\/\"},\"sameAs\":[\"https:\\\/\\\/www.facebook.com\\\/AFCamaraenmano\\\/\",\"https:\\\/\\\/www.instagram.com\\\/afcamaraenmano\\\/\"]},{\"@type\":\"Person\",\"@id\":\"https:\\\/\\\/camaraenmano.org\\\/#\\\/schema\\\/person\\\/9ae05f95e2aa0144ea0768d6f65488be\",\"name\":\"Administrador\",\"image\":{\"@type\":\"ImageObject\",\"inLanguage\":\"es\",\"@id\":\"https:\\\/\\\/secure.gravatar.com\\\/avatar\\\/afbf021a33f39f3b1b0fcbf424cd00175e4543d4630d7a19e2a7c6defa5096c8?s=96&d=mm&r=g\",\"url\":\"https:\\\/\\\/secure.gravatar.com\\\/avatar\\\/afbf021a33f39f3b1b0fcbf424cd00175e4543d4630d7a19e2a7c6defa5096c8?s=96&d=mm&r=g\",\"contentUrl\":\"https:\\\/\\\/secure.gravatar.com\\\/avatar\\\/afbf021a33f39f3b1b0fcbf424cd00175e4543d4630d7a19e2a7c6defa5096c8?s=96&d=mm&r=g\",\"caption\":\"Administrador\"},\"sameAs\":[\"http:\\\/\\\/camaraenmano.org\"],\"url\":\"https:\\\/\\\/camaraenmano.org\\\/index.php\\\/author\\\/admin2786\\\/\"}]}<\/script>\n<!-- \/ Yoast SEO plugin. -->","yoast_head_json":{"title":"Proyecto: M\u00fasicos Callejeros - \u00c1ngel R. Gonz\u00e1lez - Asociaci\u00f3n fotogr\u00e1fica C\u00e1mara en mano Las Rozas","robots":{"index":"index","follow":"follow","max-snippet":"max-snippet:-1","max-image-preview":"max-image-preview:large","max-video-preview":"max-video-preview:-1"},"canonical":"https:\/\/camaraenmano.org\/index.php\/2023\/11\/27\/proyecto-musicos-callejeros-angel-r-gonzalez\/","og_locale":"es_ES","og_type":"article","og_title":"Proyecto: M\u00fasicos Callejeros - \u00c1ngel R. Gonz\u00e1lez - Asociaci\u00f3n fotogr\u00e1fica C\u00e1mara en mano Las Rozas","og_description":"M\u00fasicos Callejeros. Espa\u00f1a y Cuba Hermanadas por la M\u00fasica Callejera. ANTECEDENTES Hace unos meses, con el fin de configurar un nuevo proyecto fotogr\u00e1fico, me plante\u00e9 la idea de unir esas dos facetas art\u00edsticas en un proyecto fotogr\u00e1fico. Despu\u00e9s de descartar algunas opciones, decid\u00ed plasmar en ese proyecto a los m\u00fasicos que se afanan por introducirse [&hellip;]","og_url":"https:\/\/camaraenmano.org\/index.php\/2023\/11\/27\/proyecto-musicos-callejeros-angel-r-gonzalez\/","og_site_name":"Asociaci\u00f3n fotogr\u00e1fica C\u00e1mara en mano Las Rozas","article_publisher":"https:\/\/www.facebook.com\/AFCamaraenmano\/","article_published_time":"2023-11-27T22:45:19+00:00","article_modified_time":"2023-12-30T22:30:04+00:00","og_image":[{"width":1004,"height":1507,"url":"https:\/\/camaraenmano.org\/wp-content\/uploads\/2023\/11\/angel1.jpg","type":"image\/jpeg"}],"author":"Administrador","twitter_card":"summary_large_image","twitter_misc":{"Escrito por":"Administrador","Tiempo de lectura":"5 minutos"},"schema":{"@context":"https:\/\/schema.org","@graph":[{"@type":"Article","@id":"https:\/\/camaraenmano.org\/index.php\/2023\/11\/27\/proyecto-musicos-callejeros-angel-r-gonzalez\/#article","isPartOf":{"@id":"https:\/\/camaraenmano.org\/index.php\/2023\/11\/27\/proyecto-musicos-callejeros-angel-r-gonzalez\/"},"author":{"name":"Administrador","@id":"https:\/\/camaraenmano.org\/#\/schema\/person\/9ae05f95e2aa0144ea0768d6f65488be"},"headline":"Proyecto: M\u00fasicos Callejeros &#8211; \u00c1ngel R. Gonz\u00e1lez","datePublished":"2023-11-27T22:45:19+00:00","dateModified":"2023-12-30T22:30:04+00:00","mainEntityOfPage":{"@id":"https:\/\/camaraenmano.org\/index.php\/2023\/11\/27\/proyecto-musicos-callejeros-angel-r-gonzalez\/"},"wordCount":446,"commentCount":0,"publisher":{"@id":"https:\/\/camaraenmano.org\/#organization"},"image":{"@id":"https:\/\/camaraenmano.org\/index.php\/2023\/11\/27\/proyecto-musicos-callejeros-angel-r-gonzalez\/#primaryimage"},"thumbnailUrl":"https:\/\/camaraenmano.org\/wp-content\/uploads\/2023\/11\/angel1.jpg","articleSection":["\u00c1ngel Rafael Gonz\u00e1lez Gonz\u00e1lez","Proyectos"],"inLanguage":"es","potentialAction":[{"@type":"CommentAction","name":"Comment","target":["https:\/\/camaraenmano.org\/index.php\/2023\/11\/27\/proyecto-musicos-callejeros-angel-r-gonzalez\/#respond"]}]},{"@type":"WebPage","@id":"https:\/\/camaraenmano.org\/index.php\/2023\/11\/27\/proyecto-musicos-callejeros-angel-r-gonzalez\/","url":"https:\/\/camaraenmano.org\/index.php\/2023\/11\/27\/proyecto-musicos-callejeros-angel-r-gonzalez\/","name":"Proyecto: M\u00fasicos Callejeros - \u00c1ngel R. Gonz\u00e1lez - Asociaci\u00f3n fotogr\u00e1fica C\u00e1mara en mano Las Rozas","isPartOf":{"@id":"https:\/\/camaraenmano.org\/#website"},"primaryImageOfPage":{"@id":"https:\/\/camaraenmano.org\/index.php\/2023\/11\/27\/proyecto-musicos-callejeros-angel-r-gonzalez\/#primaryimage"},"image":{"@id":"https:\/\/camaraenmano.org\/index.php\/2023\/11\/27\/proyecto-musicos-callejeros-angel-r-gonzalez\/#primaryimage"},"thumbnailUrl":"https:\/\/camaraenmano.org\/wp-content\/uploads\/2023\/11\/angel1.jpg","datePublished":"2023-11-27T22:45:19+00:00","dateModified":"2023-12-30T22:30:04+00:00","breadcrumb":{"@id":"https:\/\/camaraenmano.org\/index.php\/2023\/11\/27\/proyecto-musicos-callejeros-angel-r-gonzalez\/#breadcrumb"},"inLanguage":"es","potentialAction":[{"@type":"ReadAction","target":["https:\/\/camaraenmano.org\/index.php\/2023\/11\/27\/proyecto-musicos-callejeros-angel-r-gonzalez\/"]}]},{"@type":"ImageObject","inLanguage":"es","@id":"https:\/\/camaraenmano.org\/index.php\/2023\/11\/27\/proyecto-musicos-callejeros-angel-r-gonzalez\/#primaryimage","url":"https:\/\/camaraenmano.org\/wp-content\/uploads\/2023\/11\/angel1.jpg","contentUrl":"https:\/\/camaraenmano.org\/wp-content\/uploads\/2023\/11\/angel1.jpg","width":1004,"height":1507},{"@type":"BreadcrumbList","@id":"https:\/\/camaraenmano.org\/index.php\/2023\/11\/27\/proyecto-musicos-callejeros-angel-r-gonzalez\/#breadcrumb","itemListElement":[{"@type":"ListItem","position":1,"name":"Portada","item":"https:\/\/camaraenmano.org\/"},{"@type":"ListItem","position":2,"name":"Proyecto: M\u00fasicos Callejeros &#8211; \u00c1ngel R. Gonz\u00e1lez"}]},{"@type":"WebSite","@id":"https:\/\/camaraenmano.org\/#website","url":"https:\/\/camaraenmano.org\/","name":"Asociaci\u00f3n fotogr\u00e1fica C\u00e1mara en mano Las Rozas","description":"","publisher":{"@id":"https:\/\/camaraenmano.org\/#organization"},"potentialAction":[{"@type":"SearchAction","target":{"@type":"EntryPoint","urlTemplate":"https:\/\/camaraenmano.org\/?s={search_term_string}"},"query-input":{"@type":"PropertyValueSpecification","valueRequired":true,"valueName":"search_term_string"}}],"inLanguage":"es"},{"@type":"Organization","@id":"https:\/\/camaraenmano.org\/#organization","name":"C\u00e1mara en mano","url":"https:\/\/camaraenmano.org\/","logo":{"@type":"ImageObject","inLanguage":"es","@id":"https:\/\/camaraenmano.org\/#\/schema\/logo\/image\/","url":"https:\/\/camaraenmano.org\/wp-content\/uploads\/2023\/10\/cropped-Logo-Camara-en-Mano-2-1.png","contentUrl":"https:\/\/camaraenmano.org\/wp-content\/uploads\/2023\/10\/cropped-Logo-Camara-en-Mano-2-1.png","width":3174,"height":2093,"caption":"C\u00e1mara en mano"},"image":{"@id":"https:\/\/camaraenmano.org\/#\/schema\/logo\/image\/"},"sameAs":["https:\/\/www.facebook.com\/AFCamaraenmano\/","https:\/\/www.instagram.com\/afcamaraenmano\/"]},{"@type":"Person","@id":"https:\/\/camaraenmano.org\/#\/schema\/person\/9ae05f95e2aa0144ea0768d6f65488be","name":"Administrador","image":{"@type":"ImageObject","inLanguage":"es","@id":"https:\/\/secure.gravatar.com\/avatar\/afbf021a33f39f3b1b0fcbf424cd00175e4543d4630d7a19e2a7c6defa5096c8?s=96&d=mm&r=g","url":"https:\/\/secure.gravatar.com\/avatar\/afbf021a33f39f3b1b0fcbf424cd00175e4543d4630d7a19e2a7c6defa5096c8?s=96&d=mm&r=g","contentUrl":"https:\/\/secure.gravatar.com\/avatar\/afbf021a33f39f3b1b0fcbf424cd00175e4543d4630d7a19e2a7c6defa5096c8?s=96&d=mm&r=g","caption":"Administrador"},"sameAs":["http:\/\/camaraenmano.org"],"url":"https:\/\/camaraenmano.org\/index.php\/author\/admin2786\/"}]}},"_links":{"self":[{"href":"https:\/\/camaraenmano.org\/index.php\/wp-json\/wp\/v2\/posts\/3341","targetHints":{"allow":["GET"]}}],"collection":[{"href":"https:\/\/camaraenmano.org\/index.php\/wp-json\/wp\/v2\/posts"}],"about":[{"href":"https:\/\/camaraenmano.org\/index.php\/wp-json\/wp\/v2\/types\/post"}],"author":[{"embeddable":true,"href":"https:\/\/camaraenmano.org\/index.php\/wp-json\/wp\/v2\/users\/1"}],"replies":[{"embeddable":true,"href":"https:\/\/camaraenmano.org\/index.php\/wp-json\/wp\/v2\/comments?post=3341"}],"version-history":[{"count":2,"href":"https:\/\/camaraenmano.org\/index.php\/wp-json\/wp\/v2\/posts\/3341\/revisions"}],"predecessor-version":[{"id":3458,"href":"https:\/\/camaraenmano.org\/index.php\/wp-json\/wp\/v2\/posts\/3341\/revisions\/3458"}],"wp:featuredmedia":[{"embeddable":true,"href":"https:\/\/camaraenmano.org\/index.php\/wp-json\/wp\/v2\/media\/3343"}],"wp:attachment":[{"href":"https:\/\/camaraenmano.org\/index.php\/wp-json\/wp\/v2\/media?parent=3341"}],"wp:term":[{"taxonomy":"category","embeddable":true,"href":"https:\/\/camaraenmano.org\/index.php\/wp-json\/wp\/v2\/categories?post=3341"},{"taxonomy":"post_tag","embeddable":true,"href":"https:\/\/camaraenmano.org\/index.php\/wp-json\/wp\/v2\/tags?post=3341"}],"curies":[{"name":"wp","href":"https:\/\/api.w.org\/{rel}","templated":true}]}}