{"id":3400,"date":"2023-12-17T20:58:27","date_gmt":"2023-12-17T19:58:27","guid":{"rendered":"https:\/\/camaraenmano.org\/?p=3400"},"modified":"2023-12-17T22:27:43","modified_gmt":"2023-12-17T21:27:43","slug":"se-fallan-los-premios-del-ii-certamen-fotografico-camara-en-mano","status":"publish","type":"post","link":"https:\/\/camaraenmano.org\/index.php\/2023\/12\/17\/se-fallan-los-premios-del-ii-certamen-fotografico-camara-en-mano\/","title":{"rendered":"Se fallan los premios del II Certamen fotogr\u00e1fico C\u00e1mara en mano"},"content":{"rendered":"<p style=\"text-align: justify;\">El II Certamen de Fotograf\u00eda que organiza C\u00e1mara en mano, la Asociaci\u00f3n Fotogr\u00e1fica de Las Rozas, ha recibido obras de fot\u00f3graf@s de la localidad y de la Comunidad de Madrid cerr\u00f3 el plazo de entrega de fotograf\u00edas el 12 de diciembre.<\/p>\n<p style=\"text-align: justify;\">El d\u00eda 14 de diciembre se ha reunido el jurado compuesto por Juan Carlos Alfeo (fot\u00f3grafo y profesor de la facultad de Ciencias de la Informaci\u00f3n de la UCM, Rocio Bueno, reconocida fot\u00f3grafa y vecina de Las Rozas,\u00a0 y Elena \u00c1guila, experta en dise\u00f1o gr\u00e1fico a propuesta del Ayuntamiento de Las Rozas,\u00a0 ha emitido su decisi\u00f3n tras una cuidadosa evaluaci\u00f3n de las 69 obras presentadas por los 26 participantes.<\/p>\n<p style=\"text-align: justify;\">El proceso de selecci\u00f3n se llev\u00f3 a cabo con meticulosidad, evidenciando la calidad y diversidad de las propuestas recibidas a pesar de la dificultad del tema propuesto. Las obras, que abarcaban un amplio espectro de estilos y enfoques creativos, ofrecieron un desaf\u00edo significativo para el jurado, que dedicaron tiempo y esfuerzo para considerar cada detalle antes de tomar una decisi\u00f3n.<\/p>\n<p style=\"text-align: justify;\">El veredicto final refleja la calidad art\u00edstica presente en el certamen. Los ganadores ser\u00e1n reconocidos no solo por su habilidad t\u00e9cnica, sino tambi\u00e9n por su capacidad para transmitir emociones, contar historias y expresar ideas a trav\u00e9s del objetivo de la c\u00e1mara.<\/p>\n<p style=\"text-align: justify;\">El comit\u00e9 organizador del certamen agradece a todos los participantes por contribuir al \u00e9xito de esta edici\u00f3n, as\u00ed como al jurado por su dedicaci\u00f3n y expertise en la selecci\u00f3n de los premios. La entrega oficial de reconocimientos se llevar\u00e1 a cabo en una ceremonia especial, donde se destacar\u00e1 la labor de los galardonados y se ofrecer\u00e1 un espacio para celebrar y compartir experiencias entre la comunidad art\u00edstica.<\/p>\n<p style=\"text-align: justify;\">Este certamen no solo ha servido como una plataforma para destacar el talento en el \u00e1mbito de la fotograf\u00eda, sino tambi\u00e9n como un catalizador para la promoci\u00f3n y difusi\u00f3n del arte visual en la regi\u00f3n. La diversidad de enfoques y estilos presentados asegura la continuidad del certamen como un evento destacado en el calendario cultural, fomentando el crecimiento y la inspiraci\u00f3n en la comunidad art\u00edstica local.<\/p>\n<p style=\"text-align: justify;\">Ahora pasamos a presentaros los premiados y tambi\u00e9n los preseleccionados que formaran parte de la exposici\u00f3n, seg\u00fan indican las bases.<\/p>\n<p>&nbsp;<\/p>\n<p><strong>Primer Premio:<\/strong> <em>Instituto Nacional de Toxicolog\u00eda y Ciencias Forenses<\/em> de Jos\u00e9 Luis Morales<\/p>\n<p><img loading=\"lazy\" decoding=\"async\" class=\"alignnone wp-image-3404\" src=\"https:\/\/camaraenmano.org\/wp-content\/uploads\/2023\/12\/122-Instituto-Nacional-de-Toxicologia-y-Ciencias-Forenses-1024x768.jpg\" alt=\"\" width=\"500\" height=\"375\" srcset=\"https:\/\/camaraenmano.org\/wp-content\/uploads\/2023\/12\/122-Instituto-Nacional-de-Toxicologia-y-Ciencias-Forenses-1024x768.jpg 1024w, https:\/\/camaraenmano.org\/wp-content\/uploads\/2023\/12\/122-Instituto-Nacional-de-Toxicologia-y-Ciencias-Forenses-300x225.jpg 300w, https:\/\/camaraenmano.org\/wp-content\/uploads\/2023\/12\/122-Instituto-Nacional-de-Toxicologia-y-Ciencias-Forenses-768x576.jpg 768w, https:\/\/camaraenmano.org\/wp-content\/uploads\/2023\/12\/122-Instituto-Nacional-de-Toxicologia-y-Ciencias-Forenses-1536x1152.jpg 1536w, https:\/\/camaraenmano.org\/wp-content\/uploads\/2023\/12\/122-Instituto-Nacional-de-Toxicologia-y-Ciencias-Forenses-2048x1536.jpg 2048w, https:\/\/camaraenmano.org\/wp-content\/uploads\/2023\/12\/122-Instituto-Nacional-de-Toxicologia-y-Ciencias-Forenses-1320x990.jpg 1320w\" sizes=\"auto, (max-width: 500px) 100vw, 500px\" \/><\/p>\n<p><strong>Segundo Premio:<\/strong> <em>Pasos con destino<\/em> de Almudena Delgado Marchante<\/p>\n<p><img loading=\"lazy\" decoding=\"async\" class=\"alignnone wp-image-3402\" src=\"https:\/\/camaraenmano.org\/wp-content\/uploads\/2023\/12\/110-2-Pasos-1024x576.jpg\" alt=\"\" width=\"500\" height=\"281\" srcset=\"https:\/\/camaraenmano.org\/wp-content\/uploads\/2023\/12\/110-2-Pasos-1024x576.jpg 1024w, https:\/\/camaraenmano.org\/wp-content\/uploads\/2023\/12\/110-2-Pasos-300x169.jpg 300w, https:\/\/camaraenmano.org\/wp-content\/uploads\/2023\/12\/110-2-Pasos-768x432.jpg 768w, https:\/\/camaraenmano.org\/wp-content\/uploads\/2023\/12\/110-2-Pasos-1536x864.jpg 1536w, https:\/\/camaraenmano.org\/wp-content\/uploads\/2023\/12\/110-2-Pasos-2048x1152.jpg 2048w, https:\/\/camaraenmano.org\/wp-content\/uploads\/2023\/12\/110-2-Pasos-1110x624.jpg 1110w, https:\/\/camaraenmano.org\/wp-content\/uploads\/2023\/12\/110-2-Pasos-528x297.jpg 528w, https:\/\/camaraenmano.org\/wp-content\/uploads\/2023\/12\/110-2-Pasos-1320x743.jpg 1320w\" sizes=\"auto, (max-width: 500px) 100vw, 500px\" \/><\/p>\n<p><strong>Tercer Premio:<\/strong> <em>Cultura urbana <\/em>de Nuria del R\u00edo Winne<\/p>\n<p><img loading=\"lazy\" decoding=\"async\" class=\"alignnone wp-image-3403\" src=\"https:\/\/camaraenmano.org\/wp-content\/uploads\/2023\/12\/116-Cultura-Urbana-1024x683.jpg\" alt=\"\" width=\"500\" height=\"333\" srcset=\"https:\/\/camaraenmano.org\/wp-content\/uploads\/2023\/12\/116-Cultura-Urbana-1024x683.jpg 1024w, https:\/\/camaraenmano.org\/wp-content\/uploads\/2023\/12\/116-Cultura-Urbana-300x200.jpg 300w, https:\/\/camaraenmano.org\/wp-content\/uploads\/2023\/12\/116-Cultura-Urbana-768x512.jpg 768w, https:\/\/camaraenmano.org\/wp-content\/uploads\/2023\/12\/116-Cultura-Urbana-1536x1024.jpg 1536w, https:\/\/camaraenmano.org\/wp-content\/uploads\/2023\/12\/116-Cultura-Urbana-2048x1365.jpg 2048w, https:\/\/camaraenmano.org\/wp-content\/uploads\/2023\/12\/116-Cultura-Urbana-1320x880.jpg 1320w\" sizes=\"auto, (max-width: 500px) 100vw, 500px\" \/><\/p>\n<p>Adem\u00e1s, de entre las obras presentadas por los socios de la Asociaci\u00f3n no premiadas se eligen los siguientes:<\/p>\n<p>&nbsp;<\/p>\n<p><strong>1er. Acc\u00e9sit:<\/strong> <em>El pasado fue presente<\/em> de Mar\u00eda Angeles Mart\u00edn Gonz\u00e1lez<\/p>\n<p><img loading=\"lazy\" decoding=\"async\" class=\"alignnone wp-image-3409\" src=\"https:\/\/camaraenmano.org\/wp-content\/uploads\/2023\/12\/120-El-pasado-fue-presenteJPG-1-1024x675.jpg\" alt=\"\" width=\"500\" height=\"330\" srcset=\"https:\/\/camaraenmano.org\/wp-content\/uploads\/2023\/12\/120-El-pasado-fue-presenteJPG-1-1024x675.jpg 1024w, https:\/\/camaraenmano.org\/wp-content\/uploads\/2023\/12\/120-El-pasado-fue-presenteJPG-1-300x198.jpg 300w, https:\/\/camaraenmano.org\/wp-content\/uploads\/2023\/12\/120-El-pasado-fue-presenteJPG-1-768x506.jpg 768w, https:\/\/camaraenmano.org\/wp-content\/uploads\/2023\/12\/120-El-pasado-fue-presenteJPG-1-1536x1012.jpg 1536w, https:\/\/camaraenmano.org\/wp-content\/uploads\/2023\/12\/120-El-pasado-fue-presenteJPG-1-2048x1350.jpg 2048w, https:\/\/camaraenmano.org\/wp-content\/uploads\/2023\/12\/120-El-pasado-fue-presenteJPG-1-1320x870.jpg 1320w\" sizes=\"auto, (max-width: 500px) 100vw, 500px\" \/><\/p>\n<p><strong>2\u00ba Acc\u00e9sit:<\/strong> <em>Asia y Europa en las Rozas<\/em> de Mercedes Conesa Mart\u00ednez<\/p>\n<p><img loading=\"lazy\" decoding=\"async\" class=\"alignnone wp-image-3408\" src=\"https:\/\/camaraenmano.org\/wp-content\/uploads\/2023\/12\/108-ASIA-Y-EUROPA-EN-LAS-ROZAS-1-1024x728.jpg\" alt=\"\" width=\"499\" height=\"355\" srcset=\"https:\/\/camaraenmano.org\/wp-content\/uploads\/2023\/12\/108-ASIA-Y-EUROPA-EN-LAS-ROZAS-1-1024x728.jpg 1024w, https:\/\/camaraenmano.org\/wp-content\/uploads\/2023\/12\/108-ASIA-Y-EUROPA-EN-LAS-ROZAS-1-300x213.jpg 300w, https:\/\/camaraenmano.org\/wp-content\/uploads\/2023\/12\/108-ASIA-Y-EUROPA-EN-LAS-ROZAS-1-768x546.jpg 768w, https:\/\/camaraenmano.org\/wp-content\/uploads\/2023\/12\/108-ASIA-Y-EUROPA-EN-LAS-ROZAS-1-1536x1093.jpg 1536w, https:\/\/camaraenmano.org\/wp-content\/uploads\/2023\/12\/108-ASIA-Y-EUROPA-EN-LAS-ROZAS-1-2048x1457.jpg 2048w, https:\/\/camaraenmano.org\/wp-content\/uploads\/2023\/12\/108-ASIA-Y-EUROPA-EN-LAS-ROZAS-1-1320x939.jpg 1320w\" sizes=\"auto, (max-width: 499px) 100vw, 499px\" \/><\/p>\n<p>&nbsp;<\/p>\n<p>Adem\u00e1s se realiz\u00f3 una preselecci\u00f3n de las fotograf\u00edas que formaran la exposici\u00f3n que se celebrar\u00e1 a principios del pr\u00f3ximo a\u00f1o siendo seleccionadas las siguientes fotograf\u00edas y autores:<\/p>\n<p><img loading=\"lazy\" decoding=\"async\" class=\"alignnone wp-image-3407\" src=\"https:\/\/camaraenmano.org\/wp-content\/uploads\/2023\/12\/tabla-728x1024.jpg\" alt=\"\" width=\"618\" height=\"869\" srcset=\"https:\/\/camaraenmano.org\/wp-content\/uploads\/2023\/12\/tabla-728x1024.jpg 728w, https:\/\/camaraenmano.org\/wp-content\/uploads\/2023\/12\/tabla-213x300.jpg 213w, https:\/\/camaraenmano.org\/wp-content\/uploads\/2023\/12\/tabla-768x1081.jpg 768w, https:\/\/camaraenmano.org\/wp-content\/uploads\/2023\/12\/tabla.jpg 822w\" sizes=\"auto, (max-width: 618px) 100vw, 618px\" \/><\/p>\n<p>Pod\u00e9is leer el acta de la sesi\u00f3n en <a href=\"https:\/\/camaraenmano.org\/wp-content\/uploads\/2023\/12\/FALLO-JURADO-2023.pdf\">este enlace<\/a>.<\/p>\n<p><strong>Felicidades a los premiados y muchas gracias a todos los participantes.<\/strong><\/p>\n<p>El <strong>acto de entrega de premios<\/strong> se realizar\u00e1 el pr\u00f3ximo<strong> jueves 21 de diciembre a las 18:30<\/strong> horas en la sala D\u00edaz Caneja del Centro Cultural Perez de la Riva. Todos los participantes estan invitados.<\/p>\n<p>&nbsp;<\/p>\n<p>&nbsp;<\/p>\n<p>&nbsp;<\/p>\n","protected":false},"excerpt":{"rendered":"<p>El II Certamen de Fotograf\u00eda que organiza C\u00e1mara en mano, la Asociaci\u00f3n Fotogr\u00e1fica de Las Rozas, ha recibido obras de fot\u00f3graf@s de la localidad y de la Comunidad de Madrid cerr\u00f3 el plazo de entrega de fotograf\u00edas el 12 de diciembre. El d\u00eda 14 de diciembre se ha reunido el jurado compuesto por Juan Carlos [&hellip;]<\/p>\n","protected":false},"author":1,"featured_media":3404,"comment_status":"open","ping_status":"open","sticky":false,"template":"","format":"standard","meta":{"footnotes":""},"categories":[5,23],"tags":[197,187],"class_list":{"0":"post-3400","1":"post","2":"type-post","3":"status-publish","4":"format-standard","5":"has-post-thumbnail","7":"category-actividades","8":"category-noticias","9":"tag-certamen","10":"tag-concurso","11":"czr-hentry"},"yoast_head":"<!-- This site is optimized with the Yoast SEO plugin v27.5 - https:\/\/yoast.com\/product\/yoast-seo-wordpress\/ -->\n<title>Se fallan los premios del II Certamen fotogr\u00e1fico C\u00e1mara en mano - Asociaci\u00f3n fotogr\u00e1fica C\u00e1mara en mano Las Rozas<\/title>\n<meta name=\"robots\" content=\"index, follow, max-snippet:-1, max-image-preview:large, max-video-preview:-1\" \/>\n<link rel=\"canonical\" href=\"https:\/\/camaraenmano.org\/index.php\/2023\/12\/17\/se-fallan-los-premios-del-ii-certamen-fotografico-camara-en-mano\/\" \/>\n<meta property=\"og:locale\" content=\"es_ES\" \/>\n<meta property=\"og:type\" content=\"article\" \/>\n<meta property=\"og:title\" content=\"Se fallan los premios del II Certamen fotogr\u00e1fico C\u00e1mara en mano - Asociaci\u00f3n fotogr\u00e1fica C\u00e1mara en mano Las Rozas\" \/>\n<meta property=\"og:description\" content=\"El II Certamen de Fotograf\u00eda que organiza C\u00e1mara en mano, la Asociaci\u00f3n Fotogr\u00e1fica de Las Rozas, ha recibido obras de fot\u00f3graf@s de la localidad y de la Comunidad de Madrid cerr\u00f3 el plazo de entrega de fotograf\u00edas el 12 de diciembre. El d\u00eda 14 de diciembre se ha reunido el jurado compuesto por Juan Carlos [&hellip;]\" \/>\n<meta property=\"og:url\" content=\"https:\/\/camaraenmano.org\/index.php\/2023\/12\/17\/se-fallan-los-premios-del-ii-certamen-fotografico-camara-en-mano\/\" \/>\n<meta property=\"og:site_name\" content=\"Asociaci\u00f3n fotogr\u00e1fica C\u00e1mara en mano Las Rozas\" \/>\n<meta property=\"article:publisher\" content=\"https:\/\/www.facebook.com\/AFCamaraenmano\/\" \/>\n<meta property=\"article:published_time\" content=\"2023-12-17T19:58:27+00:00\" \/>\n<meta property=\"article:modified_time\" content=\"2023-12-17T21:27:43+00:00\" \/>\n<meta property=\"og:image\" content=\"https:\/\/camaraenmano.org\/wp-content\/uploads\/2023\/12\/122-Instituto-Nacional-de-Toxicologia-y-Ciencias-Forenses-scaled.jpg\" \/>\n\t<meta property=\"og:image:width\" content=\"2560\" \/>\n\t<meta property=\"og:image:height\" content=\"1921\" \/>\n\t<meta property=\"og:image:type\" content=\"image\/jpeg\" \/>\n<meta name=\"author\" content=\"Administrador\" \/>\n<meta name=\"twitter:card\" content=\"summary_large_image\" \/>\n<meta name=\"twitter:label1\" content=\"Escrito por\" \/>\n\t<meta name=\"twitter:data1\" content=\"Administrador\" \/>\n\t<meta name=\"twitter:label2\" content=\"Tiempo de lectura\" \/>\n\t<meta name=\"twitter:data2\" content=\"4 minutos\" \/>\n<script type=\"application\/ld+json\" class=\"yoast-schema-graph\">{\"@context\":\"https:\\\/\\\/schema.org\",\"@graph\":[{\"@type\":\"Article\",\"@id\":\"https:\\\/\\\/camaraenmano.org\\\/index.php\\\/2023\\\/12\\\/17\\\/se-fallan-los-premios-del-ii-certamen-fotografico-camara-en-mano\\\/#article\",\"isPartOf\":{\"@id\":\"https:\\\/\\\/camaraenmano.org\\\/index.php\\\/2023\\\/12\\\/17\\\/se-fallan-los-premios-del-ii-certamen-fotografico-camara-en-mano\\\/\"},\"author\":{\"name\":\"Administrador\",\"@id\":\"https:\\\/\\\/camaraenmano.org\\\/#\\\/schema\\\/person\\\/9ae05f95e2aa0144ea0768d6f65488be\"},\"headline\":\"Se fallan los premios del II Certamen fotogr\u00e1fico C\u00e1mara en mano\",\"datePublished\":\"2023-12-17T19:58:27+00:00\",\"dateModified\":\"2023-12-17T21:27:43+00:00\",\"mainEntityOfPage\":{\"@id\":\"https:\\\/\\\/camaraenmano.org\\\/index.php\\\/2023\\\/12\\\/17\\\/se-fallan-los-premios-del-ii-certamen-fotografico-camara-en-mano\\\/\"},\"wordCount\":590,\"commentCount\":0,\"publisher\":{\"@id\":\"https:\\\/\\\/camaraenmano.org\\\/#organization\"},\"image\":{\"@id\":\"https:\\\/\\\/camaraenmano.org\\\/index.php\\\/2023\\\/12\\\/17\\\/se-fallan-los-premios-del-ii-certamen-fotografico-camara-en-mano\\\/#primaryimage\"},\"thumbnailUrl\":\"https:\\\/\\\/camaraenmano.org\\\/wp-content\\\/uploads\\\/2023\\\/12\\\/122-Instituto-Nacional-de-Toxicologia-y-Ciencias-Forenses-scaled.jpg\",\"keywords\":[\"certamen\",\"Concurso\"],\"articleSection\":[\"Actividades\",\"Noticias\"],\"inLanguage\":\"es\",\"potentialAction\":[{\"@type\":\"CommentAction\",\"name\":\"Comment\",\"target\":[\"https:\\\/\\\/camaraenmano.org\\\/index.php\\\/2023\\\/12\\\/17\\\/se-fallan-los-premios-del-ii-certamen-fotografico-camara-en-mano\\\/#respond\"]}]},{\"@type\":\"WebPage\",\"@id\":\"https:\\\/\\\/camaraenmano.org\\\/index.php\\\/2023\\\/12\\\/17\\\/se-fallan-los-premios-del-ii-certamen-fotografico-camara-en-mano\\\/\",\"url\":\"https:\\\/\\\/camaraenmano.org\\\/index.php\\\/2023\\\/12\\\/17\\\/se-fallan-los-premios-del-ii-certamen-fotografico-camara-en-mano\\\/\",\"name\":\"Se fallan los premios del II Certamen fotogr\u00e1fico C\u00e1mara en mano - Asociaci\u00f3n fotogr\u00e1fica C\u00e1mara en mano Las Rozas\",\"isPartOf\":{\"@id\":\"https:\\\/\\\/camaraenmano.org\\\/#website\"},\"primaryImageOfPage\":{\"@id\":\"https:\\\/\\\/camaraenmano.org\\\/index.php\\\/2023\\\/12\\\/17\\\/se-fallan-los-premios-del-ii-certamen-fotografico-camara-en-mano\\\/#primaryimage\"},\"image\":{\"@id\":\"https:\\\/\\\/camaraenmano.org\\\/index.php\\\/2023\\\/12\\\/17\\\/se-fallan-los-premios-del-ii-certamen-fotografico-camara-en-mano\\\/#primaryimage\"},\"thumbnailUrl\":\"https:\\\/\\\/camaraenmano.org\\\/wp-content\\\/uploads\\\/2023\\\/12\\\/122-Instituto-Nacional-de-Toxicologia-y-Ciencias-Forenses-scaled.jpg\",\"datePublished\":\"2023-12-17T19:58:27+00:00\",\"dateModified\":\"2023-12-17T21:27:43+00:00\",\"breadcrumb\":{\"@id\":\"https:\\\/\\\/camaraenmano.org\\\/index.php\\\/2023\\\/12\\\/17\\\/se-fallan-los-premios-del-ii-certamen-fotografico-camara-en-mano\\\/#breadcrumb\"},\"inLanguage\":\"es\",\"potentialAction\":[{\"@type\":\"ReadAction\",\"target\":[\"https:\\\/\\\/camaraenmano.org\\\/index.php\\\/2023\\\/12\\\/17\\\/se-fallan-los-premios-del-ii-certamen-fotografico-camara-en-mano\\\/\"]}]},{\"@type\":\"ImageObject\",\"inLanguage\":\"es\",\"@id\":\"https:\\\/\\\/camaraenmano.org\\\/index.php\\\/2023\\\/12\\\/17\\\/se-fallan-los-premios-del-ii-certamen-fotografico-camara-en-mano\\\/#primaryimage\",\"url\":\"https:\\\/\\\/camaraenmano.org\\\/wp-content\\\/uploads\\\/2023\\\/12\\\/122-Instituto-Nacional-de-Toxicologia-y-Ciencias-Forenses-scaled.jpg\",\"contentUrl\":\"https:\\\/\\\/camaraenmano.org\\\/wp-content\\\/uploads\\\/2023\\\/12\\\/122-Instituto-Nacional-de-Toxicologia-y-Ciencias-Forenses-scaled.jpg\",\"width\":2560,\"height\":1921},{\"@type\":\"BreadcrumbList\",\"@id\":\"https:\\\/\\\/camaraenmano.org\\\/index.php\\\/2023\\\/12\\\/17\\\/se-fallan-los-premios-del-ii-certamen-fotografico-camara-en-mano\\\/#breadcrumb\",\"itemListElement\":[{\"@type\":\"ListItem\",\"position\":1,\"name\":\"Portada\",\"item\":\"https:\\\/\\\/camaraenmano.org\\\/\"},{\"@type\":\"ListItem\",\"position\":2,\"name\":\"Se fallan los premios del II Certamen fotogr\u00e1fico C\u00e1mara en mano\"}]},{\"@type\":\"WebSite\",\"@id\":\"https:\\\/\\\/camaraenmano.org\\\/#website\",\"url\":\"https:\\\/\\\/camaraenmano.org\\\/\",\"name\":\"Asociaci\u00f3n fotogr\u00e1fica C\u00e1mara en mano Las Rozas\",\"description\":\"\",\"publisher\":{\"@id\":\"https:\\\/\\\/camaraenmano.org\\\/#organization\"},\"potentialAction\":[{\"@type\":\"SearchAction\",\"target\":{\"@type\":\"EntryPoint\",\"urlTemplate\":\"https:\\\/\\\/camaraenmano.org\\\/?s={search_term_string}\"},\"query-input\":{\"@type\":\"PropertyValueSpecification\",\"valueRequired\":true,\"valueName\":\"search_term_string\"}}],\"inLanguage\":\"es\"},{\"@type\":\"Organization\",\"@id\":\"https:\\\/\\\/camaraenmano.org\\\/#organization\",\"name\":\"C\u00e1mara en mano\",\"url\":\"https:\\\/\\\/camaraenmano.org\\\/\",\"logo\":{\"@type\":\"ImageObject\",\"inLanguage\":\"es\",\"@id\":\"https:\\\/\\\/camaraenmano.org\\\/#\\\/schema\\\/logo\\\/image\\\/\",\"url\":\"https:\\\/\\\/camaraenmano.org\\\/wp-content\\\/uploads\\\/2023\\\/10\\\/cropped-Logo-Camara-en-Mano-2-1.png\",\"contentUrl\":\"https:\\\/\\\/camaraenmano.org\\\/wp-content\\\/uploads\\\/2023\\\/10\\\/cropped-Logo-Camara-en-Mano-2-1.png\",\"width\":3174,\"height\":2093,\"caption\":\"C\u00e1mara en mano\"},\"image\":{\"@id\":\"https:\\\/\\\/camaraenmano.org\\\/#\\\/schema\\\/logo\\\/image\\\/\"},\"sameAs\":[\"https:\\\/\\\/www.facebook.com\\\/AFCamaraenmano\\\/\",\"https:\\\/\\\/www.instagram.com\\\/afcamaraenmano\\\/\"]},{\"@type\":\"Person\",\"@id\":\"https:\\\/\\\/camaraenmano.org\\\/#\\\/schema\\\/person\\\/9ae05f95e2aa0144ea0768d6f65488be\",\"name\":\"Administrador\",\"image\":{\"@type\":\"ImageObject\",\"inLanguage\":\"es\",\"@id\":\"https:\\\/\\\/secure.gravatar.com\\\/avatar\\\/afbf021a33f39f3b1b0fcbf424cd00175e4543d4630d7a19e2a7c6defa5096c8?s=96&d=mm&r=g\",\"url\":\"https:\\\/\\\/secure.gravatar.com\\\/avatar\\\/afbf021a33f39f3b1b0fcbf424cd00175e4543d4630d7a19e2a7c6defa5096c8?s=96&d=mm&r=g\",\"contentUrl\":\"https:\\\/\\\/secure.gravatar.com\\\/avatar\\\/afbf021a33f39f3b1b0fcbf424cd00175e4543d4630d7a19e2a7c6defa5096c8?s=96&d=mm&r=g\",\"caption\":\"Administrador\"},\"sameAs\":[\"http:\\\/\\\/camaraenmano.org\"],\"url\":\"https:\\\/\\\/camaraenmano.org\\\/index.php\\\/author\\\/admin2786\\\/\"}]}<\/script>\n<!-- \/ Yoast SEO plugin. -->","yoast_head_json":{"title":"Se fallan los premios del II Certamen fotogr\u00e1fico C\u00e1mara en mano - Asociaci\u00f3n fotogr\u00e1fica C\u00e1mara en mano Las Rozas","robots":{"index":"index","follow":"follow","max-snippet":"max-snippet:-1","max-image-preview":"max-image-preview:large","max-video-preview":"max-video-preview:-1"},"canonical":"https:\/\/camaraenmano.org\/index.php\/2023\/12\/17\/se-fallan-los-premios-del-ii-certamen-fotografico-camara-en-mano\/","og_locale":"es_ES","og_type":"article","og_title":"Se fallan los premios del II Certamen fotogr\u00e1fico C\u00e1mara en mano - Asociaci\u00f3n fotogr\u00e1fica C\u00e1mara en mano Las Rozas","og_description":"El II Certamen de Fotograf\u00eda que organiza C\u00e1mara en mano, la Asociaci\u00f3n Fotogr\u00e1fica de Las Rozas, ha recibido obras de fot\u00f3graf@s de la localidad y de la Comunidad de Madrid cerr\u00f3 el plazo de entrega de fotograf\u00edas el 12 de diciembre. El d\u00eda 14 de diciembre se ha reunido el jurado compuesto por Juan Carlos [&hellip;]","og_url":"https:\/\/camaraenmano.org\/index.php\/2023\/12\/17\/se-fallan-los-premios-del-ii-certamen-fotografico-camara-en-mano\/","og_site_name":"Asociaci\u00f3n fotogr\u00e1fica C\u00e1mara en mano Las Rozas","article_publisher":"https:\/\/www.facebook.com\/AFCamaraenmano\/","article_published_time":"2023-12-17T19:58:27+00:00","article_modified_time":"2023-12-17T21:27:43+00:00","og_image":[{"width":2560,"height":1921,"url":"https:\/\/camaraenmano.org\/wp-content\/uploads\/2023\/12\/122-Instituto-Nacional-de-Toxicologia-y-Ciencias-Forenses-scaled.jpg","type":"image\/jpeg"}],"author":"Administrador","twitter_card":"summary_large_image","twitter_misc":{"Escrito por":"Administrador","Tiempo de lectura":"4 minutos"},"schema":{"@context":"https:\/\/schema.org","@graph":[{"@type":"Article","@id":"https:\/\/camaraenmano.org\/index.php\/2023\/12\/17\/se-fallan-los-premios-del-ii-certamen-fotografico-camara-en-mano\/#article","isPartOf":{"@id":"https:\/\/camaraenmano.org\/index.php\/2023\/12\/17\/se-fallan-los-premios-del-ii-certamen-fotografico-camara-en-mano\/"},"author":{"name":"Administrador","@id":"https:\/\/camaraenmano.org\/#\/schema\/person\/9ae05f95e2aa0144ea0768d6f65488be"},"headline":"Se fallan los premios del II Certamen fotogr\u00e1fico C\u00e1mara en mano","datePublished":"2023-12-17T19:58:27+00:00","dateModified":"2023-12-17T21:27:43+00:00","mainEntityOfPage":{"@id":"https:\/\/camaraenmano.org\/index.php\/2023\/12\/17\/se-fallan-los-premios-del-ii-certamen-fotografico-camara-en-mano\/"},"wordCount":590,"commentCount":0,"publisher":{"@id":"https:\/\/camaraenmano.org\/#organization"},"image":{"@id":"https:\/\/camaraenmano.org\/index.php\/2023\/12\/17\/se-fallan-los-premios-del-ii-certamen-fotografico-camara-en-mano\/#primaryimage"},"thumbnailUrl":"https:\/\/camaraenmano.org\/wp-content\/uploads\/2023\/12\/122-Instituto-Nacional-de-Toxicologia-y-Ciencias-Forenses-scaled.jpg","keywords":["certamen","Concurso"],"articleSection":["Actividades","Noticias"],"inLanguage":"es","potentialAction":[{"@type":"CommentAction","name":"Comment","target":["https:\/\/camaraenmano.org\/index.php\/2023\/12\/17\/se-fallan-los-premios-del-ii-certamen-fotografico-camara-en-mano\/#respond"]}]},{"@type":"WebPage","@id":"https:\/\/camaraenmano.org\/index.php\/2023\/12\/17\/se-fallan-los-premios-del-ii-certamen-fotografico-camara-en-mano\/","url":"https:\/\/camaraenmano.org\/index.php\/2023\/12\/17\/se-fallan-los-premios-del-ii-certamen-fotografico-camara-en-mano\/","name":"Se fallan los premios del II Certamen fotogr\u00e1fico C\u00e1mara en mano - Asociaci\u00f3n fotogr\u00e1fica C\u00e1mara en mano Las Rozas","isPartOf":{"@id":"https:\/\/camaraenmano.org\/#website"},"primaryImageOfPage":{"@id":"https:\/\/camaraenmano.org\/index.php\/2023\/12\/17\/se-fallan-los-premios-del-ii-certamen-fotografico-camara-en-mano\/#primaryimage"},"image":{"@id":"https:\/\/camaraenmano.org\/index.php\/2023\/12\/17\/se-fallan-los-premios-del-ii-certamen-fotografico-camara-en-mano\/#primaryimage"},"thumbnailUrl":"https:\/\/camaraenmano.org\/wp-content\/uploads\/2023\/12\/122-Instituto-Nacional-de-Toxicologia-y-Ciencias-Forenses-scaled.jpg","datePublished":"2023-12-17T19:58:27+00:00","dateModified":"2023-12-17T21:27:43+00:00","breadcrumb":{"@id":"https:\/\/camaraenmano.org\/index.php\/2023\/12\/17\/se-fallan-los-premios-del-ii-certamen-fotografico-camara-en-mano\/#breadcrumb"},"inLanguage":"es","potentialAction":[{"@type":"ReadAction","target":["https:\/\/camaraenmano.org\/index.php\/2023\/12\/17\/se-fallan-los-premios-del-ii-certamen-fotografico-camara-en-mano\/"]}]},{"@type":"ImageObject","inLanguage":"es","@id":"https:\/\/camaraenmano.org\/index.php\/2023\/12\/17\/se-fallan-los-premios-del-ii-certamen-fotografico-camara-en-mano\/#primaryimage","url":"https:\/\/camaraenmano.org\/wp-content\/uploads\/2023\/12\/122-Instituto-Nacional-de-Toxicologia-y-Ciencias-Forenses-scaled.jpg","contentUrl":"https:\/\/camaraenmano.org\/wp-content\/uploads\/2023\/12\/122-Instituto-Nacional-de-Toxicologia-y-Ciencias-Forenses-scaled.jpg","width":2560,"height":1921},{"@type":"BreadcrumbList","@id":"https:\/\/camaraenmano.org\/index.php\/2023\/12\/17\/se-fallan-los-premios-del-ii-certamen-fotografico-camara-en-mano\/#breadcrumb","itemListElement":[{"@type":"ListItem","position":1,"name":"Portada","item":"https:\/\/camaraenmano.org\/"},{"@type":"ListItem","position":2,"name":"Se fallan los premios del II Certamen fotogr\u00e1fico C\u00e1mara en mano"}]},{"@type":"WebSite","@id":"https:\/\/camaraenmano.org\/#website","url":"https:\/\/camaraenmano.org\/","name":"Asociaci\u00f3n fotogr\u00e1fica C\u00e1mara en mano Las Rozas","description":"","publisher":{"@id":"https:\/\/camaraenmano.org\/#organization"},"potentialAction":[{"@type":"SearchAction","target":{"@type":"EntryPoint","urlTemplate":"https:\/\/camaraenmano.org\/?s={search_term_string}"},"query-input":{"@type":"PropertyValueSpecification","valueRequired":true,"valueName":"search_term_string"}}],"inLanguage":"es"},{"@type":"Organization","@id":"https:\/\/camaraenmano.org\/#organization","name":"C\u00e1mara en mano","url":"https:\/\/camaraenmano.org\/","logo":{"@type":"ImageObject","inLanguage":"es","@id":"https:\/\/camaraenmano.org\/#\/schema\/logo\/image\/","url":"https:\/\/camaraenmano.org\/wp-content\/uploads\/2023\/10\/cropped-Logo-Camara-en-Mano-2-1.png","contentUrl":"https:\/\/camaraenmano.org\/wp-content\/uploads\/2023\/10\/cropped-Logo-Camara-en-Mano-2-1.png","width":3174,"height":2093,"caption":"C\u00e1mara en mano"},"image":{"@id":"https:\/\/camaraenmano.org\/#\/schema\/logo\/image\/"},"sameAs":["https:\/\/www.facebook.com\/AFCamaraenmano\/","https:\/\/www.instagram.com\/afcamaraenmano\/"]},{"@type":"Person","@id":"https:\/\/camaraenmano.org\/#\/schema\/person\/9ae05f95e2aa0144ea0768d6f65488be","name":"Administrador","image":{"@type":"ImageObject","inLanguage":"es","@id":"https:\/\/secure.gravatar.com\/avatar\/afbf021a33f39f3b1b0fcbf424cd00175e4543d4630d7a19e2a7c6defa5096c8?s=96&d=mm&r=g","url":"https:\/\/secure.gravatar.com\/avatar\/afbf021a33f39f3b1b0fcbf424cd00175e4543d4630d7a19e2a7c6defa5096c8?s=96&d=mm&r=g","contentUrl":"https:\/\/secure.gravatar.com\/avatar\/afbf021a33f39f3b1b0fcbf424cd00175e4543d4630d7a19e2a7c6defa5096c8?s=96&d=mm&r=g","caption":"Administrador"},"sameAs":["http:\/\/camaraenmano.org"],"url":"https:\/\/camaraenmano.org\/index.php\/author\/admin2786\/"}]}},"_links":{"self":[{"href":"https:\/\/camaraenmano.org\/index.php\/wp-json\/wp\/v2\/posts\/3400","targetHints":{"allow":["GET"]}}],"collection":[{"href":"https:\/\/camaraenmano.org\/index.php\/wp-json\/wp\/v2\/posts"}],"about":[{"href":"https:\/\/camaraenmano.org\/index.php\/wp-json\/wp\/v2\/types\/post"}],"author":[{"embeddable":true,"href":"https:\/\/camaraenmano.org\/index.php\/wp-json\/wp\/v2\/users\/1"}],"replies":[{"embeddable":true,"href":"https:\/\/camaraenmano.org\/index.php\/wp-json\/wp\/v2\/comments?post=3400"}],"version-history":[{"count":5,"href":"https:\/\/camaraenmano.org\/index.php\/wp-json\/wp\/v2\/posts\/3400\/revisions"}],"predecessor-version":[{"id":3531,"href":"https:\/\/camaraenmano.org\/index.php\/wp-json\/wp\/v2\/posts\/3400\/revisions\/3531"}],"wp:featuredmedia":[{"embeddable":true,"href":"https:\/\/camaraenmano.org\/index.php\/wp-json\/wp\/v2\/media\/3404"}],"wp:attachment":[{"href":"https:\/\/camaraenmano.org\/index.php\/wp-json\/wp\/v2\/media?parent=3400"}],"wp:term":[{"taxonomy":"category","embeddable":true,"href":"https:\/\/camaraenmano.org\/index.php\/wp-json\/wp\/v2\/categories?post=3400"},{"taxonomy":"post_tag","embeddable":true,"href":"https:\/\/camaraenmano.org\/index.php\/wp-json\/wp\/v2\/tags?post=3400"}],"curies":[{"name":"wp","href":"https:\/\/api.w.org\/{rel}","templated":true}]}}