{"id":3421,"date":"2023-12-20T23:41:06","date_gmt":"2023-12-20T22:41:06","guid":{"rendered":"https:\/\/camaraenmano.org\/?p=3421"},"modified":"2023-12-20T23:41:06","modified_gmt":"2023-12-20T22:41:06","slug":"felices-fiestas","status":"publish","type":"post","link":"https:\/\/camaraenmano.org\/index.php\/2023\/12\/20\/felices-fiestas\/","title":{"rendered":"Felices Fiestas"},"content":{"rendered":"<p>En estas fechas tan se\u00f1aladas queremos hacerte llegar nuestra felicitaci\u00f3n, la de toda la asociaci\u00f3n. Te deseamos que pases unas estupendas fiestas y que el a\u00f1o 2024 sea el a\u00f1o del fin de todas las guerras y, por tanto, de\u00a0 la Paz. Despu\u00e9s de unos a\u00f1os muy complicados ya es hora que en este siglo XXI se imponga la cordura, todas las partes dejen a un lado las armas y se sienten a dialogar. Tambien te deseamos salud, felicidad y \u00e9xito. Ah! y un mont\u00f3n de fotograf\u00edas para recordar.<\/p>\n<figure id=\"attachment_3422\" aria-describedby=\"caption-attachment-3422\" style=\"width: 629px\" class=\"wp-caption alignnone\"><img loading=\"lazy\" decoding=\"async\" class=\"wp-image-3422\" src=\"https:\/\/camaraenmano.org\/wp-content\/uploads\/2023\/12\/Inmaculada-Talavera-Portal-de-belen-Camara-en-Mano-1024x683.jpg\" alt=\"\" width=\"629\" height=\"419\" srcset=\"https:\/\/camaraenmano.org\/wp-content\/uploads\/2023\/12\/Inmaculada-Talavera-Portal-de-belen-Camara-en-Mano-1024x683.jpg 1024w, https:\/\/camaraenmano.org\/wp-content\/uploads\/2023\/12\/Inmaculada-Talavera-Portal-de-belen-Camara-en-Mano-300x200.jpg 300w, https:\/\/camaraenmano.org\/wp-content\/uploads\/2023\/12\/Inmaculada-Talavera-Portal-de-belen-Camara-en-Mano-768x512.jpg 768w, https:\/\/camaraenmano.org\/wp-content\/uploads\/2023\/12\/Inmaculada-Talavera-Portal-de-belen-Camara-en-Mano-1536x1024.jpg 1536w, https:\/\/camaraenmano.org\/wp-content\/uploads\/2023\/12\/Inmaculada-Talavera-Portal-de-belen-Camara-en-Mano-2048x1366.jpg 2048w, https:\/\/camaraenmano.org\/wp-content\/uploads\/2023\/12\/Inmaculada-Talavera-Portal-de-belen-Camara-en-Mano-1320x880.jpg 1320w\" sizes=\"auto, (max-width: 629px) 100vw, 629px\" \/><figcaption id=\"caption-attachment-3422\" class=\"wp-caption-text\">Foto: Inmaculada Talavera<\/figcaption><\/figure>\n","protected":false},"excerpt":{"rendered":"<p>En estas fechas tan se\u00f1aladas queremos hacerte llegar nuestra felicitaci\u00f3n, la de toda la asociaci\u00f3n. Te deseamos que pases unas estupendas fiestas y que el a\u00f1o 2024 sea el a\u00f1o del fin de todas las guerras y, por tanto, de\u00a0 la Paz. Despu\u00e9s de unos a\u00f1os muy complicados ya es hora que en este siglo [&hellip;]<\/p>\n","protected":false},"author":1,"featured_media":3422,"comment_status":"open","ping_status":"open","sticky":false,"template":"","format":"standard","meta":{"footnotes":""},"categories":[5,23],"tags":[],"class_list":{"0":"post-3421","1":"post","2":"type-post","3":"status-publish","4":"format-standard","5":"has-post-thumbnail","7":"category-actividades","8":"category-noticias","9":"czr-hentry"},"yoast_head":"<!-- This site is optimized with the Yoast SEO plugin v27.5 - https:\/\/yoast.com\/product\/yoast-seo-wordpress\/ -->\n<title>Felices Fiestas - Asociaci\u00f3n fotogr\u00e1fica C\u00e1mara en mano Las Rozas<\/title>\n<meta name=\"robots\" content=\"index, follow, max-snippet:-1, max-image-preview:large, max-video-preview:-1\" \/>\n<link rel=\"canonical\" href=\"https:\/\/camaraenmano.org\/index.php\/2023\/12\/20\/felices-fiestas\/\" \/>\n<meta property=\"og:locale\" content=\"es_ES\" \/>\n<meta property=\"og:type\" content=\"article\" \/>\n<meta property=\"og:title\" content=\"Felices Fiestas - Asociaci\u00f3n fotogr\u00e1fica C\u00e1mara en mano Las Rozas\" \/>\n<meta property=\"og:description\" content=\"En estas fechas tan se\u00f1aladas queremos hacerte llegar nuestra felicitaci\u00f3n, la de toda la asociaci\u00f3n. Te deseamos que pases unas estupendas fiestas y que el a\u00f1o 2024 sea el a\u00f1o del fin de todas las guerras y, por tanto, de\u00a0 la Paz. Despu\u00e9s de unos a\u00f1os muy complicados ya es hora que en este siglo [&hellip;]\" \/>\n<meta property=\"og:url\" content=\"https:\/\/camaraenmano.org\/index.php\/2023\/12\/20\/felices-fiestas\/\" \/>\n<meta property=\"og:site_name\" content=\"Asociaci\u00f3n fotogr\u00e1fica C\u00e1mara en mano Las Rozas\" \/>\n<meta property=\"article:publisher\" content=\"https:\/\/www.facebook.com\/AFCamaraenmano\/\" \/>\n<meta property=\"article:published_time\" content=\"2023-12-20T22:41:06+00:00\" \/>\n<meta property=\"og:image\" content=\"https:\/\/camaraenmano.org\/wp-content\/uploads\/2023\/12\/Inmaculada-Talavera-Portal-de-belen-Camara-en-Mano-scaled.jpg\" \/>\n\t<meta property=\"og:image:width\" content=\"2560\" \/>\n\t<meta property=\"og:image:height\" content=\"1707\" \/>\n\t<meta property=\"og:image:type\" content=\"image\/jpeg\" \/>\n<meta name=\"author\" content=\"Administrador\" \/>\n<meta name=\"twitter:card\" content=\"summary_large_image\" \/>\n<meta name=\"twitter:label1\" content=\"Escrito por\" \/>\n\t<meta name=\"twitter:data1\" content=\"Administrador\" \/>\n\t<meta name=\"twitter:label2\" content=\"Tiempo de lectura\" \/>\n\t<meta name=\"twitter:data2\" content=\"1 minuto\" \/>\n<script type=\"application\/ld+json\" class=\"yoast-schema-graph\">{\"@context\":\"https:\\\/\\\/schema.org\",\"@graph\":[{\"@type\":\"Article\",\"@id\":\"https:\\\/\\\/camaraenmano.org\\\/index.php\\\/2023\\\/12\\\/20\\\/felices-fiestas\\\/#article\",\"isPartOf\":{\"@id\":\"https:\\\/\\\/camaraenmano.org\\\/index.php\\\/2023\\\/12\\\/20\\\/felices-fiestas\\\/\"},\"author\":{\"name\":\"Administrador\",\"@id\":\"https:\\\/\\\/camaraenmano.org\\\/#\\\/schema\\\/person\\\/9ae05f95e2aa0144ea0768d6f65488be\"},\"headline\":\"Felices Fiestas\",\"datePublished\":\"2023-12-20T22:41:06+00:00\",\"mainEntityOfPage\":{\"@id\":\"https:\\\/\\\/camaraenmano.org\\\/index.php\\\/2023\\\/12\\\/20\\\/felices-fiestas\\\/\"},\"wordCount\":109,\"commentCount\":0,\"publisher\":{\"@id\":\"https:\\\/\\\/camaraenmano.org\\\/#organization\"},\"image\":{\"@id\":\"https:\\\/\\\/camaraenmano.org\\\/index.php\\\/2023\\\/12\\\/20\\\/felices-fiestas\\\/#primaryimage\"},\"thumbnailUrl\":\"https:\\\/\\\/camaraenmano.org\\\/wp-content\\\/uploads\\\/2023\\\/12\\\/Inmaculada-Talavera-Portal-de-belen-Camara-en-Mano-scaled.jpg\",\"articleSection\":[\"Actividades\",\"Noticias\"],\"inLanguage\":\"es\",\"potentialAction\":[{\"@type\":\"CommentAction\",\"name\":\"Comment\",\"target\":[\"https:\\\/\\\/camaraenmano.org\\\/index.php\\\/2023\\\/12\\\/20\\\/felices-fiestas\\\/#respond\"]}]},{\"@type\":\"WebPage\",\"@id\":\"https:\\\/\\\/camaraenmano.org\\\/index.php\\\/2023\\\/12\\\/20\\\/felices-fiestas\\\/\",\"url\":\"https:\\\/\\\/camaraenmano.org\\\/index.php\\\/2023\\\/12\\\/20\\\/felices-fiestas\\\/\",\"name\":\"Felices Fiestas - Asociaci\u00f3n fotogr\u00e1fica C\u00e1mara en mano Las Rozas\",\"isPartOf\":{\"@id\":\"https:\\\/\\\/camaraenmano.org\\\/#website\"},\"primaryImageOfPage\":{\"@id\":\"https:\\\/\\\/camaraenmano.org\\\/index.php\\\/2023\\\/12\\\/20\\\/felices-fiestas\\\/#primaryimage\"},\"image\":{\"@id\":\"https:\\\/\\\/camaraenmano.org\\\/index.php\\\/2023\\\/12\\\/20\\\/felices-fiestas\\\/#primaryimage\"},\"thumbnailUrl\":\"https:\\\/\\\/camaraenmano.org\\\/wp-content\\\/uploads\\\/2023\\\/12\\\/Inmaculada-Talavera-Portal-de-belen-Camara-en-Mano-scaled.jpg\",\"datePublished\":\"2023-12-20T22:41:06+00:00\",\"breadcrumb\":{\"@id\":\"https:\\\/\\\/camaraenmano.org\\\/index.php\\\/2023\\\/12\\\/20\\\/felices-fiestas\\\/#breadcrumb\"},\"inLanguage\":\"es\",\"potentialAction\":[{\"@type\":\"ReadAction\",\"target\":[\"https:\\\/\\\/camaraenmano.org\\\/index.php\\\/2023\\\/12\\\/20\\\/felices-fiestas\\\/\"]}]},{\"@type\":\"ImageObject\",\"inLanguage\":\"es\",\"@id\":\"https:\\\/\\\/camaraenmano.org\\\/index.php\\\/2023\\\/12\\\/20\\\/felices-fiestas\\\/#primaryimage\",\"url\":\"https:\\\/\\\/camaraenmano.org\\\/wp-content\\\/uploads\\\/2023\\\/12\\\/Inmaculada-Talavera-Portal-de-belen-Camara-en-Mano-scaled.jpg\",\"contentUrl\":\"https:\\\/\\\/camaraenmano.org\\\/wp-content\\\/uploads\\\/2023\\\/12\\\/Inmaculada-Talavera-Portal-de-belen-Camara-en-Mano-scaled.jpg\",\"width\":2560,\"height\":1707},{\"@type\":\"BreadcrumbList\",\"@id\":\"https:\\\/\\\/camaraenmano.org\\\/index.php\\\/2023\\\/12\\\/20\\\/felices-fiestas\\\/#breadcrumb\",\"itemListElement\":[{\"@type\":\"ListItem\",\"position\":1,\"name\":\"Portada\",\"item\":\"https:\\\/\\\/camaraenmano.org\\\/\"},{\"@type\":\"ListItem\",\"position\":2,\"name\":\"Felices Fiestas\"}]},{\"@type\":\"WebSite\",\"@id\":\"https:\\\/\\\/camaraenmano.org\\\/#website\",\"url\":\"https:\\\/\\\/camaraenmano.org\\\/\",\"name\":\"Asociaci\u00f3n fotogr\u00e1fica C\u00e1mara en mano Las Rozas\",\"description\":\"\",\"publisher\":{\"@id\":\"https:\\\/\\\/camaraenmano.org\\\/#organization\"},\"potentialAction\":[{\"@type\":\"SearchAction\",\"target\":{\"@type\":\"EntryPoint\",\"urlTemplate\":\"https:\\\/\\\/camaraenmano.org\\\/?s={search_term_string}\"},\"query-input\":{\"@type\":\"PropertyValueSpecification\",\"valueRequired\":true,\"valueName\":\"search_term_string\"}}],\"inLanguage\":\"es\"},{\"@type\":\"Organization\",\"@id\":\"https:\\\/\\\/camaraenmano.org\\\/#organization\",\"name\":\"C\u00e1mara en mano\",\"url\":\"https:\\\/\\\/camaraenmano.org\\\/\",\"logo\":{\"@type\":\"ImageObject\",\"inLanguage\":\"es\",\"@id\":\"https:\\\/\\\/camaraenmano.org\\\/#\\\/schema\\\/logo\\\/image\\\/\",\"url\":\"https:\\\/\\\/camaraenmano.org\\\/wp-content\\\/uploads\\\/2023\\\/10\\\/cropped-Logo-Camara-en-Mano-2-1.png\",\"contentUrl\":\"https:\\\/\\\/camaraenmano.org\\\/wp-content\\\/uploads\\\/2023\\\/10\\\/cropped-Logo-Camara-en-Mano-2-1.png\",\"width\":3174,\"height\":2093,\"caption\":\"C\u00e1mara en mano\"},\"image\":{\"@id\":\"https:\\\/\\\/camaraenmano.org\\\/#\\\/schema\\\/logo\\\/image\\\/\"},\"sameAs\":[\"https:\\\/\\\/www.facebook.com\\\/AFCamaraenmano\\\/\",\"https:\\\/\\\/www.instagram.com\\\/afcamaraenmano\\\/\"]},{\"@type\":\"Person\",\"@id\":\"https:\\\/\\\/camaraenmano.org\\\/#\\\/schema\\\/person\\\/9ae05f95e2aa0144ea0768d6f65488be\",\"name\":\"Administrador\",\"image\":{\"@type\":\"ImageObject\",\"inLanguage\":\"es\",\"@id\":\"https:\\\/\\\/secure.gravatar.com\\\/avatar\\\/afbf021a33f39f3b1b0fcbf424cd00175e4543d4630d7a19e2a7c6defa5096c8?s=96&d=mm&r=g\",\"url\":\"https:\\\/\\\/secure.gravatar.com\\\/avatar\\\/afbf021a33f39f3b1b0fcbf424cd00175e4543d4630d7a19e2a7c6defa5096c8?s=96&d=mm&r=g\",\"contentUrl\":\"https:\\\/\\\/secure.gravatar.com\\\/avatar\\\/afbf021a33f39f3b1b0fcbf424cd00175e4543d4630d7a19e2a7c6defa5096c8?s=96&d=mm&r=g\",\"caption\":\"Administrador\"},\"sameAs\":[\"http:\\\/\\\/camaraenmano.org\"],\"url\":\"https:\\\/\\\/camaraenmano.org\\\/index.php\\\/author\\\/admin2786\\\/\"}]}<\/script>\n<!-- \/ Yoast SEO plugin. -->","yoast_head_json":{"title":"Felices Fiestas - Asociaci\u00f3n fotogr\u00e1fica C\u00e1mara en mano Las Rozas","robots":{"index":"index","follow":"follow","max-snippet":"max-snippet:-1","max-image-preview":"max-image-preview:large","max-video-preview":"max-video-preview:-1"},"canonical":"https:\/\/camaraenmano.org\/index.php\/2023\/12\/20\/felices-fiestas\/","og_locale":"es_ES","og_type":"article","og_title":"Felices Fiestas - Asociaci\u00f3n fotogr\u00e1fica C\u00e1mara en mano Las Rozas","og_description":"En estas fechas tan se\u00f1aladas queremos hacerte llegar nuestra felicitaci\u00f3n, la de toda la asociaci\u00f3n. Te deseamos que pases unas estupendas fiestas y que el a\u00f1o 2024 sea el a\u00f1o del fin de todas las guerras y, por tanto, de\u00a0 la Paz. Despu\u00e9s de unos a\u00f1os muy complicados ya es hora que en este siglo [&hellip;]","og_url":"https:\/\/camaraenmano.org\/index.php\/2023\/12\/20\/felices-fiestas\/","og_site_name":"Asociaci\u00f3n fotogr\u00e1fica C\u00e1mara en mano Las Rozas","article_publisher":"https:\/\/www.facebook.com\/AFCamaraenmano\/","article_published_time":"2023-12-20T22:41:06+00:00","og_image":[{"width":2560,"height":1707,"url":"https:\/\/camaraenmano.org\/wp-content\/uploads\/2023\/12\/Inmaculada-Talavera-Portal-de-belen-Camara-en-Mano-scaled.jpg","type":"image\/jpeg"}],"author":"Administrador","twitter_card":"summary_large_image","twitter_misc":{"Escrito por":"Administrador","Tiempo de lectura":"1 minuto"},"schema":{"@context":"https:\/\/schema.org","@graph":[{"@type":"Article","@id":"https:\/\/camaraenmano.org\/index.php\/2023\/12\/20\/felices-fiestas\/#article","isPartOf":{"@id":"https:\/\/camaraenmano.org\/index.php\/2023\/12\/20\/felices-fiestas\/"},"author":{"name":"Administrador","@id":"https:\/\/camaraenmano.org\/#\/schema\/person\/9ae05f95e2aa0144ea0768d6f65488be"},"headline":"Felices Fiestas","datePublished":"2023-12-20T22:41:06+00:00","mainEntityOfPage":{"@id":"https:\/\/camaraenmano.org\/index.php\/2023\/12\/20\/felices-fiestas\/"},"wordCount":109,"commentCount":0,"publisher":{"@id":"https:\/\/camaraenmano.org\/#organization"},"image":{"@id":"https:\/\/camaraenmano.org\/index.php\/2023\/12\/20\/felices-fiestas\/#primaryimage"},"thumbnailUrl":"https:\/\/camaraenmano.org\/wp-content\/uploads\/2023\/12\/Inmaculada-Talavera-Portal-de-belen-Camara-en-Mano-scaled.jpg","articleSection":["Actividades","Noticias"],"inLanguage":"es","potentialAction":[{"@type":"CommentAction","name":"Comment","target":["https:\/\/camaraenmano.org\/index.php\/2023\/12\/20\/felices-fiestas\/#respond"]}]},{"@type":"WebPage","@id":"https:\/\/camaraenmano.org\/index.php\/2023\/12\/20\/felices-fiestas\/","url":"https:\/\/camaraenmano.org\/index.php\/2023\/12\/20\/felices-fiestas\/","name":"Felices Fiestas - Asociaci\u00f3n fotogr\u00e1fica C\u00e1mara en mano Las Rozas","isPartOf":{"@id":"https:\/\/camaraenmano.org\/#website"},"primaryImageOfPage":{"@id":"https:\/\/camaraenmano.org\/index.php\/2023\/12\/20\/felices-fiestas\/#primaryimage"},"image":{"@id":"https:\/\/camaraenmano.org\/index.php\/2023\/12\/20\/felices-fiestas\/#primaryimage"},"thumbnailUrl":"https:\/\/camaraenmano.org\/wp-content\/uploads\/2023\/12\/Inmaculada-Talavera-Portal-de-belen-Camara-en-Mano-scaled.jpg","datePublished":"2023-12-20T22:41:06+00:00","breadcrumb":{"@id":"https:\/\/camaraenmano.org\/index.php\/2023\/12\/20\/felices-fiestas\/#breadcrumb"},"inLanguage":"es","potentialAction":[{"@type":"ReadAction","target":["https:\/\/camaraenmano.org\/index.php\/2023\/12\/20\/felices-fiestas\/"]}]},{"@type":"ImageObject","inLanguage":"es","@id":"https:\/\/camaraenmano.org\/index.php\/2023\/12\/20\/felices-fiestas\/#primaryimage","url":"https:\/\/camaraenmano.org\/wp-content\/uploads\/2023\/12\/Inmaculada-Talavera-Portal-de-belen-Camara-en-Mano-scaled.jpg","contentUrl":"https:\/\/camaraenmano.org\/wp-content\/uploads\/2023\/12\/Inmaculada-Talavera-Portal-de-belen-Camara-en-Mano-scaled.jpg","width":2560,"height":1707},{"@type":"BreadcrumbList","@id":"https:\/\/camaraenmano.org\/index.php\/2023\/12\/20\/felices-fiestas\/#breadcrumb","itemListElement":[{"@type":"ListItem","position":1,"name":"Portada","item":"https:\/\/camaraenmano.org\/"},{"@type":"ListItem","position":2,"name":"Felices Fiestas"}]},{"@type":"WebSite","@id":"https:\/\/camaraenmano.org\/#website","url":"https:\/\/camaraenmano.org\/","name":"Asociaci\u00f3n fotogr\u00e1fica C\u00e1mara en mano Las Rozas","description":"","publisher":{"@id":"https:\/\/camaraenmano.org\/#organization"},"potentialAction":[{"@type":"SearchAction","target":{"@type":"EntryPoint","urlTemplate":"https:\/\/camaraenmano.org\/?s={search_term_string}"},"query-input":{"@type":"PropertyValueSpecification","valueRequired":true,"valueName":"search_term_string"}}],"inLanguage":"es"},{"@type":"Organization","@id":"https:\/\/camaraenmano.org\/#organization","name":"C\u00e1mara en mano","url":"https:\/\/camaraenmano.org\/","logo":{"@type":"ImageObject","inLanguage":"es","@id":"https:\/\/camaraenmano.org\/#\/schema\/logo\/image\/","url":"https:\/\/camaraenmano.org\/wp-content\/uploads\/2023\/10\/cropped-Logo-Camara-en-Mano-2-1.png","contentUrl":"https:\/\/camaraenmano.org\/wp-content\/uploads\/2023\/10\/cropped-Logo-Camara-en-Mano-2-1.png","width":3174,"height":2093,"caption":"C\u00e1mara en mano"},"image":{"@id":"https:\/\/camaraenmano.org\/#\/schema\/logo\/image\/"},"sameAs":["https:\/\/www.facebook.com\/AFCamaraenmano\/","https:\/\/www.instagram.com\/afcamaraenmano\/"]},{"@type":"Person","@id":"https:\/\/camaraenmano.org\/#\/schema\/person\/9ae05f95e2aa0144ea0768d6f65488be","name":"Administrador","image":{"@type":"ImageObject","inLanguage":"es","@id":"https:\/\/secure.gravatar.com\/avatar\/afbf021a33f39f3b1b0fcbf424cd00175e4543d4630d7a19e2a7c6defa5096c8?s=96&d=mm&r=g","url":"https:\/\/secure.gravatar.com\/avatar\/afbf021a33f39f3b1b0fcbf424cd00175e4543d4630d7a19e2a7c6defa5096c8?s=96&d=mm&r=g","contentUrl":"https:\/\/secure.gravatar.com\/avatar\/afbf021a33f39f3b1b0fcbf424cd00175e4543d4630d7a19e2a7c6defa5096c8?s=96&d=mm&r=g","caption":"Administrador"},"sameAs":["http:\/\/camaraenmano.org"],"url":"https:\/\/camaraenmano.org\/index.php\/author\/admin2786\/"}]}},"_links":{"self":[{"href":"https:\/\/camaraenmano.org\/index.php\/wp-json\/wp\/v2\/posts\/3421","targetHints":{"allow":["GET"]}}],"collection":[{"href":"https:\/\/camaraenmano.org\/index.php\/wp-json\/wp\/v2\/posts"}],"about":[{"href":"https:\/\/camaraenmano.org\/index.php\/wp-json\/wp\/v2\/types\/post"}],"author":[{"embeddable":true,"href":"https:\/\/camaraenmano.org\/index.php\/wp-json\/wp\/v2\/users\/1"}],"replies":[{"embeddable":true,"href":"https:\/\/camaraenmano.org\/index.php\/wp-json\/wp\/v2\/comments?post=3421"}],"version-history":[{"count":1,"href":"https:\/\/camaraenmano.org\/index.php\/wp-json\/wp\/v2\/posts\/3421\/revisions"}],"predecessor-version":[{"id":3423,"href":"https:\/\/camaraenmano.org\/index.php\/wp-json\/wp\/v2\/posts\/3421\/revisions\/3423"}],"wp:featuredmedia":[{"embeddable":true,"href":"https:\/\/camaraenmano.org\/index.php\/wp-json\/wp\/v2\/media\/3422"}],"wp:attachment":[{"href":"https:\/\/camaraenmano.org\/index.php\/wp-json\/wp\/v2\/media?parent=3421"}],"wp:term":[{"taxonomy":"category","embeddable":true,"href":"https:\/\/camaraenmano.org\/index.php\/wp-json\/wp\/v2\/categories?post=3421"},{"taxonomy":"post_tag","embeddable":true,"href":"https:\/\/camaraenmano.org\/index.php\/wp-json\/wp\/v2\/tags?post=3421"}],"curies":[{"name":"wp","href":"https:\/\/api.w.org\/{rel}","templated":true}]}}