{"id":3604,"date":"2024-01-28T11:13:09","date_gmt":"2024-01-28T10:13:09","guid":{"rendered":"https:\/\/camaraenmano.org\/?p=3604"},"modified":"2024-01-28T11:58:17","modified_gmt":"2024-01-28T10:58:17","slug":"exposicion-ii-certamen-camara-en-mano","status":"publish","type":"post","link":"https:\/\/camaraenmano.org\/index.php\/2024\/01\/28\/exposicion-ii-certamen-camara-en-mano\/","title":{"rendered":"Exposici\u00f3n II Certamen C\u00e1mara en mano"},"content":{"rendered":"<p style=\"text-align: justify;\"><img loading=\"lazy\" decoding=\"async\" class=\"alignnone size-large wp-image-3605\" src=\"https:\/\/camaraenmano.org\/wp-content\/uploads\/2024\/01\/Exposicion-2023-1024x577.jpeg\" alt=\"\" width=\"1024\" height=\"577\" srcset=\"https:\/\/camaraenmano.org\/wp-content\/uploads\/2024\/01\/Exposicion-2023-1024x577.jpeg 1024w, https:\/\/camaraenmano.org\/wp-content\/uploads\/2024\/01\/Exposicion-2023-300x169.jpeg 300w, https:\/\/camaraenmano.org\/wp-content\/uploads\/2024\/01\/Exposicion-2023-768x433.jpeg 768w, https:\/\/camaraenmano.org\/wp-content\/uploads\/2024\/01\/Exposicion-2023-1536x866.jpeg 1536w, https:\/\/camaraenmano.org\/wp-content\/uploads\/2024\/01\/Exposicion-2023-1110x624.jpeg 1110w, https:\/\/camaraenmano.org\/wp-content\/uploads\/2024\/01\/Exposicion-2023-528x297.jpeg 528w, https:\/\/camaraenmano.org\/wp-content\/uploads\/2024\/01\/Exposicion-2023-1320x744.jpeg 1320w, https:\/\/camaraenmano.org\/wp-content\/uploads\/2024\/01\/Exposicion-2023.jpeg 2048w\" sizes=\"auto, (max-width: 1024px) 100vw, 1024px\" \/>Seg\u00fan se contempla en las bases del II Certamen C\u00e1mara en mano de Las Rozas, se va a realizar una exposici\u00f3n con las obras del certamen. En esta exposici\u00f3n se exhibir\u00e1n las obras premiadas y tambi\u00e9n las preseleccionadas. Puedes ver las obras y autores preseleccionadas <a href=\"https:\/\/camaraenmano.org\/index.php\/2023\/12\/17\/se-fallan-los-premios-del-ii-certamen-fotografico-camara-en-mano\/\">en este enlace.<\/a> La exposici\u00f3n estar\u00e1 abierta desde el 1 al 28 de febrero de 2024 en la sala Auditorio, en la primera planta del auditorio Joaqu\u00edn Rodrigo (entrada por la c\/ Camino del Ca\u00f1o n\u00ba 2, Edificio de la Concejal\u00eda de Educaci\u00f3n y Cultura y Escuelas de M\u00fasica y Danza). Con el siguiente horario: L-V 10:00-14:00\/17:00-21:00 S 10:00-13:30<\/p>\n<p style=\"text-align: justify;\">La <strong>inauguraci\u00f3n<\/strong> tendr\u00e1 lugar el<strong> jueves 1 de febrero a las 19 horas<\/strong> en la misma sala de exposiciones.<\/p>\n<p style=\"text-align: justify;\"><strong>\u00a1Estas invitad@!<\/strong><\/p>\n","protected":false},"excerpt":{"rendered":"<p>Seg\u00fan se contempla en las bases del II Certamen C\u00e1mara en mano de Las Rozas, se va a realizar una exposici\u00f3n con las obras del certamen. En esta exposici\u00f3n se exhibir\u00e1n las obras premiadas y tambi\u00e9n las preseleccionadas. Puedes ver las obras y autores preseleccionadas en este enlace. La exposici\u00f3n estar\u00e1 abierta desde el 1 [&hellip;]<\/p>\n","protected":false},"author":1,"featured_media":3605,"comment_status":"open","ping_status":"open","sticky":false,"template":"","format":"standard","meta":{"footnotes":""},"categories":[5,284],"tags":[42],"class_list":{"0":"post-3604","1":"post","2":"type-post","3":"status-publish","4":"format-standard","5":"has-post-thumbnail","7":"category-actividades","8":"category-certamen","9":"tag-exposicion","10":"czr-hentry"},"yoast_head":"<!-- This site is optimized with the Yoast SEO plugin v27.4 - https:\/\/yoast.com\/product\/yoast-seo-wordpress\/ -->\n<title>Exposici\u00f3n II Certamen C\u00e1mara en mano - Asociaci\u00f3n fotogr\u00e1fica C\u00e1mara en mano Las Rozas<\/title>\n<meta name=\"robots\" content=\"index, follow, max-snippet:-1, max-image-preview:large, max-video-preview:-1\" \/>\n<link rel=\"canonical\" href=\"https:\/\/camaraenmano.org\/index.php\/2024\/01\/28\/exposicion-ii-certamen-camara-en-mano\/\" \/>\n<meta property=\"og:locale\" content=\"es_ES\" \/>\n<meta property=\"og:type\" content=\"article\" \/>\n<meta property=\"og:title\" content=\"Exposici\u00f3n II Certamen C\u00e1mara en mano - Asociaci\u00f3n fotogr\u00e1fica C\u00e1mara en mano Las Rozas\" \/>\n<meta property=\"og:description\" content=\"Seg\u00fan se contempla en las bases del II Certamen C\u00e1mara en mano de Las Rozas, se va a realizar una exposici\u00f3n con las obras del certamen. En esta exposici\u00f3n se exhibir\u00e1n las obras premiadas y tambi\u00e9n las preseleccionadas. Puedes ver las obras y autores preseleccionadas en este enlace. La exposici\u00f3n estar\u00e1 abierta desde el 1 [&hellip;]\" \/>\n<meta property=\"og:url\" content=\"https:\/\/camaraenmano.org\/index.php\/2024\/01\/28\/exposicion-ii-certamen-camara-en-mano\/\" \/>\n<meta property=\"og:site_name\" content=\"Asociaci\u00f3n fotogr\u00e1fica C\u00e1mara en mano Las Rozas\" \/>\n<meta property=\"article:publisher\" content=\"https:\/\/www.facebook.com\/AFCamaraenmano\/\" \/>\n<meta property=\"article:published_time\" content=\"2024-01-28T10:13:09+00:00\" \/>\n<meta property=\"article:modified_time\" content=\"2024-01-28T10:58:17+00:00\" \/>\n<meta property=\"og:image\" content=\"https:\/\/camaraenmano.org\/wp-content\/uploads\/2024\/01\/Exposicion-2023.jpeg\" \/>\n\t<meta property=\"og:image:width\" content=\"2048\" \/>\n\t<meta property=\"og:image:height\" content=\"1154\" \/>\n\t<meta property=\"og:image:type\" content=\"image\/jpeg\" \/>\n<meta name=\"author\" content=\"Administrador\" \/>\n<meta name=\"twitter:card\" content=\"summary_large_image\" \/>\n<meta name=\"twitter:label1\" content=\"Escrito por\" \/>\n\t<meta name=\"twitter:data1\" content=\"Administrador\" \/>\n\t<meta name=\"twitter:label2\" content=\"Tiempo de lectura\" \/>\n\t<meta name=\"twitter:data2\" content=\"1 minuto\" \/>\n<script type=\"application\/ld+json\" class=\"yoast-schema-graph\">{\"@context\":\"https:\\\/\\\/schema.org\",\"@graph\":[{\"@type\":\"Article\",\"@id\":\"https:\\\/\\\/camaraenmano.org\\\/index.php\\\/2024\\\/01\\\/28\\\/exposicion-ii-certamen-camara-en-mano\\\/#article\",\"isPartOf\":{\"@id\":\"https:\\\/\\\/camaraenmano.org\\\/index.php\\\/2024\\\/01\\\/28\\\/exposicion-ii-certamen-camara-en-mano\\\/\"},\"author\":{\"name\":\"Administrador\",\"@id\":\"https:\\\/\\\/camaraenmano.org\\\/#\\\/schema\\\/person\\\/9ae05f95e2aa0144ea0768d6f65488be\"},\"headline\":\"Exposici\u00f3n II Certamen C\u00e1mara en mano\",\"datePublished\":\"2024-01-28T10:13:09+00:00\",\"dateModified\":\"2024-01-28T10:58:17+00:00\",\"mainEntityOfPage\":{\"@id\":\"https:\\\/\\\/camaraenmano.org\\\/index.php\\\/2024\\\/01\\\/28\\\/exposicion-ii-certamen-camara-en-mano\\\/\"},\"wordCount\":141,\"commentCount\":0,\"publisher\":{\"@id\":\"https:\\\/\\\/camaraenmano.org\\\/#organization\"},\"image\":{\"@id\":\"https:\\\/\\\/camaraenmano.org\\\/index.php\\\/2024\\\/01\\\/28\\\/exposicion-ii-certamen-camara-en-mano\\\/#primaryimage\"},\"thumbnailUrl\":\"https:\\\/\\\/camaraenmano.org\\\/wp-content\\\/uploads\\\/2024\\\/01\\\/Exposicion-2023.jpeg\",\"keywords\":[\"Exposici\u00f3n\"],\"articleSection\":[\"Actividades\",\"Certamen\"],\"inLanguage\":\"es\",\"potentialAction\":[{\"@type\":\"CommentAction\",\"name\":\"Comment\",\"target\":[\"https:\\\/\\\/camaraenmano.org\\\/index.php\\\/2024\\\/01\\\/28\\\/exposicion-ii-certamen-camara-en-mano\\\/#respond\"]}]},{\"@type\":\"WebPage\",\"@id\":\"https:\\\/\\\/camaraenmano.org\\\/index.php\\\/2024\\\/01\\\/28\\\/exposicion-ii-certamen-camara-en-mano\\\/\",\"url\":\"https:\\\/\\\/camaraenmano.org\\\/index.php\\\/2024\\\/01\\\/28\\\/exposicion-ii-certamen-camara-en-mano\\\/\",\"name\":\"Exposici\u00f3n II Certamen C\u00e1mara en mano - Asociaci\u00f3n fotogr\u00e1fica C\u00e1mara en mano Las Rozas\",\"isPartOf\":{\"@id\":\"https:\\\/\\\/camaraenmano.org\\\/#website\"},\"primaryImageOfPage\":{\"@id\":\"https:\\\/\\\/camaraenmano.org\\\/index.php\\\/2024\\\/01\\\/28\\\/exposicion-ii-certamen-camara-en-mano\\\/#primaryimage\"},\"image\":{\"@id\":\"https:\\\/\\\/camaraenmano.org\\\/index.php\\\/2024\\\/01\\\/28\\\/exposicion-ii-certamen-camara-en-mano\\\/#primaryimage\"},\"thumbnailUrl\":\"https:\\\/\\\/camaraenmano.org\\\/wp-content\\\/uploads\\\/2024\\\/01\\\/Exposicion-2023.jpeg\",\"datePublished\":\"2024-01-28T10:13:09+00:00\",\"dateModified\":\"2024-01-28T10:58:17+00:00\",\"breadcrumb\":{\"@id\":\"https:\\\/\\\/camaraenmano.org\\\/index.php\\\/2024\\\/01\\\/28\\\/exposicion-ii-certamen-camara-en-mano\\\/#breadcrumb\"},\"inLanguage\":\"es\",\"potentialAction\":[{\"@type\":\"ReadAction\",\"target\":[\"https:\\\/\\\/camaraenmano.org\\\/index.php\\\/2024\\\/01\\\/28\\\/exposicion-ii-certamen-camara-en-mano\\\/\"]}]},{\"@type\":\"ImageObject\",\"inLanguage\":\"es\",\"@id\":\"https:\\\/\\\/camaraenmano.org\\\/index.php\\\/2024\\\/01\\\/28\\\/exposicion-ii-certamen-camara-en-mano\\\/#primaryimage\",\"url\":\"https:\\\/\\\/camaraenmano.org\\\/wp-content\\\/uploads\\\/2024\\\/01\\\/Exposicion-2023.jpeg\",\"contentUrl\":\"https:\\\/\\\/camaraenmano.org\\\/wp-content\\\/uploads\\\/2024\\\/01\\\/Exposicion-2023.jpeg\",\"width\":2048,\"height\":1154},{\"@type\":\"BreadcrumbList\",\"@id\":\"https:\\\/\\\/camaraenmano.org\\\/index.php\\\/2024\\\/01\\\/28\\\/exposicion-ii-certamen-camara-en-mano\\\/#breadcrumb\",\"itemListElement\":[{\"@type\":\"ListItem\",\"position\":1,\"name\":\"Portada\",\"item\":\"https:\\\/\\\/camaraenmano.org\\\/\"},{\"@type\":\"ListItem\",\"position\":2,\"name\":\"Exposici\u00f3n II Certamen C\u00e1mara en mano\"}]},{\"@type\":\"WebSite\",\"@id\":\"https:\\\/\\\/camaraenmano.org\\\/#website\",\"url\":\"https:\\\/\\\/camaraenmano.org\\\/\",\"name\":\"Asociaci\u00f3n fotogr\u00e1fica C\u00e1mara en mano Las Rozas\",\"description\":\"\",\"publisher\":{\"@id\":\"https:\\\/\\\/camaraenmano.org\\\/#organization\"},\"potentialAction\":[{\"@type\":\"SearchAction\",\"target\":{\"@type\":\"EntryPoint\",\"urlTemplate\":\"https:\\\/\\\/camaraenmano.org\\\/?s={search_term_string}\"},\"query-input\":{\"@type\":\"PropertyValueSpecification\",\"valueRequired\":true,\"valueName\":\"search_term_string\"}}],\"inLanguage\":\"es\"},{\"@type\":\"Organization\",\"@id\":\"https:\\\/\\\/camaraenmano.org\\\/#organization\",\"name\":\"C\u00e1mara en mano\",\"url\":\"https:\\\/\\\/camaraenmano.org\\\/\",\"logo\":{\"@type\":\"ImageObject\",\"inLanguage\":\"es\",\"@id\":\"https:\\\/\\\/camaraenmano.org\\\/#\\\/schema\\\/logo\\\/image\\\/\",\"url\":\"https:\\\/\\\/camaraenmano.org\\\/wp-content\\\/uploads\\\/2023\\\/10\\\/cropped-Logo-Camara-en-Mano-2-1.png\",\"contentUrl\":\"https:\\\/\\\/camaraenmano.org\\\/wp-content\\\/uploads\\\/2023\\\/10\\\/cropped-Logo-Camara-en-Mano-2-1.png\",\"width\":3174,\"height\":2093,\"caption\":\"C\u00e1mara en mano\"},\"image\":{\"@id\":\"https:\\\/\\\/camaraenmano.org\\\/#\\\/schema\\\/logo\\\/image\\\/\"},\"sameAs\":[\"https:\\\/\\\/www.facebook.com\\\/AFCamaraenmano\\\/\",\"https:\\\/\\\/www.instagram.com\\\/afcamaraenmano\\\/\"]},{\"@type\":\"Person\",\"@id\":\"https:\\\/\\\/camaraenmano.org\\\/#\\\/schema\\\/person\\\/9ae05f95e2aa0144ea0768d6f65488be\",\"name\":\"Administrador\",\"image\":{\"@type\":\"ImageObject\",\"inLanguage\":\"es\",\"@id\":\"https:\\\/\\\/secure.gravatar.com\\\/avatar\\\/afbf021a33f39f3b1b0fcbf424cd00175e4543d4630d7a19e2a7c6defa5096c8?s=96&d=mm&r=g\",\"url\":\"https:\\\/\\\/secure.gravatar.com\\\/avatar\\\/afbf021a33f39f3b1b0fcbf424cd00175e4543d4630d7a19e2a7c6defa5096c8?s=96&d=mm&r=g\",\"contentUrl\":\"https:\\\/\\\/secure.gravatar.com\\\/avatar\\\/afbf021a33f39f3b1b0fcbf424cd00175e4543d4630d7a19e2a7c6defa5096c8?s=96&d=mm&r=g\",\"caption\":\"Administrador\"},\"sameAs\":[\"http:\\\/\\\/camaraenmano.org\"],\"url\":\"https:\\\/\\\/camaraenmano.org\\\/index.php\\\/author\\\/admin2786\\\/\"}]}<\/script>\n<!-- \/ Yoast SEO plugin. -->","yoast_head_json":{"title":"Exposici\u00f3n II Certamen C\u00e1mara en mano - Asociaci\u00f3n fotogr\u00e1fica C\u00e1mara en mano Las Rozas","robots":{"index":"index","follow":"follow","max-snippet":"max-snippet:-1","max-image-preview":"max-image-preview:large","max-video-preview":"max-video-preview:-1"},"canonical":"https:\/\/camaraenmano.org\/index.php\/2024\/01\/28\/exposicion-ii-certamen-camara-en-mano\/","og_locale":"es_ES","og_type":"article","og_title":"Exposici\u00f3n II Certamen C\u00e1mara en mano - Asociaci\u00f3n fotogr\u00e1fica C\u00e1mara en mano Las Rozas","og_description":"Seg\u00fan se contempla en las bases del II Certamen C\u00e1mara en mano de Las Rozas, se va a realizar una exposici\u00f3n con las obras del certamen. En esta exposici\u00f3n se exhibir\u00e1n las obras premiadas y tambi\u00e9n las preseleccionadas. Puedes ver las obras y autores preseleccionadas en este enlace. La exposici\u00f3n estar\u00e1 abierta desde el 1 [&hellip;]","og_url":"https:\/\/camaraenmano.org\/index.php\/2024\/01\/28\/exposicion-ii-certamen-camara-en-mano\/","og_site_name":"Asociaci\u00f3n fotogr\u00e1fica C\u00e1mara en mano Las Rozas","article_publisher":"https:\/\/www.facebook.com\/AFCamaraenmano\/","article_published_time":"2024-01-28T10:13:09+00:00","article_modified_time":"2024-01-28T10:58:17+00:00","og_image":[{"width":2048,"height":1154,"url":"https:\/\/camaraenmano.org\/wp-content\/uploads\/2024\/01\/Exposicion-2023.jpeg","type":"image\/jpeg"}],"author":"Administrador","twitter_card":"summary_large_image","twitter_misc":{"Escrito por":"Administrador","Tiempo de lectura":"1 minuto"},"schema":{"@context":"https:\/\/schema.org","@graph":[{"@type":"Article","@id":"https:\/\/camaraenmano.org\/index.php\/2024\/01\/28\/exposicion-ii-certamen-camara-en-mano\/#article","isPartOf":{"@id":"https:\/\/camaraenmano.org\/index.php\/2024\/01\/28\/exposicion-ii-certamen-camara-en-mano\/"},"author":{"name":"Administrador","@id":"https:\/\/camaraenmano.org\/#\/schema\/person\/9ae05f95e2aa0144ea0768d6f65488be"},"headline":"Exposici\u00f3n II Certamen C\u00e1mara en mano","datePublished":"2024-01-28T10:13:09+00:00","dateModified":"2024-01-28T10:58:17+00:00","mainEntityOfPage":{"@id":"https:\/\/camaraenmano.org\/index.php\/2024\/01\/28\/exposicion-ii-certamen-camara-en-mano\/"},"wordCount":141,"commentCount":0,"publisher":{"@id":"https:\/\/camaraenmano.org\/#organization"},"image":{"@id":"https:\/\/camaraenmano.org\/index.php\/2024\/01\/28\/exposicion-ii-certamen-camara-en-mano\/#primaryimage"},"thumbnailUrl":"https:\/\/camaraenmano.org\/wp-content\/uploads\/2024\/01\/Exposicion-2023.jpeg","keywords":["Exposici\u00f3n"],"articleSection":["Actividades","Certamen"],"inLanguage":"es","potentialAction":[{"@type":"CommentAction","name":"Comment","target":["https:\/\/camaraenmano.org\/index.php\/2024\/01\/28\/exposicion-ii-certamen-camara-en-mano\/#respond"]}]},{"@type":"WebPage","@id":"https:\/\/camaraenmano.org\/index.php\/2024\/01\/28\/exposicion-ii-certamen-camara-en-mano\/","url":"https:\/\/camaraenmano.org\/index.php\/2024\/01\/28\/exposicion-ii-certamen-camara-en-mano\/","name":"Exposici\u00f3n II Certamen C\u00e1mara en mano - Asociaci\u00f3n fotogr\u00e1fica C\u00e1mara en mano Las Rozas","isPartOf":{"@id":"https:\/\/camaraenmano.org\/#website"},"primaryImageOfPage":{"@id":"https:\/\/camaraenmano.org\/index.php\/2024\/01\/28\/exposicion-ii-certamen-camara-en-mano\/#primaryimage"},"image":{"@id":"https:\/\/camaraenmano.org\/index.php\/2024\/01\/28\/exposicion-ii-certamen-camara-en-mano\/#primaryimage"},"thumbnailUrl":"https:\/\/camaraenmano.org\/wp-content\/uploads\/2024\/01\/Exposicion-2023.jpeg","datePublished":"2024-01-28T10:13:09+00:00","dateModified":"2024-01-28T10:58:17+00:00","breadcrumb":{"@id":"https:\/\/camaraenmano.org\/index.php\/2024\/01\/28\/exposicion-ii-certamen-camara-en-mano\/#breadcrumb"},"inLanguage":"es","potentialAction":[{"@type":"ReadAction","target":["https:\/\/camaraenmano.org\/index.php\/2024\/01\/28\/exposicion-ii-certamen-camara-en-mano\/"]}]},{"@type":"ImageObject","inLanguage":"es","@id":"https:\/\/camaraenmano.org\/index.php\/2024\/01\/28\/exposicion-ii-certamen-camara-en-mano\/#primaryimage","url":"https:\/\/camaraenmano.org\/wp-content\/uploads\/2024\/01\/Exposicion-2023.jpeg","contentUrl":"https:\/\/camaraenmano.org\/wp-content\/uploads\/2024\/01\/Exposicion-2023.jpeg","width":2048,"height":1154},{"@type":"BreadcrumbList","@id":"https:\/\/camaraenmano.org\/index.php\/2024\/01\/28\/exposicion-ii-certamen-camara-en-mano\/#breadcrumb","itemListElement":[{"@type":"ListItem","position":1,"name":"Portada","item":"https:\/\/camaraenmano.org\/"},{"@type":"ListItem","position":2,"name":"Exposici\u00f3n II Certamen C\u00e1mara en mano"}]},{"@type":"WebSite","@id":"https:\/\/camaraenmano.org\/#website","url":"https:\/\/camaraenmano.org\/","name":"Asociaci\u00f3n fotogr\u00e1fica C\u00e1mara en mano Las Rozas","description":"","publisher":{"@id":"https:\/\/camaraenmano.org\/#organization"},"potentialAction":[{"@type":"SearchAction","target":{"@type":"EntryPoint","urlTemplate":"https:\/\/camaraenmano.org\/?s={search_term_string}"},"query-input":{"@type":"PropertyValueSpecification","valueRequired":true,"valueName":"search_term_string"}}],"inLanguage":"es"},{"@type":"Organization","@id":"https:\/\/camaraenmano.org\/#organization","name":"C\u00e1mara en mano","url":"https:\/\/camaraenmano.org\/","logo":{"@type":"ImageObject","inLanguage":"es","@id":"https:\/\/camaraenmano.org\/#\/schema\/logo\/image\/","url":"https:\/\/camaraenmano.org\/wp-content\/uploads\/2023\/10\/cropped-Logo-Camara-en-Mano-2-1.png","contentUrl":"https:\/\/camaraenmano.org\/wp-content\/uploads\/2023\/10\/cropped-Logo-Camara-en-Mano-2-1.png","width":3174,"height":2093,"caption":"C\u00e1mara en mano"},"image":{"@id":"https:\/\/camaraenmano.org\/#\/schema\/logo\/image\/"},"sameAs":["https:\/\/www.facebook.com\/AFCamaraenmano\/","https:\/\/www.instagram.com\/afcamaraenmano\/"]},{"@type":"Person","@id":"https:\/\/camaraenmano.org\/#\/schema\/person\/9ae05f95e2aa0144ea0768d6f65488be","name":"Administrador","image":{"@type":"ImageObject","inLanguage":"es","@id":"https:\/\/secure.gravatar.com\/avatar\/afbf021a33f39f3b1b0fcbf424cd00175e4543d4630d7a19e2a7c6defa5096c8?s=96&d=mm&r=g","url":"https:\/\/secure.gravatar.com\/avatar\/afbf021a33f39f3b1b0fcbf424cd00175e4543d4630d7a19e2a7c6defa5096c8?s=96&d=mm&r=g","contentUrl":"https:\/\/secure.gravatar.com\/avatar\/afbf021a33f39f3b1b0fcbf424cd00175e4543d4630d7a19e2a7c6defa5096c8?s=96&d=mm&r=g","caption":"Administrador"},"sameAs":["http:\/\/camaraenmano.org"],"url":"https:\/\/camaraenmano.org\/index.php\/author\/admin2786\/"}]}},"_links":{"self":[{"href":"https:\/\/camaraenmano.org\/index.php\/wp-json\/wp\/v2\/posts\/3604","targetHints":{"allow":["GET"]}}],"collection":[{"href":"https:\/\/camaraenmano.org\/index.php\/wp-json\/wp\/v2\/posts"}],"about":[{"href":"https:\/\/camaraenmano.org\/index.php\/wp-json\/wp\/v2\/types\/post"}],"author":[{"embeddable":true,"href":"https:\/\/camaraenmano.org\/index.php\/wp-json\/wp\/v2\/users\/1"}],"replies":[{"embeddable":true,"href":"https:\/\/camaraenmano.org\/index.php\/wp-json\/wp\/v2\/comments?post=3604"}],"version-history":[{"count":2,"href":"https:\/\/camaraenmano.org\/index.php\/wp-json\/wp\/v2\/posts\/3604\/revisions"}],"predecessor-version":[{"id":3611,"href":"https:\/\/camaraenmano.org\/index.php\/wp-json\/wp\/v2\/posts\/3604\/revisions\/3611"}],"wp:featuredmedia":[{"embeddable":true,"href":"https:\/\/camaraenmano.org\/index.php\/wp-json\/wp\/v2\/media\/3605"}],"wp:attachment":[{"href":"https:\/\/camaraenmano.org\/index.php\/wp-json\/wp\/v2\/media?parent=3604"}],"wp:term":[{"taxonomy":"category","embeddable":true,"href":"https:\/\/camaraenmano.org\/index.php\/wp-json\/wp\/v2\/categories?post=3604"},{"taxonomy":"post_tag","embeddable":true,"href":"https:\/\/camaraenmano.org\/index.php\/wp-json\/wp\/v2\/tags?post=3604"}],"curies":[{"name":"wp","href":"https:\/\/api.w.org\/{rel}","templated":true}]}}