{"id":4044,"date":"2024-09-01T21:02:07","date_gmt":"2024-09-01T19:02:07","guid":{"rendered":"https:\/\/camaraenmano.org\/?p=4044"},"modified":"2024-12-04T22:54:40","modified_gmt":"2024-12-04T21:54:40","slug":"henry-cartier-bresson-el-instante-decisivo","status":"publish","type":"post","link":"https:\/\/camaraenmano.org\/index.php\/2024\/09\/01\/henry-cartier-bresson-el-instante-decisivo\/","title":{"rendered":"Henri Cartier Bresson: El instante decisivo"},"content":{"rendered":"<p><span>Henri Cartier Bresson \u200b es uno de los grandes en la historia de la fotograf\u00eda. Fue un c\u00e9lebre fot\u00f3grafo franc\u00e9s considerado por muchos el padre del fotorreportaje. <\/span><\/p>\n<p><span>Nacido el 22 de agosto de 1908 en el seno de una familia acomodada de Par\u00eds, Henri Cartier-Bresson tuvo siempre el inter\u00e9s por retratar el mundo. Tuvo formaci\u00f3n<\/span><span> art\u00edstica en pintura desde peque\u00f1o y sigui\u00f3 la carrera art\u00edstica. Su orientaci\u00f3n profesional dio un giro en 1929 de una manera inesperada: se encontraba cumpliendo el servicio militar cuando fue puesto bajo arresto por haber cazado sin licencia. En ese momento entr\u00f3 en escena Harry Crosby, un escritor bohemio que hab\u00eda servido en la Gran Guerra y convenci\u00f3 al comandante para que dejara a Cartier-Bresson bajo su custodia, puesto que ambos ten\u00edan inter\u00e9s por la fotograf\u00eda.\u00a0<strong>Crosby le dio su primera c\u00e1mara y algunas lecciones de fotograf\u00eda<\/strong>, que no iban a durar mucho, ya que en diciembre de 1929 se suicid\u00f3.<\/span><\/p>\n<p>En 1931 Cartier-Bresson parti\u00f3 hacia Costa de Marfil, por aquel entonces colonia francesa, en el que ser\u00eda<span>\u00a0<\/span><strong>su viaje inici\u00e1tico como fot\u00f3grafo<\/strong>. Durante los meses que pas\u00f3 en \u00c1frica sobrevivi\u00f3 como cazador, una actividad que seg\u00fan \u00e9l le ense\u00f1\u00f3 a moverse con discreci\u00f3n.<span>\u00a0<\/span><strong>A su regreso en Francia entabl\u00f3 contacto con otros fot\u00f3grafos que hab\u00edan trabajado en el continente negro<\/strong>: uno de estos era Martin Munk\u00e1csi, un veterano fotorreportero especializado en tomas de acci\u00f3n, que le mostr\u00f3 la foto que hab\u00eda tomado de tres chicos corriendo a orillas del lago Tanganyika. Esa imagen tuvo un impacto profundo en Cartier-Bresson, que en ese momento<span>\u00a0<\/span><strong>entendi\u00f3 \u201cque una fotograf\u00eda pod\u00eda fijar la eternidad en un instante\u201d y decidi\u00f3 dejar la pintura en favor de la pel\u00edcula<\/strong>.<\/p>\n<p>Durante los 40 a\u00f1os siguientes su vida estuvo dedicada a la fotograf\u00eda. Compr\u00f3 una c\u00e1mara Leica que ser\u00eda su compa\u00f1era durante muchos a\u00f1os: sus peque\u00f1as dimensiones le permit\u00edan pasar desapercibido y, para m\u00e1s discreci\u00f3n, pintaba de negro las piezas brillantes de la c\u00e1mara. C\u00e1mara en mano,<span>\u00a0<\/span><strong>Cartier-Bresson empez\u00f3 a inmortalizar los momentos decisivos de su tiempo<\/strong>. En 1937 realiz\u00f3 su primer fotorreportaje de \u00e9xito, la coronaci\u00f3n de Jorge VI de Inglaterra, que destac\u00f3 entre todos los dem\u00e1s fot\u00f3grafos por el enfoque que le dio: no tom\u00f3 fotos del rey, sino de la multitud que lo vitoreaba, que a su parecer constitu\u00eda la esencia del acontecimiento, un principio que caracterizar\u00eda su carrera.<\/p>\n<p>&nbsp;<\/p>\n<p><iframe loading=\"lazy\" title=\"Henri Cartier-Bresson. El momento decisivo (1973) con subt\u00edtulos al espa\u00f1ol\" width=\"1140\" height=\"855\" src=\"https:\/\/www.youtube.com\/embed\/efdcS2lYKjA?feature=oembed\" frameborder=\"0\" allow=\"accelerometer; autoplay; clipboard-write; encrypted-media; gyroscope; picture-in-picture; web-share\" referrerpolicy=\"strict-origin-when-cross-origin\" allowfullscreen><\/iframe><\/p>\n","protected":false},"excerpt":{"rendered":"<p>Henri Cartier Bresson \u200b es uno de los grandes en la historia de la fotograf\u00eda. Fue un c\u00e9lebre fot\u00f3grafo franc\u00e9s considerado por muchos el padre del fotorreportaje. Nacido el 22 de agosto de 1908 en el seno de una familia acomodada de Par\u00eds, Henri Cartier-Bresson tuvo siempre el inter\u00e9s por retratar el mundo. Tuvo formaci\u00f3n [&hellip;]<\/p>\n","protected":false},"author":1,"featured_media":4675,"comment_status":"open","ping_status":"open","sticky":false,"template":"","format":"standard","meta":{"footnotes":""},"categories":[5,305],"tags":[335],"class_list":{"0":"post-4044","1":"post","2":"type-post","3":"status-publish","4":"format-standard","5":"has-post-thumbnail","7":"category-actividades","8":"category-historia-y-fotografxs","9":"tag-cartier-bresson","10":"czr-hentry"},"yoast_head":"<!-- This site is optimized with the Yoast SEO plugin v27.5 - https:\/\/yoast.com\/product\/yoast-seo-wordpress\/ -->\n<title>Henri Cartier Bresson: El instante decisivo - Asociaci\u00f3n fotogr\u00e1fica C\u00e1mara en mano Las Rozas<\/title>\n<meta name=\"robots\" content=\"index, follow, max-snippet:-1, max-image-preview:large, max-video-preview:-1\" \/>\n<link rel=\"canonical\" href=\"https:\/\/camaraenmano.org\/index.php\/2024\/09\/01\/henry-cartier-bresson-el-instante-decisivo\/\" \/>\n<meta property=\"og:locale\" content=\"es_ES\" \/>\n<meta property=\"og:type\" content=\"article\" \/>\n<meta property=\"og:title\" content=\"Henri Cartier Bresson: El instante decisivo - Asociaci\u00f3n fotogr\u00e1fica C\u00e1mara en mano Las Rozas\" \/>\n<meta property=\"og:description\" content=\"Henri Cartier Bresson \u200b es uno de los grandes en la historia de la fotograf\u00eda. Fue un c\u00e9lebre fot\u00f3grafo franc\u00e9s considerado por muchos el padre del fotorreportaje. Nacido el 22 de agosto de 1908 en el seno de una familia acomodada de Par\u00eds, Henri Cartier-Bresson tuvo siempre el inter\u00e9s por retratar el mundo. Tuvo formaci\u00f3n [&hellip;]\" \/>\n<meta property=\"og:url\" content=\"https:\/\/camaraenmano.org\/index.php\/2024\/09\/01\/henry-cartier-bresson-el-instante-decisivo\/\" \/>\n<meta property=\"og:site_name\" content=\"Asociaci\u00f3n fotogr\u00e1fica C\u00e1mara en mano Las Rozas\" \/>\n<meta property=\"article:publisher\" content=\"https:\/\/www.facebook.com\/AFCamaraenmano\/\" \/>\n<meta property=\"article:published_time\" content=\"2024-09-01T19:02:07+00:00\" \/>\n<meta property=\"article:modified_time\" content=\"2024-12-04T21:54:40+00:00\" \/>\n<meta property=\"og:image\" content=\"https:\/\/camaraenmano.org\/wp-content\/uploads\/2024\/09\/images-5.jpg\" \/>\n\t<meta property=\"og:image:width\" content=\"255\" \/>\n\t<meta property=\"og:image:height\" content=\"198\" \/>\n\t<meta property=\"og:image:type\" content=\"image\/jpeg\" \/>\n<meta name=\"author\" content=\"Administrador\" \/>\n<meta name=\"twitter:card\" content=\"summary_large_image\" \/>\n<meta name=\"twitter:label1\" content=\"Escrito por\" \/>\n\t<meta name=\"twitter:data1\" content=\"Administrador\" \/>\n\t<meta name=\"twitter:label2\" content=\"Tiempo de lectura\" \/>\n\t<meta name=\"twitter:data2\" content=\"2 minutos\" \/>\n<script type=\"application\/ld+json\" class=\"yoast-schema-graph\">{\"@context\":\"https:\\\/\\\/schema.org\",\"@graph\":[{\"@type\":\"Article\",\"@id\":\"https:\\\/\\\/camaraenmano.org\\\/index.php\\\/2024\\\/09\\\/01\\\/henry-cartier-bresson-el-instante-decisivo\\\/#article\",\"isPartOf\":{\"@id\":\"https:\\\/\\\/camaraenmano.org\\\/index.php\\\/2024\\\/09\\\/01\\\/henry-cartier-bresson-el-instante-decisivo\\\/\"},\"author\":{\"name\":\"Administrador\",\"@id\":\"https:\\\/\\\/camaraenmano.org\\\/#\\\/schema\\\/person\\\/9ae05f95e2aa0144ea0768d6f65488be\"},\"headline\":\"Henri Cartier Bresson: El instante decisivo\",\"datePublished\":\"2024-09-01T19:02:07+00:00\",\"dateModified\":\"2024-12-04T21:54:40+00:00\",\"mainEntityOfPage\":{\"@id\":\"https:\\\/\\\/camaraenmano.org\\\/index.php\\\/2024\\\/09\\\/01\\\/henry-cartier-bresson-el-instante-decisivo\\\/\"},\"wordCount\":445,\"commentCount\":0,\"publisher\":{\"@id\":\"https:\\\/\\\/camaraenmano.org\\\/#organization\"},\"image\":{\"@id\":\"https:\\\/\\\/camaraenmano.org\\\/index.php\\\/2024\\\/09\\\/01\\\/henry-cartier-bresson-el-instante-decisivo\\\/#primaryimage\"},\"thumbnailUrl\":\"https:\\\/\\\/camaraenmano.org\\\/wp-content\\\/uploads\\\/2024\\\/09\\\/images-5.jpg\",\"keywords\":[\"Cartier Bresson\"],\"articleSection\":[\"Actividades\",\"Historia y fot\u00f3graf@s\"],\"inLanguage\":\"es\",\"potentialAction\":[{\"@type\":\"CommentAction\",\"name\":\"Comment\",\"target\":[\"https:\\\/\\\/camaraenmano.org\\\/index.php\\\/2024\\\/09\\\/01\\\/henry-cartier-bresson-el-instante-decisivo\\\/#respond\"]}]},{\"@type\":\"WebPage\",\"@id\":\"https:\\\/\\\/camaraenmano.org\\\/index.php\\\/2024\\\/09\\\/01\\\/henry-cartier-bresson-el-instante-decisivo\\\/\",\"url\":\"https:\\\/\\\/camaraenmano.org\\\/index.php\\\/2024\\\/09\\\/01\\\/henry-cartier-bresson-el-instante-decisivo\\\/\",\"name\":\"Henri Cartier Bresson: El instante decisivo - Asociaci\u00f3n fotogr\u00e1fica C\u00e1mara en mano Las Rozas\",\"isPartOf\":{\"@id\":\"https:\\\/\\\/camaraenmano.org\\\/#website\"},\"primaryImageOfPage\":{\"@id\":\"https:\\\/\\\/camaraenmano.org\\\/index.php\\\/2024\\\/09\\\/01\\\/henry-cartier-bresson-el-instante-decisivo\\\/#primaryimage\"},\"image\":{\"@id\":\"https:\\\/\\\/camaraenmano.org\\\/index.php\\\/2024\\\/09\\\/01\\\/henry-cartier-bresson-el-instante-decisivo\\\/#primaryimage\"},\"thumbnailUrl\":\"https:\\\/\\\/camaraenmano.org\\\/wp-content\\\/uploads\\\/2024\\\/09\\\/images-5.jpg\",\"datePublished\":\"2024-09-01T19:02:07+00:00\",\"dateModified\":\"2024-12-04T21:54:40+00:00\",\"breadcrumb\":{\"@id\":\"https:\\\/\\\/camaraenmano.org\\\/index.php\\\/2024\\\/09\\\/01\\\/henry-cartier-bresson-el-instante-decisivo\\\/#breadcrumb\"},\"inLanguage\":\"es\",\"potentialAction\":[{\"@type\":\"ReadAction\",\"target\":[\"https:\\\/\\\/camaraenmano.org\\\/index.php\\\/2024\\\/09\\\/01\\\/henry-cartier-bresson-el-instante-decisivo\\\/\"]}]},{\"@type\":\"ImageObject\",\"inLanguage\":\"es\",\"@id\":\"https:\\\/\\\/camaraenmano.org\\\/index.php\\\/2024\\\/09\\\/01\\\/henry-cartier-bresson-el-instante-decisivo\\\/#primaryimage\",\"url\":\"https:\\\/\\\/camaraenmano.org\\\/wp-content\\\/uploads\\\/2024\\\/09\\\/images-5.jpg\",\"contentUrl\":\"https:\\\/\\\/camaraenmano.org\\\/wp-content\\\/uploads\\\/2024\\\/09\\\/images-5.jpg\",\"width\":255,\"height\":198},{\"@type\":\"BreadcrumbList\",\"@id\":\"https:\\\/\\\/camaraenmano.org\\\/index.php\\\/2024\\\/09\\\/01\\\/henry-cartier-bresson-el-instante-decisivo\\\/#breadcrumb\",\"itemListElement\":[{\"@type\":\"ListItem\",\"position\":1,\"name\":\"Portada\",\"item\":\"https:\\\/\\\/camaraenmano.org\\\/\"},{\"@type\":\"ListItem\",\"position\":2,\"name\":\"Henri Cartier Bresson: El instante decisivo\"}]},{\"@type\":\"WebSite\",\"@id\":\"https:\\\/\\\/camaraenmano.org\\\/#website\",\"url\":\"https:\\\/\\\/camaraenmano.org\\\/\",\"name\":\"Asociaci\u00f3n fotogr\u00e1fica C\u00e1mara en mano Las Rozas\",\"description\":\"\",\"publisher\":{\"@id\":\"https:\\\/\\\/camaraenmano.org\\\/#organization\"},\"potentialAction\":[{\"@type\":\"SearchAction\",\"target\":{\"@type\":\"EntryPoint\",\"urlTemplate\":\"https:\\\/\\\/camaraenmano.org\\\/?s={search_term_string}\"},\"query-input\":{\"@type\":\"PropertyValueSpecification\",\"valueRequired\":true,\"valueName\":\"search_term_string\"}}],\"inLanguage\":\"es\"},{\"@type\":\"Organization\",\"@id\":\"https:\\\/\\\/camaraenmano.org\\\/#organization\",\"name\":\"C\u00e1mara en mano\",\"url\":\"https:\\\/\\\/camaraenmano.org\\\/\",\"logo\":{\"@type\":\"ImageObject\",\"inLanguage\":\"es\",\"@id\":\"https:\\\/\\\/camaraenmano.org\\\/#\\\/schema\\\/logo\\\/image\\\/\",\"url\":\"https:\\\/\\\/camaraenmano.org\\\/wp-content\\\/uploads\\\/2023\\\/10\\\/cropped-Logo-Camara-en-Mano-2-1.png\",\"contentUrl\":\"https:\\\/\\\/camaraenmano.org\\\/wp-content\\\/uploads\\\/2023\\\/10\\\/cropped-Logo-Camara-en-Mano-2-1.png\",\"width\":3174,\"height\":2093,\"caption\":\"C\u00e1mara en mano\"},\"image\":{\"@id\":\"https:\\\/\\\/camaraenmano.org\\\/#\\\/schema\\\/logo\\\/image\\\/\"},\"sameAs\":[\"https:\\\/\\\/www.facebook.com\\\/AFCamaraenmano\\\/\",\"https:\\\/\\\/www.instagram.com\\\/afcamaraenmano\\\/\"]},{\"@type\":\"Person\",\"@id\":\"https:\\\/\\\/camaraenmano.org\\\/#\\\/schema\\\/person\\\/9ae05f95e2aa0144ea0768d6f65488be\",\"name\":\"Administrador\",\"image\":{\"@type\":\"ImageObject\",\"inLanguage\":\"es\",\"@id\":\"https:\\\/\\\/secure.gravatar.com\\\/avatar\\\/afbf021a33f39f3b1b0fcbf424cd00175e4543d4630d7a19e2a7c6defa5096c8?s=96&d=mm&r=g\",\"url\":\"https:\\\/\\\/secure.gravatar.com\\\/avatar\\\/afbf021a33f39f3b1b0fcbf424cd00175e4543d4630d7a19e2a7c6defa5096c8?s=96&d=mm&r=g\",\"contentUrl\":\"https:\\\/\\\/secure.gravatar.com\\\/avatar\\\/afbf021a33f39f3b1b0fcbf424cd00175e4543d4630d7a19e2a7c6defa5096c8?s=96&d=mm&r=g\",\"caption\":\"Administrador\"},\"sameAs\":[\"http:\\\/\\\/camaraenmano.org\"],\"url\":\"https:\\\/\\\/camaraenmano.org\\\/index.php\\\/author\\\/admin2786\\\/\"}]}<\/script>\n<!-- \/ Yoast SEO plugin. -->","yoast_head_json":{"title":"Henri Cartier Bresson: El instante decisivo - Asociaci\u00f3n fotogr\u00e1fica C\u00e1mara en mano Las Rozas","robots":{"index":"index","follow":"follow","max-snippet":"max-snippet:-1","max-image-preview":"max-image-preview:large","max-video-preview":"max-video-preview:-1"},"canonical":"https:\/\/camaraenmano.org\/index.php\/2024\/09\/01\/henry-cartier-bresson-el-instante-decisivo\/","og_locale":"es_ES","og_type":"article","og_title":"Henri Cartier Bresson: El instante decisivo - Asociaci\u00f3n fotogr\u00e1fica C\u00e1mara en mano Las Rozas","og_description":"Henri Cartier Bresson \u200b es uno de los grandes en la historia de la fotograf\u00eda. Fue un c\u00e9lebre fot\u00f3grafo franc\u00e9s considerado por muchos el padre del fotorreportaje. Nacido el 22 de agosto de 1908 en el seno de una familia acomodada de Par\u00eds, Henri Cartier-Bresson tuvo siempre el inter\u00e9s por retratar el mundo. Tuvo formaci\u00f3n [&hellip;]","og_url":"https:\/\/camaraenmano.org\/index.php\/2024\/09\/01\/henry-cartier-bresson-el-instante-decisivo\/","og_site_name":"Asociaci\u00f3n fotogr\u00e1fica C\u00e1mara en mano Las Rozas","article_publisher":"https:\/\/www.facebook.com\/AFCamaraenmano\/","article_published_time":"2024-09-01T19:02:07+00:00","article_modified_time":"2024-12-04T21:54:40+00:00","og_image":[{"width":255,"height":198,"url":"https:\/\/camaraenmano.org\/wp-content\/uploads\/2024\/09\/images-5.jpg","type":"image\/jpeg"}],"author":"Administrador","twitter_card":"summary_large_image","twitter_misc":{"Escrito por":"Administrador","Tiempo de lectura":"2 minutos"},"schema":{"@context":"https:\/\/schema.org","@graph":[{"@type":"Article","@id":"https:\/\/camaraenmano.org\/index.php\/2024\/09\/01\/henry-cartier-bresson-el-instante-decisivo\/#article","isPartOf":{"@id":"https:\/\/camaraenmano.org\/index.php\/2024\/09\/01\/henry-cartier-bresson-el-instante-decisivo\/"},"author":{"name":"Administrador","@id":"https:\/\/camaraenmano.org\/#\/schema\/person\/9ae05f95e2aa0144ea0768d6f65488be"},"headline":"Henri Cartier Bresson: El instante decisivo","datePublished":"2024-09-01T19:02:07+00:00","dateModified":"2024-12-04T21:54:40+00:00","mainEntityOfPage":{"@id":"https:\/\/camaraenmano.org\/index.php\/2024\/09\/01\/henry-cartier-bresson-el-instante-decisivo\/"},"wordCount":445,"commentCount":0,"publisher":{"@id":"https:\/\/camaraenmano.org\/#organization"},"image":{"@id":"https:\/\/camaraenmano.org\/index.php\/2024\/09\/01\/henry-cartier-bresson-el-instante-decisivo\/#primaryimage"},"thumbnailUrl":"https:\/\/camaraenmano.org\/wp-content\/uploads\/2024\/09\/images-5.jpg","keywords":["Cartier Bresson"],"articleSection":["Actividades","Historia y fot\u00f3graf@s"],"inLanguage":"es","potentialAction":[{"@type":"CommentAction","name":"Comment","target":["https:\/\/camaraenmano.org\/index.php\/2024\/09\/01\/henry-cartier-bresson-el-instante-decisivo\/#respond"]}]},{"@type":"WebPage","@id":"https:\/\/camaraenmano.org\/index.php\/2024\/09\/01\/henry-cartier-bresson-el-instante-decisivo\/","url":"https:\/\/camaraenmano.org\/index.php\/2024\/09\/01\/henry-cartier-bresson-el-instante-decisivo\/","name":"Henri Cartier Bresson: El instante decisivo - Asociaci\u00f3n fotogr\u00e1fica C\u00e1mara en mano Las Rozas","isPartOf":{"@id":"https:\/\/camaraenmano.org\/#website"},"primaryImageOfPage":{"@id":"https:\/\/camaraenmano.org\/index.php\/2024\/09\/01\/henry-cartier-bresson-el-instante-decisivo\/#primaryimage"},"image":{"@id":"https:\/\/camaraenmano.org\/index.php\/2024\/09\/01\/henry-cartier-bresson-el-instante-decisivo\/#primaryimage"},"thumbnailUrl":"https:\/\/camaraenmano.org\/wp-content\/uploads\/2024\/09\/images-5.jpg","datePublished":"2024-09-01T19:02:07+00:00","dateModified":"2024-12-04T21:54:40+00:00","breadcrumb":{"@id":"https:\/\/camaraenmano.org\/index.php\/2024\/09\/01\/henry-cartier-bresson-el-instante-decisivo\/#breadcrumb"},"inLanguage":"es","potentialAction":[{"@type":"ReadAction","target":["https:\/\/camaraenmano.org\/index.php\/2024\/09\/01\/henry-cartier-bresson-el-instante-decisivo\/"]}]},{"@type":"ImageObject","inLanguage":"es","@id":"https:\/\/camaraenmano.org\/index.php\/2024\/09\/01\/henry-cartier-bresson-el-instante-decisivo\/#primaryimage","url":"https:\/\/camaraenmano.org\/wp-content\/uploads\/2024\/09\/images-5.jpg","contentUrl":"https:\/\/camaraenmano.org\/wp-content\/uploads\/2024\/09\/images-5.jpg","width":255,"height":198},{"@type":"BreadcrumbList","@id":"https:\/\/camaraenmano.org\/index.php\/2024\/09\/01\/henry-cartier-bresson-el-instante-decisivo\/#breadcrumb","itemListElement":[{"@type":"ListItem","position":1,"name":"Portada","item":"https:\/\/camaraenmano.org\/"},{"@type":"ListItem","position":2,"name":"Henri Cartier Bresson: El instante decisivo"}]},{"@type":"WebSite","@id":"https:\/\/camaraenmano.org\/#website","url":"https:\/\/camaraenmano.org\/","name":"Asociaci\u00f3n fotogr\u00e1fica C\u00e1mara en mano Las Rozas","description":"","publisher":{"@id":"https:\/\/camaraenmano.org\/#organization"},"potentialAction":[{"@type":"SearchAction","target":{"@type":"EntryPoint","urlTemplate":"https:\/\/camaraenmano.org\/?s={search_term_string}"},"query-input":{"@type":"PropertyValueSpecification","valueRequired":true,"valueName":"search_term_string"}}],"inLanguage":"es"},{"@type":"Organization","@id":"https:\/\/camaraenmano.org\/#organization","name":"C\u00e1mara en mano","url":"https:\/\/camaraenmano.org\/","logo":{"@type":"ImageObject","inLanguage":"es","@id":"https:\/\/camaraenmano.org\/#\/schema\/logo\/image\/","url":"https:\/\/camaraenmano.org\/wp-content\/uploads\/2023\/10\/cropped-Logo-Camara-en-Mano-2-1.png","contentUrl":"https:\/\/camaraenmano.org\/wp-content\/uploads\/2023\/10\/cropped-Logo-Camara-en-Mano-2-1.png","width":3174,"height":2093,"caption":"C\u00e1mara en mano"},"image":{"@id":"https:\/\/camaraenmano.org\/#\/schema\/logo\/image\/"},"sameAs":["https:\/\/www.facebook.com\/AFCamaraenmano\/","https:\/\/www.instagram.com\/afcamaraenmano\/"]},{"@type":"Person","@id":"https:\/\/camaraenmano.org\/#\/schema\/person\/9ae05f95e2aa0144ea0768d6f65488be","name":"Administrador","image":{"@type":"ImageObject","inLanguage":"es","@id":"https:\/\/secure.gravatar.com\/avatar\/afbf021a33f39f3b1b0fcbf424cd00175e4543d4630d7a19e2a7c6defa5096c8?s=96&d=mm&r=g","url":"https:\/\/secure.gravatar.com\/avatar\/afbf021a33f39f3b1b0fcbf424cd00175e4543d4630d7a19e2a7c6defa5096c8?s=96&d=mm&r=g","contentUrl":"https:\/\/secure.gravatar.com\/avatar\/afbf021a33f39f3b1b0fcbf424cd00175e4543d4630d7a19e2a7c6defa5096c8?s=96&d=mm&r=g","caption":"Administrador"},"sameAs":["http:\/\/camaraenmano.org"],"url":"https:\/\/camaraenmano.org\/index.php\/author\/admin2786\/"}]}},"_links":{"self":[{"href":"https:\/\/camaraenmano.org\/index.php\/wp-json\/wp\/v2\/posts\/4044","targetHints":{"allow":["GET"]}}],"collection":[{"href":"https:\/\/camaraenmano.org\/index.php\/wp-json\/wp\/v2\/posts"}],"about":[{"href":"https:\/\/camaraenmano.org\/index.php\/wp-json\/wp\/v2\/types\/post"}],"author":[{"embeddable":true,"href":"https:\/\/camaraenmano.org\/index.php\/wp-json\/wp\/v2\/users\/1"}],"replies":[{"embeddable":true,"href":"https:\/\/camaraenmano.org\/index.php\/wp-json\/wp\/v2\/comments?post=4044"}],"version-history":[{"count":2,"href":"https:\/\/camaraenmano.org\/index.php\/wp-json\/wp\/v2\/posts\/4044\/revisions"}],"predecessor-version":[{"id":4410,"href":"https:\/\/camaraenmano.org\/index.php\/wp-json\/wp\/v2\/posts\/4044\/revisions\/4410"}],"wp:featuredmedia":[{"embeddable":true,"href":"https:\/\/camaraenmano.org\/index.php\/wp-json\/wp\/v2\/media\/4675"}],"wp:attachment":[{"href":"https:\/\/camaraenmano.org\/index.php\/wp-json\/wp\/v2\/media?parent=4044"}],"wp:term":[{"taxonomy":"category","embeddable":true,"href":"https:\/\/camaraenmano.org\/index.php\/wp-json\/wp\/v2\/categories?post=4044"},{"taxonomy":"post_tag","embeddable":true,"href":"https:\/\/camaraenmano.org\/index.php\/wp-json\/wp\/v2\/tags?post=4044"}],"curies":[{"name":"wp","href":"https:\/\/api.w.org\/{rel}","templated":true}]}}