{"id":4121,"date":"2024-06-12T10:41:20","date_gmt":"2024-06-12T08:41:20","guid":{"rendered":"https:\/\/camaraenmano.org\/?p=4121"},"modified":"2025-03-09T19:21:58","modified_gmt":"2025-03-09T18:21:58","slug":"reto-extraordinario-de-mayo-obras-ganadoras","status":"publish","type":"post","link":"https:\/\/camaraenmano.org\/index.php\/2024\/06\/12\/reto-extraordinario-de-mayo-obras-ganadoras\/","title":{"rendered":"Reto extraordinario de mayo: obras ganadoras"},"content":{"rendered":"<p>Despu\u00e9s de la reuni\u00f3n del jurado celebrada el lunes d\u00eda 10 de junio, ya tenemos el fallo del reto extraordinario. El jurado ha estado formado por <a href=\"https:\/\/www.rociobueno.com\/\"><strong>Roc\u00edo Bueno Royo<\/strong><\/a>, fot\u00f3grafa, <span>creadora visual y economista, <strong>Ana Mar\u00eda Morales Baena<\/strong>, creadora art\u00edstica y profesora de arte, y <a href=\"https:\/\/www.surcos.info\/index.html\"><strong>Mariano G\u00f3mez Isern<\/strong><\/a>, fot\u00f3grafo y miembro de la <a href=\"https:\/\/www.rsf.es\/\">RSF<\/a>.\u00a0<\/span><\/p>\n<p>La decisi\u00f3n no ha sido f\u00e1cil por la gran calidad de las obras presentadas y que se podr\u00e1n apreciar en la exposici\u00f3n que se celebrar\u00e1 pr\u00f3ximamente. No obstante, aqui van los premiados:<\/p>\n<p>En primer lugar Nuria del Rio Winne con la obra <em>Atardecer real<\/em><\/p>\n<p><img loading=\"lazy\" decoding=\"async\" class=\"alignnone wp-image-4122\" src=\"https:\/\/camaraenmano.org\/wp-content\/uploads\/2024\/06\/Nuria-del-Rio-Winne-3-Atardecer-Real-1024x683.jpg\" alt=\"\" width=\"600\" height=\"400\" srcset=\"https:\/\/camaraenmano.org\/wp-content\/uploads\/2024\/06\/Nuria-del-Rio-Winne-3-Atardecer-Real-1024x683.jpg 1024w, https:\/\/camaraenmano.org\/wp-content\/uploads\/2024\/06\/Nuria-del-Rio-Winne-3-Atardecer-Real-300x200.jpg 300w, https:\/\/camaraenmano.org\/wp-content\/uploads\/2024\/06\/Nuria-del-Rio-Winne-3-Atardecer-Real-768x512.jpg 768w, https:\/\/camaraenmano.org\/wp-content\/uploads\/2024\/06\/Nuria-del-Rio-Winne-3-Atardecer-Real-1536x1024.jpg 1536w, https:\/\/camaraenmano.org\/wp-content\/uploads\/2024\/06\/Nuria-del-Rio-Winne-3-Atardecer-Real-1320x880.jpg 1320w, https:\/\/camaraenmano.org\/wp-content\/uploads\/2024\/06\/Nuria-del-Rio-Winne-3-Atardecer-Real.jpg 1896w\" sizes=\"auto, (max-width: 600px) 100vw, 600px\" \/><\/p>\n<p>En segundo lugar Inmaculada Talavera con la obra <em>Fr\u00edo amanecer<\/em><\/p>\n<p><img loading=\"lazy\" decoding=\"async\" class=\"alignnone wp-image-4124\" src=\"https:\/\/camaraenmano.org\/wp-content\/uploads\/2024\/06\/Inmaculada-Talavera-Frio-amanecer-1024x683.jpg\" alt=\"\" width=\"600\" height=\"400\" srcset=\"https:\/\/camaraenmano.org\/wp-content\/uploads\/2024\/06\/Inmaculada-Talavera-Frio-amanecer-1024x683.jpg 1024w, https:\/\/camaraenmano.org\/wp-content\/uploads\/2024\/06\/Inmaculada-Talavera-Frio-amanecer-300x200.jpg 300w, https:\/\/camaraenmano.org\/wp-content\/uploads\/2024\/06\/Inmaculada-Talavera-Frio-amanecer-768x512.jpg 768w, https:\/\/camaraenmano.org\/wp-content\/uploads\/2024\/06\/Inmaculada-Talavera-Frio-amanecer.jpg 1185w\" sizes=\"auto, (max-width: 600px) 100vw, 600px\" \/><\/p>\n<p>Y en tercer lugar Dolores Lara con la obra <em>Luces y sombras<\/em><\/p>\n<p><img loading=\"lazy\" decoding=\"async\" class=\"alignnone wp-image-4123\" src=\"https:\/\/camaraenmano.org\/wp-content\/uploads\/2024\/06\/Dolores-Lara-2-Luces-y-Sombras-1024x683.jpg\" alt=\"\" width=\"600\" height=\"400\" srcset=\"https:\/\/camaraenmano.org\/wp-content\/uploads\/2024\/06\/Dolores-Lara-2-Luces-y-Sombras-1024x683.jpg 1024w, https:\/\/camaraenmano.org\/wp-content\/uploads\/2024\/06\/Dolores-Lara-2-Luces-y-Sombras-300x200.jpg 300w, https:\/\/camaraenmano.org\/wp-content\/uploads\/2024\/06\/Dolores-Lara-2-Luces-y-Sombras-768x512.jpg 768w, https:\/\/camaraenmano.org\/wp-content\/uploads\/2024\/06\/Dolores-Lara-2-Luces-y-Sombras-1320x880.jpg 1320w, https:\/\/camaraenmano.org\/wp-content\/uploads\/2024\/06\/Dolores-Lara-2-Luces-y-Sombras.jpg 1536w\" sizes=\"auto, (max-width: 600px) 100vw, 600px\" \/><\/p>\n<p>&nbsp;<\/p>\n<p>El Jurado ha a\u00f1adido una Menci\u00f3n especial a la fotograf\u00eda \u201cAtardecer en la ciudad\u201d de Jos\u00e9 Luis Morales.<\/p>\n<p><img loading=\"lazy\" decoding=\"async\" class=\"alignnone wp-image-4151\" src=\"https:\/\/camaraenmano.org\/wp-content\/uploads\/2024\/06\/Jose-Luis-Morales-1-Atardecer-en-la-Ciudad-1024x1024.jpg\" alt=\"\" width=\"544\" height=\"544\" srcset=\"https:\/\/camaraenmano.org\/wp-content\/uploads\/2024\/06\/Jose-Luis-Morales-1-Atardecer-en-la-Ciudad-1024x1024.jpg 1024w, https:\/\/camaraenmano.org\/wp-content\/uploads\/2024\/06\/Jose-Luis-Morales-1-Atardecer-en-la-Ciudad-300x300.jpg 300w, https:\/\/camaraenmano.org\/wp-content\/uploads\/2024\/06\/Jose-Luis-Morales-1-Atardecer-en-la-Ciudad-150x150.jpg 150w, https:\/\/camaraenmano.org\/wp-content\/uploads\/2024\/06\/Jose-Luis-Morales-1-Atardecer-en-la-Ciudad-768x768.jpg 768w, https:\/\/camaraenmano.org\/wp-content\/uploads\/2024\/06\/Jose-Luis-Morales-1-Atardecer-en-la-Ciudad-1536x1536.jpg 1536w, https:\/\/camaraenmano.org\/wp-content\/uploads\/2024\/06\/Jose-Luis-Morales-1-Atardecer-en-la-Ciudad-2048x2048.jpg 2048w, https:\/\/camaraenmano.org\/wp-content\/uploads\/2024\/06\/Jose-Luis-Morales-1-Atardecer-en-la-Ciudad-510x510.jpg 510w, https:\/\/camaraenmano.org\/wp-content\/uploads\/2024\/06\/Jose-Luis-Morales-1-Atardecer-en-la-Ciudad-1320x1320.jpg 1320w\" sizes=\"auto, (max-width: 544px) 100vw, 544px\" \/><\/p>\n<p>&nbsp;<\/p>\n<p>&nbsp;<\/p>\n<p>Muchas felicidades a las premiadas y \u00a1A seguir participando!!<\/p>\n<p>&nbsp;<\/p>\n<p>Hasta la exposici\u00f3n puedes ver todas las obras presentadas en esta galer\u00eda<\/p>\n<p>&nbsp;<\/p>\n","protected":false},"excerpt":{"rendered":"<p>Despu\u00e9s de la reuni\u00f3n del jurado celebrada el lunes d\u00eda 10 de junio, ya tenemos el fallo del reto extraordinario. El jurado ha estado formado por Roc\u00edo Bueno Royo, fot\u00f3grafa, creadora visual y economista, Ana Mar\u00eda Morales Baena, creadora art\u00edstica y profesora de arte, y Mariano G\u00f3mez Isern, fot\u00f3grafo y miembro de la RSF.\u00a0 La [&hellip;]<\/p>\n","protected":false},"author":1,"featured_media":4122,"comment_status":"open","ping_status":"open","sticky":false,"template":"","format":"standard","meta":{"footnotes":""},"categories":[5],"tags":[],"class_list":{"0":"post-4121","1":"post","2":"type-post","3":"status-publish","4":"format-standard","5":"has-post-thumbnail","7":"category-actividades","8":"czr-hentry"},"yoast_head":"<!-- This site is optimized with the Yoast SEO plugin v27.5 - https:\/\/yoast.com\/product\/yoast-seo-wordpress\/ -->\n<title>Reto extraordinario de mayo: obras ganadoras - Asociaci\u00f3n fotogr\u00e1fica C\u00e1mara en mano Las Rozas<\/title>\n<meta name=\"robots\" content=\"index, follow, max-snippet:-1, max-image-preview:large, max-video-preview:-1\" \/>\n<link rel=\"canonical\" href=\"https:\/\/camaraenmano.org\/index.php\/2024\/06\/12\/reto-extraordinario-de-mayo-obras-ganadoras\/\" \/>\n<meta property=\"og:locale\" content=\"es_ES\" \/>\n<meta property=\"og:type\" content=\"article\" \/>\n<meta property=\"og:title\" content=\"Reto extraordinario de mayo: obras ganadoras - Asociaci\u00f3n fotogr\u00e1fica C\u00e1mara en mano Las Rozas\" \/>\n<meta property=\"og:description\" content=\"Despu\u00e9s de la reuni\u00f3n del jurado celebrada el lunes d\u00eda 10 de junio, ya tenemos el fallo del reto extraordinario. El jurado ha estado formado por Roc\u00edo Bueno Royo, fot\u00f3grafa, creadora visual y economista, Ana Mar\u00eda Morales Baena, creadora art\u00edstica y profesora de arte, y Mariano G\u00f3mez Isern, fot\u00f3grafo y miembro de la RSF.\u00a0 La [&hellip;]\" \/>\n<meta property=\"og:url\" content=\"https:\/\/camaraenmano.org\/index.php\/2024\/06\/12\/reto-extraordinario-de-mayo-obras-ganadoras\/\" \/>\n<meta property=\"og:site_name\" content=\"Asociaci\u00f3n fotogr\u00e1fica C\u00e1mara en mano Las Rozas\" \/>\n<meta property=\"article:publisher\" content=\"https:\/\/www.facebook.com\/AFCamaraenmano\/\" \/>\n<meta property=\"article:published_time\" content=\"2024-06-12T08:41:20+00:00\" \/>\n<meta property=\"article:modified_time\" content=\"2025-03-09T18:21:58+00:00\" \/>\n<meta property=\"og:image\" content=\"https:\/\/camaraenmano.org\/wp-content\/uploads\/2024\/06\/Nuria-del-Rio-Winne-3-Atardecer-Real.jpg\" \/>\n\t<meta property=\"og:image:width\" content=\"1896\" \/>\n\t<meta property=\"og:image:height\" content=\"1264\" \/>\n\t<meta property=\"og:image:type\" content=\"image\/jpeg\" \/>\n<meta name=\"author\" content=\"Administrador\" \/>\n<meta name=\"twitter:card\" content=\"summary_large_image\" \/>\n<meta name=\"twitter:label1\" content=\"Escrito por\" \/>\n\t<meta name=\"twitter:data1\" content=\"Administrador\" \/>\n\t<meta name=\"twitter:label2\" content=\"Tiempo de lectura\" \/>\n\t<meta name=\"twitter:data2\" content=\"11 minutos\" \/>\n<script type=\"application\/ld+json\" class=\"yoast-schema-graph\">{\"@context\":\"https:\\\/\\\/schema.org\",\"@graph\":[{\"@type\":\"Article\",\"@id\":\"https:\\\/\\\/camaraenmano.org\\\/index.php\\\/2024\\\/06\\\/12\\\/reto-extraordinario-de-mayo-obras-ganadoras\\\/#article\",\"isPartOf\":{\"@id\":\"https:\\\/\\\/camaraenmano.org\\\/index.php\\\/2024\\\/06\\\/12\\\/reto-extraordinario-de-mayo-obras-ganadoras\\\/\"},\"author\":{\"name\":\"Administrador\",\"@id\":\"https:\\\/\\\/camaraenmano.org\\\/#\\\/schema\\\/person\\\/9ae05f95e2aa0144ea0768d6f65488be\"},\"headline\":\"Reto extraordinario de mayo: obras ganadoras\",\"datePublished\":\"2024-06-12T08:41:20+00:00\",\"dateModified\":\"2025-03-09T18:21:58+00:00\",\"mainEntityOfPage\":{\"@id\":\"https:\\\/\\\/camaraenmano.org\\\/index.php\\\/2024\\\/06\\\/12\\\/reto-extraordinario-de-mayo-obras-ganadoras\\\/\"},\"wordCount\":189,\"commentCount\":0,\"publisher\":{\"@id\":\"https:\\\/\\\/camaraenmano.org\\\/#organization\"},\"image\":{\"@id\":\"https:\\\/\\\/camaraenmano.org\\\/index.php\\\/2024\\\/06\\\/12\\\/reto-extraordinario-de-mayo-obras-ganadoras\\\/#primaryimage\"},\"thumbnailUrl\":\"https:\\\/\\\/camaraenmano.org\\\/wp-content\\\/uploads\\\/2024\\\/06\\\/Nuria-del-Rio-Winne-3-Atardecer-Real.jpg\",\"articleSection\":[\"Actividades\"],\"inLanguage\":\"es\",\"potentialAction\":[{\"@type\":\"CommentAction\",\"name\":\"Comment\",\"target\":[\"https:\\\/\\\/camaraenmano.org\\\/index.php\\\/2024\\\/06\\\/12\\\/reto-extraordinario-de-mayo-obras-ganadoras\\\/#respond\"]}]},{\"@type\":\"WebPage\",\"@id\":\"https:\\\/\\\/camaraenmano.org\\\/index.php\\\/2024\\\/06\\\/12\\\/reto-extraordinario-de-mayo-obras-ganadoras\\\/\",\"url\":\"https:\\\/\\\/camaraenmano.org\\\/index.php\\\/2024\\\/06\\\/12\\\/reto-extraordinario-de-mayo-obras-ganadoras\\\/\",\"name\":\"Reto extraordinario de mayo: obras ganadoras - Asociaci\u00f3n fotogr\u00e1fica C\u00e1mara en mano Las Rozas\",\"isPartOf\":{\"@id\":\"https:\\\/\\\/camaraenmano.org\\\/#website\"},\"primaryImageOfPage\":{\"@id\":\"https:\\\/\\\/camaraenmano.org\\\/index.php\\\/2024\\\/06\\\/12\\\/reto-extraordinario-de-mayo-obras-ganadoras\\\/#primaryimage\"},\"image\":{\"@id\":\"https:\\\/\\\/camaraenmano.org\\\/index.php\\\/2024\\\/06\\\/12\\\/reto-extraordinario-de-mayo-obras-ganadoras\\\/#primaryimage\"},\"thumbnailUrl\":\"https:\\\/\\\/camaraenmano.org\\\/wp-content\\\/uploads\\\/2024\\\/06\\\/Nuria-del-Rio-Winne-3-Atardecer-Real.jpg\",\"datePublished\":\"2024-06-12T08:41:20+00:00\",\"dateModified\":\"2025-03-09T18:21:58+00:00\",\"breadcrumb\":{\"@id\":\"https:\\\/\\\/camaraenmano.org\\\/index.php\\\/2024\\\/06\\\/12\\\/reto-extraordinario-de-mayo-obras-ganadoras\\\/#breadcrumb\"},\"inLanguage\":\"es\",\"potentialAction\":[{\"@type\":\"ReadAction\",\"target\":[\"https:\\\/\\\/camaraenmano.org\\\/index.php\\\/2024\\\/06\\\/12\\\/reto-extraordinario-de-mayo-obras-ganadoras\\\/\"]}]},{\"@type\":\"ImageObject\",\"inLanguage\":\"es\",\"@id\":\"https:\\\/\\\/camaraenmano.org\\\/index.php\\\/2024\\\/06\\\/12\\\/reto-extraordinario-de-mayo-obras-ganadoras\\\/#primaryimage\",\"url\":\"https:\\\/\\\/camaraenmano.org\\\/wp-content\\\/uploads\\\/2024\\\/06\\\/Nuria-del-Rio-Winne-3-Atardecer-Real.jpg\",\"contentUrl\":\"https:\\\/\\\/camaraenmano.org\\\/wp-content\\\/uploads\\\/2024\\\/06\\\/Nuria-del-Rio-Winne-3-Atardecer-Real.jpg\",\"width\":1896,\"height\":1264},{\"@type\":\"BreadcrumbList\",\"@id\":\"https:\\\/\\\/camaraenmano.org\\\/index.php\\\/2024\\\/06\\\/12\\\/reto-extraordinario-de-mayo-obras-ganadoras\\\/#breadcrumb\",\"itemListElement\":[{\"@type\":\"ListItem\",\"position\":1,\"name\":\"Portada\",\"item\":\"https:\\\/\\\/camaraenmano.org\\\/\"},{\"@type\":\"ListItem\",\"position\":2,\"name\":\"Reto extraordinario de mayo: obras ganadoras\"}]},{\"@type\":\"WebSite\",\"@id\":\"https:\\\/\\\/camaraenmano.org\\\/#website\",\"url\":\"https:\\\/\\\/camaraenmano.org\\\/\",\"name\":\"Asociaci\u00f3n fotogr\u00e1fica C\u00e1mara en mano Las Rozas\",\"description\":\"\",\"publisher\":{\"@id\":\"https:\\\/\\\/camaraenmano.org\\\/#organization\"},\"potentialAction\":[{\"@type\":\"SearchAction\",\"target\":{\"@type\":\"EntryPoint\",\"urlTemplate\":\"https:\\\/\\\/camaraenmano.org\\\/?s={search_term_string}\"},\"query-input\":{\"@type\":\"PropertyValueSpecification\",\"valueRequired\":true,\"valueName\":\"search_term_string\"}}],\"inLanguage\":\"es\"},{\"@type\":\"Organization\",\"@id\":\"https:\\\/\\\/camaraenmano.org\\\/#organization\",\"name\":\"C\u00e1mara en mano\",\"url\":\"https:\\\/\\\/camaraenmano.org\\\/\",\"logo\":{\"@type\":\"ImageObject\",\"inLanguage\":\"es\",\"@id\":\"https:\\\/\\\/camaraenmano.org\\\/#\\\/schema\\\/logo\\\/image\\\/\",\"url\":\"https:\\\/\\\/camaraenmano.org\\\/wp-content\\\/uploads\\\/2023\\\/10\\\/cropped-Logo-Camara-en-Mano-2-1.png\",\"contentUrl\":\"https:\\\/\\\/camaraenmano.org\\\/wp-content\\\/uploads\\\/2023\\\/10\\\/cropped-Logo-Camara-en-Mano-2-1.png\",\"width\":3174,\"height\":2093,\"caption\":\"C\u00e1mara en mano\"},\"image\":{\"@id\":\"https:\\\/\\\/camaraenmano.org\\\/#\\\/schema\\\/logo\\\/image\\\/\"},\"sameAs\":[\"https:\\\/\\\/www.facebook.com\\\/AFCamaraenmano\\\/\",\"https:\\\/\\\/www.instagram.com\\\/afcamaraenmano\\\/\"]},{\"@type\":\"Person\",\"@id\":\"https:\\\/\\\/camaraenmano.org\\\/#\\\/schema\\\/person\\\/9ae05f95e2aa0144ea0768d6f65488be\",\"name\":\"Administrador\",\"image\":{\"@type\":\"ImageObject\",\"inLanguage\":\"es\",\"@id\":\"https:\\\/\\\/secure.gravatar.com\\\/avatar\\\/afbf021a33f39f3b1b0fcbf424cd00175e4543d4630d7a19e2a7c6defa5096c8?s=96&d=mm&r=g\",\"url\":\"https:\\\/\\\/secure.gravatar.com\\\/avatar\\\/afbf021a33f39f3b1b0fcbf424cd00175e4543d4630d7a19e2a7c6defa5096c8?s=96&d=mm&r=g\",\"contentUrl\":\"https:\\\/\\\/secure.gravatar.com\\\/avatar\\\/afbf021a33f39f3b1b0fcbf424cd00175e4543d4630d7a19e2a7c6defa5096c8?s=96&d=mm&r=g\",\"caption\":\"Administrador\"},\"sameAs\":[\"http:\\\/\\\/camaraenmano.org\"],\"url\":\"https:\\\/\\\/camaraenmano.org\\\/index.php\\\/author\\\/admin2786\\\/\"}]}<\/script>\n<!-- \/ Yoast SEO plugin. -->","yoast_head_json":{"title":"Reto extraordinario de mayo: obras ganadoras - Asociaci\u00f3n fotogr\u00e1fica C\u00e1mara en mano Las Rozas","robots":{"index":"index","follow":"follow","max-snippet":"max-snippet:-1","max-image-preview":"max-image-preview:large","max-video-preview":"max-video-preview:-1"},"canonical":"https:\/\/camaraenmano.org\/index.php\/2024\/06\/12\/reto-extraordinario-de-mayo-obras-ganadoras\/","og_locale":"es_ES","og_type":"article","og_title":"Reto extraordinario de mayo: obras ganadoras - Asociaci\u00f3n fotogr\u00e1fica C\u00e1mara en mano Las Rozas","og_description":"Despu\u00e9s de la reuni\u00f3n del jurado celebrada el lunes d\u00eda 10 de junio, ya tenemos el fallo del reto extraordinario. El jurado ha estado formado por Roc\u00edo Bueno Royo, fot\u00f3grafa, creadora visual y economista, Ana Mar\u00eda Morales Baena, creadora art\u00edstica y profesora de arte, y Mariano G\u00f3mez Isern, fot\u00f3grafo y miembro de la RSF.\u00a0 La [&hellip;]","og_url":"https:\/\/camaraenmano.org\/index.php\/2024\/06\/12\/reto-extraordinario-de-mayo-obras-ganadoras\/","og_site_name":"Asociaci\u00f3n fotogr\u00e1fica C\u00e1mara en mano Las Rozas","article_publisher":"https:\/\/www.facebook.com\/AFCamaraenmano\/","article_published_time":"2024-06-12T08:41:20+00:00","article_modified_time":"2025-03-09T18:21:58+00:00","og_image":[{"width":1896,"height":1264,"url":"https:\/\/camaraenmano.org\/wp-content\/uploads\/2024\/06\/Nuria-del-Rio-Winne-3-Atardecer-Real.jpg","type":"image\/jpeg"}],"author":"Administrador","twitter_card":"summary_large_image","twitter_misc":{"Escrito por":"Administrador","Tiempo de lectura":"11 minutos"},"schema":{"@context":"https:\/\/schema.org","@graph":[{"@type":"Article","@id":"https:\/\/camaraenmano.org\/index.php\/2024\/06\/12\/reto-extraordinario-de-mayo-obras-ganadoras\/#article","isPartOf":{"@id":"https:\/\/camaraenmano.org\/index.php\/2024\/06\/12\/reto-extraordinario-de-mayo-obras-ganadoras\/"},"author":{"name":"Administrador","@id":"https:\/\/camaraenmano.org\/#\/schema\/person\/9ae05f95e2aa0144ea0768d6f65488be"},"headline":"Reto extraordinario de mayo: obras ganadoras","datePublished":"2024-06-12T08:41:20+00:00","dateModified":"2025-03-09T18:21:58+00:00","mainEntityOfPage":{"@id":"https:\/\/camaraenmano.org\/index.php\/2024\/06\/12\/reto-extraordinario-de-mayo-obras-ganadoras\/"},"wordCount":189,"commentCount":0,"publisher":{"@id":"https:\/\/camaraenmano.org\/#organization"},"image":{"@id":"https:\/\/camaraenmano.org\/index.php\/2024\/06\/12\/reto-extraordinario-de-mayo-obras-ganadoras\/#primaryimage"},"thumbnailUrl":"https:\/\/camaraenmano.org\/wp-content\/uploads\/2024\/06\/Nuria-del-Rio-Winne-3-Atardecer-Real.jpg","articleSection":["Actividades"],"inLanguage":"es","potentialAction":[{"@type":"CommentAction","name":"Comment","target":["https:\/\/camaraenmano.org\/index.php\/2024\/06\/12\/reto-extraordinario-de-mayo-obras-ganadoras\/#respond"]}]},{"@type":"WebPage","@id":"https:\/\/camaraenmano.org\/index.php\/2024\/06\/12\/reto-extraordinario-de-mayo-obras-ganadoras\/","url":"https:\/\/camaraenmano.org\/index.php\/2024\/06\/12\/reto-extraordinario-de-mayo-obras-ganadoras\/","name":"Reto extraordinario de mayo: obras ganadoras - Asociaci\u00f3n fotogr\u00e1fica C\u00e1mara en mano Las Rozas","isPartOf":{"@id":"https:\/\/camaraenmano.org\/#website"},"primaryImageOfPage":{"@id":"https:\/\/camaraenmano.org\/index.php\/2024\/06\/12\/reto-extraordinario-de-mayo-obras-ganadoras\/#primaryimage"},"image":{"@id":"https:\/\/camaraenmano.org\/index.php\/2024\/06\/12\/reto-extraordinario-de-mayo-obras-ganadoras\/#primaryimage"},"thumbnailUrl":"https:\/\/camaraenmano.org\/wp-content\/uploads\/2024\/06\/Nuria-del-Rio-Winne-3-Atardecer-Real.jpg","datePublished":"2024-06-12T08:41:20+00:00","dateModified":"2025-03-09T18:21:58+00:00","breadcrumb":{"@id":"https:\/\/camaraenmano.org\/index.php\/2024\/06\/12\/reto-extraordinario-de-mayo-obras-ganadoras\/#breadcrumb"},"inLanguage":"es","potentialAction":[{"@type":"ReadAction","target":["https:\/\/camaraenmano.org\/index.php\/2024\/06\/12\/reto-extraordinario-de-mayo-obras-ganadoras\/"]}]},{"@type":"ImageObject","inLanguage":"es","@id":"https:\/\/camaraenmano.org\/index.php\/2024\/06\/12\/reto-extraordinario-de-mayo-obras-ganadoras\/#primaryimage","url":"https:\/\/camaraenmano.org\/wp-content\/uploads\/2024\/06\/Nuria-del-Rio-Winne-3-Atardecer-Real.jpg","contentUrl":"https:\/\/camaraenmano.org\/wp-content\/uploads\/2024\/06\/Nuria-del-Rio-Winne-3-Atardecer-Real.jpg","width":1896,"height":1264},{"@type":"BreadcrumbList","@id":"https:\/\/camaraenmano.org\/index.php\/2024\/06\/12\/reto-extraordinario-de-mayo-obras-ganadoras\/#breadcrumb","itemListElement":[{"@type":"ListItem","position":1,"name":"Portada","item":"https:\/\/camaraenmano.org\/"},{"@type":"ListItem","position":2,"name":"Reto extraordinario de mayo: obras ganadoras"}]},{"@type":"WebSite","@id":"https:\/\/camaraenmano.org\/#website","url":"https:\/\/camaraenmano.org\/","name":"Asociaci\u00f3n fotogr\u00e1fica C\u00e1mara en mano Las Rozas","description":"","publisher":{"@id":"https:\/\/camaraenmano.org\/#organization"},"potentialAction":[{"@type":"SearchAction","target":{"@type":"EntryPoint","urlTemplate":"https:\/\/camaraenmano.org\/?s={search_term_string}"},"query-input":{"@type":"PropertyValueSpecification","valueRequired":true,"valueName":"search_term_string"}}],"inLanguage":"es"},{"@type":"Organization","@id":"https:\/\/camaraenmano.org\/#organization","name":"C\u00e1mara en mano","url":"https:\/\/camaraenmano.org\/","logo":{"@type":"ImageObject","inLanguage":"es","@id":"https:\/\/camaraenmano.org\/#\/schema\/logo\/image\/","url":"https:\/\/camaraenmano.org\/wp-content\/uploads\/2023\/10\/cropped-Logo-Camara-en-Mano-2-1.png","contentUrl":"https:\/\/camaraenmano.org\/wp-content\/uploads\/2023\/10\/cropped-Logo-Camara-en-Mano-2-1.png","width":3174,"height":2093,"caption":"C\u00e1mara en mano"},"image":{"@id":"https:\/\/camaraenmano.org\/#\/schema\/logo\/image\/"},"sameAs":["https:\/\/www.facebook.com\/AFCamaraenmano\/","https:\/\/www.instagram.com\/afcamaraenmano\/"]},{"@type":"Person","@id":"https:\/\/camaraenmano.org\/#\/schema\/person\/9ae05f95e2aa0144ea0768d6f65488be","name":"Administrador","image":{"@type":"ImageObject","inLanguage":"es","@id":"https:\/\/secure.gravatar.com\/avatar\/afbf021a33f39f3b1b0fcbf424cd00175e4543d4630d7a19e2a7c6defa5096c8?s=96&d=mm&r=g","url":"https:\/\/secure.gravatar.com\/avatar\/afbf021a33f39f3b1b0fcbf424cd00175e4543d4630d7a19e2a7c6defa5096c8?s=96&d=mm&r=g","contentUrl":"https:\/\/secure.gravatar.com\/avatar\/afbf021a33f39f3b1b0fcbf424cd00175e4543d4630d7a19e2a7c6defa5096c8?s=96&d=mm&r=g","caption":"Administrador"},"sameAs":["http:\/\/camaraenmano.org"],"url":"https:\/\/camaraenmano.org\/index.php\/author\/admin2786\/"}]}},"_links":{"self":[{"href":"https:\/\/camaraenmano.org\/index.php\/wp-json\/wp\/v2\/posts\/4121","targetHints":{"allow":["GET"]}}],"collection":[{"href":"https:\/\/camaraenmano.org\/index.php\/wp-json\/wp\/v2\/posts"}],"about":[{"href":"https:\/\/camaraenmano.org\/index.php\/wp-json\/wp\/v2\/types\/post"}],"author":[{"embeddable":true,"href":"https:\/\/camaraenmano.org\/index.php\/wp-json\/wp\/v2\/users\/1"}],"replies":[{"embeddable":true,"href":"https:\/\/camaraenmano.org\/index.php\/wp-json\/wp\/v2\/comments?post=4121"}],"version-history":[{"count":6,"href":"https:\/\/camaraenmano.org\/index.php\/wp-json\/wp\/v2\/posts\/4121\/revisions"}],"predecessor-version":[{"id":5183,"href":"https:\/\/camaraenmano.org\/index.php\/wp-json\/wp\/v2\/posts\/4121\/revisions\/5183"}],"wp:featuredmedia":[{"embeddable":true,"href":"https:\/\/camaraenmano.org\/index.php\/wp-json\/wp\/v2\/media\/4122"}],"wp:attachment":[{"href":"https:\/\/camaraenmano.org\/index.php\/wp-json\/wp\/v2\/media?parent=4121"}],"wp:term":[{"taxonomy":"category","embeddable":true,"href":"https:\/\/camaraenmano.org\/index.php\/wp-json\/wp\/v2\/categories?post=4121"},{"taxonomy":"post_tag","embeddable":true,"href":"https:\/\/camaraenmano.org\/index.php\/wp-json\/wp\/v2\/tags?post=4121"}],"curies":[{"name":"wp","href":"https:\/\/api.w.org\/{rel}","templated":true}]}}