{"id":431,"date":"2021-12-16T13:17:43","date_gmt":"2021-12-16T12:17:43","guid":{"rendered":"https:\/\/camaraenmano.org\/?p=431"},"modified":"2022-01-07T20:19:21","modified_gmt":"2022-01-07T19:19:21","slug":"dolores-lara","status":"publish","type":"post","link":"https:\/\/camaraenmano.org\/index.php\/2021\/12\/16\/dolores-lara\/","title":{"rendered":"Dolores Lara"},"content":{"rendered":"<p style=\"text-align: justify;\">Sus or\u00edgenes en la fotograf\u00eda est\u00e1n relacionados con su actividad como pintora, que inicia en su infancia y mantiene a lo largo de su vida. Tambi\u00e9n vinculados a esos recuerdos infantiles en los que aparece su padre con su pionera C\u00e1mara R\u00c9GULA\u00a0 jugando un papel importante en la construcci\u00f3n de los recuerdos familiares.<\/p>\n<p><img loading=\"lazy\" decoding=\"async\" class=\"alignleft wp-image-433 size-medium\" src=\"https:\/\/camaraenmano.org\/wp-content\/uploads\/2021\/12\/DoloresLara-300x217.jpg\" alt=\"\" width=\"300\" height=\"217\" srcset=\"https:\/\/camaraenmano.org\/wp-content\/uploads\/2021\/12\/DoloresLara-300x217.jpg 300w, https:\/\/camaraenmano.org\/wp-content\/uploads\/2021\/12\/DoloresLara-1024x742.jpg 1024w, https:\/\/camaraenmano.org\/wp-content\/uploads\/2021\/12\/DoloresLara-768x557.jpg 768w, https:\/\/camaraenmano.org\/wp-content\/uploads\/2021\/12\/DoloresLara.jpg 1028w\" sizes=\"auto, (max-width: 300px) 100vw, 300px\" \/><\/p>\n<p style=\"text-align: justify;\">En los a\u00f1os 70 estudia Arte y Decoraci\u00f3n en la Escuela de Dise\u00f1o y Arquitectura, FAE (Fomento de las Artes y Est\u00e9tica) de Madrid y comienza a pintar m\u00e1s intensamente.<\/p>\n<p style=\"text-align: justify;\">A partir de 1990 expone en Galer\u00edas y Centros Culturales, entre otras ciudades,\u00a0 en Aranjuez, Ciudad Real, Cuenca, Zaragoza, Las Rozas, M\u00e1laga y Madrid;\u00a0 participa en Ferias y Concursos, compagin\u00e1ndolos con su trabajo en el Instituto de Estudios Fiscales del Ministerio de Hacienda y C.E.C.A.<\/p>\n<p style=\"text-align: justify;\">Participa en la creaci\u00f3n de la Asociaci\u00f3n de Artistas Pl\u00e1sticos <b>IrisArt<\/b> de Las Rozas y su actividad como fot\u00f3grafa no cesa, efectuando Cursos de Artes Pl\u00e1sticas y Artes Gr\u00e1ficas en la Escuela de Artes y Oficios del Ayuntamiento de Las Rozas, Cursos de Fotograf\u00eda, Dise\u00f1o y Edici\u00f3n en el Centro Cultural P\u00e9rez de la Riva, y en el Estudio de la Fot\u00f3grafa Mar\u00eda Montero que, de alguna manera une a los integrantes de esta Asociaci\u00f3n \u201cC\u00e1mara en mano\u201d.<\/p>\n<p style=\"text-align: justify;\">Cuenta con varios proyectos de fotograf\u00eda editados como Libros de Artista <b>\u201cEl Teatro de las Sombras\u201d<\/b>, dedicado al teatro tradicional japon\u00e9s y el mundo de las sombras,\u00a0 y <b>\u201cLos Cuatro Elementos de la Naturaleza\u201d<\/b>, historia personal de emociones, sentimientos y sensaciones vividas en este tiempo de pandemia a\u00fan latente.<\/p>\n<p style=\"text-align: justify;\"><span style=\"text-align: justify;\">Contin\u00faa trabajando en varios proyectos de \u201cFotograf\u00eda de Calle\u201d, \u201cLa Lluvia\u201d, \u201cRincones olvidados\u201d, en t\u00e9cnicas de composici\u00f3n WABI SABI y GESTALT y en sus fotograf\u00edas de viajes a Nueva York, Boston, M\u00e9xico, de naturaleza en Canaima (Venezuela), Colombia y bastantes lugares m\u00e1s cercanos en Europa.<\/span><\/p>\n<p style=\"text-align: justify;\">Puedes acceder \u00a0a la galer\u00eda de esta autora en <a href=\"https:\/\/camaraenmano.org\/index.php\/category\/dolores-lara\/\">este enlace<\/a>.<\/p>\n<p>&nbsp;<\/p>\n<p>Contacto: <a href=\"mailto:dolores.larat@gmail.com\">dolores.larat@gmail.com<\/a><\/p>\n<p>&nbsp;<\/p>\n","protected":false},"excerpt":{"rendered":"<p>Sus or\u00edgenes en la fotograf\u00eda est\u00e1n relacionados con su actividad como pintora, que inicia en su infancia y mantiene a lo largo de su vida. Tambi\u00e9n vinculados a esos recuerdos infantiles en los que aparece su padre con su pionera C\u00e1mara R\u00c9GULA\u00a0 jugando un papel importante en la construcci\u00f3n de los recuerdos familiares. En los [&hellip;]<\/p>\n","protected":false},"author":1,"featured_media":0,"comment_status":"open","ping_status":"open","sticky":false,"template":"","format":"standard","meta":{"footnotes":""},"categories":[3],"tags":[],"class_list":{"0":"post-431","1":"post","2":"type-post","3":"status-publish","4":"format-standard","6":"category-fotografs","7":"czr-hentry"},"yoast_head":"<!-- This site is optimized with the Yoast SEO plugin v27.5 - https:\/\/yoast.com\/product\/yoast-seo-wordpress\/ -->\n<title>Dolores Lara - Asociaci\u00f3n fotogr\u00e1fica C\u00e1mara en mano Las Rozas<\/title>\n<meta name=\"robots\" content=\"index, follow, max-snippet:-1, max-image-preview:large, max-video-preview:-1\" \/>\n<link rel=\"canonical\" href=\"https:\/\/camaraenmano.org\/index.php\/2021\/12\/16\/dolores-lara\/\" \/>\n<meta property=\"og:locale\" content=\"es_ES\" \/>\n<meta property=\"og:type\" content=\"article\" \/>\n<meta property=\"og:title\" content=\"Dolores Lara - Asociaci\u00f3n fotogr\u00e1fica C\u00e1mara en mano Las Rozas\" \/>\n<meta property=\"og:description\" content=\"Sus or\u00edgenes en la fotograf\u00eda est\u00e1n relacionados con su actividad como pintora, que inicia en su infancia y mantiene a lo largo de su vida. Tambi\u00e9n vinculados a esos recuerdos infantiles en los que aparece su padre con su pionera C\u00e1mara R\u00c9GULA\u00a0 jugando un papel importante en la construcci\u00f3n de los recuerdos familiares. En los [&hellip;]\" \/>\n<meta property=\"og:url\" content=\"https:\/\/camaraenmano.org\/index.php\/2021\/12\/16\/dolores-lara\/\" \/>\n<meta property=\"og:site_name\" content=\"Asociaci\u00f3n fotogr\u00e1fica C\u00e1mara en mano Las Rozas\" \/>\n<meta property=\"article:publisher\" content=\"https:\/\/www.facebook.com\/AFCamaraenmano\/\" \/>\n<meta property=\"article:published_time\" content=\"2021-12-16T12:17:43+00:00\" \/>\n<meta property=\"article:modified_time\" content=\"2022-01-07T19:19:21+00:00\" \/>\n<meta property=\"og:image\" content=\"https:\/\/camaraenmano.org\/wp-content\/uploads\/2021\/12\/DoloresLara-300x217.jpg\" \/>\n<meta name=\"author\" content=\"Administrador\" \/>\n<meta name=\"twitter:card\" content=\"summary_large_image\" \/>\n<meta name=\"twitter:label1\" content=\"Escrito por\" \/>\n\t<meta name=\"twitter:data1\" content=\"Administrador\" \/>\n\t<meta name=\"twitter:label2\" content=\"Tiempo de lectura\" \/>\n\t<meta name=\"twitter:data2\" content=\"2 minutos\" \/>\n<script type=\"application\/ld+json\" class=\"yoast-schema-graph\">{\"@context\":\"https:\\\/\\\/schema.org\",\"@graph\":[{\"@type\":\"Article\",\"@id\":\"https:\\\/\\\/camaraenmano.org\\\/index.php\\\/2021\\\/12\\\/16\\\/dolores-lara\\\/#article\",\"isPartOf\":{\"@id\":\"https:\\\/\\\/camaraenmano.org\\\/index.php\\\/2021\\\/12\\\/16\\\/dolores-lara\\\/\"},\"author\":{\"name\":\"Administrador\",\"@id\":\"https:\\\/\\\/camaraenmano.org\\\/#\\\/schema\\\/person\\\/9ae05f95e2aa0144ea0768d6f65488be\"},\"headline\":\"Dolores Lara\",\"datePublished\":\"2021-12-16T12:17:43+00:00\",\"dateModified\":\"2022-01-07T19:19:21+00:00\",\"mainEntityOfPage\":{\"@id\":\"https:\\\/\\\/camaraenmano.org\\\/index.php\\\/2021\\\/12\\\/16\\\/dolores-lara\\\/\"},\"wordCount\":361,\"commentCount\":0,\"publisher\":{\"@id\":\"https:\\\/\\\/camaraenmano.org\\\/#organization\"},\"image\":{\"@id\":\"https:\\\/\\\/camaraenmano.org\\\/index.php\\\/2021\\\/12\\\/16\\\/dolores-lara\\\/#primaryimage\"},\"thumbnailUrl\":\"https:\\\/\\\/camaraenmano.org\\\/wp-content\\\/uploads\\\/2021\\\/12\\\/DoloresLara-300x217.jpg\",\"articleSection\":[\"Fotograf@s\"],\"inLanguage\":\"es\",\"potentialAction\":[{\"@type\":\"CommentAction\",\"name\":\"Comment\",\"target\":[\"https:\\\/\\\/camaraenmano.org\\\/index.php\\\/2021\\\/12\\\/16\\\/dolores-lara\\\/#respond\"]}]},{\"@type\":\"WebPage\",\"@id\":\"https:\\\/\\\/camaraenmano.org\\\/index.php\\\/2021\\\/12\\\/16\\\/dolores-lara\\\/\",\"url\":\"https:\\\/\\\/camaraenmano.org\\\/index.php\\\/2021\\\/12\\\/16\\\/dolores-lara\\\/\",\"name\":\"Dolores Lara - Asociaci\u00f3n fotogr\u00e1fica C\u00e1mara en mano Las Rozas\",\"isPartOf\":{\"@id\":\"https:\\\/\\\/camaraenmano.org\\\/#website\"},\"primaryImageOfPage\":{\"@id\":\"https:\\\/\\\/camaraenmano.org\\\/index.php\\\/2021\\\/12\\\/16\\\/dolores-lara\\\/#primaryimage\"},\"image\":{\"@id\":\"https:\\\/\\\/camaraenmano.org\\\/index.php\\\/2021\\\/12\\\/16\\\/dolores-lara\\\/#primaryimage\"},\"thumbnailUrl\":\"https:\\\/\\\/camaraenmano.org\\\/wp-content\\\/uploads\\\/2021\\\/12\\\/DoloresLara-300x217.jpg\",\"datePublished\":\"2021-12-16T12:17:43+00:00\",\"dateModified\":\"2022-01-07T19:19:21+00:00\",\"breadcrumb\":{\"@id\":\"https:\\\/\\\/camaraenmano.org\\\/index.php\\\/2021\\\/12\\\/16\\\/dolores-lara\\\/#breadcrumb\"},\"inLanguage\":\"es\",\"potentialAction\":[{\"@type\":\"ReadAction\",\"target\":[\"https:\\\/\\\/camaraenmano.org\\\/index.php\\\/2021\\\/12\\\/16\\\/dolores-lara\\\/\"]}]},{\"@type\":\"ImageObject\",\"inLanguage\":\"es\",\"@id\":\"https:\\\/\\\/camaraenmano.org\\\/index.php\\\/2021\\\/12\\\/16\\\/dolores-lara\\\/#primaryimage\",\"url\":\"https:\\\/\\\/camaraenmano.org\\\/wp-content\\\/uploads\\\/2021\\\/12\\\/DoloresLara.jpg\",\"contentUrl\":\"https:\\\/\\\/camaraenmano.org\\\/wp-content\\\/uploads\\\/2021\\\/12\\\/DoloresLara.jpg\",\"width\":1028,\"height\":745},{\"@type\":\"BreadcrumbList\",\"@id\":\"https:\\\/\\\/camaraenmano.org\\\/index.php\\\/2021\\\/12\\\/16\\\/dolores-lara\\\/#breadcrumb\",\"itemListElement\":[{\"@type\":\"ListItem\",\"position\":1,\"name\":\"Portada\",\"item\":\"https:\\\/\\\/camaraenmano.org\\\/\"},{\"@type\":\"ListItem\",\"position\":2,\"name\":\"Dolores Lara\"}]},{\"@type\":\"WebSite\",\"@id\":\"https:\\\/\\\/camaraenmano.org\\\/#website\",\"url\":\"https:\\\/\\\/camaraenmano.org\\\/\",\"name\":\"Asociaci\u00f3n fotogr\u00e1fica C\u00e1mara en mano Las Rozas\",\"description\":\"\",\"publisher\":{\"@id\":\"https:\\\/\\\/camaraenmano.org\\\/#organization\"},\"potentialAction\":[{\"@type\":\"SearchAction\",\"target\":{\"@type\":\"EntryPoint\",\"urlTemplate\":\"https:\\\/\\\/camaraenmano.org\\\/?s={search_term_string}\"},\"query-input\":{\"@type\":\"PropertyValueSpecification\",\"valueRequired\":true,\"valueName\":\"search_term_string\"}}],\"inLanguage\":\"es\"},{\"@type\":\"Organization\",\"@id\":\"https:\\\/\\\/camaraenmano.org\\\/#organization\",\"name\":\"C\u00e1mara en mano\",\"url\":\"https:\\\/\\\/camaraenmano.org\\\/\",\"logo\":{\"@type\":\"ImageObject\",\"inLanguage\":\"es\",\"@id\":\"https:\\\/\\\/camaraenmano.org\\\/#\\\/schema\\\/logo\\\/image\\\/\",\"url\":\"https:\\\/\\\/camaraenmano.org\\\/wp-content\\\/uploads\\\/2023\\\/10\\\/cropped-Logo-Camara-en-Mano-2-1.png\",\"contentUrl\":\"https:\\\/\\\/camaraenmano.org\\\/wp-content\\\/uploads\\\/2023\\\/10\\\/cropped-Logo-Camara-en-Mano-2-1.png\",\"width\":3174,\"height\":2093,\"caption\":\"C\u00e1mara en mano\"},\"image\":{\"@id\":\"https:\\\/\\\/camaraenmano.org\\\/#\\\/schema\\\/logo\\\/image\\\/\"},\"sameAs\":[\"https:\\\/\\\/www.facebook.com\\\/AFCamaraenmano\\\/\",\"https:\\\/\\\/www.instagram.com\\\/afcamaraenmano\\\/\"]},{\"@type\":\"Person\",\"@id\":\"https:\\\/\\\/camaraenmano.org\\\/#\\\/schema\\\/person\\\/9ae05f95e2aa0144ea0768d6f65488be\",\"name\":\"Administrador\",\"image\":{\"@type\":\"ImageObject\",\"inLanguage\":\"es\",\"@id\":\"https:\\\/\\\/secure.gravatar.com\\\/avatar\\\/afbf021a33f39f3b1b0fcbf424cd00175e4543d4630d7a19e2a7c6defa5096c8?s=96&d=mm&r=g\",\"url\":\"https:\\\/\\\/secure.gravatar.com\\\/avatar\\\/afbf021a33f39f3b1b0fcbf424cd00175e4543d4630d7a19e2a7c6defa5096c8?s=96&d=mm&r=g\",\"contentUrl\":\"https:\\\/\\\/secure.gravatar.com\\\/avatar\\\/afbf021a33f39f3b1b0fcbf424cd00175e4543d4630d7a19e2a7c6defa5096c8?s=96&d=mm&r=g\",\"caption\":\"Administrador\"},\"sameAs\":[\"http:\\\/\\\/camaraenmano.org\"],\"url\":\"https:\\\/\\\/camaraenmano.org\\\/index.php\\\/author\\\/admin2786\\\/\"}]}<\/script>\n<!-- \/ Yoast SEO plugin. -->","yoast_head_json":{"title":"Dolores Lara - Asociaci\u00f3n fotogr\u00e1fica C\u00e1mara en mano Las Rozas","robots":{"index":"index","follow":"follow","max-snippet":"max-snippet:-1","max-image-preview":"max-image-preview:large","max-video-preview":"max-video-preview:-1"},"canonical":"https:\/\/camaraenmano.org\/index.php\/2021\/12\/16\/dolores-lara\/","og_locale":"es_ES","og_type":"article","og_title":"Dolores Lara - Asociaci\u00f3n fotogr\u00e1fica C\u00e1mara en mano Las Rozas","og_description":"Sus or\u00edgenes en la fotograf\u00eda est\u00e1n relacionados con su actividad como pintora, que inicia en su infancia y mantiene a lo largo de su vida. Tambi\u00e9n vinculados a esos recuerdos infantiles en los que aparece su padre con su pionera C\u00e1mara R\u00c9GULA\u00a0 jugando un papel importante en la construcci\u00f3n de los recuerdos familiares. En los [&hellip;]","og_url":"https:\/\/camaraenmano.org\/index.php\/2021\/12\/16\/dolores-lara\/","og_site_name":"Asociaci\u00f3n fotogr\u00e1fica C\u00e1mara en mano Las Rozas","article_publisher":"https:\/\/www.facebook.com\/AFCamaraenmano\/","article_published_time":"2021-12-16T12:17:43+00:00","article_modified_time":"2022-01-07T19:19:21+00:00","og_image":[{"url":"https:\/\/camaraenmano.org\/wp-content\/uploads\/2021\/12\/DoloresLara-300x217.jpg","type":"","width":"","height":""}],"author":"Administrador","twitter_card":"summary_large_image","twitter_misc":{"Escrito por":"Administrador","Tiempo de lectura":"2 minutos"},"schema":{"@context":"https:\/\/schema.org","@graph":[{"@type":"Article","@id":"https:\/\/camaraenmano.org\/index.php\/2021\/12\/16\/dolores-lara\/#article","isPartOf":{"@id":"https:\/\/camaraenmano.org\/index.php\/2021\/12\/16\/dolores-lara\/"},"author":{"name":"Administrador","@id":"https:\/\/camaraenmano.org\/#\/schema\/person\/9ae05f95e2aa0144ea0768d6f65488be"},"headline":"Dolores Lara","datePublished":"2021-12-16T12:17:43+00:00","dateModified":"2022-01-07T19:19:21+00:00","mainEntityOfPage":{"@id":"https:\/\/camaraenmano.org\/index.php\/2021\/12\/16\/dolores-lara\/"},"wordCount":361,"commentCount":0,"publisher":{"@id":"https:\/\/camaraenmano.org\/#organization"},"image":{"@id":"https:\/\/camaraenmano.org\/index.php\/2021\/12\/16\/dolores-lara\/#primaryimage"},"thumbnailUrl":"https:\/\/camaraenmano.org\/wp-content\/uploads\/2021\/12\/DoloresLara-300x217.jpg","articleSection":["Fotograf@s"],"inLanguage":"es","potentialAction":[{"@type":"CommentAction","name":"Comment","target":["https:\/\/camaraenmano.org\/index.php\/2021\/12\/16\/dolores-lara\/#respond"]}]},{"@type":"WebPage","@id":"https:\/\/camaraenmano.org\/index.php\/2021\/12\/16\/dolores-lara\/","url":"https:\/\/camaraenmano.org\/index.php\/2021\/12\/16\/dolores-lara\/","name":"Dolores Lara - Asociaci\u00f3n fotogr\u00e1fica C\u00e1mara en mano Las Rozas","isPartOf":{"@id":"https:\/\/camaraenmano.org\/#website"},"primaryImageOfPage":{"@id":"https:\/\/camaraenmano.org\/index.php\/2021\/12\/16\/dolores-lara\/#primaryimage"},"image":{"@id":"https:\/\/camaraenmano.org\/index.php\/2021\/12\/16\/dolores-lara\/#primaryimage"},"thumbnailUrl":"https:\/\/camaraenmano.org\/wp-content\/uploads\/2021\/12\/DoloresLara-300x217.jpg","datePublished":"2021-12-16T12:17:43+00:00","dateModified":"2022-01-07T19:19:21+00:00","breadcrumb":{"@id":"https:\/\/camaraenmano.org\/index.php\/2021\/12\/16\/dolores-lara\/#breadcrumb"},"inLanguage":"es","potentialAction":[{"@type":"ReadAction","target":["https:\/\/camaraenmano.org\/index.php\/2021\/12\/16\/dolores-lara\/"]}]},{"@type":"ImageObject","inLanguage":"es","@id":"https:\/\/camaraenmano.org\/index.php\/2021\/12\/16\/dolores-lara\/#primaryimage","url":"https:\/\/camaraenmano.org\/wp-content\/uploads\/2021\/12\/DoloresLara.jpg","contentUrl":"https:\/\/camaraenmano.org\/wp-content\/uploads\/2021\/12\/DoloresLara.jpg","width":1028,"height":745},{"@type":"BreadcrumbList","@id":"https:\/\/camaraenmano.org\/index.php\/2021\/12\/16\/dolores-lara\/#breadcrumb","itemListElement":[{"@type":"ListItem","position":1,"name":"Portada","item":"https:\/\/camaraenmano.org\/"},{"@type":"ListItem","position":2,"name":"Dolores Lara"}]},{"@type":"WebSite","@id":"https:\/\/camaraenmano.org\/#website","url":"https:\/\/camaraenmano.org\/","name":"Asociaci\u00f3n fotogr\u00e1fica C\u00e1mara en mano Las Rozas","description":"","publisher":{"@id":"https:\/\/camaraenmano.org\/#organization"},"potentialAction":[{"@type":"SearchAction","target":{"@type":"EntryPoint","urlTemplate":"https:\/\/camaraenmano.org\/?s={search_term_string}"},"query-input":{"@type":"PropertyValueSpecification","valueRequired":true,"valueName":"search_term_string"}}],"inLanguage":"es"},{"@type":"Organization","@id":"https:\/\/camaraenmano.org\/#organization","name":"C\u00e1mara en mano","url":"https:\/\/camaraenmano.org\/","logo":{"@type":"ImageObject","inLanguage":"es","@id":"https:\/\/camaraenmano.org\/#\/schema\/logo\/image\/","url":"https:\/\/camaraenmano.org\/wp-content\/uploads\/2023\/10\/cropped-Logo-Camara-en-Mano-2-1.png","contentUrl":"https:\/\/camaraenmano.org\/wp-content\/uploads\/2023\/10\/cropped-Logo-Camara-en-Mano-2-1.png","width":3174,"height":2093,"caption":"C\u00e1mara en mano"},"image":{"@id":"https:\/\/camaraenmano.org\/#\/schema\/logo\/image\/"},"sameAs":["https:\/\/www.facebook.com\/AFCamaraenmano\/","https:\/\/www.instagram.com\/afcamaraenmano\/"]},{"@type":"Person","@id":"https:\/\/camaraenmano.org\/#\/schema\/person\/9ae05f95e2aa0144ea0768d6f65488be","name":"Administrador","image":{"@type":"ImageObject","inLanguage":"es","@id":"https:\/\/secure.gravatar.com\/avatar\/afbf021a33f39f3b1b0fcbf424cd00175e4543d4630d7a19e2a7c6defa5096c8?s=96&d=mm&r=g","url":"https:\/\/secure.gravatar.com\/avatar\/afbf021a33f39f3b1b0fcbf424cd00175e4543d4630d7a19e2a7c6defa5096c8?s=96&d=mm&r=g","contentUrl":"https:\/\/secure.gravatar.com\/avatar\/afbf021a33f39f3b1b0fcbf424cd00175e4543d4630d7a19e2a7c6defa5096c8?s=96&d=mm&r=g","caption":"Administrador"},"sameAs":["http:\/\/camaraenmano.org"],"url":"https:\/\/camaraenmano.org\/index.php\/author\/admin2786\/"}]}},"_links":{"self":[{"href":"https:\/\/camaraenmano.org\/index.php\/wp-json\/wp\/v2\/posts\/431","targetHints":{"allow":["GET"]}}],"collection":[{"href":"https:\/\/camaraenmano.org\/index.php\/wp-json\/wp\/v2\/posts"}],"about":[{"href":"https:\/\/camaraenmano.org\/index.php\/wp-json\/wp\/v2\/types\/post"}],"author":[{"embeddable":true,"href":"https:\/\/camaraenmano.org\/index.php\/wp-json\/wp\/v2\/users\/1"}],"replies":[{"embeddable":true,"href":"https:\/\/camaraenmano.org\/index.php\/wp-json\/wp\/v2\/comments?post=431"}],"version-history":[{"count":11,"href":"https:\/\/camaraenmano.org\/index.php\/wp-json\/wp\/v2\/posts\/431\/revisions"}],"predecessor-version":[{"id":614,"href":"https:\/\/camaraenmano.org\/index.php\/wp-json\/wp\/v2\/posts\/431\/revisions\/614"}],"wp:attachment":[{"href":"https:\/\/camaraenmano.org\/index.php\/wp-json\/wp\/v2\/media?parent=431"}],"wp:term":[{"taxonomy":"category","embeddable":true,"href":"https:\/\/camaraenmano.org\/index.php\/wp-json\/wp\/v2\/categories?post=431"},{"taxonomy":"post_tag","embeddable":true,"href":"https:\/\/camaraenmano.org\/index.php\/wp-json\/wp\/v2\/tags?post=431"}],"curies":[{"name":"wp","href":"https:\/\/api.w.org\/{rel}","templated":true}]}}