{"id":5864,"date":"2025-10-27T16:58:09","date_gmt":"2025-10-27T15:58:09","guid":{"rendered":"https:\/\/camaraenmano.org\/?p=5864"},"modified":"2025-11-02T22:35:09","modified_gmt":"2025-11-02T21:35:09","slug":"taller-de-street-photography-con-javier-arcenillas","status":"publish","type":"post","link":"https:\/\/camaraenmano.org\/index.php\/2025\/10\/27\/taller-de-street-photography-con-javier-arcenillas\/","title":{"rendered":"Taller de Street Photography con Javier Arcenillas"},"content":{"rendered":"<p data-start=\"56\" data-end=\"349\">La asociaci\u00f3n <em data-start=\"70\" data-end=\"86\">C\u00e1mara en mano<\/em> organiza un nuevo <strong data-start=\"105\" data-end=\"137\">taller de Street Photography<\/strong> impartido por el reconocido fot\u00f3grafo documental <strong data-start=\"187\" data-end=\"208\">Javier Arcenillas<\/strong>. Una oportunidad \u00fanica para adentrarse en la fotograf\u00eda urbana de la mano de uno de los grandes referentes del fotoperiodismo contempor\u00e1neo.<\/p>\n<figure id=\"attachment_5984\" aria-describedby=\"caption-attachment-5984\" style=\"width: 388px\" class=\"wp-caption alignright\"><img loading=\"lazy\" decoding=\"async\" class=\"wp-image-5984\" src=\"https:\/\/camaraenmano.org\/wp-content\/uploads\/2025\/11\/FOTOS-LAS-ROZAS_06-1024x1024.jpg\" alt=\"\" width=\"388\" height=\"388\" \/><figcaption id=\"caption-attachment-5984\" class=\"wp-caption-text\">Foto: Javier Arcenillas<\/figcaption><\/figure>\n<p data-start=\"351\" data-end=\"426\">El taller se desarrollar\u00e1 en <strong data-start=\"380\" data-end=\"397\">tres sesiones<\/strong> durante el mes de noviembre:<\/p>\n<ul data-start=\"428\" data-end=\"1085\">\n<li data-start=\"428\" data-end=\"672\">\n<p data-start=\"430\" data-end=\"672\"><strong data-start=\"430\" data-end=\"460\">Jueves 20 de noviembre:<\/strong> sesi\u00f3n <strong data-start=\"468\" data-end=\"479\">te\u00f3rica<\/strong>, donde Javier Arcenillas abordar\u00e1 los fundamentos de la fotograf\u00eda callejera, la importancia de la mirada personal, la narrativa visual y las claves \u00e9ticas del trabajo en el espacio p\u00fablico.<\/p>\n<\/li>\n<li data-start=\"673\" data-end=\"883\">\n<p data-start=\"675\" data-end=\"883\"><strong data-start=\"675\" data-end=\"703\">S\u00e1bado 22 de noviembre:<\/strong> jornada <strong data-start=\"712\" data-end=\"736\">pr\u00e1ctica en la calle<\/strong>, en la que los participantes podr\u00e1n poner en pr\u00e1ctica los conceptos aprendidos, explorando la ciudad y su ritmo cotidiano con la c\u00e1mara en mano.<\/p>\n<\/li>\n<li data-start=\"884\" data-end=\"1085\">\n<p data-start=\"886\" data-end=\"1085\"><strong data-start=\"886\" data-end=\"916\">Jueves 27 de noviembre:<\/strong> sesi\u00f3n de <strong data-start=\"927\" data-end=\"963\">visionado y an\u00e1lisis de im\u00e1genes<\/strong>, donde se revisar\u00e1n las fotograf\u00edas tomadas durante la pr\u00e1ctica, comentando aspectos t\u00e9cnicos, compositivos y narrativos.<\/p>\n<\/li>\n<\/ul>\n<p data-start=\"1087\" data-end=\"1273\">Como cierre del taller, se publicar\u00e1 un <strong>revista\/fotolibro colectivo<\/strong> con una selecci\u00f3n de las im\u00e1genes realizadas por los participantes, reflejo de las m\u00faltiples miradas sobre la vida urbana.<\/p>\n<p data-start=\"1275\" data-end=\"1441\" data-is-last-node=\"\" data-is-only-node=\"\">Una cita imprescindible para quienes deseen profundizar en el lenguaje de la fotograf\u00eda callejera y descubrir nuevas formas de contar la ciudad a trav\u00e9s de la c\u00e1mara.<\/p>\n<p data-start=\"1275\" data-end=\"1441\" data-is-last-node=\"\" data-is-only-node=\"\">Si quieres participar, ponte en contacto con <a href=\"https:\/\/camaraenmano.org\/index.php\/contacta\/\">nosotros<\/a>.<\/p>\n<p>&nbsp;<\/p>\n<p><strong>INFORMACION SOBRE EL TALLER<\/strong><\/p>\n<p><img loading=\"lazy\" decoding=\"async\" class=\"wp-image-5983 alignleft\" src=\"https:\/\/camaraenmano.org\/wp-content\/uploads\/2025\/11\/001.jpg\" alt=\"\" width=\"213\" height=\"213\" srcset=\"https:\/\/camaraenmano.org\/wp-content\/uploads\/2025\/11\/001.jpg 531w, https:\/\/camaraenmano.org\/wp-content\/uploads\/2025\/11\/001-300x300.jpg 300w, https:\/\/camaraenmano.org\/wp-content\/uploads\/2025\/11\/001-150x150.jpg 150w, https:\/\/camaraenmano.org\/wp-content\/uploads\/2025\/11\/001-510x510.jpg 510w\" sizes=\"auto, (max-width: 213px) 100vw, 213px\" \/>PROFESOR<br \/>\nJavier Arcenillas (fotoperiodista, docente en PIC.A y galardonado en World Press Photo 2018)<\/p>\n<p><a href=\"http:\/\/www.javierarcenillas.com\">www.javierarcenillas.com<\/a><br \/>\nInstagram: <a href=\"https:\/\/www.instagram.com\/javierarcenillas?igsh=b3p4eW8ybWY3azE3\">@javierarcenillas<\/a><\/p>\n<p>&nbsp;<\/p>\n<p>INTRODUCCI\u00d3N:<br \/>\n\u00bfTe gusta el street photo?<br \/>\n\u00bfQuieres aprender c\u00f3mo sacar el m\u00e1ximo partido de un entorno urbano para tu fotograf\u00eda de calle?<br \/>\n\u00bfViajas y necesitas sacar lo mejor de tus experiencias para tener un mejor recuerdo?<\/p>\n<p>El principal objetivo del Taller de StreetPhoto es que l@s participantes adquieran las habilidades t\u00e9cnicas, compositivas y narrativas que le permitan aprovechar al m\u00e1ximo la fotograf\u00eda realizada en calle, aplicable tanto para la fotograf\u00eda de viaje como para el reportaje de autor y que al final del taller que tengan una buena serie fotogr\u00e1fica.<\/p>\n<p>Para ello el profesor analizar\u00e1 su mirada, explicar\u00e1 su m\u00e9todo de trabajo y compartir\u00e1 con los alumnos los trucos que le acompa\u00f1an en su fotograf\u00eda urbana.<\/p>\n<p>TEMARIO Y CONCEPTOS GENERALES:<br \/>\n&#8211; Introducci\u00f3n a la fotograf\u00eda de calle<br \/>\n&#8211; Autores y referencias actuales de la escuela americana, espa\u00f1ola y Provoke<br \/>\n&#8211; Narrativa y percepci\u00f3n visual<br \/>\n&#8211; An\u00e1lisis de la obra fotogr\u00e1fica de Javier Arcenillas l\u00edneas principales de su trabajo<br \/>\n&#8211; \u00bfQu\u00e9 hacer y fotografiar en una ciudad? Principales esquemas y recursos estil\u00edsticos<br \/>\n&#8211; Edici\u00f3n y Selecci\u00f3n de las im\u00e1genes de la salida<\/p>\n<p>COMPETENCIAS PROPIAS DEL CURSO:<br \/>\n&#8211; Aumentar vuestro control t\u00e9cnico y confianza en el manejo del equipo fotogr\u00e1fico<br \/>\n&#8211; Aprovechar los elementos de la ciudad para crear im\u00e1genes atractivas<br \/>\n&#8211; Combinar personas y elementos arquitect\u00f3nicos en tus im\u00e1genes<br \/>\n&#8211; Leer la luz y exprimir al m\u00e1ximo sus posibilidades.<br \/>\n&#8211; Crear im\u00e1genes visualmente interesantes, m\u00e1s all\u00e1 de su contenido.<br \/>\n&#8211; Saber seleccionar adecuadamente las im\u00e1genes m\u00e1s interesantes.<br \/>\n&#8211; Edici\u00f3n<\/p>\n<p>SALIDA FOTOGR\u00c1FICA:<br \/>\nSalida fotogr\u00e1fica en el centro de Madrid (se optar\u00e1 por Callao, Sol, Pza Espa\u00f1a\u2026)<\/p>\n<p>REVISTA\/CAT\u00c1LOGO FOTOGR\u00c1FICO:<br \/>\nSe realizar\u00e1 una revista fotogr\u00e1fica con las mejores im\u00e1genes de los participantes del taller.<\/p>\n<p>Algunas fotos de Javier Arcenillas<\/p>\n<p>&nbsp;<\/p>\n<p>&nbsp;<\/p>\n","protected":false},"excerpt":{"rendered":"<p>La asociaci\u00f3n C\u00e1mara en mano organiza un nuevo taller de Street Photography impartido por el reconocido fot\u00f3grafo documental Javier Arcenillas. Una oportunidad \u00fanica para adentrarse en la fotograf\u00eda urbana de la mano de uno de los grandes referentes del fotoperiodismo contempor\u00e1neo. El taller se desarrollar\u00e1 en tres sesiones durante el mes de noviembre: Jueves 20 [&hellip;]<\/p>\n","protected":false},"author":1,"featured_media":0,"comment_status":"open","ping_status":"open","sticky":false,"template":"","format":"standard","meta":{"footnotes":""},"categories":[5],"tags":[],"class_list":{"0":"post-5864","1":"post","2":"type-post","3":"status-publish","4":"format-standard","6":"category-actividades","7":"czr-hentry"},"yoast_head":"<!-- This site is optimized with the Yoast SEO plugin v27.5 - https:\/\/yoast.com\/product\/yoast-seo-wordpress\/ -->\n<title>Taller de Street Photography con Javier Arcenillas - Asociaci\u00f3n fotogr\u00e1fica C\u00e1mara en mano Las Rozas<\/title>\n<meta name=\"robots\" content=\"index, follow, max-snippet:-1, max-image-preview:large, max-video-preview:-1\" \/>\n<link rel=\"canonical\" href=\"https:\/\/camaraenmano.org\/index.php\/2025\/10\/27\/taller-de-street-photography-con-javier-arcenillas\/\" \/>\n<meta property=\"og:locale\" content=\"es_ES\" \/>\n<meta property=\"og:type\" content=\"article\" \/>\n<meta property=\"og:title\" content=\"Taller de Street Photography con Javier Arcenillas - Asociaci\u00f3n fotogr\u00e1fica C\u00e1mara en mano Las Rozas\" \/>\n<meta property=\"og:description\" content=\"La asociaci\u00f3n C\u00e1mara en mano organiza un nuevo taller de Street Photography impartido por el reconocido fot\u00f3grafo documental Javier Arcenillas. Una oportunidad \u00fanica para adentrarse en la fotograf\u00eda urbana de la mano de uno de los grandes referentes del fotoperiodismo contempor\u00e1neo. El taller se desarrollar\u00e1 en tres sesiones durante el mes de noviembre: Jueves 20 [&hellip;]\" \/>\n<meta property=\"og:url\" content=\"https:\/\/camaraenmano.org\/index.php\/2025\/10\/27\/taller-de-street-photography-con-javier-arcenillas\/\" \/>\n<meta property=\"og:site_name\" content=\"Asociaci\u00f3n fotogr\u00e1fica C\u00e1mara en mano Las Rozas\" \/>\n<meta property=\"article:publisher\" content=\"https:\/\/www.facebook.com\/AFCamaraenmano\/\" \/>\n<meta property=\"article:published_time\" content=\"2025-10-27T15:58:09+00:00\" \/>\n<meta property=\"article:modified_time\" content=\"2025-11-02T21:35:09+00:00\" \/>\n<meta name=\"author\" content=\"Administrador\" \/>\n<meta name=\"twitter:card\" content=\"summary_large_image\" \/>\n<meta name=\"twitter:label1\" content=\"Escrito por\" \/>\n\t<meta name=\"twitter:data1\" content=\"Administrador\" \/>\n\t<meta name=\"twitter:label2\" content=\"Tiempo de lectura\" \/>\n\t<meta name=\"twitter:data2\" content=\"4 minutos\" \/>\n<script type=\"application\/ld+json\" class=\"yoast-schema-graph\">{\"@context\":\"https:\\\/\\\/schema.org\",\"@graph\":[{\"@type\":\"Article\",\"@id\":\"https:\\\/\\\/camaraenmano.org\\\/index.php\\\/2025\\\/10\\\/27\\\/taller-de-street-photography-con-javier-arcenillas\\\/#article\",\"isPartOf\":{\"@id\":\"https:\\\/\\\/camaraenmano.org\\\/index.php\\\/2025\\\/10\\\/27\\\/taller-de-street-photography-con-javier-arcenillas\\\/\"},\"author\":{\"name\":\"Administrador\",\"@id\":\"https:\\\/\\\/camaraenmano.org\\\/#\\\/schema\\\/person\\\/9ae05f95e2aa0144ea0768d6f65488be\"},\"headline\":\"Taller de Street Photography con Javier Arcenillas\",\"datePublished\":\"2025-10-27T15:58:09+00:00\",\"dateModified\":\"2025-11-02T21:35:09+00:00\",\"mainEntityOfPage\":{\"@id\":\"https:\\\/\\\/camaraenmano.org\\\/index.php\\\/2025\\\/10\\\/27\\\/taller-de-street-photography-con-javier-arcenillas\\\/\"},\"wordCount\":607,\"commentCount\":0,\"publisher\":{\"@id\":\"https:\\\/\\\/camaraenmano.org\\\/#organization\"},\"image\":{\"@id\":\"https:\\\/\\\/camaraenmano.org\\\/index.php\\\/2025\\\/10\\\/27\\\/taller-de-street-photography-con-javier-arcenillas\\\/#primaryimage\"},\"thumbnailUrl\":\"https:\\\/\\\/camaraenmano.org\\\/wp-content\\\/uploads\\\/2025\\\/11\\\/FOTOS-LAS-ROZAS_06-1024x1024.jpg\",\"articleSection\":[\"Actividades\"],\"inLanguage\":\"es\",\"potentialAction\":[{\"@type\":\"CommentAction\",\"name\":\"Comment\",\"target\":[\"https:\\\/\\\/camaraenmano.org\\\/index.php\\\/2025\\\/10\\\/27\\\/taller-de-street-photography-con-javier-arcenillas\\\/#respond\"]}]},{\"@type\":\"WebPage\",\"@id\":\"https:\\\/\\\/camaraenmano.org\\\/index.php\\\/2025\\\/10\\\/27\\\/taller-de-street-photography-con-javier-arcenillas\\\/\",\"url\":\"https:\\\/\\\/camaraenmano.org\\\/index.php\\\/2025\\\/10\\\/27\\\/taller-de-street-photography-con-javier-arcenillas\\\/\",\"name\":\"Taller de Street Photography con Javier Arcenillas - Asociaci\u00f3n fotogr\u00e1fica C\u00e1mara en mano Las Rozas\",\"isPartOf\":{\"@id\":\"https:\\\/\\\/camaraenmano.org\\\/#website\"},\"primaryImageOfPage\":{\"@id\":\"https:\\\/\\\/camaraenmano.org\\\/index.php\\\/2025\\\/10\\\/27\\\/taller-de-street-photography-con-javier-arcenillas\\\/#primaryimage\"},\"image\":{\"@id\":\"https:\\\/\\\/camaraenmano.org\\\/index.php\\\/2025\\\/10\\\/27\\\/taller-de-street-photography-con-javier-arcenillas\\\/#primaryimage\"},\"thumbnailUrl\":\"https:\\\/\\\/camaraenmano.org\\\/wp-content\\\/uploads\\\/2025\\\/11\\\/FOTOS-LAS-ROZAS_06-1024x1024.jpg\",\"datePublished\":\"2025-10-27T15:58:09+00:00\",\"dateModified\":\"2025-11-02T21:35:09+00:00\",\"breadcrumb\":{\"@id\":\"https:\\\/\\\/camaraenmano.org\\\/index.php\\\/2025\\\/10\\\/27\\\/taller-de-street-photography-con-javier-arcenillas\\\/#breadcrumb\"},\"inLanguage\":\"es\",\"potentialAction\":[{\"@type\":\"ReadAction\",\"target\":[\"https:\\\/\\\/camaraenmano.org\\\/index.php\\\/2025\\\/10\\\/27\\\/taller-de-street-photography-con-javier-arcenillas\\\/\"]}]},{\"@type\":\"ImageObject\",\"inLanguage\":\"es\",\"@id\":\"https:\\\/\\\/camaraenmano.org\\\/index.php\\\/2025\\\/10\\\/27\\\/taller-de-street-photography-con-javier-arcenillas\\\/#primaryimage\",\"url\":\"\",\"contentUrl\":\"\"},{\"@type\":\"BreadcrumbList\",\"@id\":\"https:\\\/\\\/camaraenmano.org\\\/index.php\\\/2025\\\/10\\\/27\\\/taller-de-street-photography-con-javier-arcenillas\\\/#breadcrumb\",\"itemListElement\":[{\"@type\":\"ListItem\",\"position\":1,\"name\":\"Portada\",\"item\":\"https:\\\/\\\/camaraenmano.org\\\/\"},{\"@type\":\"ListItem\",\"position\":2,\"name\":\"Taller de Street Photography con Javier Arcenillas\"}]},{\"@type\":\"WebSite\",\"@id\":\"https:\\\/\\\/camaraenmano.org\\\/#website\",\"url\":\"https:\\\/\\\/camaraenmano.org\\\/\",\"name\":\"Asociaci\u00f3n fotogr\u00e1fica C\u00e1mara en mano Las Rozas\",\"description\":\"\",\"publisher\":{\"@id\":\"https:\\\/\\\/camaraenmano.org\\\/#organization\"},\"potentialAction\":[{\"@type\":\"SearchAction\",\"target\":{\"@type\":\"EntryPoint\",\"urlTemplate\":\"https:\\\/\\\/camaraenmano.org\\\/?s={search_term_string}\"},\"query-input\":{\"@type\":\"PropertyValueSpecification\",\"valueRequired\":true,\"valueName\":\"search_term_string\"}}],\"inLanguage\":\"es\"},{\"@type\":\"Organization\",\"@id\":\"https:\\\/\\\/camaraenmano.org\\\/#organization\",\"name\":\"C\u00e1mara en mano\",\"url\":\"https:\\\/\\\/camaraenmano.org\\\/\",\"logo\":{\"@type\":\"ImageObject\",\"inLanguage\":\"es\",\"@id\":\"https:\\\/\\\/camaraenmano.org\\\/#\\\/schema\\\/logo\\\/image\\\/\",\"url\":\"https:\\\/\\\/camaraenmano.org\\\/wp-content\\\/uploads\\\/2023\\\/10\\\/cropped-Logo-Camara-en-Mano-2-1.png\",\"contentUrl\":\"https:\\\/\\\/camaraenmano.org\\\/wp-content\\\/uploads\\\/2023\\\/10\\\/cropped-Logo-Camara-en-Mano-2-1.png\",\"width\":3174,\"height\":2093,\"caption\":\"C\u00e1mara en mano\"},\"image\":{\"@id\":\"https:\\\/\\\/camaraenmano.org\\\/#\\\/schema\\\/logo\\\/image\\\/\"},\"sameAs\":[\"https:\\\/\\\/www.facebook.com\\\/AFCamaraenmano\\\/\",\"https:\\\/\\\/www.instagram.com\\\/afcamaraenmano\\\/\"]},{\"@type\":\"Person\",\"@id\":\"https:\\\/\\\/camaraenmano.org\\\/#\\\/schema\\\/person\\\/9ae05f95e2aa0144ea0768d6f65488be\",\"name\":\"Administrador\",\"image\":{\"@type\":\"ImageObject\",\"inLanguage\":\"es\",\"@id\":\"https:\\\/\\\/secure.gravatar.com\\\/avatar\\\/afbf021a33f39f3b1b0fcbf424cd00175e4543d4630d7a19e2a7c6defa5096c8?s=96&d=mm&r=g\",\"url\":\"https:\\\/\\\/secure.gravatar.com\\\/avatar\\\/afbf021a33f39f3b1b0fcbf424cd00175e4543d4630d7a19e2a7c6defa5096c8?s=96&d=mm&r=g\",\"contentUrl\":\"https:\\\/\\\/secure.gravatar.com\\\/avatar\\\/afbf021a33f39f3b1b0fcbf424cd00175e4543d4630d7a19e2a7c6defa5096c8?s=96&d=mm&r=g\",\"caption\":\"Administrador\"},\"sameAs\":[\"http:\\\/\\\/camaraenmano.org\"],\"url\":\"https:\\\/\\\/camaraenmano.org\\\/index.php\\\/author\\\/admin2786\\\/\"}]}<\/script>\n<!-- \/ Yoast SEO plugin. -->","yoast_head_json":{"title":"Taller de Street Photography con Javier Arcenillas - Asociaci\u00f3n fotogr\u00e1fica C\u00e1mara en mano Las Rozas","robots":{"index":"index","follow":"follow","max-snippet":"max-snippet:-1","max-image-preview":"max-image-preview:large","max-video-preview":"max-video-preview:-1"},"canonical":"https:\/\/camaraenmano.org\/index.php\/2025\/10\/27\/taller-de-street-photography-con-javier-arcenillas\/","og_locale":"es_ES","og_type":"article","og_title":"Taller de Street Photography con Javier Arcenillas - Asociaci\u00f3n fotogr\u00e1fica C\u00e1mara en mano Las Rozas","og_description":"La asociaci\u00f3n C\u00e1mara en mano organiza un nuevo taller de Street Photography impartido por el reconocido fot\u00f3grafo documental Javier Arcenillas. Una oportunidad \u00fanica para adentrarse en la fotograf\u00eda urbana de la mano de uno de los grandes referentes del fotoperiodismo contempor\u00e1neo. El taller se desarrollar\u00e1 en tres sesiones durante el mes de noviembre: Jueves 20 [&hellip;]","og_url":"https:\/\/camaraenmano.org\/index.php\/2025\/10\/27\/taller-de-street-photography-con-javier-arcenillas\/","og_site_name":"Asociaci\u00f3n fotogr\u00e1fica C\u00e1mara en mano Las Rozas","article_publisher":"https:\/\/www.facebook.com\/AFCamaraenmano\/","article_published_time":"2025-10-27T15:58:09+00:00","article_modified_time":"2025-11-02T21:35:09+00:00","author":"Administrador","twitter_card":"summary_large_image","twitter_misc":{"Escrito por":"Administrador","Tiempo de lectura":"4 minutos"},"schema":{"@context":"https:\/\/schema.org","@graph":[{"@type":"Article","@id":"https:\/\/camaraenmano.org\/index.php\/2025\/10\/27\/taller-de-street-photography-con-javier-arcenillas\/#article","isPartOf":{"@id":"https:\/\/camaraenmano.org\/index.php\/2025\/10\/27\/taller-de-street-photography-con-javier-arcenillas\/"},"author":{"name":"Administrador","@id":"https:\/\/camaraenmano.org\/#\/schema\/person\/9ae05f95e2aa0144ea0768d6f65488be"},"headline":"Taller de Street Photography con Javier Arcenillas","datePublished":"2025-10-27T15:58:09+00:00","dateModified":"2025-11-02T21:35:09+00:00","mainEntityOfPage":{"@id":"https:\/\/camaraenmano.org\/index.php\/2025\/10\/27\/taller-de-street-photography-con-javier-arcenillas\/"},"wordCount":607,"commentCount":0,"publisher":{"@id":"https:\/\/camaraenmano.org\/#organization"},"image":{"@id":"https:\/\/camaraenmano.org\/index.php\/2025\/10\/27\/taller-de-street-photography-con-javier-arcenillas\/#primaryimage"},"thumbnailUrl":"https:\/\/camaraenmano.org\/wp-content\/uploads\/2025\/11\/FOTOS-LAS-ROZAS_06-1024x1024.jpg","articleSection":["Actividades"],"inLanguage":"es","potentialAction":[{"@type":"CommentAction","name":"Comment","target":["https:\/\/camaraenmano.org\/index.php\/2025\/10\/27\/taller-de-street-photography-con-javier-arcenillas\/#respond"]}]},{"@type":"WebPage","@id":"https:\/\/camaraenmano.org\/index.php\/2025\/10\/27\/taller-de-street-photography-con-javier-arcenillas\/","url":"https:\/\/camaraenmano.org\/index.php\/2025\/10\/27\/taller-de-street-photography-con-javier-arcenillas\/","name":"Taller de Street Photography con Javier Arcenillas - Asociaci\u00f3n fotogr\u00e1fica C\u00e1mara en mano Las Rozas","isPartOf":{"@id":"https:\/\/camaraenmano.org\/#website"},"primaryImageOfPage":{"@id":"https:\/\/camaraenmano.org\/index.php\/2025\/10\/27\/taller-de-street-photography-con-javier-arcenillas\/#primaryimage"},"image":{"@id":"https:\/\/camaraenmano.org\/index.php\/2025\/10\/27\/taller-de-street-photography-con-javier-arcenillas\/#primaryimage"},"thumbnailUrl":"https:\/\/camaraenmano.org\/wp-content\/uploads\/2025\/11\/FOTOS-LAS-ROZAS_06-1024x1024.jpg","datePublished":"2025-10-27T15:58:09+00:00","dateModified":"2025-11-02T21:35:09+00:00","breadcrumb":{"@id":"https:\/\/camaraenmano.org\/index.php\/2025\/10\/27\/taller-de-street-photography-con-javier-arcenillas\/#breadcrumb"},"inLanguage":"es","potentialAction":[{"@type":"ReadAction","target":["https:\/\/camaraenmano.org\/index.php\/2025\/10\/27\/taller-de-street-photography-con-javier-arcenillas\/"]}]},{"@type":"ImageObject","inLanguage":"es","@id":"https:\/\/camaraenmano.org\/index.php\/2025\/10\/27\/taller-de-street-photography-con-javier-arcenillas\/#primaryimage","url":"","contentUrl":""},{"@type":"BreadcrumbList","@id":"https:\/\/camaraenmano.org\/index.php\/2025\/10\/27\/taller-de-street-photography-con-javier-arcenillas\/#breadcrumb","itemListElement":[{"@type":"ListItem","position":1,"name":"Portada","item":"https:\/\/camaraenmano.org\/"},{"@type":"ListItem","position":2,"name":"Taller de Street Photography con Javier Arcenillas"}]},{"@type":"WebSite","@id":"https:\/\/camaraenmano.org\/#website","url":"https:\/\/camaraenmano.org\/","name":"Asociaci\u00f3n fotogr\u00e1fica C\u00e1mara en mano Las Rozas","description":"","publisher":{"@id":"https:\/\/camaraenmano.org\/#organization"},"potentialAction":[{"@type":"SearchAction","target":{"@type":"EntryPoint","urlTemplate":"https:\/\/camaraenmano.org\/?s={search_term_string}"},"query-input":{"@type":"PropertyValueSpecification","valueRequired":true,"valueName":"search_term_string"}}],"inLanguage":"es"},{"@type":"Organization","@id":"https:\/\/camaraenmano.org\/#organization","name":"C\u00e1mara en mano","url":"https:\/\/camaraenmano.org\/","logo":{"@type":"ImageObject","inLanguage":"es","@id":"https:\/\/camaraenmano.org\/#\/schema\/logo\/image\/","url":"https:\/\/camaraenmano.org\/wp-content\/uploads\/2023\/10\/cropped-Logo-Camara-en-Mano-2-1.png","contentUrl":"https:\/\/camaraenmano.org\/wp-content\/uploads\/2023\/10\/cropped-Logo-Camara-en-Mano-2-1.png","width":3174,"height":2093,"caption":"C\u00e1mara en mano"},"image":{"@id":"https:\/\/camaraenmano.org\/#\/schema\/logo\/image\/"},"sameAs":["https:\/\/www.facebook.com\/AFCamaraenmano\/","https:\/\/www.instagram.com\/afcamaraenmano\/"]},{"@type":"Person","@id":"https:\/\/camaraenmano.org\/#\/schema\/person\/9ae05f95e2aa0144ea0768d6f65488be","name":"Administrador","image":{"@type":"ImageObject","inLanguage":"es","@id":"https:\/\/secure.gravatar.com\/avatar\/afbf021a33f39f3b1b0fcbf424cd00175e4543d4630d7a19e2a7c6defa5096c8?s=96&d=mm&r=g","url":"https:\/\/secure.gravatar.com\/avatar\/afbf021a33f39f3b1b0fcbf424cd00175e4543d4630d7a19e2a7c6defa5096c8?s=96&d=mm&r=g","contentUrl":"https:\/\/secure.gravatar.com\/avatar\/afbf021a33f39f3b1b0fcbf424cd00175e4543d4630d7a19e2a7c6defa5096c8?s=96&d=mm&r=g","caption":"Administrador"},"sameAs":["http:\/\/camaraenmano.org"],"url":"https:\/\/camaraenmano.org\/index.php\/author\/admin2786\/"}]}},"_links":{"self":[{"href":"https:\/\/camaraenmano.org\/index.php\/wp-json\/wp\/v2\/posts\/5864","targetHints":{"allow":["GET"]}}],"collection":[{"href":"https:\/\/camaraenmano.org\/index.php\/wp-json\/wp\/v2\/posts"}],"about":[{"href":"https:\/\/camaraenmano.org\/index.php\/wp-json\/wp\/v2\/types\/post"}],"author":[{"embeddable":true,"href":"https:\/\/camaraenmano.org\/index.php\/wp-json\/wp\/v2\/users\/1"}],"replies":[{"embeddable":true,"href":"https:\/\/camaraenmano.org\/index.php\/wp-json\/wp\/v2\/comments?post=5864"}],"version-history":[{"count":11,"href":"https:\/\/camaraenmano.org\/index.php\/wp-json\/wp\/v2\/posts\/5864\/revisions"}],"predecessor-version":[{"id":5880,"href":"https:\/\/camaraenmano.org\/index.php\/wp-json\/wp\/v2\/posts\/5864\/revisions\/5880"}],"wp:attachment":[{"href":"https:\/\/camaraenmano.org\/index.php\/wp-json\/wp\/v2\/media?parent=5864"}],"wp:term":[{"taxonomy":"category","embeddable":true,"href":"https:\/\/camaraenmano.org\/index.php\/wp-json\/wp\/v2\/categories?post=5864"},{"taxonomy":"post_tag","embeddable":true,"href":"https:\/\/camaraenmano.org\/index.php\/wp-json\/wp\/v2\/tags?post=5864"}],"curies":[{"name":"wp","href":"https:\/\/api.w.org\/{rel}","templated":true}]}}