{"id":5873,"date":"2025-10-28T00:09:30","date_gmt":"2025-10-27T23:09:30","guid":{"rendered":"https:\/\/camaraenmano.org\/?p=5873"},"modified":"2025-10-28T00:09:30","modified_gmt":"2025-10-27T23:09:30","slug":"consuegra-y-la-flor-del-azafran","status":"publish","type":"post","link":"https:\/\/camaraenmano.org\/index.php\/2025\/10\/28\/consuegra-y-la-flor-del-azafran\/","title":{"rendered":"Consuegra y la Flor del Azafr\u00e1n"},"content":{"rendered":"<article class=\"text-token-text-primary w-full focus:outline-none [--shadow-height:45px] has-data-writing-block:pointer-events-none has-data-writing-block:-mt-(--shadow-height) has-data-writing-block:pt-(--shadow-height) [&amp;:has([data-writing-block])&gt;*]:pointer-events-auto [content-visibility:auto] supports-[content-visibility:auto]:[contain-intrinsic-size:auto_100lvh] scroll-mt-[calc(var(--header-height)+min(200px,max(70px,20svh)))]\" dir=\"auto\" tabindex=\"-1\" data-turn-id=\"c5cf1f54-fc3e-48f9-8afd-97ac3ed93b62\" data-testid=\"conversation-turn-14\" data-scroll-anchor=\"true\" data-turn=\"assistant\">\n<div class=\"text-base my-auto mx-auto pb-10 [--thread-content-margin:--spacing(4)] thread-sm:[--thread-content-margin:--spacing(6)] thread-lg:[--thread-content-margin:--spacing(16)] px-(--thread-content-margin)\">\n<div class=\"[--thread-content-max-width:40rem] thread-lg:[--thread-content-max-width:48rem] mx-auto max-w-(--thread-content-max-width) flex-1 group\/turn-messages focus-visible:outline-hidden relative flex w-full min-w-0 flex-col agent-turn\">\n<div class=\"flex max-w-full flex-col grow\">\n<div class=\"min-h-8 text-message relative flex w-full flex-col items-end gap-2 text-start break-words whitespace-normal [.text-message+&amp;]:mt-1\" data-message-author-role=\"assistant\" data-message-id=\"9cdfd308-c584-4014-b653-33e579f6d4fd\" data-message-model-slug=\"gpt-5\">\n<div class=\"flex w-full flex-col gap-1 empty:hidden first:pt-[1px]\">\n<div class=\"markdown prose dark:prose-invert w-full break-words light markdown-new-styling\">\n<p data-start=\"57\" data-end=\"294\">El pasado <strong data-start=\"67\" data-end=\"84\">26 de octubre<\/strong>, la asociaci\u00f3n <em data-start=\"100\" data-end=\"116\">C\u00e1mara en mano<\/em> realiz\u00f3 una excursi\u00f3n a <strong data-start=\"141\" data-end=\"163\">Consuegra (Toledo)<\/strong> con motivo de la tradicional <strong data-start=\"193\" data-end=\"226\">Fiesta de la Flor del Azafr\u00e1n<\/strong>, una de las celebraciones m\u00e1s emblem\u00e1ticas de Castilla-La Mancha.<\/p>\n<p data-start=\"296\" data-end=\"772\"><img loading=\"lazy\" decoding=\"async\" class=\"wp-image-5874 alignleft\" src=\"https:\/\/camaraenmano.org\/wp-content\/uploads\/2025\/10\/WhatsApp-Image-2025-10-26-at-15.32.30-1024x768.jpeg\" alt=\"\" width=\"411\" height=\"308\" srcset=\"https:\/\/camaraenmano.org\/wp-content\/uploads\/2025\/10\/WhatsApp-Image-2025-10-26-at-15.32.30-1024x768.jpeg 1024w, https:\/\/camaraenmano.org\/wp-content\/uploads\/2025\/10\/WhatsApp-Image-2025-10-26-at-15.32.30-300x225.jpeg 300w, https:\/\/camaraenmano.org\/wp-content\/uploads\/2025\/10\/WhatsApp-Image-2025-10-26-at-15.32.30-768x576.jpeg 768w, https:\/\/camaraenmano.org\/wp-content\/uploads\/2025\/10\/WhatsApp-Image-2025-10-26-at-15.32.30-1536x1152.jpeg 1536w, https:\/\/camaraenmano.org\/wp-content\/uploads\/2025\/10\/WhatsApp-Image-2025-10-26-at-15.32.30-1320x990.jpeg 1320w, https:\/\/camaraenmano.org\/wp-content\/uploads\/2025\/10\/WhatsApp-Image-2025-10-26-at-15.32.30.jpeg 1600w\" sizes=\"auto, (max-width: 411px) 100vw, 411px\" \/>La jornada comenz\u00f3 con la <strong data-start=\"322\" data-end=\"364\">visita a los famosos molinos de viento<\/strong> que coronan el cerro Calderico, donde los participantes pudieron disfrutar de espectaculares vistas del paisaje manchego y capturar con sus c\u00e1maras la luz y el ambiente del lugar. A continuaci\u00f3n, el grupo recorri\u00f3 el <strong data-start=\"582\" data-end=\"607\">castillo de Consuegra<\/strong>, una fortaleza medieval magn\u00edficamente conservada que permiti\u00f3 conocer de cerca la historia de la localidad y su importancia estrat\u00e9gica a lo largo de los siglos.<\/p>\n<p data-start=\"774\" data-end=\"1172\">Tras la visita cultural, los asistentes se adentraron en el ambiente festivo del pueblo, con sus calles decoradas y las demostraciones de <strong data-start=\"912\" data-end=\"947\">la monda de la flor del azafr\u00e1n<\/strong>, una tradici\u00f3n ancestral que mantiene viva la identidad de la comarca. No faltaron las degustaciones gastron\u00f3micas, los trajes t\u00edpicos y, por supuesto, la oportunidad de seguir practicando fotograf\u00eda documental y de viaje.<\/p>\n<p data-start=\"1174\" data-end=\"1380\" data-is-last-node=\"\" data-is-only-node=\"\">Fue una jornada completa, repleta de color, historia y buena compa\u00f1\u00eda, en la que la fotograf\u00eda volvi\u00f3 a ser el hilo conductor para descubrir y disfrutar del patrimonio cultural y humano de nuestra tierra.<\/p>\n<\/div>\n<\/div>\n<\/div>\n<\/div>\n<div class=\"z-0 flex min-h-[46px] justify-start\"><\/div>\n<div class=\"mt-3 w-full empty:hidden\">\n<div class=\"text-center\"><\/div>\n<\/div>\n<\/div>\n<\/div>\n<\/article>\n","protected":false},"excerpt":{"rendered":"<p>El pasado 26 de octubre, la asociaci\u00f3n C\u00e1mara en mano realiz\u00f3 una excursi\u00f3n a Consuegra (Toledo) con motivo de la tradicional Fiesta de la Flor del Azafr\u00e1n, una de las celebraciones m\u00e1s emblem\u00e1ticas de Castilla-La Mancha. La jornada comenz\u00f3 con la visita a los famosos molinos de viento que coronan el cerro Calderico, donde los [&hellip;]<\/p>\n","protected":false},"author":1,"featured_media":5874,"comment_status":"open","ping_status":"open","sticky":false,"template":"","format":"standard","meta":{"footnotes":""},"categories":[5],"tags":[],"class_list":{"0":"post-5873","1":"post","2":"type-post","3":"status-publish","4":"format-standard","5":"has-post-thumbnail","7":"category-actividades","8":"czr-hentry"},"yoast_head":"<!-- This site is optimized with the Yoast SEO plugin v27.5 - https:\/\/yoast.com\/product\/yoast-seo-wordpress\/ -->\n<title>Consuegra y la Flor del Azafr\u00e1n - Asociaci\u00f3n fotogr\u00e1fica C\u00e1mara en mano Las Rozas<\/title>\n<meta name=\"robots\" content=\"index, follow, max-snippet:-1, max-image-preview:large, max-video-preview:-1\" \/>\n<link rel=\"canonical\" href=\"https:\/\/camaraenmano.org\/index.php\/2025\/10\/28\/consuegra-y-la-flor-del-azafran\/\" \/>\n<meta property=\"og:locale\" content=\"es_ES\" \/>\n<meta property=\"og:type\" content=\"article\" \/>\n<meta property=\"og:title\" content=\"Consuegra y la Flor del Azafr\u00e1n - Asociaci\u00f3n fotogr\u00e1fica C\u00e1mara en mano Las Rozas\" \/>\n<meta property=\"og:description\" content=\"El pasado 26 de octubre, la asociaci\u00f3n C\u00e1mara en mano realiz\u00f3 una excursi\u00f3n a Consuegra (Toledo) con motivo de la tradicional Fiesta de la Flor del Azafr\u00e1n, una de las celebraciones m\u00e1s emblem\u00e1ticas de Castilla-La Mancha. La jornada comenz\u00f3 con la visita a los famosos molinos de viento que coronan el cerro Calderico, donde los [&hellip;]\" \/>\n<meta property=\"og:url\" content=\"https:\/\/camaraenmano.org\/index.php\/2025\/10\/28\/consuegra-y-la-flor-del-azafran\/\" \/>\n<meta property=\"og:site_name\" content=\"Asociaci\u00f3n fotogr\u00e1fica C\u00e1mara en mano Las Rozas\" \/>\n<meta property=\"article:publisher\" content=\"https:\/\/www.facebook.com\/AFCamaraenmano\/\" \/>\n<meta property=\"article:published_time\" content=\"2025-10-27T23:09:30+00:00\" \/>\n<meta property=\"og:image\" content=\"https:\/\/camaraenmano.org\/wp-content\/uploads\/2025\/10\/WhatsApp-Image-2025-10-26-at-15.32.30.jpeg\" \/>\n\t<meta property=\"og:image:width\" content=\"1600\" \/>\n\t<meta property=\"og:image:height\" content=\"1200\" \/>\n\t<meta property=\"og:image:type\" content=\"image\/jpeg\" \/>\n<meta name=\"author\" content=\"Administrador\" \/>\n<meta name=\"twitter:card\" content=\"summary_large_image\" \/>\n<meta name=\"twitter:label1\" content=\"Escrito por\" \/>\n\t<meta name=\"twitter:data1\" content=\"Administrador\" \/>\n\t<meta name=\"twitter:label2\" content=\"Tiempo de lectura\" \/>\n\t<meta name=\"twitter:data2\" content=\"2 minutos\" \/>\n<script type=\"application\/ld+json\" class=\"yoast-schema-graph\">{\"@context\":\"https:\\\/\\\/schema.org\",\"@graph\":[{\"@type\":\"Article\",\"@id\":\"https:\\\/\\\/camaraenmano.org\\\/index.php\\\/2025\\\/10\\\/28\\\/consuegra-y-la-flor-del-azafran\\\/#article\",\"isPartOf\":{\"@id\":\"https:\\\/\\\/camaraenmano.org\\\/index.php\\\/2025\\\/10\\\/28\\\/consuegra-y-la-flor-del-azafran\\\/\"},\"author\":{\"name\":\"Administrador\",\"@id\":\"https:\\\/\\\/camaraenmano.org\\\/#\\\/schema\\\/person\\\/9ae05f95e2aa0144ea0768d6f65488be\"},\"headline\":\"Consuegra y la Flor del Azafr\u00e1n\",\"datePublished\":\"2025-10-27T23:09:30+00:00\",\"mainEntityOfPage\":{\"@id\":\"https:\\\/\\\/camaraenmano.org\\\/index.php\\\/2025\\\/10\\\/28\\\/consuegra-y-la-flor-del-azafran\\\/\"},\"wordCount\":228,\"commentCount\":0,\"publisher\":{\"@id\":\"https:\\\/\\\/camaraenmano.org\\\/#organization\"},\"image\":{\"@id\":\"https:\\\/\\\/camaraenmano.org\\\/index.php\\\/2025\\\/10\\\/28\\\/consuegra-y-la-flor-del-azafran\\\/#primaryimage\"},\"thumbnailUrl\":\"https:\\\/\\\/camaraenmano.org\\\/wp-content\\\/uploads\\\/2025\\\/10\\\/WhatsApp-Image-2025-10-26-at-15.32.30.jpeg\",\"articleSection\":[\"Actividades\"],\"inLanguage\":\"es\",\"potentialAction\":[{\"@type\":\"CommentAction\",\"name\":\"Comment\",\"target\":[\"https:\\\/\\\/camaraenmano.org\\\/index.php\\\/2025\\\/10\\\/28\\\/consuegra-y-la-flor-del-azafran\\\/#respond\"]}]},{\"@type\":\"WebPage\",\"@id\":\"https:\\\/\\\/camaraenmano.org\\\/index.php\\\/2025\\\/10\\\/28\\\/consuegra-y-la-flor-del-azafran\\\/\",\"url\":\"https:\\\/\\\/camaraenmano.org\\\/index.php\\\/2025\\\/10\\\/28\\\/consuegra-y-la-flor-del-azafran\\\/\",\"name\":\"Consuegra y la Flor del Azafr\u00e1n - Asociaci\u00f3n fotogr\u00e1fica C\u00e1mara en mano Las Rozas\",\"isPartOf\":{\"@id\":\"https:\\\/\\\/camaraenmano.org\\\/#website\"},\"primaryImageOfPage\":{\"@id\":\"https:\\\/\\\/camaraenmano.org\\\/index.php\\\/2025\\\/10\\\/28\\\/consuegra-y-la-flor-del-azafran\\\/#primaryimage\"},\"image\":{\"@id\":\"https:\\\/\\\/camaraenmano.org\\\/index.php\\\/2025\\\/10\\\/28\\\/consuegra-y-la-flor-del-azafran\\\/#primaryimage\"},\"thumbnailUrl\":\"https:\\\/\\\/camaraenmano.org\\\/wp-content\\\/uploads\\\/2025\\\/10\\\/WhatsApp-Image-2025-10-26-at-15.32.30.jpeg\",\"datePublished\":\"2025-10-27T23:09:30+00:00\",\"breadcrumb\":{\"@id\":\"https:\\\/\\\/camaraenmano.org\\\/index.php\\\/2025\\\/10\\\/28\\\/consuegra-y-la-flor-del-azafran\\\/#breadcrumb\"},\"inLanguage\":\"es\",\"potentialAction\":[{\"@type\":\"ReadAction\",\"target\":[\"https:\\\/\\\/camaraenmano.org\\\/index.php\\\/2025\\\/10\\\/28\\\/consuegra-y-la-flor-del-azafran\\\/\"]}]},{\"@type\":\"ImageObject\",\"inLanguage\":\"es\",\"@id\":\"https:\\\/\\\/camaraenmano.org\\\/index.php\\\/2025\\\/10\\\/28\\\/consuegra-y-la-flor-del-azafran\\\/#primaryimage\",\"url\":\"https:\\\/\\\/camaraenmano.org\\\/wp-content\\\/uploads\\\/2025\\\/10\\\/WhatsApp-Image-2025-10-26-at-15.32.30.jpeg\",\"contentUrl\":\"https:\\\/\\\/camaraenmano.org\\\/wp-content\\\/uploads\\\/2025\\\/10\\\/WhatsApp-Image-2025-10-26-at-15.32.30.jpeg\",\"width\":1600,\"height\":1200},{\"@type\":\"BreadcrumbList\",\"@id\":\"https:\\\/\\\/camaraenmano.org\\\/index.php\\\/2025\\\/10\\\/28\\\/consuegra-y-la-flor-del-azafran\\\/#breadcrumb\",\"itemListElement\":[{\"@type\":\"ListItem\",\"position\":1,\"name\":\"Portada\",\"item\":\"https:\\\/\\\/camaraenmano.org\\\/\"},{\"@type\":\"ListItem\",\"position\":2,\"name\":\"Consuegra y la Flor del Azafr\u00e1n\"}]},{\"@type\":\"WebSite\",\"@id\":\"https:\\\/\\\/camaraenmano.org\\\/#website\",\"url\":\"https:\\\/\\\/camaraenmano.org\\\/\",\"name\":\"Asociaci\u00f3n fotogr\u00e1fica C\u00e1mara en mano Las Rozas\",\"description\":\"\",\"publisher\":{\"@id\":\"https:\\\/\\\/camaraenmano.org\\\/#organization\"},\"potentialAction\":[{\"@type\":\"SearchAction\",\"target\":{\"@type\":\"EntryPoint\",\"urlTemplate\":\"https:\\\/\\\/camaraenmano.org\\\/?s={search_term_string}\"},\"query-input\":{\"@type\":\"PropertyValueSpecification\",\"valueRequired\":true,\"valueName\":\"search_term_string\"}}],\"inLanguage\":\"es\"},{\"@type\":\"Organization\",\"@id\":\"https:\\\/\\\/camaraenmano.org\\\/#organization\",\"name\":\"C\u00e1mara en mano\",\"url\":\"https:\\\/\\\/camaraenmano.org\\\/\",\"logo\":{\"@type\":\"ImageObject\",\"inLanguage\":\"es\",\"@id\":\"https:\\\/\\\/camaraenmano.org\\\/#\\\/schema\\\/logo\\\/image\\\/\",\"url\":\"https:\\\/\\\/camaraenmano.org\\\/wp-content\\\/uploads\\\/2023\\\/10\\\/cropped-Logo-Camara-en-Mano-2-1.png\",\"contentUrl\":\"https:\\\/\\\/camaraenmano.org\\\/wp-content\\\/uploads\\\/2023\\\/10\\\/cropped-Logo-Camara-en-Mano-2-1.png\",\"width\":3174,\"height\":2093,\"caption\":\"C\u00e1mara en mano\"},\"image\":{\"@id\":\"https:\\\/\\\/camaraenmano.org\\\/#\\\/schema\\\/logo\\\/image\\\/\"},\"sameAs\":[\"https:\\\/\\\/www.facebook.com\\\/AFCamaraenmano\\\/\",\"https:\\\/\\\/www.instagram.com\\\/afcamaraenmano\\\/\"]},{\"@type\":\"Person\",\"@id\":\"https:\\\/\\\/camaraenmano.org\\\/#\\\/schema\\\/person\\\/9ae05f95e2aa0144ea0768d6f65488be\",\"name\":\"Administrador\",\"image\":{\"@type\":\"ImageObject\",\"inLanguage\":\"es\",\"@id\":\"https:\\\/\\\/secure.gravatar.com\\\/avatar\\\/afbf021a33f39f3b1b0fcbf424cd00175e4543d4630d7a19e2a7c6defa5096c8?s=96&d=mm&r=g\",\"url\":\"https:\\\/\\\/secure.gravatar.com\\\/avatar\\\/afbf021a33f39f3b1b0fcbf424cd00175e4543d4630d7a19e2a7c6defa5096c8?s=96&d=mm&r=g\",\"contentUrl\":\"https:\\\/\\\/secure.gravatar.com\\\/avatar\\\/afbf021a33f39f3b1b0fcbf424cd00175e4543d4630d7a19e2a7c6defa5096c8?s=96&d=mm&r=g\",\"caption\":\"Administrador\"},\"sameAs\":[\"http:\\\/\\\/camaraenmano.org\"],\"url\":\"https:\\\/\\\/camaraenmano.org\\\/index.php\\\/author\\\/admin2786\\\/\"}]}<\/script>\n<!-- \/ Yoast SEO plugin. -->","yoast_head_json":{"title":"Consuegra y la Flor del Azafr\u00e1n - Asociaci\u00f3n fotogr\u00e1fica C\u00e1mara en mano Las Rozas","robots":{"index":"index","follow":"follow","max-snippet":"max-snippet:-1","max-image-preview":"max-image-preview:large","max-video-preview":"max-video-preview:-1"},"canonical":"https:\/\/camaraenmano.org\/index.php\/2025\/10\/28\/consuegra-y-la-flor-del-azafran\/","og_locale":"es_ES","og_type":"article","og_title":"Consuegra y la Flor del Azafr\u00e1n - Asociaci\u00f3n fotogr\u00e1fica C\u00e1mara en mano Las Rozas","og_description":"El pasado 26 de octubre, la asociaci\u00f3n C\u00e1mara en mano realiz\u00f3 una excursi\u00f3n a Consuegra (Toledo) con motivo de la tradicional Fiesta de la Flor del Azafr\u00e1n, una de las celebraciones m\u00e1s emblem\u00e1ticas de Castilla-La Mancha. La jornada comenz\u00f3 con la visita a los famosos molinos de viento que coronan el cerro Calderico, donde los [&hellip;]","og_url":"https:\/\/camaraenmano.org\/index.php\/2025\/10\/28\/consuegra-y-la-flor-del-azafran\/","og_site_name":"Asociaci\u00f3n fotogr\u00e1fica C\u00e1mara en mano Las Rozas","article_publisher":"https:\/\/www.facebook.com\/AFCamaraenmano\/","article_published_time":"2025-10-27T23:09:30+00:00","og_image":[{"width":1600,"height":1200,"url":"https:\/\/camaraenmano.org\/wp-content\/uploads\/2025\/10\/WhatsApp-Image-2025-10-26-at-15.32.30.jpeg","type":"image\/jpeg"}],"author":"Administrador","twitter_card":"summary_large_image","twitter_misc":{"Escrito por":"Administrador","Tiempo de lectura":"2 minutos"},"schema":{"@context":"https:\/\/schema.org","@graph":[{"@type":"Article","@id":"https:\/\/camaraenmano.org\/index.php\/2025\/10\/28\/consuegra-y-la-flor-del-azafran\/#article","isPartOf":{"@id":"https:\/\/camaraenmano.org\/index.php\/2025\/10\/28\/consuegra-y-la-flor-del-azafran\/"},"author":{"name":"Administrador","@id":"https:\/\/camaraenmano.org\/#\/schema\/person\/9ae05f95e2aa0144ea0768d6f65488be"},"headline":"Consuegra y la Flor del Azafr\u00e1n","datePublished":"2025-10-27T23:09:30+00:00","mainEntityOfPage":{"@id":"https:\/\/camaraenmano.org\/index.php\/2025\/10\/28\/consuegra-y-la-flor-del-azafran\/"},"wordCount":228,"commentCount":0,"publisher":{"@id":"https:\/\/camaraenmano.org\/#organization"},"image":{"@id":"https:\/\/camaraenmano.org\/index.php\/2025\/10\/28\/consuegra-y-la-flor-del-azafran\/#primaryimage"},"thumbnailUrl":"https:\/\/camaraenmano.org\/wp-content\/uploads\/2025\/10\/WhatsApp-Image-2025-10-26-at-15.32.30.jpeg","articleSection":["Actividades"],"inLanguage":"es","potentialAction":[{"@type":"CommentAction","name":"Comment","target":["https:\/\/camaraenmano.org\/index.php\/2025\/10\/28\/consuegra-y-la-flor-del-azafran\/#respond"]}]},{"@type":"WebPage","@id":"https:\/\/camaraenmano.org\/index.php\/2025\/10\/28\/consuegra-y-la-flor-del-azafran\/","url":"https:\/\/camaraenmano.org\/index.php\/2025\/10\/28\/consuegra-y-la-flor-del-azafran\/","name":"Consuegra y la Flor del Azafr\u00e1n - Asociaci\u00f3n fotogr\u00e1fica C\u00e1mara en mano Las Rozas","isPartOf":{"@id":"https:\/\/camaraenmano.org\/#website"},"primaryImageOfPage":{"@id":"https:\/\/camaraenmano.org\/index.php\/2025\/10\/28\/consuegra-y-la-flor-del-azafran\/#primaryimage"},"image":{"@id":"https:\/\/camaraenmano.org\/index.php\/2025\/10\/28\/consuegra-y-la-flor-del-azafran\/#primaryimage"},"thumbnailUrl":"https:\/\/camaraenmano.org\/wp-content\/uploads\/2025\/10\/WhatsApp-Image-2025-10-26-at-15.32.30.jpeg","datePublished":"2025-10-27T23:09:30+00:00","breadcrumb":{"@id":"https:\/\/camaraenmano.org\/index.php\/2025\/10\/28\/consuegra-y-la-flor-del-azafran\/#breadcrumb"},"inLanguage":"es","potentialAction":[{"@type":"ReadAction","target":["https:\/\/camaraenmano.org\/index.php\/2025\/10\/28\/consuegra-y-la-flor-del-azafran\/"]}]},{"@type":"ImageObject","inLanguage":"es","@id":"https:\/\/camaraenmano.org\/index.php\/2025\/10\/28\/consuegra-y-la-flor-del-azafran\/#primaryimage","url":"https:\/\/camaraenmano.org\/wp-content\/uploads\/2025\/10\/WhatsApp-Image-2025-10-26-at-15.32.30.jpeg","contentUrl":"https:\/\/camaraenmano.org\/wp-content\/uploads\/2025\/10\/WhatsApp-Image-2025-10-26-at-15.32.30.jpeg","width":1600,"height":1200},{"@type":"BreadcrumbList","@id":"https:\/\/camaraenmano.org\/index.php\/2025\/10\/28\/consuegra-y-la-flor-del-azafran\/#breadcrumb","itemListElement":[{"@type":"ListItem","position":1,"name":"Portada","item":"https:\/\/camaraenmano.org\/"},{"@type":"ListItem","position":2,"name":"Consuegra y la Flor del Azafr\u00e1n"}]},{"@type":"WebSite","@id":"https:\/\/camaraenmano.org\/#website","url":"https:\/\/camaraenmano.org\/","name":"Asociaci\u00f3n fotogr\u00e1fica C\u00e1mara en mano Las Rozas","description":"","publisher":{"@id":"https:\/\/camaraenmano.org\/#organization"},"potentialAction":[{"@type":"SearchAction","target":{"@type":"EntryPoint","urlTemplate":"https:\/\/camaraenmano.org\/?s={search_term_string}"},"query-input":{"@type":"PropertyValueSpecification","valueRequired":true,"valueName":"search_term_string"}}],"inLanguage":"es"},{"@type":"Organization","@id":"https:\/\/camaraenmano.org\/#organization","name":"C\u00e1mara en mano","url":"https:\/\/camaraenmano.org\/","logo":{"@type":"ImageObject","inLanguage":"es","@id":"https:\/\/camaraenmano.org\/#\/schema\/logo\/image\/","url":"https:\/\/camaraenmano.org\/wp-content\/uploads\/2023\/10\/cropped-Logo-Camara-en-Mano-2-1.png","contentUrl":"https:\/\/camaraenmano.org\/wp-content\/uploads\/2023\/10\/cropped-Logo-Camara-en-Mano-2-1.png","width":3174,"height":2093,"caption":"C\u00e1mara en mano"},"image":{"@id":"https:\/\/camaraenmano.org\/#\/schema\/logo\/image\/"},"sameAs":["https:\/\/www.facebook.com\/AFCamaraenmano\/","https:\/\/www.instagram.com\/afcamaraenmano\/"]},{"@type":"Person","@id":"https:\/\/camaraenmano.org\/#\/schema\/person\/9ae05f95e2aa0144ea0768d6f65488be","name":"Administrador","image":{"@type":"ImageObject","inLanguage":"es","@id":"https:\/\/secure.gravatar.com\/avatar\/afbf021a33f39f3b1b0fcbf424cd00175e4543d4630d7a19e2a7c6defa5096c8?s=96&d=mm&r=g","url":"https:\/\/secure.gravatar.com\/avatar\/afbf021a33f39f3b1b0fcbf424cd00175e4543d4630d7a19e2a7c6defa5096c8?s=96&d=mm&r=g","contentUrl":"https:\/\/secure.gravatar.com\/avatar\/afbf021a33f39f3b1b0fcbf424cd00175e4543d4630d7a19e2a7c6defa5096c8?s=96&d=mm&r=g","caption":"Administrador"},"sameAs":["http:\/\/camaraenmano.org"],"url":"https:\/\/camaraenmano.org\/index.php\/author\/admin2786\/"}]}},"_links":{"self":[{"href":"https:\/\/camaraenmano.org\/index.php\/wp-json\/wp\/v2\/posts\/5873","targetHints":{"allow":["GET"]}}],"collection":[{"href":"https:\/\/camaraenmano.org\/index.php\/wp-json\/wp\/v2\/posts"}],"about":[{"href":"https:\/\/camaraenmano.org\/index.php\/wp-json\/wp\/v2\/types\/post"}],"author":[{"embeddable":true,"href":"https:\/\/camaraenmano.org\/index.php\/wp-json\/wp\/v2\/users\/1"}],"replies":[{"embeddable":true,"href":"https:\/\/camaraenmano.org\/index.php\/wp-json\/wp\/v2\/comments?post=5873"}],"version-history":[{"count":2,"href":"https:\/\/camaraenmano.org\/index.php\/wp-json\/wp\/v2\/posts\/5873\/revisions"}],"predecessor-version":[{"id":5876,"href":"https:\/\/camaraenmano.org\/index.php\/wp-json\/wp\/v2\/posts\/5873\/revisions\/5876"}],"wp:featuredmedia":[{"embeddable":true,"href":"https:\/\/camaraenmano.org\/index.php\/wp-json\/wp\/v2\/media\/5874"}],"wp:attachment":[{"href":"https:\/\/camaraenmano.org\/index.php\/wp-json\/wp\/v2\/media?parent=5873"}],"wp:term":[{"taxonomy":"category","embeddable":true,"href":"https:\/\/camaraenmano.org\/index.php\/wp-json\/wp\/v2\/categories?post=5873"},{"taxonomy":"post_tag","embeddable":true,"href":"https:\/\/camaraenmano.org\/index.php\/wp-json\/wp\/v2\/tags?post=5873"}],"curies":[{"name":"wp","href":"https:\/\/api.w.org\/{rel}","templated":true}]}}