{"id":5884,"date":"2025-10-31T11:23:11","date_gmt":"2025-10-31T10:23:11","guid":{"rendered":"https:\/\/camaraenmano.org\/?p=5884"},"modified":"2025-10-31T11:41:48","modified_gmt":"2025-10-31T10:41:48","slug":"oscar-colorado-colabora-con-camara-en-mano","status":"publish","type":"post","link":"https:\/\/camaraenmano.org\/index.php\/2025\/10\/31\/oscar-colorado-colabora-con-camara-en-mano\/","title":{"rendered":"Oscar colorado colabora con C\u00e1mara en mano"},"content":{"rendered":"<p style=\"text-align: justify;\" data-start=\"0\" data-end=\"235\">Te anunciamos que desde <strong data-start=\"30\" data-end=\"48\">C\u00e1mara en Mano<\/strong> hemos contactado con el conocid\u00edsimo profesor y fot\u00f3grafo mexicano <strong data-start=\"116\" data-end=\"134\">\u00d3scar Colorado (<a href=\"https:\/\/oscarenfotos.com\/\" target=\"_blank\" rel=\"noopener\">oscarenfotos.com<\/a>)<\/strong>, con quien hemos acordado organizar una <strong data-start=\"175\" data-end=\"232\">charla abierta para la Asociaci\u00f3n <\/strong>a principios del pr\u00f3ximo a\u00f1o.<\/p>\n<p style=\"text-align: justify;\" data-start=\"237\" data-end=\"401\"><img loading=\"lazy\" decoding=\"async\" class=\"size-full wp-image-5886 alignleft\" src=\"https:\/\/camaraenmano.org\/wp-content\/uploads\/2025\/10\/cropped-oscarenfotos_.png\" alt=\"\" width=\"393\" height=\"240\" srcset=\"https:\/\/camaraenmano.org\/wp-content\/uploads\/2025\/10\/cropped-oscarenfotos_.png 393w, https:\/\/camaraenmano.org\/wp-content\/uploads\/2025\/10\/cropped-oscarenfotos_-300x183.png 300w\" sizes=\"auto, (max-width: 393px) 100vw, 393px\" \/>Adem\u00e1s, \u00d3scar nos ha ofrecido una <strong data-start=\"271\" data-end=\"292\">ventaja exclusiva<\/strong>: un <strong data-start=\"297\" data-end=\"355\">descuento especial para los miembros de C\u00e1mara en Mano<\/strong> en sus reconocidos <strong data-start=\"375\" data-end=\"398\">cursos de diplomado<\/strong>.<\/p>\n<p style=\"text-align: justify;\" data-start=\"403\" data-end=\"649\">Estos cursos, que habitualmente tienen un coste de <strong data-start=\"454\" data-end=\"463\">550 $<\/strong>, contar\u00e1n con una <strong data-start=\"482\" data-end=\"503\">reducci\u00f3n de 75 $<\/strong>para nuestros socios, una oportunidad nada despreciable para formarse con uno de los referentes m\u00e1s importantes de la fotograf\u00eda contempor\u00e1nea.<\/p>\n<p style=\"text-align: justify;\" data-start=\"651\" data-end=\"862\">Varios miembros de la asociaci\u00f3n ya han tenido la oportunidad de realizar alguno de sus cursos y coinciden en que son <strong data-start=\"769\" data-end=\"796\">altamente recomendables<\/strong> por su contenido, metodolog\u00eda y el enfoque inspirador de \u00d3scar.<\/p>\n<p style=\"text-align: justify;\" data-start=\"864\" data-end=\"1048\">Los <strong data-start=\"868\" data-end=\"882\">diplomados<\/strong> abarcan distintas tem\u00e1ticas fotogr\u00e1ficas y tienen una duraci\u00f3n de <strong data-start=\"949\" data-end=\"963\">12 semanas<\/strong>, con clases <strong data-start=\"976\" data-end=\"1018\">todos los s\u00e1bados de 6:00 pm a 9:00 pm <\/strong>hora de Espa\u00f1a (un total de <strong data-start=\"1032\" data-end=\"1044\">36 horas<\/strong>).<\/p>\n<p style=\"text-align: justify;\" data-start=\"1050\" data-end=\"1145\">El pr\u00f3ximo curso, dedicado a la <strong data-start=\"1082\" data-end=\"1106\">fotograf\u00eda art\u00edstica<\/strong>, dar\u00e1 comienzo en <strong data-start=\"1125\" data-end=\"1142\">enero de 2026<\/strong>. Para mas informaci\u00f3n sobre este curso descarga <a href=\"https:\/\/camaraenmano.org\/wp-content\/uploads\/2025\/10\/diplomado_foto_art_2026.pdf\">esta informaci\u00f3n<\/a>. O sigue <a href=\"https:\/\/www.droscarcolorado.com\/cursos.html\">este enlace para otros cursos de Oscar Colorado<\/a>.<\/p>\n<p style=\"text-align: justify;\" data-start=\"1147\" data-end=\"1325\" data-is-last-node=\"\" data-is-only-node=\"\">\u00a1No pierdas la oportunidad de aprender de uno de los grandes maestros de la fotograf\u00eda latinoamericana y de disfrutar de este beneficio exclusivo por ser parte de C\u00e1mara en Mano!<\/p>\n","protected":false},"excerpt":{"rendered":"<p>Te anunciamos que desde C\u00e1mara en Mano hemos contactado con el conocid\u00edsimo profesor y fot\u00f3grafo mexicano \u00d3scar Colorado (oscarenfotos.com), con quien hemos acordado organizar una charla abierta para la Asociaci\u00f3n a principios del pr\u00f3ximo a\u00f1o. Adem\u00e1s, \u00d3scar nos ha ofrecido una ventaja exclusiva: un descuento especial para los miembros de C\u00e1mara en Mano en sus [&hellip;]<\/p>\n","protected":false},"author":1,"featured_media":5886,"comment_status":"open","ping_status":"open","sticky":false,"template":"","format":"standard","meta":{"footnotes":""},"categories":[5],"tags":[],"class_list":{"0":"post-5884","1":"post","2":"type-post","3":"status-publish","4":"format-standard","5":"has-post-thumbnail","7":"category-actividades","8":"czr-hentry"},"yoast_head":"<!-- This site is optimized with the Yoast SEO plugin v27.5 - https:\/\/yoast.com\/product\/yoast-seo-wordpress\/ -->\n<title>Oscar colorado colabora con C\u00e1mara en mano - Asociaci\u00f3n fotogr\u00e1fica C\u00e1mara en mano Las Rozas<\/title>\n<meta name=\"robots\" content=\"index, follow, max-snippet:-1, max-image-preview:large, max-video-preview:-1\" \/>\n<link rel=\"canonical\" href=\"https:\/\/camaraenmano.org\/index.php\/2025\/10\/31\/oscar-colorado-colabora-con-camara-en-mano\/\" \/>\n<meta property=\"og:locale\" content=\"es_ES\" \/>\n<meta property=\"og:type\" content=\"article\" \/>\n<meta property=\"og:title\" content=\"Oscar colorado colabora con C\u00e1mara en mano - Asociaci\u00f3n fotogr\u00e1fica C\u00e1mara en mano Las Rozas\" \/>\n<meta property=\"og:description\" content=\"Te anunciamos que desde C\u00e1mara en Mano hemos contactado con el conocid\u00edsimo profesor y fot\u00f3grafo mexicano \u00d3scar Colorado (oscarenfotos.com), con quien hemos acordado organizar una charla abierta para la Asociaci\u00f3n a principios del pr\u00f3ximo a\u00f1o. Adem\u00e1s, \u00d3scar nos ha ofrecido una ventaja exclusiva: un descuento especial para los miembros de C\u00e1mara en Mano en sus [&hellip;]\" \/>\n<meta property=\"og:url\" content=\"https:\/\/camaraenmano.org\/index.php\/2025\/10\/31\/oscar-colorado-colabora-con-camara-en-mano\/\" \/>\n<meta property=\"og:site_name\" content=\"Asociaci\u00f3n fotogr\u00e1fica C\u00e1mara en mano Las Rozas\" \/>\n<meta property=\"article:publisher\" content=\"https:\/\/www.facebook.com\/AFCamaraenmano\/\" \/>\n<meta property=\"article:published_time\" content=\"2025-10-31T10:23:11+00:00\" \/>\n<meta property=\"article:modified_time\" content=\"2025-10-31T10:41:48+00:00\" \/>\n<meta property=\"og:image\" content=\"https:\/\/camaraenmano.org\/wp-content\/uploads\/2025\/10\/cropped-oscarenfotos_.png\" \/>\n\t<meta property=\"og:image:width\" content=\"393\" \/>\n\t<meta property=\"og:image:height\" content=\"240\" \/>\n\t<meta property=\"og:image:type\" content=\"image\/png\" \/>\n<meta name=\"author\" content=\"Administrador\" \/>\n<meta name=\"twitter:card\" content=\"summary_large_image\" \/>\n<meta name=\"twitter:label1\" content=\"Escrito por\" \/>\n\t<meta name=\"twitter:data1\" content=\"Administrador\" \/>\n\t<meta name=\"twitter:label2\" content=\"Tiempo de lectura\" \/>\n\t<meta name=\"twitter:data2\" content=\"2 minutos\" \/>\n<script type=\"application\/ld+json\" class=\"yoast-schema-graph\">{\"@context\":\"https:\\\/\\\/schema.org\",\"@graph\":[{\"@type\":\"Article\",\"@id\":\"https:\\\/\\\/camaraenmano.org\\\/index.php\\\/2025\\\/10\\\/31\\\/oscar-colorado-colabora-con-camara-en-mano\\\/#article\",\"isPartOf\":{\"@id\":\"https:\\\/\\\/camaraenmano.org\\\/index.php\\\/2025\\\/10\\\/31\\\/oscar-colorado-colabora-con-camara-en-mano\\\/\"},\"author\":{\"name\":\"Administrador\",\"@id\":\"https:\\\/\\\/camaraenmano.org\\\/#\\\/schema\\\/person\\\/9ae05f95e2aa0144ea0768d6f65488be\"},\"headline\":\"Oscar colorado colabora con C\u00e1mara en mano\",\"datePublished\":\"2025-10-31T10:23:11+00:00\",\"dateModified\":\"2025-10-31T10:41:48+00:00\",\"mainEntityOfPage\":{\"@id\":\"https:\\\/\\\/camaraenmano.org\\\/index.php\\\/2025\\\/10\\\/31\\\/oscar-colorado-colabora-con-camara-en-mano\\\/\"},\"wordCount\":251,\"commentCount\":0,\"publisher\":{\"@id\":\"https:\\\/\\\/camaraenmano.org\\\/#organization\"},\"image\":{\"@id\":\"https:\\\/\\\/camaraenmano.org\\\/index.php\\\/2025\\\/10\\\/31\\\/oscar-colorado-colabora-con-camara-en-mano\\\/#primaryimage\"},\"thumbnailUrl\":\"https:\\\/\\\/camaraenmano.org\\\/wp-content\\\/uploads\\\/2025\\\/10\\\/cropped-oscarenfotos_.png\",\"articleSection\":[\"Actividades\"],\"inLanguage\":\"es\",\"potentialAction\":[{\"@type\":\"CommentAction\",\"name\":\"Comment\",\"target\":[\"https:\\\/\\\/camaraenmano.org\\\/index.php\\\/2025\\\/10\\\/31\\\/oscar-colorado-colabora-con-camara-en-mano\\\/#respond\"]}]},{\"@type\":\"WebPage\",\"@id\":\"https:\\\/\\\/camaraenmano.org\\\/index.php\\\/2025\\\/10\\\/31\\\/oscar-colorado-colabora-con-camara-en-mano\\\/\",\"url\":\"https:\\\/\\\/camaraenmano.org\\\/index.php\\\/2025\\\/10\\\/31\\\/oscar-colorado-colabora-con-camara-en-mano\\\/\",\"name\":\"Oscar colorado colabora con C\u00e1mara en mano - Asociaci\u00f3n fotogr\u00e1fica C\u00e1mara en mano Las Rozas\",\"isPartOf\":{\"@id\":\"https:\\\/\\\/camaraenmano.org\\\/#website\"},\"primaryImageOfPage\":{\"@id\":\"https:\\\/\\\/camaraenmano.org\\\/index.php\\\/2025\\\/10\\\/31\\\/oscar-colorado-colabora-con-camara-en-mano\\\/#primaryimage\"},\"image\":{\"@id\":\"https:\\\/\\\/camaraenmano.org\\\/index.php\\\/2025\\\/10\\\/31\\\/oscar-colorado-colabora-con-camara-en-mano\\\/#primaryimage\"},\"thumbnailUrl\":\"https:\\\/\\\/camaraenmano.org\\\/wp-content\\\/uploads\\\/2025\\\/10\\\/cropped-oscarenfotos_.png\",\"datePublished\":\"2025-10-31T10:23:11+00:00\",\"dateModified\":\"2025-10-31T10:41:48+00:00\",\"breadcrumb\":{\"@id\":\"https:\\\/\\\/camaraenmano.org\\\/index.php\\\/2025\\\/10\\\/31\\\/oscar-colorado-colabora-con-camara-en-mano\\\/#breadcrumb\"},\"inLanguage\":\"es\",\"potentialAction\":[{\"@type\":\"ReadAction\",\"target\":[\"https:\\\/\\\/camaraenmano.org\\\/index.php\\\/2025\\\/10\\\/31\\\/oscar-colorado-colabora-con-camara-en-mano\\\/\"]}]},{\"@type\":\"ImageObject\",\"inLanguage\":\"es\",\"@id\":\"https:\\\/\\\/camaraenmano.org\\\/index.php\\\/2025\\\/10\\\/31\\\/oscar-colorado-colabora-con-camara-en-mano\\\/#primaryimage\",\"url\":\"https:\\\/\\\/camaraenmano.org\\\/wp-content\\\/uploads\\\/2025\\\/10\\\/cropped-oscarenfotos_.png\",\"contentUrl\":\"https:\\\/\\\/camaraenmano.org\\\/wp-content\\\/uploads\\\/2025\\\/10\\\/cropped-oscarenfotos_.png\",\"width\":393,\"height\":240},{\"@type\":\"BreadcrumbList\",\"@id\":\"https:\\\/\\\/camaraenmano.org\\\/index.php\\\/2025\\\/10\\\/31\\\/oscar-colorado-colabora-con-camara-en-mano\\\/#breadcrumb\",\"itemListElement\":[{\"@type\":\"ListItem\",\"position\":1,\"name\":\"Portada\",\"item\":\"https:\\\/\\\/camaraenmano.org\\\/\"},{\"@type\":\"ListItem\",\"position\":2,\"name\":\"Oscar colorado colabora con C\u00e1mara en mano\"}]},{\"@type\":\"WebSite\",\"@id\":\"https:\\\/\\\/camaraenmano.org\\\/#website\",\"url\":\"https:\\\/\\\/camaraenmano.org\\\/\",\"name\":\"Asociaci\u00f3n fotogr\u00e1fica C\u00e1mara en mano Las Rozas\",\"description\":\"\",\"publisher\":{\"@id\":\"https:\\\/\\\/camaraenmano.org\\\/#organization\"},\"potentialAction\":[{\"@type\":\"SearchAction\",\"target\":{\"@type\":\"EntryPoint\",\"urlTemplate\":\"https:\\\/\\\/camaraenmano.org\\\/?s={search_term_string}\"},\"query-input\":{\"@type\":\"PropertyValueSpecification\",\"valueRequired\":true,\"valueName\":\"search_term_string\"}}],\"inLanguage\":\"es\"},{\"@type\":\"Organization\",\"@id\":\"https:\\\/\\\/camaraenmano.org\\\/#organization\",\"name\":\"C\u00e1mara en mano\",\"url\":\"https:\\\/\\\/camaraenmano.org\\\/\",\"logo\":{\"@type\":\"ImageObject\",\"inLanguage\":\"es\",\"@id\":\"https:\\\/\\\/camaraenmano.org\\\/#\\\/schema\\\/logo\\\/image\\\/\",\"url\":\"https:\\\/\\\/camaraenmano.org\\\/wp-content\\\/uploads\\\/2023\\\/10\\\/cropped-Logo-Camara-en-Mano-2-1.png\",\"contentUrl\":\"https:\\\/\\\/camaraenmano.org\\\/wp-content\\\/uploads\\\/2023\\\/10\\\/cropped-Logo-Camara-en-Mano-2-1.png\",\"width\":3174,\"height\":2093,\"caption\":\"C\u00e1mara en mano\"},\"image\":{\"@id\":\"https:\\\/\\\/camaraenmano.org\\\/#\\\/schema\\\/logo\\\/image\\\/\"},\"sameAs\":[\"https:\\\/\\\/www.facebook.com\\\/AFCamaraenmano\\\/\",\"https:\\\/\\\/www.instagram.com\\\/afcamaraenmano\\\/\"]},{\"@type\":\"Person\",\"@id\":\"https:\\\/\\\/camaraenmano.org\\\/#\\\/schema\\\/person\\\/9ae05f95e2aa0144ea0768d6f65488be\",\"name\":\"Administrador\",\"image\":{\"@type\":\"ImageObject\",\"inLanguage\":\"es\",\"@id\":\"https:\\\/\\\/secure.gravatar.com\\\/avatar\\\/afbf021a33f39f3b1b0fcbf424cd00175e4543d4630d7a19e2a7c6defa5096c8?s=96&d=mm&r=g\",\"url\":\"https:\\\/\\\/secure.gravatar.com\\\/avatar\\\/afbf021a33f39f3b1b0fcbf424cd00175e4543d4630d7a19e2a7c6defa5096c8?s=96&d=mm&r=g\",\"contentUrl\":\"https:\\\/\\\/secure.gravatar.com\\\/avatar\\\/afbf021a33f39f3b1b0fcbf424cd00175e4543d4630d7a19e2a7c6defa5096c8?s=96&d=mm&r=g\",\"caption\":\"Administrador\"},\"sameAs\":[\"http:\\\/\\\/camaraenmano.org\"],\"url\":\"https:\\\/\\\/camaraenmano.org\\\/index.php\\\/author\\\/admin2786\\\/\"}]}<\/script>\n<!-- \/ Yoast SEO plugin. -->","yoast_head_json":{"title":"Oscar colorado colabora con C\u00e1mara en mano - Asociaci\u00f3n fotogr\u00e1fica C\u00e1mara en mano Las Rozas","robots":{"index":"index","follow":"follow","max-snippet":"max-snippet:-1","max-image-preview":"max-image-preview:large","max-video-preview":"max-video-preview:-1"},"canonical":"https:\/\/camaraenmano.org\/index.php\/2025\/10\/31\/oscar-colorado-colabora-con-camara-en-mano\/","og_locale":"es_ES","og_type":"article","og_title":"Oscar colorado colabora con C\u00e1mara en mano - Asociaci\u00f3n fotogr\u00e1fica C\u00e1mara en mano Las Rozas","og_description":"Te anunciamos que desde C\u00e1mara en Mano hemos contactado con el conocid\u00edsimo profesor y fot\u00f3grafo mexicano \u00d3scar Colorado (oscarenfotos.com), con quien hemos acordado organizar una charla abierta para la Asociaci\u00f3n a principios del pr\u00f3ximo a\u00f1o. Adem\u00e1s, \u00d3scar nos ha ofrecido una ventaja exclusiva: un descuento especial para los miembros de C\u00e1mara en Mano en sus [&hellip;]","og_url":"https:\/\/camaraenmano.org\/index.php\/2025\/10\/31\/oscar-colorado-colabora-con-camara-en-mano\/","og_site_name":"Asociaci\u00f3n fotogr\u00e1fica C\u00e1mara en mano Las Rozas","article_publisher":"https:\/\/www.facebook.com\/AFCamaraenmano\/","article_published_time":"2025-10-31T10:23:11+00:00","article_modified_time":"2025-10-31T10:41:48+00:00","og_image":[{"width":393,"height":240,"url":"https:\/\/camaraenmano.org\/wp-content\/uploads\/2025\/10\/cropped-oscarenfotos_.png","type":"image\/png"}],"author":"Administrador","twitter_card":"summary_large_image","twitter_misc":{"Escrito por":"Administrador","Tiempo de lectura":"2 minutos"},"schema":{"@context":"https:\/\/schema.org","@graph":[{"@type":"Article","@id":"https:\/\/camaraenmano.org\/index.php\/2025\/10\/31\/oscar-colorado-colabora-con-camara-en-mano\/#article","isPartOf":{"@id":"https:\/\/camaraenmano.org\/index.php\/2025\/10\/31\/oscar-colorado-colabora-con-camara-en-mano\/"},"author":{"name":"Administrador","@id":"https:\/\/camaraenmano.org\/#\/schema\/person\/9ae05f95e2aa0144ea0768d6f65488be"},"headline":"Oscar colorado colabora con C\u00e1mara en mano","datePublished":"2025-10-31T10:23:11+00:00","dateModified":"2025-10-31T10:41:48+00:00","mainEntityOfPage":{"@id":"https:\/\/camaraenmano.org\/index.php\/2025\/10\/31\/oscar-colorado-colabora-con-camara-en-mano\/"},"wordCount":251,"commentCount":0,"publisher":{"@id":"https:\/\/camaraenmano.org\/#organization"},"image":{"@id":"https:\/\/camaraenmano.org\/index.php\/2025\/10\/31\/oscar-colorado-colabora-con-camara-en-mano\/#primaryimage"},"thumbnailUrl":"https:\/\/camaraenmano.org\/wp-content\/uploads\/2025\/10\/cropped-oscarenfotos_.png","articleSection":["Actividades"],"inLanguage":"es","potentialAction":[{"@type":"CommentAction","name":"Comment","target":["https:\/\/camaraenmano.org\/index.php\/2025\/10\/31\/oscar-colorado-colabora-con-camara-en-mano\/#respond"]}]},{"@type":"WebPage","@id":"https:\/\/camaraenmano.org\/index.php\/2025\/10\/31\/oscar-colorado-colabora-con-camara-en-mano\/","url":"https:\/\/camaraenmano.org\/index.php\/2025\/10\/31\/oscar-colorado-colabora-con-camara-en-mano\/","name":"Oscar colorado colabora con C\u00e1mara en mano - Asociaci\u00f3n fotogr\u00e1fica C\u00e1mara en mano Las Rozas","isPartOf":{"@id":"https:\/\/camaraenmano.org\/#website"},"primaryImageOfPage":{"@id":"https:\/\/camaraenmano.org\/index.php\/2025\/10\/31\/oscar-colorado-colabora-con-camara-en-mano\/#primaryimage"},"image":{"@id":"https:\/\/camaraenmano.org\/index.php\/2025\/10\/31\/oscar-colorado-colabora-con-camara-en-mano\/#primaryimage"},"thumbnailUrl":"https:\/\/camaraenmano.org\/wp-content\/uploads\/2025\/10\/cropped-oscarenfotos_.png","datePublished":"2025-10-31T10:23:11+00:00","dateModified":"2025-10-31T10:41:48+00:00","breadcrumb":{"@id":"https:\/\/camaraenmano.org\/index.php\/2025\/10\/31\/oscar-colorado-colabora-con-camara-en-mano\/#breadcrumb"},"inLanguage":"es","potentialAction":[{"@type":"ReadAction","target":["https:\/\/camaraenmano.org\/index.php\/2025\/10\/31\/oscar-colorado-colabora-con-camara-en-mano\/"]}]},{"@type":"ImageObject","inLanguage":"es","@id":"https:\/\/camaraenmano.org\/index.php\/2025\/10\/31\/oscar-colorado-colabora-con-camara-en-mano\/#primaryimage","url":"https:\/\/camaraenmano.org\/wp-content\/uploads\/2025\/10\/cropped-oscarenfotos_.png","contentUrl":"https:\/\/camaraenmano.org\/wp-content\/uploads\/2025\/10\/cropped-oscarenfotos_.png","width":393,"height":240},{"@type":"BreadcrumbList","@id":"https:\/\/camaraenmano.org\/index.php\/2025\/10\/31\/oscar-colorado-colabora-con-camara-en-mano\/#breadcrumb","itemListElement":[{"@type":"ListItem","position":1,"name":"Portada","item":"https:\/\/camaraenmano.org\/"},{"@type":"ListItem","position":2,"name":"Oscar colorado colabora con C\u00e1mara en mano"}]},{"@type":"WebSite","@id":"https:\/\/camaraenmano.org\/#website","url":"https:\/\/camaraenmano.org\/","name":"Asociaci\u00f3n fotogr\u00e1fica C\u00e1mara en mano Las Rozas","description":"","publisher":{"@id":"https:\/\/camaraenmano.org\/#organization"},"potentialAction":[{"@type":"SearchAction","target":{"@type":"EntryPoint","urlTemplate":"https:\/\/camaraenmano.org\/?s={search_term_string}"},"query-input":{"@type":"PropertyValueSpecification","valueRequired":true,"valueName":"search_term_string"}}],"inLanguage":"es"},{"@type":"Organization","@id":"https:\/\/camaraenmano.org\/#organization","name":"C\u00e1mara en mano","url":"https:\/\/camaraenmano.org\/","logo":{"@type":"ImageObject","inLanguage":"es","@id":"https:\/\/camaraenmano.org\/#\/schema\/logo\/image\/","url":"https:\/\/camaraenmano.org\/wp-content\/uploads\/2023\/10\/cropped-Logo-Camara-en-Mano-2-1.png","contentUrl":"https:\/\/camaraenmano.org\/wp-content\/uploads\/2023\/10\/cropped-Logo-Camara-en-Mano-2-1.png","width":3174,"height":2093,"caption":"C\u00e1mara en mano"},"image":{"@id":"https:\/\/camaraenmano.org\/#\/schema\/logo\/image\/"},"sameAs":["https:\/\/www.facebook.com\/AFCamaraenmano\/","https:\/\/www.instagram.com\/afcamaraenmano\/"]},{"@type":"Person","@id":"https:\/\/camaraenmano.org\/#\/schema\/person\/9ae05f95e2aa0144ea0768d6f65488be","name":"Administrador","image":{"@type":"ImageObject","inLanguage":"es","@id":"https:\/\/secure.gravatar.com\/avatar\/afbf021a33f39f3b1b0fcbf424cd00175e4543d4630d7a19e2a7c6defa5096c8?s=96&d=mm&r=g","url":"https:\/\/secure.gravatar.com\/avatar\/afbf021a33f39f3b1b0fcbf424cd00175e4543d4630d7a19e2a7c6defa5096c8?s=96&d=mm&r=g","contentUrl":"https:\/\/secure.gravatar.com\/avatar\/afbf021a33f39f3b1b0fcbf424cd00175e4543d4630d7a19e2a7c6defa5096c8?s=96&d=mm&r=g","caption":"Administrador"},"sameAs":["http:\/\/camaraenmano.org"],"url":"https:\/\/camaraenmano.org\/index.php\/author\/admin2786\/"}]}},"_links":{"self":[{"href":"https:\/\/camaraenmano.org\/index.php\/wp-json\/wp\/v2\/posts\/5884","targetHints":{"allow":["GET"]}}],"collection":[{"href":"https:\/\/camaraenmano.org\/index.php\/wp-json\/wp\/v2\/posts"}],"about":[{"href":"https:\/\/camaraenmano.org\/index.php\/wp-json\/wp\/v2\/types\/post"}],"author":[{"embeddable":true,"href":"https:\/\/camaraenmano.org\/index.php\/wp-json\/wp\/v2\/users\/1"}],"replies":[{"embeddable":true,"href":"https:\/\/camaraenmano.org\/index.php\/wp-json\/wp\/v2\/comments?post=5884"}],"version-history":[{"count":5,"href":"https:\/\/camaraenmano.org\/index.php\/wp-json\/wp\/v2\/posts\/5884\/revisions"}],"predecessor-version":[{"id":5891,"href":"https:\/\/camaraenmano.org\/index.php\/wp-json\/wp\/v2\/posts\/5884\/revisions\/5891"}],"wp:featuredmedia":[{"embeddable":true,"href":"https:\/\/camaraenmano.org\/index.php\/wp-json\/wp\/v2\/media\/5886"}],"wp:attachment":[{"href":"https:\/\/camaraenmano.org\/index.php\/wp-json\/wp\/v2\/media?parent=5884"}],"wp:term":[{"taxonomy":"category","embeddable":true,"href":"https:\/\/camaraenmano.org\/index.php\/wp-json\/wp\/v2\/categories?post=5884"},{"taxonomy":"post_tag","embeddable":true,"href":"https:\/\/camaraenmano.org\/index.php\/wp-json\/wp\/v2\/tags?post=5884"}],"curies":[{"name":"wp","href":"https:\/\/api.w.org\/{rel}","templated":true}]}}