{"id":6176,"date":"2025-12-11T16:26:41","date_gmt":"2025-12-11T15:26:41","guid":{"rendered":"https:\/\/camaraenmano.org\/?p=6176"},"modified":"2025-12-11T23:02:25","modified_gmt":"2025-12-11T22:02:25","slug":"la-salida-a-la-ruta-del-mimbre","status":"publish","type":"post","link":"https:\/\/camaraenmano.org\/index.php\/2025\/12\/11\/la-salida-a-la-ruta-del-mimbre\/","title":{"rendered":"La salida a la ruta del mimbre"},"content":{"rendered":"<p style=\"text-align: justify;\">\u00a0El pasado s\u00e1bado 29 de noviembre, la Asociaci\u00f3n C\u00e1mara en Mano celebr\u00f3 una de sus salidas m\u00e1s esperadas: la visita a la Ruta del Mimbre, una jornada repleta de paisajes \u00fanicos, patrimonio hist\u00f3rico y oportunidades fotogr\u00e1ficas excepcionales.<\/p>\n<p style=\"text-align: justify;\">La aventura comenz\u00f3 temprano cuando el grupo tom\u00f3 rumbo hacia Ca\u00f1amares, donde a las 10:00 nos esperaba un reconfortante desayuno en el Bar La Dehesa. Desde all\u00ed se iniciar\u00eda la ruta fotogr\u00e1fica propiamente dicha.<img loading=\"lazy\" decoding=\"async\" class=\"wp-image-6184 alignright\" src=\"https:\/\/camaraenmano.org\/wp-content\/uploads\/2025\/12\/mimbre1-1-1024x768.jpg\" alt=\"\" width=\"406\" height=\"304\" srcset=\"https:\/\/camaraenmano.org\/wp-content\/uploads\/2025\/12\/mimbre1-1-1024x768.jpg 1024w, https:\/\/camaraenmano.org\/wp-content\/uploads\/2025\/12\/mimbre1-1-300x225.jpg 300w, https:\/\/camaraenmano.org\/wp-content\/uploads\/2025\/12\/mimbre1-1-768x576.jpg 768w, https:\/\/camaraenmano.org\/wp-content\/uploads\/2025\/12\/mimbre1-1-1536x1152.jpg 1536w, https:\/\/camaraenmano.org\/wp-content\/uploads\/2025\/12\/mimbre1-1-1320x990.jpg 1320w, https:\/\/camaraenmano.org\/wp-content\/uploads\/2025\/12\/mimbre1-1-600x450.jpg 600w, https:\/\/camaraenmano.org\/wp-content\/uploads\/2025\/12\/mimbre1-1.jpg 2048w\" sizes=\"auto, (max-width: 406px) 100vw, 406px\" \/><\/p>\n<p style=\"text-align: justify;\">La primera parada tuvo como protagonista al mimbre, ese cultivo tan caracter\u00edstico de la zona. Los participantes recorrieron los alrededores del pueblo, donde pudieron contemplar los hatillos de mimbres puestos a secar. Las espectaculares pir\u00e1mides rojizas ofrec\u00edan una escena casi irreal, como si fuesen \u201choguera tras hoguera\u201d repartidas por el paisaje. Tambi\u00e9n se visitaron varias parcelas que a\u00fan conservan plantaciones de este emblem\u00e1tico cultivo.<\/p>\n<p style=\"text-align: justify;\">Despu\u00e9s, el grupo se dirigi\u00f3 hacia Priego, disfrutando del trayecto paralelo al r\u00edo Escabas y del impresionante estrecho de Priego, con sus paredes verticales y las buitreras que sobrevuelan la zona. All\u00ed se detuvieron para capturar fotograf\u00edas del paraje y de las ruinas de un antiguo molino.<\/p>\n<p style=\"text-align: justify;\">Ya en Priego, la ma\u00f1ana continu\u00f3 con la visita a las ruinas del Convento del Rosal y el magn\u00edfico mirador del Convento de San Miguel de las Victorias, desde donde se obtienen vistas imponentes de la hoz del r\u00edo Escabas. Cada rinc\u00f3n ofrec\u00eda un escenario perfecto para el objetivo de cualquier aficionado a la fotograf\u00eda.<\/p>\n<p><img loading=\"lazy\" decoding=\"async\" class=\"alignleft wp-image-6180 \" style=\"text-align: justify;\" src=\"https:\/\/camaraenmano.org\/wp-content\/uploads\/2025\/12\/mimbre3.jpg\" alt=\"\" width=\"421\" height=\"265\" srcset=\"https:\/\/camaraenmano.org\/wp-content\/uploads\/2025\/12\/mimbre3.jpg 950w, https:\/\/camaraenmano.org\/wp-content\/uploads\/2025\/12\/mimbre3-300x189.jpg 300w, https:\/\/camaraenmano.org\/wp-content\/uploads\/2025\/12\/mimbre3-768x484.jpg 768w, https:\/\/camaraenmano.org\/wp-content\/uploads\/2025\/12\/mimbre3-600x378.jpg 600w\" sizes=\"auto, (max-width: 421px) 100vw, 421px\" \/><\/p>\n<p style=\"text-align: justify;\">A las 14:30, el grupo disfrut\u00f3 de una comida concertada en el restaurante La Rubia, ubicado en la misma Plaza Mayor, un edificio singular y cargado de encanto. Tras el almuerzo, los asistentes dedicaron la tarde a recorrer algunos puntos emblem\u00e1ticos del casco hist\u00f3rico: la Plaza Mayor, la Torre de Despe\u00f1aperros, el Puente Liende sobre el Escabas, as\u00ed como diferentes calles tradicionalmente ligadas al patrimonio cer\u00e1mico de la localidad.<\/p>\n<p style=\"text-align: justify;\">Antes de iniciar el regreso, se hizo una parada obligatoria en casa de Jes\u00fas Parra, el ceramista que tiene su taller a la entrada del pueblo donde nos realiz\u00f3 una instructiva demostraci\u00f3n del arte de la alfarer\u00eda.<img loading=\"lazy\" decoding=\"async\" class=\"wp-image-6181 alignright\" src=\"https:\/\/camaraenmano.org\/wp-content\/uploads\/2025\/12\/mimbre2-1024x519.jpg\" alt=\"\" width=\"396\" height=\"201\" srcset=\"https:\/\/camaraenmano.org\/wp-content\/uploads\/2025\/12\/mimbre2-1024x519.jpg 1024w, https:\/\/camaraenmano.org\/wp-content\/uploads\/2025\/12\/mimbre2-300x152.jpg 300w, https:\/\/camaraenmano.org\/wp-content\/uploads\/2025\/12\/mimbre2-768x389.jpg 768w, https:\/\/camaraenmano.org\/wp-content\/uploads\/2025\/12\/mimbre2-1320x669.jpg 1320w, https:\/\/camaraenmano.org\/wp-content\/uploads\/2025\/12\/mimbre2-600x304.jpg 600w, https:\/\/camaraenmano.org\/wp-content\/uploads\/2025\/12\/mimbre2.jpg 1502w\" sizes=\"auto, (max-width: 396px) 100vw, 396px\" \/><\/p>\n<p style=\"text-align: justify;\">La jornada concluy\u00f3 alrededor de las 18:00, tras un d\u00eda completo de convivencia, descubrimientos y cientos de fotograf\u00edas que capturan la esencia de un entorno tan singular como el de la Ruta del Mimbre.<\/p>\n<p style=\"text-align: justify;\">La salida dej\u00f3 en los participantes la sensaci\u00f3n de haber vivido una experiencia \u00fanica, combinando naturaleza, historia y el placer de fotografiar algunos de los paisajes m\u00e1s bellos de la provincia.<\/p>\n<p>A continuaci\u00f3n puedes ver algunas de las fotos de los asistentes a la salida.<\/p>\n<p>&nbsp;<\/p>\n<p>&nbsp;<\/p>\n","protected":false},"excerpt":{"rendered":"<p>\u00a0El pasado s\u00e1bado 29 de noviembre, la Asociaci\u00f3n C\u00e1mara en Mano celebr\u00f3 una de sus salidas m\u00e1s esperadas: la visita a la Ruta del Mimbre, una jornada repleta de paisajes \u00fanicos, patrimonio hist\u00f3rico y oportunidades fotogr\u00e1ficas excepcionales. La aventura comenz\u00f3 temprano cuando el grupo tom\u00f3 rumbo hacia Ca\u00f1amares, donde a las 10:00 nos esperaba un [&hellip;]<\/p>\n","protected":false},"author":1,"featured_media":6180,"comment_status":"open","ping_status":"open","sticky":false,"template":"","format":"standard","meta":{"footnotes":""},"categories":[5,56],"tags":[],"class_list":{"0":"post-6176","1":"post","2":"type-post","3":"status-publish","4":"format-standard","5":"has-post-thumbnail","7":"category-actividades","8":"category-salidas-fotograficas","9":"czr-hentry"},"yoast_head":"<!-- This site is optimized with the Yoast SEO plugin v27.5 - https:\/\/yoast.com\/product\/yoast-seo-wordpress\/ -->\n<title>La salida a la ruta del mimbre - Asociaci\u00f3n fotogr\u00e1fica C\u00e1mara en mano Las Rozas<\/title>\n<meta name=\"robots\" content=\"index, follow, max-snippet:-1, max-image-preview:large, max-video-preview:-1\" \/>\n<link rel=\"canonical\" href=\"https:\/\/camaraenmano.org\/index.php\/2025\/12\/11\/la-salida-a-la-ruta-del-mimbre\/\" \/>\n<meta property=\"og:locale\" content=\"es_ES\" \/>\n<meta property=\"og:type\" content=\"article\" \/>\n<meta property=\"og:title\" content=\"La salida a la ruta del mimbre - Asociaci\u00f3n fotogr\u00e1fica C\u00e1mara en mano Las Rozas\" \/>\n<meta property=\"og:description\" content=\"\u00a0El pasado s\u00e1bado 29 de noviembre, la Asociaci\u00f3n C\u00e1mara en Mano celebr\u00f3 una de sus salidas m\u00e1s esperadas: la visita a la Ruta del Mimbre, una jornada repleta de paisajes \u00fanicos, patrimonio hist\u00f3rico y oportunidades fotogr\u00e1ficas excepcionales. La aventura comenz\u00f3 temprano cuando el grupo tom\u00f3 rumbo hacia Ca\u00f1amares, donde a las 10:00 nos esperaba un [&hellip;]\" \/>\n<meta property=\"og:url\" content=\"https:\/\/camaraenmano.org\/index.php\/2025\/12\/11\/la-salida-a-la-ruta-del-mimbre\/\" \/>\n<meta property=\"og:site_name\" content=\"Asociaci\u00f3n fotogr\u00e1fica C\u00e1mara en mano Las Rozas\" \/>\n<meta property=\"article:publisher\" content=\"https:\/\/www.facebook.com\/AFCamaraenmano\/\" \/>\n<meta property=\"article:published_time\" content=\"2025-12-11T15:26:41+00:00\" \/>\n<meta property=\"article:modified_time\" content=\"2025-12-11T22:02:25+00:00\" \/>\n<meta property=\"og:image\" content=\"https:\/\/camaraenmano.org\/wp-content\/uploads\/2025\/12\/mimbre3.jpg\" \/>\n\t<meta property=\"og:image:width\" content=\"950\" \/>\n\t<meta property=\"og:image:height\" content=\"599\" \/>\n\t<meta property=\"og:image:type\" content=\"image\/jpeg\" \/>\n<meta name=\"author\" content=\"Administrador\" \/>\n<meta name=\"twitter:card\" content=\"summary_large_image\" \/>\n<meta name=\"twitter:label1\" content=\"Escrito por\" \/>\n\t<meta name=\"twitter:data1\" content=\"Administrador\" \/>\n\t<meta name=\"twitter:label2\" content=\"Tiempo de lectura\" \/>\n\t<meta name=\"twitter:data2\" content=\"6 minutos\" \/>\n<script type=\"application\/ld+json\" class=\"yoast-schema-graph\">{\"@context\":\"https:\\\/\\\/schema.org\",\"@graph\":[{\"@type\":\"Article\",\"@id\":\"https:\\\/\\\/camaraenmano.org\\\/index.php\\\/2025\\\/12\\\/11\\\/la-salida-a-la-ruta-del-mimbre\\\/#article\",\"isPartOf\":{\"@id\":\"https:\\\/\\\/camaraenmano.org\\\/index.php\\\/2025\\\/12\\\/11\\\/la-salida-a-la-ruta-del-mimbre\\\/\"},\"author\":{\"name\":\"Administrador\",\"@id\":\"https:\\\/\\\/camaraenmano.org\\\/#\\\/schema\\\/person\\\/9ae05f95e2aa0144ea0768d6f65488be\"},\"headline\":\"La salida a la ruta del mimbre\",\"datePublished\":\"2025-12-11T15:26:41+00:00\",\"dateModified\":\"2025-12-11T22:02:25+00:00\",\"mainEntityOfPage\":{\"@id\":\"https:\\\/\\\/camaraenmano.org\\\/index.php\\\/2025\\\/12\\\/11\\\/la-salida-a-la-ruta-del-mimbre\\\/\"},\"wordCount\":463,\"commentCount\":0,\"publisher\":{\"@id\":\"https:\\\/\\\/camaraenmano.org\\\/#organization\"},\"image\":{\"@id\":\"https:\\\/\\\/camaraenmano.org\\\/index.php\\\/2025\\\/12\\\/11\\\/la-salida-a-la-ruta-del-mimbre\\\/#primaryimage\"},\"thumbnailUrl\":\"https:\\\/\\\/camaraenmano.org\\\/wp-content\\\/uploads\\\/2025\\\/12\\\/mimbre3.jpg\",\"articleSection\":[\"Actividades\",\"Salidas fotogr\u00e1ficas\"],\"inLanguage\":\"es\",\"potentialAction\":[{\"@type\":\"CommentAction\",\"name\":\"Comment\",\"target\":[\"https:\\\/\\\/camaraenmano.org\\\/index.php\\\/2025\\\/12\\\/11\\\/la-salida-a-la-ruta-del-mimbre\\\/#respond\"]}]},{\"@type\":\"WebPage\",\"@id\":\"https:\\\/\\\/camaraenmano.org\\\/index.php\\\/2025\\\/12\\\/11\\\/la-salida-a-la-ruta-del-mimbre\\\/\",\"url\":\"https:\\\/\\\/camaraenmano.org\\\/index.php\\\/2025\\\/12\\\/11\\\/la-salida-a-la-ruta-del-mimbre\\\/\",\"name\":\"La salida a la ruta del mimbre - Asociaci\u00f3n fotogr\u00e1fica C\u00e1mara en mano Las Rozas\",\"isPartOf\":{\"@id\":\"https:\\\/\\\/camaraenmano.org\\\/#website\"},\"primaryImageOfPage\":{\"@id\":\"https:\\\/\\\/camaraenmano.org\\\/index.php\\\/2025\\\/12\\\/11\\\/la-salida-a-la-ruta-del-mimbre\\\/#primaryimage\"},\"image\":{\"@id\":\"https:\\\/\\\/camaraenmano.org\\\/index.php\\\/2025\\\/12\\\/11\\\/la-salida-a-la-ruta-del-mimbre\\\/#primaryimage\"},\"thumbnailUrl\":\"https:\\\/\\\/camaraenmano.org\\\/wp-content\\\/uploads\\\/2025\\\/12\\\/mimbre3.jpg\",\"datePublished\":\"2025-12-11T15:26:41+00:00\",\"dateModified\":\"2025-12-11T22:02:25+00:00\",\"breadcrumb\":{\"@id\":\"https:\\\/\\\/camaraenmano.org\\\/index.php\\\/2025\\\/12\\\/11\\\/la-salida-a-la-ruta-del-mimbre\\\/#breadcrumb\"},\"inLanguage\":\"es\",\"potentialAction\":[{\"@type\":\"ReadAction\",\"target\":[\"https:\\\/\\\/camaraenmano.org\\\/index.php\\\/2025\\\/12\\\/11\\\/la-salida-a-la-ruta-del-mimbre\\\/\"]}]},{\"@type\":\"ImageObject\",\"inLanguage\":\"es\",\"@id\":\"https:\\\/\\\/camaraenmano.org\\\/index.php\\\/2025\\\/12\\\/11\\\/la-salida-a-la-ruta-del-mimbre\\\/#primaryimage\",\"url\":\"https:\\\/\\\/camaraenmano.org\\\/wp-content\\\/uploads\\\/2025\\\/12\\\/mimbre3.jpg\",\"contentUrl\":\"https:\\\/\\\/camaraenmano.org\\\/wp-content\\\/uploads\\\/2025\\\/12\\\/mimbre3.jpg\",\"width\":950,\"height\":599},{\"@type\":\"BreadcrumbList\",\"@id\":\"https:\\\/\\\/camaraenmano.org\\\/index.php\\\/2025\\\/12\\\/11\\\/la-salida-a-la-ruta-del-mimbre\\\/#breadcrumb\",\"itemListElement\":[{\"@type\":\"ListItem\",\"position\":1,\"name\":\"Portada\",\"item\":\"https:\\\/\\\/camaraenmano.org\\\/\"},{\"@type\":\"ListItem\",\"position\":2,\"name\":\"La salida a la ruta del mimbre\"}]},{\"@type\":\"WebSite\",\"@id\":\"https:\\\/\\\/camaraenmano.org\\\/#website\",\"url\":\"https:\\\/\\\/camaraenmano.org\\\/\",\"name\":\"Asociaci\u00f3n fotogr\u00e1fica C\u00e1mara en mano Las Rozas\",\"description\":\"\",\"publisher\":{\"@id\":\"https:\\\/\\\/camaraenmano.org\\\/#organization\"},\"potentialAction\":[{\"@type\":\"SearchAction\",\"target\":{\"@type\":\"EntryPoint\",\"urlTemplate\":\"https:\\\/\\\/camaraenmano.org\\\/?s={search_term_string}\"},\"query-input\":{\"@type\":\"PropertyValueSpecification\",\"valueRequired\":true,\"valueName\":\"search_term_string\"}}],\"inLanguage\":\"es\"},{\"@type\":\"Organization\",\"@id\":\"https:\\\/\\\/camaraenmano.org\\\/#organization\",\"name\":\"C\u00e1mara en mano\",\"url\":\"https:\\\/\\\/camaraenmano.org\\\/\",\"logo\":{\"@type\":\"ImageObject\",\"inLanguage\":\"es\",\"@id\":\"https:\\\/\\\/camaraenmano.org\\\/#\\\/schema\\\/logo\\\/image\\\/\",\"url\":\"https:\\\/\\\/camaraenmano.org\\\/wp-content\\\/uploads\\\/2023\\\/10\\\/cropped-Logo-Camara-en-Mano-2-1.png\",\"contentUrl\":\"https:\\\/\\\/camaraenmano.org\\\/wp-content\\\/uploads\\\/2023\\\/10\\\/cropped-Logo-Camara-en-Mano-2-1.png\",\"width\":3174,\"height\":2093,\"caption\":\"C\u00e1mara en mano\"},\"image\":{\"@id\":\"https:\\\/\\\/camaraenmano.org\\\/#\\\/schema\\\/logo\\\/image\\\/\"},\"sameAs\":[\"https:\\\/\\\/www.facebook.com\\\/AFCamaraenmano\\\/\",\"https:\\\/\\\/www.instagram.com\\\/afcamaraenmano\\\/\"]},{\"@type\":\"Person\",\"@id\":\"https:\\\/\\\/camaraenmano.org\\\/#\\\/schema\\\/person\\\/9ae05f95e2aa0144ea0768d6f65488be\",\"name\":\"Administrador\",\"image\":{\"@type\":\"ImageObject\",\"inLanguage\":\"es\",\"@id\":\"https:\\\/\\\/secure.gravatar.com\\\/avatar\\\/afbf021a33f39f3b1b0fcbf424cd00175e4543d4630d7a19e2a7c6defa5096c8?s=96&d=mm&r=g\",\"url\":\"https:\\\/\\\/secure.gravatar.com\\\/avatar\\\/afbf021a33f39f3b1b0fcbf424cd00175e4543d4630d7a19e2a7c6defa5096c8?s=96&d=mm&r=g\",\"contentUrl\":\"https:\\\/\\\/secure.gravatar.com\\\/avatar\\\/afbf021a33f39f3b1b0fcbf424cd00175e4543d4630d7a19e2a7c6defa5096c8?s=96&d=mm&r=g\",\"caption\":\"Administrador\"},\"sameAs\":[\"http:\\\/\\\/camaraenmano.org\"],\"url\":\"https:\\\/\\\/camaraenmano.org\\\/index.php\\\/author\\\/admin2786\\\/\"}]}<\/script>\n<!-- \/ Yoast SEO plugin. -->","yoast_head_json":{"title":"La salida a la ruta del mimbre - Asociaci\u00f3n fotogr\u00e1fica C\u00e1mara en mano Las Rozas","robots":{"index":"index","follow":"follow","max-snippet":"max-snippet:-1","max-image-preview":"max-image-preview:large","max-video-preview":"max-video-preview:-1"},"canonical":"https:\/\/camaraenmano.org\/index.php\/2025\/12\/11\/la-salida-a-la-ruta-del-mimbre\/","og_locale":"es_ES","og_type":"article","og_title":"La salida a la ruta del mimbre - Asociaci\u00f3n fotogr\u00e1fica C\u00e1mara en mano Las Rozas","og_description":"\u00a0El pasado s\u00e1bado 29 de noviembre, la Asociaci\u00f3n C\u00e1mara en Mano celebr\u00f3 una de sus salidas m\u00e1s esperadas: la visita a la Ruta del Mimbre, una jornada repleta de paisajes \u00fanicos, patrimonio hist\u00f3rico y oportunidades fotogr\u00e1ficas excepcionales. La aventura comenz\u00f3 temprano cuando el grupo tom\u00f3 rumbo hacia Ca\u00f1amares, donde a las 10:00 nos esperaba un [&hellip;]","og_url":"https:\/\/camaraenmano.org\/index.php\/2025\/12\/11\/la-salida-a-la-ruta-del-mimbre\/","og_site_name":"Asociaci\u00f3n fotogr\u00e1fica C\u00e1mara en mano Las Rozas","article_publisher":"https:\/\/www.facebook.com\/AFCamaraenmano\/","article_published_time":"2025-12-11T15:26:41+00:00","article_modified_time":"2025-12-11T22:02:25+00:00","og_image":[{"width":950,"height":599,"url":"https:\/\/camaraenmano.org\/wp-content\/uploads\/2025\/12\/mimbre3.jpg","type":"image\/jpeg"}],"author":"Administrador","twitter_card":"summary_large_image","twitter_misc":{"Escrito por":"Administrador","Tiempo de lectura":"6 minutos"},"schema":{"@context":"https:\/\/schema.org","@graph":[{"@type":"Article","@id":"https:\/\/camaraenmano.org\/index.php\/2025\/12\/11\/la-salida-a-la-ruta-del-mimbre\/#article","isPartOf":{"@id":"https:\/\/camaraenmano.org\/index.php\/2025\/12\/11\/la-salida-a-la-ruta-del-mimbre\/"},"author":{"name":"Administrador","@id":"https:\/\/camaraenmano.org\/#\/schema\/person\/9ae05f95e2aa0144ea0768d6f65488be"},"headline":"La salida a la ruta del mimbre","datePublished":"2025-12-11T15:26:41+00:00","dateModified":"2025-12-11T22:02:25+00:00","mainEntityOfPage":{"@id":"https:\/\/camaraenmano.org\/index.php\/2025\/12\/11\/la-salida-a-la-ruta-del-mimbre\/"},"wordCount":463,"commentCount":0,"publisher":{"@id":"https:\/\/camaraenmano.org\/#organization"},"image":{"@id":"https:\/\/camaraenmano.org\/index.php\/2025\/12\/11\/la-salida-a-la-ruta-del-mimbre\/#primaryimage"},"thumbnailUrl":"https:\/\/camaraenmano.org\/wp-content\/uploads\/2025\/12\/mimbre3.jpg","articleSection":["Actividades","Salidas fotogr\u00e1ficas"],"inLanguage":"es","potentialAction":[{"@type":"CommentAction","name":"Comment","target":["https:\/\/camaraenmano.org\/index.php\/2025\/12\/11\/la-salida-a-la-ruta-del-mimbre\/#respond"]}]},{"@type":"WebPage","@id":"https:\/\/camaraenmano.org\/index.php\/2025\/12\/11\/la-salida-a-la-ruta-del-mimbre\/","url":"https:\/\/camaraenmano.org\/index.php\/2025\/12\/11\/la-salida-a-la-ruta-del-mimbre\/","name":"La salida a la ruta del mimbre - Asociaci\u00f3n fotogr\u00e1fica C\u00e1mara en mano Las Rozas","isPartOf":{"@id":"https:\/\/camaraenmano.org\/#website"},"primaryImageOfPage":{"@id":"https:\/\/camaraenmano.org\/index.php\/2025\/12\/11\/la-salida-a-la-ruta-del-mimbre\/#primaryimage"},"image":{"@id":"https:\/\/camaraenmano.org\/index.php\/2025\/12\/11\/la-salida-a-la-ruta-del-mimbre\/#primaryimage"},"thumbnailUrl":"https:\/\/camaraenmano.org\/wp-content\/uploads\/2025\/12\/mimbre3.jpg","datePublished":"2025-12-11T15:26:41+00:00","dateModified":"2025-12-11T22:02:25+00:00","breadcrumb":{"@id":"https:\/\/camaraenmano.org\/index.php\/2025\/12\/11\/la-salida-a-la-ruta-del-mimbre\/#breadcrumb"},"inLanguage":"es","potentialAction":[{"@type":"ReadAction","target":["https:\/\/camaraenmano.org\/index.php\/2025\/12\/11\/la-salida-a-la-ruta-del-mimbre\/"]}]},{"@type":"ImageObject","inLanguage":"es","@id":"https:\/\/camaraenmano.org\/index.php\/2025\/12\/11\/la-salida-a-la-ruta-del-mimbre\/#primaryimage","url":"https:\/\/camaraenmano.org\/wp-content\/uploads\/2025\/12\/mimbre3.jpg","contentUrl":"https:\/\/camaraenmano.org\/wp-content\/uploads\/2025\/12\/mimbre3.jpg","width":950,"height":599},{"@type":"BreadcrumbList","@id":"https:\/\/camaraenmano.org\/index.php\/2025\/12\/11\/la-salida-a-la-ruta-del-mimbre\/#breadcrumb","itemListElement":[{"@type":"ListItem","position":1,"name":"Portada","item":"https:\/\/camaraenmano.org\/"},{"@type":"ListItem","position":2,"name":"La salida a la ruta del mimbre"}]},{"@type":"WebSite","@id":"https:\/\/camaraenmano.org\/#website","url":"https:\/\/camaraenmano.org\/","name":"Asociaci\u00f3n fotogr\u00e1fica C\u00e1mara en mano Las Rozas","description":"","publisher":{"@id":"https:\/\/camaraenmano.org\/#organization"},"potentialAction":[{"@type":"SearchAction","target":{"@type":"EntryPoint","urlTemplate":"https:\/\/camaraenmano.org\/?s={search_term_string}"},"query-input":{"@type":"PropertyValueSpecification","valueRequired":true,"valueName":"search_term_string"}}],"inLanguage":"es"},{"@type":"Organization","@id":"https:\/\/camaraenmano.org\/#organization","name":"C\u00e1mara en mano","url":"https:\/\/camaraenmano.org\/","logo":{"@type":"ImageObject","inLanguage":"es","@id":"https:\/\/camaraenmano.org\/#\/schema\/logo\/image\/","url":"https:\/\/camaraenmano.org\/wp-content\/uploads\/2023\/10\/cropped-Logo-Camara-en-Mano-2-1.png","contentUrl":"https:\/\/camaraenmano.org\/wp-content\/uploads\/2023\/10\/cropped-Logo-Camara-en-Mano-2-1.png","width":3174,"height":2093,"caption":"C\u00e1mara en mano"},"image":{"@id":"https:\/\/camaraenmano.org\/#\/schema\/logo\/image\/"},"sameAs":["https:\/\/www.facebook.com\/AFCamaraenmano\/","https:\/\/www.instagram.com\/afcamaraenmano\/"]},{"@type":"Person","@id":"https:\/\/camaraenmano.org\/#\/schema\/person\/9ae05f95e2aa0144ea0768d6f65488be","name":"Administrador","image":{"@type":"ImageObject","inLanguage":"es","@id":"https:\/\/secure.gravatar.com\/avatar\/afbf021a33f39f3b1b0fcbf424cd00175e4543d4630d7a19e2a7c6defa5096c8?s=96&d=mm&r=g","url":"https:\/\/secure.gravatar.com\/avatar\/afbf021a33f39f3b1b0fcbf424cd00175e4543d4630d7a19e2a7c6defa5096c8?s=96&d=mm&r=g","contentUrl":"https:\/\/secure.gravatar.com\/avatar\/afbf021a33f39f3b1b0fcbf424cd00175e4543d4630d7a19e2a7c6defa5096c8?s=96&d=mm&r=g","caption":"Administrador"},"sameAs":["http:\/\/camaraenmano.org"],"url":"https:\/\/camaraenmano.org\/index.php\/author\/admin2786\/"}]}},"_links":{"self":[{"href":"https:\/\/camaraenmano.org\/index.php\/wp-json\/wp\/v2\/posts\/6176","targetHints":{"allow":["GET"]}}],"collection":[{"href":"https:\/\/camaraenmano.org\/index.php\/wp-json\/wp\/v2\/posts"}],"about":[{"href":"https:\/\/camaraenmano.org\/index.php\/wp-json\/wp\/v2\/types\/post"}],"author":[{"embeddable":true,"href":"https:\/\/camaraenmano.org\/index.php\/wp-json\/wp\/v2\/users\/1"}],"replies":[{"embeddable":true,"href":"https:\/\/camaraenmano.org\/index.php\/wp-json\/wp\/v2\/comments?post=6176"}],"version-history":[{"count":6,"href":"https:\/\/camaraenmano.org\/index.php\/wp-json\/wp\/v2\/posts\/6176\/revisions"}],"predecessor-version":[{"id":6186,"href":"https:\/\/camaraenmano.org\/index.php\/wp-json\/wp\/v2\/posts\/6176\/revisions\/6186"}],"wp:featuredmedia":[{"embeddable":true,"href":"https:\/\/camaraenmano.org\/index.php\/wp-json\/wp\/v2\/media\/6180"}],"wp:attachment":[{"href":"https:\/\/camaraenmano.org\/index.php\/wp-json\/wp\/v2\/media?parent=6176"}],"wp:term":[{"taxonomy":"category","embeddable":true,"href":"https:\/\/camaraenmano.org\/index.php\/wp-json\/wp\/v2\/categories?post=6176"},{"taxonomy":"post_tag","embeddable":true,"href":"https:\/\/camaraenmano.org\/index.php\/wp-json\/wp\/v2\/tags?post=6176"}],"curies":[{"name":"wp","href":"https:\/\/api.w.org\/{rel}","templated":true}]}}