{"id":6316,"date":"2026-01-26T18:43:01","date_gmt":"2026-01-26T17:43:01","guid":{"rendered":"https:\/\/camaraenmano.org\/?p=6316"},"modified":"2026-01-26T20:12:19","modified_gmt":"2026-01-26T19:12:19","slug":"cem-asamblea-2026","status":"publish","type":"post","link":"https:\/\/camaraenmano.org\/index.php\/2026\/01\/26\/cem-asamblea-2026\/","title":{"rendered":"Asamblea General 2026"},"content":{"rendered":"<h1 style=\"text-align: center;\">Celebramos nuestra Asamblea General 2026:\u00a0Balance, memoria y nuevos proyectos en marcha<\/h1>\r\n\r\n<figure class=\"wp-block-image size-large\"><img loading=\"lazy\" decoding=\"async\" width=\"2040\" height=\"1148\" class=\"wp-image-6405\" src=\"https:\/\/camaraenmano.org\/wp-content\/uploads\/2026\/01\/CEM-Junta-2026-gen-03-edited-2.jpeg\" alt=\"\" srcset=\"https:\/\/camaraenmano.org\/wp-content\/uploads\/2026\/01\/CEM-Junta-2026-gen-03-edited-2.jpeg 2040w, https:\/\/camaraenmano.org\/wp-content\/uploads\/2026\/01\/CEM-Junta-2026-gen-03-edited-2-300x169.jpeg 300w, https:\/\/camaraenmano.org\/wp-content\/uploads\/2026\/01\/CEM-Junta-2026-gen-03-edited-2-1024x576.jpeg 1024w, https:\/\/camaraenmano.org\/wp-content\/uploads\/2026\/01\/CEM-Junta-2026-gen-03-edited-2-768x432.jpeg 768w, https:\/\/camaraenmano.org\/wp-content\/uploads\/2026\/01\/CEM-Junta-2026-gen-03-edited-2-1536x864.jpeg 1536w, https:\/\/camaraenmano.org\/wp-content\/uploads\/2026\/01\/CEM-Junta-2026-gen-03-edited-2-1110x624.jpeg 1110w, https:\/\/camaraenmano.org\/wp-content\/uploads\/2026\/01\/CEM-Junta-2026-gen-03-edited-2-528x297.jpeg 528w, https:\/\/camaraenmano.org\/wp-content\/uploads\/2026\/01\/CEM-Junta-2026-gen-03-edited-2-1320x743.jpeg 1320w, https:\/\/camaraenmano.org\/wp-content\/uploads\/2026\/01\/CEM-Junta-2026-gen-03-edited-2-600x338.jpeg 600w\" sizes=\"auto, (max-width: 2040px) 100vw, 2040px\" \/><\/figure>\r\n\r\n<p>El pasado <strong data-start=\"319\" data-end=\"342\">23 de enero de 2026<\/strong>, en la Asociaci\u00f3n Fotogr\u00e1fica <strong data-start=\"370\" data-end=\"394\">C\u00e1mara en Mano (CEM)<\/strong>, celebramos nuestra Asamblea anual, un encuentro imprescindible para revisar el trabajo realizado durante 2025, compartir el estado de la asociaci\u00f3n y poner sobre la mesa los proyectos que marcar\u00e1n 2026.<\/p>\r\n<h4 class=\"ip-location-block-dropup ip-location-block-dropdown\" data-start=\"614\" data-end=\"631\">Orden del d\u00eda<\/h4>\r\n<p>Durante la sesi\u00f3n se abordaron: bienvenida, aprobaci\u00f3n del acta anterior, balance econ\u00f3mico, memoria de actividades, proyectos 2026, cambios en la Junta Directiva y turno de ruegos y preguntas.<\/p>\r\n<h3 class=\"ip-location-block-dropup ip-location-block-dropdown\" style=\"text-align: center;\" data-start=\"1813\" data-end=\"1873\">2026: actividades ya en marcha y nuevas l\u00edneas de trabajo<\/h3>\r\n<h4 class=\"ip-location-block-dropup ip-location-block-dropdown\" data-start=\"1875\" data-end=\"1917\">Pr\u00f3ximas propuestas (primer trimestre)<\/h4>\r\n<p data-start=\"1918\" data-end=\"1987\">Ya est\u00e1n planteadas varias actividades para los pr\u00f3ximos meses, como:<\/p>\r\n<ul data-start=\"1988\" data-end=\"2217\">\r\n<li data-start=\"1988\" data-end=\"2069\">\r\n<p data-start=\"1990\" data-end=\"2069\"><strong data-start=\"1990\" data-end=\"2024\">2\u00aa parte de IA para fot\u00f3grafos<\/strong> (creaci\u00f3n y edici\u00f3n de im\u00e1genes) \u2013 febrero<\/p>\r\n<\/li>\r\n<li data-start=\"2070\" data-end=\"2119\">\r\n<p data-start=\"2072\" data-end=\"2119\"><strong data-start=\"2072\" data-end=\"2094\">Mirada Fotogr\u00e1fica<\/strong> con El\u00edas Lara \u2013 marzo<\/p>\r\n<\/li>\r\n<li data-start=\"2120\" data-end=\"2217\">\r\n<p data-start=\"2122\" data-end=\"2217\"><strong data-start=\"2122\" data-end=\"2154\">Charla con Javier Arcenillas<\/strong> sobre su trabajo \u2013 abril\u00a0<\/p>\r\n<\/li>\r\n<\/ul>\r\n<h4 data-start=\"2219\" data-end=\"2249\">Actividades en preparaci\u00f3n<\/h4>\r\n<p data-start=\"2250\" data-end=\"2553\">Tambi\u00e9n se avanzaron ideas y l\u00edneas de formaci\u00f3n para 2026: narrativa \/ foto conceptual, teleconferencia, redes sociales (Instagram para fot\u00f3grafos), mesa redonda con fot\u00f3grafos profesionales, taller de retrato y una nueva encuesta para orientar mejor la formaci\u00f3n.<\/p>\r\n\r\n<div class=\"wp-block-envira-envira-gallery\"><div id=\"envira-gallery-wrap-6400\" class=\"envira-gallery-wrap envira-gallery-theme-base envira-lightbox-theme-base\" itemscope itemtype=\"https:\/\/schema.org\/ImageGallery\"><div data-row-height=\"150\" data-gallery-theme=\"normal\" id=\"envira-gallery-6400\" class=\"envira-gallery-public envira-gallery-justified-public envira-gallery-0-columns envira-clear enviratope envira-gallery-css-animations\" data-envira-columns=\"0\"><div id=\"envira-gallery-item-6373\" class=\"envira-gallery-item enviratope-item envira-gallery-item-1 envira-lazy-load\" style=\"padding-left: 1px; padding-bottom: 1px; padding-right: 1px;\"  itemscope itemtype=\"https:\/\/schema.org\/ImageObject\"><div class=\"envira-gallery-item-inner\"><div class=\"envira-gallery-position-overlay  envira-gallery-top-left\"><\/div><div class=\"envira-gallery-position-overlay  envira-gallery-top-right\"><\/div><div class=\"envira-gallery-position-overlay  envira-gallery-bottom-left\"><\/div><div class=\"envira-gallery-position-overlay  envira-gallery-bottom-right\"><\/div><a href=\"https:\/\/camaraenmano.org\/wp-content\/uploads\/2026\/01\/CEM-Junta-2026-gen-02.jpeg\" class=\"envira-gallery-6400 envira-gallery-link\" rel=\"enviragallery6400\" title=\"CEM-Junta-2026-gen-02\" data-envira-caption=\"CEM-Junta-2026-gen-02\" data-envira-retina=\"\" data-thumbnail=\"\"  itemprop=\"contentUrl\"><img decoding=\"async\" id=\"envira-gallery-image-6373\" class=\"envira-gallery-image envira-gallery-image-1 envira-normal envira-lazy\" data-envira-index=\"1\" src=\"https:\/\/camaraenmano.org\/wp-content\/uploads\/2026\/01\/CEM-Junta-2026-gen-02-1024x768-640x480.jpeg\" data-envira-src=\"https:\/\/camaraenmano.org\/wp-content\/uploads\/2026\/01\/CEM-Junta-2026-gen-02-1024x768-640x480.jpeg\" data-envira-gallery-id=\"6400\" data-envira-item-id=\"6373\" data-envira-caption=\"CEM-Junta-2026-gen-02\" alt=\"\" title=\"CEM-Junta-2026-gen-02\"  itemprop=\"thumbnailUrl\" data-envira-srcset=\"https:\/\/camaraenmano.org\/wp-content\/uploads\/2026\/01\/CEM-Junta-2026-gen-02-1024x768-640x480.jpeg 400w,https:\/\/camaraenmano.org\/wp-content\/uploads\/2026\/01\/CEM-Junta-2026-gen-02-1024x768-640x480.jpeg 2x\" data-envira-width=\"300\" data-envira-height=\"225\" srcset=\"data:image\/gif;base64,R0lGODlhAQABAIAAAP\/\/\/\/\/\/\/yH5BAEKAAEALAAAAAABAAEAAAICTAEAOw==\" data-safe-src=\"data:image\/gif;base64,R0lGODlhAQABAIAAAP\/\/\/\/\/\/\/yH5BAEKAAEALAAAAAABAAEAAAICTAEAOw==\" \/><\/a><\/div><\/div><div id=\"envira-gallery-item-6390\" class=\"envira-gallery-item enviratope-item envira-gallery-item-2 envira-lazy-load\" style=\"padding-left: 1px; padding-bottom: 1px; padding-right: 1px;\"  itemscope itemtype=\"https:\/\/schema.org\/ImageObject\"><div class=\"envira-gallery-item-inner\"><div class=\"envira-gallery-position-overlay  envira-gallery-top-left\"><\/div><div class=\"envira-gallery-position-overlay  envira-gallery-top-right\"><\/div><div class=\"envira-gallery-position-overlay  envira-gallery-bottom-left\"><\/div><div class=\"envira-gallery-position-overlay  envira-gallery-bottom-right\"><\/div><a href=\"https:\/\/camaraenmano.org\/wp-content\/uploads\/2026\/01\/CEM-Junta-2026-01-1.jpeg\" class=\"envira-gallery-6400 envira-gallery-link\" rel=\"enviragallery6400\" title=\"CEM-Junta-2026-01\" data-envira-caption=\"CEM-Junta-2026-01\" data-envira-retina=\"\" data-thumbnail=\"\"  itemprop=\"contentUrl\"><img decoding=\"async\" id=\"envira-gallery-image-6390\" class=\"envira-gallery-image envira-gallery-image-2 envira-normal envira-lazy\" data-envira-index=\"2\" src=\"https:\/\/camaraenmano.org\/wp-content\/uploads\/2026\/01\/CEM-Junta-2026-01-1-768x1024-640x480.jpeg\" data-envira-src=\"https:\/\/camaraenmano.org\/wp-content\/uploads\/2026\/01\/CEM-Junta-2026-01-1-768x1024-640x480.jpeg\" data-envira-gallery-id=\"6400\" data-envira-item-id=\"6390\" data-envira-caption=\"CEM-Junta-2026-01\" alt=\"\" title=\"CEM-Junta-2026-01\"  itemprop=\"thumbnailUrl\" data-envira-srcset=\"https:\/\/camaraenmano.org\/wp-content\/uploads\/2026\/01\/CEM-Junta-2026-01-1-768x1024-640x480.jpeg 400w,https:\/\/camaraenmano.org\/wp-content\/uploads\/2026\/01\/CEM-Junta-2026-01-1-768x1024-640x480.jpeg 2x\" data-envira-width=\"225\" data-envira-height=\"300\" srcset=\"data:image\/gif;base64,R0lGODlhAQABAIAAAP\/\/\/\/\/\/\/yH5BAEKAAEALAAAAAABAAEAAAICTAEAOw==\" data-safe-src=\"data:image\/gif;base64,R0lGODlhAQABAIAAAP\/\/\/\/\/\/\/yH5BAEKAAEALAAAAAABAAEAAAICTAEAOw==\" \/><\/a><\/div><\/div><div id=\"envira-gallery-item-6391\" class=\"envira-gallery-item enviratope-item envira-gallery-item-3 envira-lazy-load\" style=\"padding-left: 1px; padding-bottom: 1px; padding-right: 1px;\"  itemscope itemtype=\"https:\/\/schema.org\/ImageObject\"><div class=\"envira-gallery-item-inner\"><div class=\"envira-gallery-position-overlay  envira-gallery-top-left\"><\/div><div class=\"envira-gallery-position-overlay  envira-gallery-top-right\"><\/div><div class=\"envira-gallery-position-overlay  envira-gallery-bottom-left\"><\/div><div class=\"envira-gallery-position-overlay  envira-gallery-bottom-right\"><\/div><a href=\"https:\/\/camaraenmano.org\/wp-content\/uploads\/2026\/01\/CEM-Junta-2026-02.jpeg\" class=\"envira-gallery-6400 envira-gallery-link\" rel=\"enviragallery6400\" title=\"CEM-Junta-2026-02\" data-envira-caption=\"CEM-Junta-2026-02\" data-envira-retina=\"\" data-thumbnail=\"\"  itemprop=\"contentUrl\"><img decoding=\"async\" id=\"envira-gallery-image-6391\" class=\"envira-gallery-image envira-gallery-image-3 envira-normal envira-lazy\" data-envira-index=\"3\" src=\"https:\/\/camaraenmano.org\/wp-content\/uploads\/2026\/01\/CEM-Junta-2026-02-607x1024-640x480.jpeg\" data-envira-src=\"https:\/\/camaraenmano.org\/wp-content\/uploads\/2026\/01\/CEM-Junta-2026-02-607x1024-640x480.jpeg\" data-envira-gallery-id=\"6400\" data-envira-item-id=\"6391\" data-envira-caption=\"CEM-Junta-2026-02\" alt=\"\" title=\"CEM-Junta-2026-02\"  itemprop=\"thumbnailUrl\" data-envira-srcset=\"https:\/\/camaraenmano.org\/wp-content\/uploads\/2026\/01\/CEM-Junta-2026-02-607x1024-640x480.jpeg 400w,https:\/\/camaraenmano.org\/wp-content\/uploads\/2026\/01\/CEM-Junta-2026-02-607x1024-640x480.jpeg 2x\" data-envira-width=\"178\" data-envira-height=\"300\" srcset=\"data:image\/gif;base64,R0lGODlhAQABAIAAAP\/\/\/\/\/\/\/yH5BAEKAAEALAAAAAABAAEAAAICTAEAOw==\" data-safe-src=\"data:image\/gif;base64,R0lGODlhAQABAIAAAP\/\/\/\/\/\/\/yH5BAEKAAEALAAAAAABAAEAAAICTAEAOw==\" \/><\/a><\/div><\/div><div id=\"envira-gallery-item-6371\" class=\"envira-gallery-item enviratope-item envira-gallery-item-4 envira-lazy-load\" style=\"padding-left: 1px; padding-bottom: 1px; padding-right: 1px;\"  itemscope itemtype=\"https:\/\/schema.org\/ImageObject\"><div class=\"envira-gallery-item-inner\"><div class=\"envira-gallery-position-overlay  envira-gallery-top-left\"><\/div><div class=\"envira-gallery-position-overlay  envira-gallery-top-right\"><\/div><div class=\"envira-gallery-position-overlay  envira-gallery-bottom-left\"><\/div><div class=\"envira-gallery-position-overlay  envira-gallery-bottom-right\"><\/div><a href=\"https:\/\/camaraenmano.org\/wp-content\/uploads\/2026\/01\/CEM-Junta-2026-05.jpeg\" class=\"envira-gallery-6400 envira-gallery-link\" rel=\"enviragallery6400\" title=\"CEM-Junta-2026-05\" data-envira-caption=\"CEM-Junta-2026-05\" data-envira-retina=\"\" data-thumbnail=\"\"  itemprop=\"contentUrl\"><img decoding=\"async\" id=\"envira-gallery-image-6371\" class=\"envira-gallery-image envira-gallery-image-4 envira-normal envira-lazy\" data-envira-index=\"4\" src=\"https:\/\/camaraenmano.org\/wp-content\/uploads\/2026\/01\/CEM-Junta-2026-05-461x1024-640x480.jpeg\" data-envira-src=\"https:\/\/camaraenmano.org\/wp-content\/uploads\/2026\/01\/CEM-Junta-2026-05-461x1024-640x480.jpeg\" data-envira-gallery-id=\"6400\" data-envira-item-id=\"6371\" data-envira-caption=\"CEM-Junta-2026-05\" alt=\"\" title=\"CEM-Junta-2026-05\"  itemprop=\"thumbnailUrl\" data-envira-srcset=\"https:\/\/camaraenmano.org\/wp-content\/uploads\/2026\/01\/CEM-Junta-2026-05-461x1024-640x480.jpeg 400w,https:\/\/camaraenmano.org\/wp-content\/uploads\/2026\/01\/CEM-Junta-2026-05-461x1024-640x480.jpeg 2x\" data-envira-width=\"135\" data-envira-height=\"300\" srcset=\"data:image\/gif;base64,R0lGODlhAQABAIAAAP\/\/\/\/\/\/\/yH5BAEKAAEALAAAAAABAAEAAAICTAEAOw==\" data-safe-src=\"data:image\/gif;base64,R0lGODlhAQABAIAAAP\/\/\/\/\/\/\/yH5BAEKAAEALAAAAAABAAEAAAICTAEAOw==\" \/><\/a><\/div><\/div><div id=\"envira-gallery-item-6392\" class=\"envira-gallery-item enviratope-item envira-gallery-item-5 envira-lazy-load\" style=\"padding-left: 1px; padding-bottom: 1px; padding-right: 1px;\"  itemscope itemtype=\"https:\/\/schema.org\/ImageObject\"><div class=\"envira-gallery-item-inner\"><div class=\"envira-gallery-position-overlay  envira-gallery-top-left\"><\/div><div class=\"envira-gallery-position-overlay  envira-gallery-top-right\"><\/div><div class=\"envira-gallery-position-overlay  envira-gallery-bottom-left\"><\/div><div class=\"envira-gallery-position-overlay  envira-gallery-bottom-right\"><\/div><a href=\"https:\/\/camaraenmano.org\/wp-content\/uploads\/2026\/01\/CEM-Junta-2026-03-1.jpeg\" class=\"envira-gallery-6400 envira-gallery-link\" rel=\"enviragallery6400\" title=\"CEM-Junta-2026-03\" data-envira-caption=\"CEM-Junta-2026-03\" data-envira-retina=\"\" data-thumbnail=\"\"  itemprop=\"contentUrl\"><img decoding=\"async\" id=\"envira-gallery-image-6392\" class=\"envira-gallery-image envira-gallery-image-5 envira-normal envira-lazy\" data-envira-index=\"5\" src=\"https:\/\/camaraenmano.org\/wp-content\/uploads\/2026\/01\/CEM-Junta-2026-03-1-768x1024-640x480.jpeg\" data-envira-src=\"https:\/\/camaraenmano.org\/wp-content\/uploads\/2026\/01\/CEM-Junta-2026-03-1-768x1024-640x480.jpeg\" data-envira-gallery-id=\"6400\" data-envira-item-id=\"6392\" data-envira-caption=\"CEM-Junta-2026-03\" alt=\"\" title=\"CEM-Junta-2026-03\"  itemprop=\"thumbnailUrl\" data-envira-srcset=\"https:\/\/camaraenmano.org\/wp-content\/uploads\/2026\/01\/CEM-Junta-2026-03-1-768x1024-640x480.jpeg 400w,https:\/\/camaraenmano.org\/wp-content\/uploads\/2026\/01\/CEM-Junta-2026-03-1-768x1024-640x480.jpeg 2x\" data-envira-width=\"225\" data-envira-height=\"300\" srcset=\"data:image\/gif;base64,R0lGODlhAQABAIAAAP\/\/\/\/\/\/\/yH5BAEKAAEALAAAAAABAAEAAAICTAEAOw==\" data-safe-src=\"data:image\/gif;base64,R0lGODlhAQABAIAAAP\/\/\/\/\/\/\/yH5BAEKAAEALAAAAAABAAEAAAICTAEAOw==\" \/><\/a><\/div><\/div><div id=\"envira-gallery-item-6372\" class=\"envira-gallery-item enviratope-item envira-gallery-item-6 envira-lazy-load\" style=\"padding-left: 1px; padding-bottom: 1px; padding-right: 1px;\"  itemscope itemtype=\"https:\/\/schema.org\/ImageObject\"><div class=\"envira-gallery-item-inner\"><div class=\"envira-gallery-position-overlay  envira-gallery-top-left\"><\/div><div class=\"envira-gallery-position-overlay  envira-gallery-top-right\"><\/div><div class=\"envira-gallery-position-overlay  envira-gallery-bottom-left\"><\/div><div class=\"envira-gallery-position-overlay  envira-gallery-bottom-right\"><\/div><a href=\"https:\/\/camaraenmano.org\/wp-content\/uploads\/2026\/01\/CEM-Junta-2026-gen-01.jpeg\" class=\"envira-gallery-6400 envira-gallery-link\" rel=\"enviragallery6400\" title=\"CEM-Junta-2026-gen-01\" data-envira-caption=\"CEM-Junta-2026-gen-01\" data-envira-retina=\"\" data-thumbnail=\"\"  itemprop=\"contentUrl\"><img decoding=\"async\" id=\"envira-gallery-image-6372\" class=\"envira-gallery-image envira-gallery-image-6 envira-normal envira-lazy\" data-envira-index=\"6\" src=\"https:\/\/camaraenmano.org\/wp-content\/uploads\/2026\/01\/CEM-Junta-2026-gen-01-640x480.jpeg\" data-envira-src=\"https:\/\/camaraenmano.org\/wp-content\/uploads\/2026\/01\/CEM-Junta-2026-gen-01-640x480.jpeg\" data-envira-gallery-id=\"6400\" data-envira-item-id=\"6372\" data-envira-caption=\"CEM-Junta-2026-gen-01\" alt=\"\" title=\"CEM-Junta-2026-gen-01\"  itemprop=\"thumbnailUrl\" data-envira-srcset=\"https:\/\/camaraenmano.org\/wp-content\/uploads\/2026\/01\/CEM-Junta-2026-gen-01-640x480.jpeg 400w,https:\/\/camaraenmano.org\/wp-content\/uploads\/2026\/01\/CEM-Junta-2026-gen-01-640x480.jpeg 2x\" data-envira-width=\"300\" data-envira-height=\"225\" srcset=\"data:image\/gif;base64,R0lGODlhAQABAIAAAP\/\/\/\/\/\/\/yH5BAEKAAEALAAAAAABAAEAAAICTAEAOw==\" data-safe-src=\"data:image\/gif;base64,R0lGODlhAQABAIAAAP\/\/\/\/\/\/\/yH5BAEKAAEALAAAAAABAAEAAAICTAEAOw==\" \/><\/a><\/div><\/div><div id=\"envira-gallery-item-6375\" class=\"envira-gallery-item enviratope-item envira-gallery-item-7 envira-lazy-load\" style=\"padding-left: 1px; padding-bottom: 1px; padding-right: 1px;\"  itemscope itemtype=\"https:\/\/schema.org\/ImageObject\"><div class=\"envira-gallery-item-inner\"><div class=\"envira-gallery-position-overlay  envira-gallery-top-left\"><\/div><div class=\"envira-gallery-position-overlay  envira-gallery-top-right\"><\/div><div class=\"envira-gallery-position-overlay  envira-gallery-bottom-left\"><\/div><div class=\"envira-gallery-position-overlay  envira-gallery-bottom-right\"><\/div><a href=\"https:\/\/camaraenmano.org\/wp-content\/uploads\/2026\/01\/CEM-Junta-2026-gen-04.jpeg\" class=\"envira-gallery-6400 envira-gallery-link\" rel=\"enviragallery6400\" title=\"CEM-Junta-2026-gen-04\" data-envira-caption=\"CEM-Junta-2026-gen-04\" data-envira-retina=\"\" data-thumbnail=\"\"  itemprop=\"contentUrl\"><img decoding=\"async\" id=\"envira-gallery-image-6375\" class=\"envira-gallery-image envira-gallery-image-7 envira-normal envira-lazy\" data-envira-index=\"7\" src=\"https:\/\/camaraenmano.org\/wp-content\/uploads\/2026\/01\/CEM-Junta-2026-gen-04-1024x461-640x480.jpeg\" data-envira-src=\"https:\/\/camaraenmano.org\/wp-content\/uploads\/2026\/01\/CEM-Junta-2026-gen-04-1024x461-640x480.jpeg\" data-envira-gallery-id=\"6400\" data-envira-item-id=\"6375\" data-envira-caption=\"CEM-Junta-2026-gen-04\" alt=\"\" title=\"CEM-Junta-2026-gen-04\"  itemprop=\"thumbnailUrl\" data-envira-srcset=\"https:\/\/camaraenmano.org\/wp-content\/uploads\/2026\/01\/CEM-Junta-2026-gen-04-1024x461-640x480.jpeg 400w,https:\/\/camaraenmano.org\/wp-content\/uploads\/2026\/01\/CEM-Junta-2026-gen-04-1024x461-640x480.jpeg 2x\" data-envira-width=\"300\" data-envira-height=\"135\" srcset=\"data:image\/gif;base64,R0lGODlhAQABAIAAAP\/\/\/\/\/\/\/yH5BAEKAAEALAAAAAABAAEAAAICTAEAOw==\" data-safe-src=\"data:image\/gif;base64,R0lGODlhAQABAIAAAP\/\/\/\/\/\/\/yH5BAEKAAEALAAAAAABAAEAAAICTAEAOw==\" \/><\/a><\/div><\/div><div id=\"envira-gallery-item-6376\" class=\"envira-gallery-item enviratope-item envira-gallery-item-8 envira-lazy-load\" style=\"padding-left: 1px; padding-bottom: 1px; padding-right: 1px;\"  itemscope itemtype=\"https:\/\/schema.org\/ImageObject\"><div class=\"envira-gallery-item-inner\"><div class=\"envira-gallery-position-overlay  envira-gallery-top-left\"><\/div><div class=\"envira-gallery-position-overlay  envira-gallery-top-right\"><\/div><div class=\"envira-gallery-position-overlay  envira-gallery-bottom-left\"><\/div><div class=\"envira-gallery-position-overlay  envira-gallery-bottom-right\"><\/div><a href=\"https:\/\/camaraenmano.org\/wp-content\/uploads\/2026\/01\/CEM-Junta-2026-ramon.jpeg\" class=\"envira-gallery-6400 envira-gallery-link\" rel=\"enviragallery6400\" title=\"CEM-Junta-2026-ramon\" data-envira-caption=\"CEM-Junta-2026-ramon\" data-envira-retina=\"\" data-thumbnail=\"\"  itemprop=\"contentUrl\"><img decoding=\"async\" id=\"envira-gallery-image-6376\" class=\"envira-gallery-image envira-gallery-image-8 envira-normal envira-lazy\" data-envira-index=\"8\" src=\"https:\/\/camaraenmano.org\/wp-content\/uploads\/2026\/01\/CEM-Junta-2026-ramon-768x1024-640x480.jpeg\" data-envira-src=\"https:\/\/camaraenmano.org\/wp-content\/uploads\/2026\/01\/CEM-Junta-2026-ramon-768x1024-640x480.jpeg\" data-envira-gallery-id=\"6400\" data-envira-item-id=\"6376\" data-envira-caption=\"CEM-Junta-2026-ramon\" alt=\"\" title=\"CEM-Junta-2026-ramon\"  itemprop=\"thumbnailUrl\" data-envira-srcset=\"https:\/\/camaraenmano.org\/wp-content\/uploads\/2026\/01\/CEM-Junta-2026-ramon-768x1024-640x480.jpeg 400w,https:\/\/camaraenmano.org\/wp-content\/uploads\/2026\/01\/CEM-Junta-2026-ramon-768x1024-640x480.jpeg 2x\" data-envira-width=\"225\" data-envira-height=\"300\" srcset=\"data:image\/gif;base64,R0lGODlhAQABAIAAAP\/\/\/\/\/\/\/yH5BAEKAAEALAAAAAABAAEAAAICTAEAOw==\" data-safe-src=\"data:image\/gif;base64,R0lGODlhAQABAIAAAP\/\/\/\/\/\/\/yH5BAEKAAEALAAAAAABAAEAAAICTAEAOw==\" \/><\/a><\/div><\/div><div id=\"envira-gallery-item-6378\" class=\"envira-gallery-item enviratope-item envira-gallery-item-9 envira-lazy-load\" style=\"padding-left: 1px; padding-bottom: 1px; padding-right: 1px;\"  itemscope itemtype=\"https:\/\/schema.org\/ImageObject\"><div class=\"envira-gallery-item-inner\"><div class=\"envira-gallery-position-overlay  envira-gallery-top-left\"><\/div><div class=\"envira-gallery-position-overlay  envira-gallery-top-right\"><\/div><div class=\"envira-gallery-position-overlay  envira-gallery-bottom-left\"><\/div><div class=\"envira-gallery-position-overlay  envira-gallery-bottom-right\"><\/div><a href=\"https:\/\/camaraenmano.org\/wp-content\/uploads\/2026\/01\/CEM-Junta-2026-Ramon-03.jpeg\" class=\"envira-gallery-6400 envira-gallery-link\" rel=\"enviragallery6400\" title=\"CEM-Junta-2026-Ramon-03\" data-envira-caption=\"CEM-Junta-2026-Ramon-03\" data-envira-retina=\"\" data-thumbnail=\"\"  itemprop=\"contentUrl\"><img decoding=\"async\" id=\"envira-gallery-image-6378\" class=\"envira-gallery-image envira-gallery-image-9 envira-normal envira-lazy\" data-envira-index=\"9\" src=\"https:\/\/camaraenmano.org\/wp-content\/uploads\/2026\/01\/CEM-Junta-2026-Ramon-03-768x1024-640x480.jpeg\" data-envira-src=\"https:\/\/camaraenmano.org\/wp-content\/uploads\/2026\/01\/CEM-Junta-2026-Ramon-03-768x1024-640x480.jpeg\" data-envira-gallery-id=\"6400\" data-envira-item-id=\"6378\" data-envira-caption=\"CEM-Junta-2026-Ramon-03\" alt=\"\" title=\"CEM-Junta-2026-Ramon-03\"  itemprop=\"thumbnailUrl\" data-envira-srcset=\"https:\/\/camaraenmano.org\/wp-content\/uploads\/2026\/01\/CEM-Junta-2026-Ramon-03-768x1024-640x480.jpeg 400w,https:\/\/camaraenmano.org\/wp-content\/uploads\/2026\/01\/CEM-Junta-2026-Ramon-03-768x1024-640x480.jpeg 2x\" data-envira-width=\"225\" data-envira-height=\"300\" srcset=\"data:image\/gif;base64,R0lGODlhAQABAIAAAP\/\/\/\/\/\/\/yH5BAEKAAEALAAAAAABAAEAAAICTAEAOw==\" data-safe-src=\"data:image\/gif;base64,R0lGODlhAQABAIAAAP\/\/\/\/\/\/\/yH5BAEKAAEALAAAAAABAAEAAAICTAEAOw==\" \/><\/a><\/div><\/div><div id=\"envira-gallery-item-6377\" class=\"envira-gallery-item enviratope-item envira-gallery-item-10 envira-lazy-load\" style=\"padding-left: 1px; padding-bottom: 1px; padding-right: 1px;\"  itemscope itemtype=\"https:\/\/schema.org\/ImageObject\"><div class=\"envira-gallery-item-inner\"><div class=\"envira-gallery-position-overlay  envira-gallery-top-left\"><\/div><div class=\"envira-gallery-position-overlay  envira-gallery-top-right\"><\/div><div class=\"envira-gallery-position-overlay  envira-gallery-bottom-left\"><\/div><div class=\"envira-gallery-position-overlay  envira-gallery-bottom-right\"><\/div><a href=\"https:\/\/camaraenmano.org\/wp-content\/uploads\/2026\/01\/CEM-Junta-2026-Ramon-02.jpeg\" class=\"envira-gallery-6400 envira-gallery-link\" rel=\"enviragallery6400\" title=\"CEM-Junta-2026-Ramon-02\" data-envira-caption=\"CEM-Junta-2026-Ramon-02\" data-envira-retina=\"\" data-thumbnail=\"\"  itemprop=\"contentUrl\"><img decoding=\"async\" id=\"envira-gallery-image-6377\" class=\"envira-gallery-image envira-gallery-image-10 envira-normal envira-lazy\" data-envira-index=\"10\" src=\"https:\/\/camaraenmano.org\/wp-content\/uploads\/2026\/01\/CEM-Junta-2026-Ramon-02-768x1024-640x480.jpeg\" data-envira-src=\"https:\/\/camaraenmano.org\/wp-content\/uploads\/2026\/01\/CEM-Junta-2026-Ramon-02-768x1024-640x480.jpeg\" data-envira-gallery-id=\"6400\" data-envira-item-id=\"6377\" data-envira-caption=\"CEM-Junta-2026-Ramon-02\" alt=\"\" title=\"CEM-Junta-2026-Ramon-02\"  itemprop=\"thumbnailUrl\" data-envira-srcset=\"https:\/\/camaraenmano.org\/wp-content\/uploads\/2026\/01\/CEM-Junta-2026-Ramon-02-768x1024-640x480.jpeg 400w,https:\/\/camaraenmano.org\/wp-content\/uploads\/2026\/01\/CEM-Junta-2026-Ramon-02-768x1024-640x480.jpeg 2x\" data-envira-width=\"225\" data-envira-height=\"300\" srcset=\"data:image\/gif;base64,R0lGODlhAQABAIAAAP\/\/\/\/\/\/\/yH5BAEKAAEALAAAAAABAAEAAAICTAEAOw==\" data-safe-src=\"data:image\/gif;base64,R0lGODlhAQABAIAAAP\/\/\/\/\/\/\/yH5BAEKAAEALAAAAAABAAEAAAICTAEAOw==\" \/><\/a><\/div><\/div><\/div><\/div><noscript><img decoding=\"async\" src=\"https:\/\/camaraenmano.org\/wp-content\/uploads\/2026\/01\/CEM-Junta-2026-gen-02.jpeg\" alt=\"\" \/><img decoding=\"async\" src=\"https:\/\/camaraenmano.org\/wp-content\/uploads\/2026\/01\/CEM-Junta-2026-01-1.jpeg\" alt=\"\" \/><img decoding=\"async\" src=\"https:\/\/camaraenmano.org\/wp-content\/uploads\/2026\/01\/CEM-Junta-2026-02.jpeg\" alt=\"\" \/><img decoding=\"async\" src=\"https:\/\/camaraenmano.org\/wp-content\/uploads\/2026\/01\/CEM-Junta-2026-05.jpeg\" alt=\"\" \/><img decoding=\"async\" src=\"https:\/\/camaraenmano.org\/wp-content\/uploads\/2026\/01\/CEM-Junta-2026-03-1.jpeg\" alt=\"\" \/><img decoding=\"async\" src=\"https:\/\/camaraenmano.org\/wp-content\/uploads\/2026\/01\/CEM-Junta-2026-gen-01.jpeg\" alt=\"\" \/><img decoding=\"async\" src=\"https:\/\/camaraenmano.org\/wp-content\/uploads\/2026\/01\/CEM-Junta-2026-gen-04.jpeg\" alt=\"\" \/><img decoding=\"async\" src=\"https:\/\/camaraenmano.org\/wp-content\/uploads\/2026\/01\/CEM-Junta-2026-ramon.jpeg\" alt=\"\" \/><img decoding=\"async\" src=\"https:\/\/camaraenmano.org\/wp-content\/uploads\/2026\/01\/CEM-Junta-2026-Ramon-03.jpeg\" alt=\"\" \/><img decoding=\"async\" src=\"https:\/\/camaraenmano.org\/wp-content\/uploads\/2026\/01\/CEM-Junta-2026-Ramon-02.jpeg\" alt=\"\" \/><\/noscript><\/div>\r\n\r\n<h4 data-start=\"3100\" data-end=\"3153\">Foto Fest: un proyecto ilusionante en construcci\u00f3n<\/h4>\r\n<p data-start=\"3155\" data-end=\"3590\">Uno de los puntos fuertes de la Asamblea fue el <strong data-start=\"3219\" data-end=\"3232\">Foto Fest<\/strong>, un proyecto para impulsar un festival fotogr\u00e1fico en Las Rozas, promovido por CEM, con la intenci\u00f3n de contar con apoyo institucional. Se detall\u00f3 el enfoque, el equipo, posibles espacios (Auditorio Joaqu\u00edn Rodrigo) y el estado actual: nombre y dominio registrados y una primera l\u00ednea de imagen corporativa ya creada.<\/p>\r\n<h4 class=\"ip-location-block-dropup ip-location-block-dropdown\" data-start=\"3597\" data-end=\"3654\">Federaci\u00f3n Fotogr\u00e1fica de Madrid<\/h4>\r\n<p data-start=\"3656\" data-end=\"4299\">La Junta traslad\u00f3 a la Asamblea la propuesta de integraci\u00f3n en la <strong data-start=\"3722\" data-end=\"3758\">Federaci\u00f3n Fotogr\u00e1fica de Madrid<\/strong>, explicando requisitos y beneficios para la asociaci\u00f3n y sus socios (actividades comunes, v\u00edas de financiaci\u00f3n, contacto con entidades nacionales e internacionales, etc.).<\/p>\r\n<h4 data-start=\"3656\" data-end=\"4299\">Cambios en la Junta<\/h4>\r\n<p data-start=\"3656\" data-end=\"4299\">Abordamos tambi\u00e9n la renovaci\u00f3n en la Junta Directiva: Despedimos a nuestro presidente saliente,<strong> Ram\u00f3n Engelmo<\/strong> y aprobamos, por votaci\u00f3n, una candidatura de continuidad con <strong>Alberto Barrera, Chus Alguer\u00f3 y Mar\u00eda jos\u00e9 Alcaraz<\/strong> como representantes, para seguir consolidando la asociaci\u00f3n, integrar nuevos miembros y atraer talento joven. Actualmente, CEM cuenta con <strong data-start=\"4245\" data-end=\"4258\">94 socios<\/strong>.<\/p>\r\n<p style=\"text-align: center;\" data-start=\"3656\" data-end=\"4299\"><strong><span style=\"color: #ff9900;\"><a style=\"color: #ff9900;\" href=\"https:\/\/camaraenmano.org\/wp-content\/uploads\/2026\/01\/Asamblea-Enero-2026.pdf\" target=\"_blank\" rel=\"noopener\">Haz Click aqu\u00ed para ver toda la info detallada de la Asamblea General 2026<\/a><\/span><\/strong><\/p>\r\n<h4 data-start=\"3597\" data-end=\"3654\">Cena<\/h4>\r\n<p data-start=\"3656\" data-end=\"4299\">Por supuesto, no pod\u00eda faltar la cena de confraternizaci\u00f3n para ponernos al d\u00eda y recibir como es debido a los nuevos miembros que acudieron ;-P<\/p>\r\n\r\n<div class=\"wp-block-envira-envira-gallery\"><div id=\"envira-gallery-wrap-6363\" class=\"envira-gallery-wrap envira-gallery-theme-base envira-lightbox-theme-base\" itemscope itemtype=\"https:\/\/schema.org\/ImageGallery\"><div data-row-height=\"150\" data-gallery-theme=\"normal\" id=\"envira-gallery-6363\" class=\"envira-gallery-public envira-gallery-justified-public envira-gallery-0-columns envira-clear enviratope envira-gallery-css-animations\" data-envira-columns=\"0\"><div id=\"envira-gallery-item-6359\" class=\"envira-gallery-item enviratope-item envira-gallery-item-1 envira-lazy-load\" style=\"padding-left: 1px; padding-bottom: 1px; padding-right: 1px;\"  itemscope itemtype=\"https:\/\/schema.org\/ImageObject\"><div class=\"envira-gallery-item-inner\"><div class=\"envira-gallery-position-overlay  envira-gallery-top-left\"><\/div><div class=\"envira-gallery-position-overlay  envira-gallery-top-right\"><\/div><div class=\"envira-gallery-position-overlay  envira-gallery-bottom-left\"><\/div><div class=\"envira-gallery-position-overlay  envira-gallery-bottom-right\"><\/div><a href=\"https:\/\/camaraenmano.org\/wp-content\/uploads\/2026\/01\/CEM-Cena-2026-07.jpeg\" class=\"envira-gallery-6363 envira-gallery-link\" rel=\"enviragallery6363\" title=\"CEM-Cena-2026-07\" data-envira-caption=\"CEM-Cena-2026-07\" data-envira-retina=\"\" data-thumbnail=\"\"  itemprop=\"contentUrl\"><img decoding=\"async\" id=\"envira-gallery-image-6359\" class=\"envira-gallery-image envira-gallery-image-1 envira-normal envira-lazy\" data-envira-index=\"1\" src=\"https:\/\/camaraenmano.org\/wp-content\/uploads\/2026\/01\/CEM-Cena-2026-07-1024x768-640x480.jpeg\" data-envira-src=\"https:\/\/camaraenmano.org\/wp-content\/uploads\/2026\/01\/CEM-Cena-2026-07-1024x768-640x480.jpeg\" data-envira-gallery-id=\"6363\" data-envira-item-id=\"6359\" data-envira-caption=\"CEM-Cena-2026-07\" alt=\"\" title=\"CEM-Cena-2026-07\"  itemprop=\"thumbnailUrl\" data-envira-srcset=\"https:\/\/camaraenmano.org\/wp-content\/uploads\/2026\/01\/CEM-Cena-2026-07-1024x768-640x480.jpeg 400w,https:\/\/camaraenmano.org\/wp-content\/uploads\/2026\/01\/CEM-Cena-2026-07-1024x768-640x480.jpeg 2x\" data-envira-width=\"300\" data-envira-height=\"225\" srcset=\"data:image\/gif;base64,R0lGODlhAQABAIAAAP\/\/\/\/\/\/\/yH5BAEKAAEALAAAAAABAAEAAAICTAEAOw==\" data-safe-src=\"data:image\/gif;base64,R0lGODlhAQABAIAAAP\/\/\/\/\/\/\/yH5BAEKAAEALAAAAAABAAEAAAICTAEAOw==\" \/><\/a><\/div><\/div><div id=\"envira-gallery-item-6358\" class=\"envira-gallery-item enviratope-item envira-gallery-item-2 envira-lazy-load\" style=\"padding-left: 1px; padding-bottom: 1px; padding-right: 1px;\"  itemscope itemtype=\"https:\/\/schema.org\/ImageObject\"><div class=\"envira-gallery-item-inner\"><div class=\"envira-gallery-position-overlay  envira-gallery-top-left\"><\/div><div class=\"envira-gallery-position-overlay  envira-gallery-top-right\"><\/div><div class=\"envira-gallery-position-overlay  envira-gallery-bottom-left\"><\/div><div class=\"envira-gallery-position-overlay  envira-gallery-bottom-right\"><\/div><a href=\"https:\/\/camaraenmano.org\/wp-content\/uploads\/2026\/01\/CEM-Cena-2026-06.jpeg\" class=\"envira-gallery-6363 envira-gallery-link\" rel=\"enviragallery6363\" title=\"CEM-Cena-2026-06\" data-envira-caption=\"CEM-Cena-2026-06\" data-envira-retina=\"\" data-thumbnail=\"\"  itemprop=\"contentUrl\"><img decoding=\"async\" id=\"envira-gallery-image-6358\" class=\"envira-gallery-image envira-gallery-image-2 envira-normal envira-lazy\" data-envira-index=\"2\" src=\"https:\/\/camaraenmano.org\/wp-content\/uploads\/2026\/01\/CEM-Cena-2026-06-1024x768-640x480.jpeg\" data-envira-src=\"https:\/\/camaraenmano.org\/wp-content\/uploads\/2026\/01\/CEM-Cena-2026-06-1024x768-640x480.jpeg\" data-envira-gallery-id=\"6363\" data-envira-item-id=\"6358\" data-envira-caption=\"CEM-Cena-2026-06\" alt=\"\" title=\"CEM-Cena-2026-06\"  itemprop=\"thumbnailUrl\" data-envira-srcset=\"https:\/\/camaraenmano.org\/wp-content\/uploads\/2026\/01\/CEM-Cena-2026-06-1024x768-640x480.jpeg 400w,https:\/\/camaraenmano.org\/wp-content\/uploads\/2026\/01\/CEM-Cena-2026-06-1024x768-640x480.jpeg 2x\" data-envira-width=\"300\" data-envira-height=\"225\" srcset=\"data:image\/gif;base64,R0lGODlhAQABAIAAAP\/\/\/\/\/\/\/yH5BAEKAAEALAAAAAABAAEAAAICTAEAOw==\" data-safe-src=\"data:image\/gif;base64,R0lGODlhAQABAIAAAP\/\/\/\/\/\/\/yH5BAEKAAEALAAAAAABAAEAAAICTAEAOw==\" \/><\/a><\/div><\/div><div id=\"envira-gallery-item-6357\" class=\"envira-gallery-item enviratope-item envira-gallery-item-3 envira-lazy-load\" style=\"padding-left: 1px; padding-bottom: 1px; padding-right: 1px;\"  itemscope itemtype=\"https:\/\/schema.org\/ImageObject\"><div class=\"envira-gallery-item-inner\"><div class=\"envira-gallery-position-overlay  envira-gallery-top-left\"><\/div><div class=\"envira-gallery-position-overlay  envira-gallery-top-right\"><\/div><div class=\"envira-gallery-position-overlay  envira-gallery-bottom-left\"><\/div><div class=\"envira-gallery-position-overlay  envira-gallery-bottom-right\"><\/div><a href=\"https:\/\/camaraenmano.org\/wp-content\/uploads\/2026\/01\/CEM-Cena-2026-05.jpeg\" class=\"envira-gallery-6363 envira-gallery-link\" rel=\"enviragallery6363\" title=\"CEM-Cena-2026-05\" data-envira-caption=\"CEM-Cena-2026-05\" data-envira-retina=\"\" data-thumbnail=\"\"  itemprop=\"contentUrl\"><img decoding=\"async\" id=\"envira-gallery-image-6357\" class=\"envira-gallery-image envira-gallery-image-3 envira-normal envira-lazy\" data-envira-index=\"3\" src=\"https:\/\/camaraenmano.org\/wp-content\/uploads\/2026\/01\/CEM-Cena-2026-05-1024x768-640x480.jpeg\" data-envira-src=\"https:\/\/camaraenmano.org\/wp-content\/uploads\/2026\/01\/CEM-Cena-2026-05-1024x768-640x480.jpeg\" data-envira-gallery-id=\"6363\" data-envira-item-id=\"6357\" data-envira-caption=\"CEM-Cena-2026-05\" alt=\"\" title=\"CEM-Cena-2026-05\"  itemprop=\"thumbnailUrl\" data-envira-srcset=\"https:\/\/camaraenmano.org\/wp-content\/uploads\/2026\/01\/CEM-Cena-2026-05-1024x768-640x480.jpeg 400w,https:\/\/camaraenmano.org\/wp-content\/uploads\/2026\/01\/CEM-Cena-2026-05-1024x768-640x480.jpeg 2x\" data-envira-width=\"300\" data-envira-height=\"225\" srcset=\"data:image\/gif;base64,R0lGODlhAQABAIAAAP\/\/\/\/\/\/\/yH5BAEKAAEALAAAAAABAAEAAAICTAEAOw==\" data-safe-src=\"data:image\/gif;base64,R0lGODlhAQABAIAAAP\/\/\/\/\/\/\/yH5BAEKAAEALAAAAAABAAEAAAICTAEAOw==\" \/><\/a><\/div><\/div><div id=\"envira-gallery-item-6356\" class=\"envira-gallery-item enviratope-item envira-gallery-item-4 envira-lazy-load\" style=\"padding-left: 1px; padding-bottom: 1px; padding-right: 1px;\"  itemscope itemtype=\"https:\/\/schema.org\/ImageObject\"><div class=\"envira-gallery-item-inner\"><div class=\"envira-gallery-position-overlay  envira-gallery-top-left\"><\/div><div class=\"envira-gallery-position-overlay  envira-gallery-top-right\"><\/div><div class=\"envira-gallery-position-overlay  envira-gallery-bottom-left\"><\/div><div class=\"envira-gallery-position-overlay  envira-gallery-bottom-right\"><\/div><a href=\"https:\/\/camaraenmano.org\/wp-content\/uploads\/2026\/01\/CEM-Cena-2026-04-2.jpeg\" class=\"envira-gallery-6363 envira-gallery-link\" rel=\"enviragallery6363\" title=\"CEM-Cena-2026-04\" data-envira-caption=\"CEM-Cena-2026-04\" data-envira-retina=\"\" data-thumbnail=\"\"  itemprop=\"contentUrl\"><img decoding=\"async\" id=\"envira-gallery-image-6356\" class=\"envira-gallery-image envira-gallery-image-4 envira-normal envira-lazy\" data-envira-index=\"4\" src=\"https:\/\/camaraenmano.org\/wp-content\/uploads\/2026\/01\/CEM-Cena-2026-04-2-768x1024-640x480.jpeg\" data-envira-src=\"https:\/\/camaraenmano.org\/wp-content\/uploads\/2026\/01\/CEM-Cena-2026-04-2-768x1024-640x480.jpeg\" data-envira-gallery-id=\"6363\" data-envira-item-id=\"6356\" data-envira-caption=\"CEM-Cena-2026-04\" alt=\"\" title=\"CEM-Cena-2026-04\"  itemprop=\"thumbnailUrl\" data-envira-srcset=\"https:\/\/camaraenmano.org\/wp-content\/uploads\/2026\/01\/CEM-Cena-2026-04-2-768x1024-640x480.jpeg 400w,https:\/\/camaraenmano.org\/wp-content\/uploads\/2026\/01\/CEM-Cena-2026-04-2-768x1024-640x480.jpeg 2x\" data-envira-width=\"225\" data-envira-height=\"300\" srcset=\"data:image\/gif;base64,R0lGODlhAQABAIAAAP\/\/\/\/\/\/\/yH5BAEKAAEALAAAAAABAAEAAAICTAEAOw==\" data-safe-src=\"data:image\/gif;base64,R0lGODlhAQABAIAAAP\/\/\/\/\/\/\/yH5BAEKAAEALAAAAAABAAEAAAICTAEAOw==\" \/><\/a><\/div><\/div><div id=\"envira-gallery-item-6355\" class=\"envira-gallery-item enviratope-item envira-gallery-item-5 envira-lazy-load\" style=\"padding-left: 1px; padding-bottom: 1px; padding-right: 1px;\"  itemscope itemtype=\"https:\/\/schema.org\/ImageObject\"><div class=\"envira-gallery-item-inner\"><div class=\"envira-gallery-position-overlay  envira-gallery-top-left\"><\/div><div class=\"envira-gallery-position-overlay  envira-gallery-top-right\"><\/div><div class=\"envira-gallery-position-overlay  envira-gallery-bottom-left\"><\/div><div class=\"envira-gallery-position-overlay  envira-gallery-bottom-right\"><\/div><a href=\"https:\/\/camaraenmano.org\/wp-content\/uploads\/2026\/01\/CEM-Cena-2026-03-2.jpeg\" class=\"envira-gallery-6363 envira-gallery-link\" rel=\"enviragallery6363\" title=\"CEM-Cena-2026-03\" data-envira-caption=\"CEM-Cena-2026-03\" data-envira-retina=\"\" data-thumbnail=\"\"  itemprop=\"contentUrl\"><img decoding=\"async\" id=\"envira-gallery-image-6355\" class=\"envira-gallery-image envira-gallery-image-5 envira-normal envira-lazy\" data-envira-index=\"5\" src=\"https:\/\/camaraenmano.org\/wp-content\/uploads\/2026\/01\/CEM-Cena-2026-03-2-768x1024-640x480.jpeg\" data-envira-src=\"https:\/\/camaraenmano.org\/wp-content\/uploads\/2026\/01\/CEM-Cena-2026-03-2-768x1024-640x480.jpeg\" data-envira-gallery-id=\"6363\" data-envira-item-id=\"6355\" data-envira-caption=\"CEM-Cena-2026-03\" alt=\"\" title=\"CEM-Cena-2026-03\"  itemprop=\"thumbnailUrl\" data-envira-srcset=\"https:\/\/camaraenmano.org\/wp-content\/uploads\/2026\/01\/CEM-Cena-2026-03-2-768x1024-640x480.jpeg 400w,https:\/\/camaraenmano.org\/wp-content\/uploads\/2026\/01\/CEM-Cena-2026-03-2-768x1024-640x480.jpeg 2x\" data-envira-width=\"225\" data-envira-height=\"300\" srcset=\"data:image\/gif;base64,R0lGODlhAQABAIAAAP\/\/\/\/\/\/\/yH5BAEKAAEALAAAAAABAAEAAAICTAEAOw==\" data-safe-src=\"data:image\/gif;base64,R0lGODlhAQABAIAAAP\/\/\/\/\/\/\/yH5BAEKAAEALAAAAAABAAEAAAICTAEAOw==\" \/><\/a><\/div><\/div><div id=\"envira-gallery-item-6354\" class=\"envira-gallery-item enviratope-item envira-gallery-item-6 envira-lazy-load\" style=\"padding-left: 1px; padding-bottom: 1px; padding-right: 1px;\"  itemscope itemtype=\"https:\/\/schema.org\/ImageObject\"><div class=\"envira-gallery-item-inner\"><div class=\"envira-gallery-position-overlay  envira-gallery-top-left\"><\/div><div class=\"envira-gallery-position-overlay  envira-gallery-top-right\"><\/div><div class=\"envira-gallery-position-overlay  envira-gallery-bottom-left\"><\/div><div class=\"envira-gallery-position-overlay  envira-gallery-bottom-right\"><\/div><a href=\"https:\/\/camaraenmano.org\/wp-content\/uploads\/2026\/01\/CEM-Cena-2026-02-2.jpeg\" class=\"envira-gallery-6363 envira-gallery-link\" rel=\"enviragallery6363\" title=\"CEM-Cena-2026-02\" data-envira-caption=\"CEM-Cena-2026-02\" data-envira-retina=\"\" data-thumbnail=\"\"  itemprop=\"contentUrl\"><img decoding=\"async\" id=\"envira-gallery-image-6354\" class=\"envira-gallery-image envira-gallery-image-6 envira-normal envira-lazy\" data-envira-index=\"6\" src=\"https:\/\/camaraenmano.org\/wp-content\/uploads\/2026\/01\/CEM-Cena-2026-02-2-768x1024-640x480.jpeg\" data-envira-src=\"https:\/\/camaraenmano.org\/wp-content\/uploads\/2026\/01\/CEM-Cena-2026-02-2-768x1024-640x480.jpeg\" data-envira-gallery-id=\"6363\" data-envira-item-id=\"6354\" data-envira-caption=\"CEM-Cena-2026-02\" alt=\"\" title=\"CEM-Cena-2026-02\"  itemprop=\"thumbnailUrl\" data-envira-srcset=\"https:\/\/camaraenmano.org\/wp-content\/uploads\/2026\/01\/CEM-Cena-2026-02-2-768x1024-640x480.jpeg 400w,https:\/\/camaraenmano.org\/wp-content\/uploads\/2026\/01\/CEM-Cena-2026-02-2-768x1024-640x480.jpeg 2x\" data-envira-width=\"225\" data-envira-height=\"300\" srcset=\"data:image\/gif;base64,R0lGODlhAQABAIAAAP\/\/\/\/\/\/\/yH5BAEKAAEALAAAAAABAAEAAAICTAEAOw==\" data-safe-src=\"data:image\/gif;base64,R0lGODlhAQABAIAAAP\/\/\/\/\/\/\/yH5BAEKAAEALAAAAAABAAEAAAICTAEAOw==\" \/><\/a><\/div><\/div><div id=\"envira-gallery-item-6353\" class=\"envira-gallery-item enviratope-item envira-gallery-item-7 envira-lazy-load\" style=\"padding-left: 1px; padding-bottom: 1px; padding-right: 1px;\"  itemscope itemtype=\"https:\/\/schema.org\/ImageObject\"><div class=\"envira-gallery-item-inner\"><div class=\"envira-gallery-position-overlay  envira-gallery-top-left\"><\/div><div class=\"envira-gallery-position-overlay  envira-gallery-top-right\"><\/div><div class=\"envira-gallery-position-overlay  envira-gallery-bottom-left\"><\/div><div class=\"envira-gallery-position-overlay  envira-gallery-bottom-right\"><\/div><a href=\"https:\/\/camaraenmano.org\/wp-content\/uploads\/2026\/01\/CEM-Cena-2026-01-2.jpeg\" class=\"envira-gallery-6363 envira-gallery-link\" rel=\"enviragallery6363\" title=\"CEM-Cena-2026-01\" data-envira-caption=\"CEM-Cena-2026-01\" data-envira-retina=\"\" data-thumbnail=\"\"  itemprop=\"contentUrl\"><img decoding=\"async\" id=\"envira-gallery-image-6353\" class=\"envira-gallery-image envira-gallery-image-7 envira-normal envira-lazy\" data-envira-index=\"7\" src=\"https:\/\/camaraenmano.org\/wp-content\/uploads\/2026\/01\/CEM-Cena-2026-01-2-768x1024-640x480.jpeg\" data-envira-src=\"https:\/\/camaraenmano.org\/wp-content\/uploads\/2026\/01\/CEM-Cena-2026-01-2-768x1024-640x480.jpeg\" data-envira-gallery-id=\"6363\" data-envira-item-id=\"6353\" data-envira-caption=\"CEM-Cena-2026-01\" alt=\"\" title=\"CEM-Cena-2026-01\"  itemprop=\"thumbnailUrl\" data-envira-srcset=\"https:\/\/camaraenmano.org\/wp-content\/uploads\/2026\/01\/CEM-Cena-2026-01-2-768x1024-640x480.jpeg 400w,https:\/\/camaraenmano.org\/wp-content\/uploads\/2026\/01\/CEM-Cena-2026-01-2-768x1024-640x480.jpeg 2x\" data-envira-width=\"225\" data-envira-height=\"300\" srcset=\"data:image\/gif;base64,R0lGODlhAQABAIAAAP\/\/\/\/\/\/\/yH5BAEKAAEALAAAAAABAAEAAAICTAEAOw==\" data-safe-src=\"data:image\/gif;base64,R0lGODlhAQABAIAAAP\/\/\/\/\/\/\/yH5BAEKAAEALAAAAAABAAEAAAICTAEAOw==\" \/><\/a><\/div><\/div><\/div><\/div><noscript><img decoding=\"async\" src=\"https:\/\/camaraenmano.org\/wp-content\/uploads\/2026\/01\/CEM-Cena-2026-07.jpeg\" alt=\"\" \/><img decoding=\"async\" src=\"https:\/\/camaraenmano.org\/wp-content\/uploads\/2026\/01\/CEM-Cena-2026-06.jpeg\" alt=\"\" \/><img decoding=\"async\" src=\"https:\/\/camaraenmano.org\/wp-content\/uploads\/2026\/01\/CEM-Cena-2026-05.jpeg\" alt=\"\" \/><img decoding=\"async\" src=\"https:\/\/camaraenmano.org\/wp-content\/uploads\/2026\/01\/CEM-Cena-2026-04-2.jpeg\" alt=\"\" \/><img decoding=\"async\" src=\"https:\/\/camaraenmano.org\/wp-content\/uploads\/2026\/01\/CEM-Cena-2026-03-2.jpeg\" alt=\"\" \/><img decoding=\"async\" src=\"https:\/\/camaraenmano.org\/wp-content\/uploads\/2026\/01\/CEM-Cena-2026-02-2.jpeg\" alt=\"\" \/><img decoding=\"async\" src=\"https:\/\/camaraenmano.org\/wp-content\/uploads\/2026\/01\/CEM-Cena-2026-01-2.jpeg\" alt=\"\" \/><\/noscript><\/div>\r\n","protected":false},"excerpt":{"rendered":"<p>Celebramos nuestra Asamblea General 2026:\u00a0Balance, memoria y nuevos proyectos en marcha El pasado 23 de enero de 2026, en la Asociaci\u00f3n Fotogr\u00e1fica C\u00e1mara en Mano (CEM), celebramos nuestra Asamblea anual, un encuentro imprescindible para revisar el trabajo realizado durante 2025, compartir el estado de la asociaci\u00f3n y poner sobre la mesa los proyectos que marcar\u00e1n [&hellip;]<\/p>\n","protected":false},"author":5,"featured_media":6405,"comment_status":"open","ping_status":"open","sticky":false,"template":"","format":"standard","meta":{"footnotes":""},"categories":[5,4,430,31,27],"tags":[214],"class_list":{"0":"post-6316","1":"post","2":"type-post","3":"status-publish","4":"format-standard","5":"has-post-thumbnail","7":"category-actividades","8":"category-alberto-barrera","9":"category-asamblea","10":"category-chus-alguero-borras","11":"category-ramon-engelmo","12":"tag-asamblea","13":"czr-hentry"},"yoast_head":"<!-- This site is optimized with the Yoast SEO plugin v27.5 - https:\/\/yoast.com\/product\/yoast-seo-wordpress\/ -->\n<title>Asamblea General 2026 - Asociaci\u00f3n fotogr\u00e1fica C\u00e1mara en mano Las Rozas<\/title>\n<meta name=\"robots\" content=\"index, follow, max-snippet:-1, max-image-preview:large, max-video-preview:-1\" \/>\n<link rel=\"canonical\" href=\"https:\/\/camaraenmano.org\/index.php\/2026\/01\/26\/cem-asamblea-2026\/\" \/>\n<meta property=\"og:locale\" content=\"es_ES\" \/>\n<meta property=\"og:type\" content=\"article\" \/>\n<meta property=\"og:title\" content=\"Asamblea General 2026 - Asociaci\u00f3n fotogr\u00e1fica C\u00e1mara en mano Las Rozas\" \/>\n<meta property=\"og:description\" content=\"Celebramos nuestra Asamblea General 2026:\u00a0Balance, memoria y nuevos proyectos en marcha El pasado 23 de enero de 2026, en la Asociaci\u00f3n Fotogr\u00e1fica C\u00e1mara en Mano (CEM), celebramos nuestra Asamblea anual, un encuentro imprescindible para revisar el trabajo realizado durante 2025, compartir el estado de la asociaci\u00f3n y poner sobre la mesa los proyectos que marcar\u00e1n [&hellip;]\" \/>\n<meta property=\"og:url\" content=\"https:\/\/camaraenmano.org\/index.php\/2026\/01\/26\/cem-asamblea-2026\/\" \/>\n<meta property=\"og:site_name\" content=\"Asociaci\u00f3n fotogr\u00e1fica C\u00e1mara en mano Las Rozas\" \/>\n<meta property=\"article:publisher\" content=\"https:\/\/www.facebook.com\/AFCamaraenmano\/\" \/>\n<meta property=\"article:published_time\" content=\"2026-01-26T17:43:01+00:00\" \/>\n<meta property=\"article:modified_time\" content=\"2026-01-26T19:12:19+00:00\" \/>\n<meta property=\"og:image\" content=\"https:\/\/camaraenmano.org\/wp-content\/uploads\/2026\/01\/CEM-Junta-2026-gen-03-edited-2.jpeg\" \/>\n\t<meta property=\"og:image:width\" content=\"2040\" \/>\n\t<meta property=\"og:image:height\" content=\"1148\" \/>\n\t<meta property=\"og:image:type\" content=\"image\/jpeg\" \/>\n<meta name=\"author\" content=\"Izaskun Valmaseda\" \/>\n<meta name=\"twitter:card\" content=\"summary_large_image\" \/>\n<meta name=\"twitter:label1\" content=\"Escrito por\" \/>\n\t<meta name=\"twitter:data1\" content=\"Izaskun Valmaseda\" \/>\n\t<meta name=\"twitter:label2\" content=\"Tiempo de lectura\" \/>\n\t<meta name=\"twitter:data2\" content=\"3 minutos\" \/>\n<script type=\"application\/ld+json\" class=\"yoast-schema-graph\">{\"@context\":\"https:\\\/\\\/schema.org\",\"@graph\":[{\"@type\":\"Article\",\"@id\":\"https:\\\/\\\/camaraenmano.org\\\/index.php\\\/2026\\\/01\\\/26\\\/cem-asamblea-2026\\\/#article\",\"isPartOf\":{\"@id\":\"https:\\\/\\\/camaraenmano.org\\\/index.php\\\/2026\\\/01\\\/26\\\/cem-asamblea-2026\\\/\"},\"author\":{\"name\":\"Izaskun Valmaseda\",\"@id\":\"https:\\\/\\\/camaraenmano.org\\\/#\\\/schema\\\/person\\\/c6fda738da7d276cf0a7370e72471eed\"},\"headline\":\"Asamblea General 2026\",\"datePublished\":\"2026-01-26T17:43:01+00:00\",\"dateModified\":\"2026-01-26T19:12:19+00:00\",\"mainEntityOfPage\":{\"@id\":\"https:\\\/\\\/camaraenmano.org\\\/index.php\\\/2026\\\/01\\\/26\\\/cem-asamblea-2026\\\/\"},\"wordCount\":426,\"commentCount\":0,\"publisher\":{\"@id\":\"https:\\\/\\\/camaraenmano.org\\\/#organization\"},\"image\":{\"@id\":\"https:\\\/\\\/camaraenmano.org\\\/index.php\\\/2026\\\/01\\\/26\\\/cem-asamblea-2026\\\/#primaryimage\"},\"thumbnailUrl\":\"https:\\\/\\\/camaraenmano.org\\\/wp-content\\\/uploads\\\/2026\\\/01\\\/CEM-Junta-2026-gen-03-edited-2.jpeg\",\"keywords\":[\"Asamblea\"],\"articleSection\":[\"Actividades\",\"Alberto Barrera P\u00e9rez\",\"Asamblea\",\"Chus Alguero Borr\u00e1s\",\"Ram\u00f3n Engelmo Terrades\"],\"inLanguage\":\"es\",\"potentialAction\":[{\"@type\":\"CommentAction\",\"name\":\"Comment\",\"target\":[\"https:\\\/\\\/camaraenmano.org\\\/index.php\\\/2026\\\/01\\\/26\\\/cem-asamblea-2026\\\/#respond\"]}]},{\"@type\":\"WebPage\",\"@id\":\"https:\\\/\\\/camaraenmano.org\\\/index.php\\\/2026\\\/01\\\/26\\\/cem-asamblea-2026\\\/\",\"url\":\"https:\\\/\\\/camaraenmano.org\\\/index.php\\\/2026\\\/01\\\/26\\\/cem-asamblea-2026\\\/\",\"name\":\"Asamblea General 2026 - Asociaci\u00f3n fotogr\u00e1fica C\u00e1mara en mano Las Rozas\",\"isPartOf\":{\"@id\":\"https:\\\/\\\/camaraenmano.org\\\/#website\"},\"primaryImageOfPage\":{\"@id\":\"https:\\\/\\\/camaraenmano.org\\\/index.php\\\/2026\\\/01\\\/26\\\/cem-asamblea-2026\\\/#primaryimage\"},\"image\":{\"@id\":\"https:\\\/\\\/camaraenmano.org\\\/index.php\\\/2026\\\/01\\\/26\\\/cem-asamblea-2026\\\/#primaryimage\"},\"thumbnailUrl\":\"https:\\\/\\\/camaraenmano.org\\\/wp-content\\\/uploads\\\/2026\\\/01\\\/CEM-Junta-2026-gen-03-edited-2.jpeg\",\"datePublished\":\"2026-01-26T17:43:01+00:00\",\"dateModified\":\"2026-01-26T19:12:19+00:00\",\"breadcrumb\":{\"@id\":\"https:\\\/\\\/camaraenmano.org\\\/index.php\\\/2026\\\/01\\\/26\\\/cem-asamblea-2026\\\/#breadcrumb\"},\"inLanguage\":\"es\",\"potentialAction\":[{\"@type\":\"ReadAction\",\"target\":[\"https:\\\/\\\/camaraenmano.org\\\/index.php\\\/2026\\\/01\\\/26\\\/cem-asamblea-2026\\\/\"]}]},{\"@type\":\"ImageObject\",\"inLanguage\":\"es\",\"@id\":\"https:\\\/\\\/camaraenmano.org\\\/index.php\\\/2026\\\/01\\\/26\\\/cem-asamblea-2026\\\/#primaryimage\",\"url\":\"https:\\\/\\\/camaraenmano.org\\\/wp-content\\\/uploads\\\/2026\\\/01\\\/CEM-Junta-2026-gen-03-edited-2.jpeg\",\"contentUrl\":\"https:\\\/\\\/camaraenmano.org\\\/wp-content\\\/uploads\\\/2026\\\/01\\\/CEM-Junta-2026-gen-03-edited-2.jpeg\",\"width\":2040,\"height\":1148},{\"@type\":\"BreadcrumbList\",\"@id\":\"https:\\\/\\\/camaraenmano.org\\\/index.php\\\/2026\\\/01\\\/26\\\/cem-asamblea-2026\\\/#breadcrumb\",\"itemListElement\":[{\"@type\":\"ListItem\",\"position\":1,\"name\":\"Portada\",\"item\":\"https:\\\/\\\/camaraenmano.org\\\/\"},{\"@type\":\"ListItem\",\"position\":2,\"name\":\"Asamblea General 2026\"}]},{\"@type\":\"WebSite\",\"@id\":\"https:\\\/\\\/camaraenmano.org\\\/#website\",\"url\":\"https:\\\/\\\/camaraenmano.org\\\/\",\"name\":\"Asociaci\u00f3n fotogr\u00e1fica C\u00e1mara en mano Las Rozas\",\"description\":\"\",\"publisher\":{\"@id\":\"https:\\\/\\\/camaraenmano.org\\\/#organization\"},\"potentialAction\":[{\"@type\":\"SearchAction\",\"target\":{\"@type\":\"EntryPoint\",\"urlTemplate\":\"https:\\\/\\\/camaraenmano.org\\\/?s={search_term_string}\"},\"query-input\":{\"@type\":\"PropertyValueSpecification\",\"valueRequired\":true,\"valueName\":\"search_term_string\"}}],\"inLanguage\":\"es\"},{\"@type\":\"Organization\",\"@id\":\"https:\\\/\\\/camaraenmano.org\\\/#organization\",\"name\":\"C\u00e1mara en mano\",\"url\":\"https:\\\/\\\/camaraenmano.org\\\/\",\"logo\":{\"@type\":\"ImageObject\",\"inLanguage\":\"es\",\"@id\":\"https:\\\/\\\/camaraenmano.org\\\/#\\\/schema\\\/logo\\\/image\\\/\",\"url\":\"https:\\\/\\\/camaraenmano.org\\\/wp-content\\\/uploads\\\/2023\\\/10\\\/cropped-Logo-Camara-en-Mano-2-1.png\",\"contentUrl\":\"https:\\\/\\\/camaraenmano.org\\\/wp-content\\\/uploads\\\/2023\\\/10\\\/cropped-Logo-Camara-en-Mano-2-1.png\",\"width\":3174,\"height\":2093,\"caption\":\"C\u00e1mara en mano\"},\"image\":{\"@id\":\"https:\\\/\\\/camaraenmano.org\\\/#\\\/schema\\\/logo\\\/image\\\/\"},\"sameAs\":[\"https:\\\/\\\/www.facebook.com\\\/AFCamaraenmano\\\/\",\"https:\\\/\\\/www.instagram.com\\\/afcamaraenmano\\\/\"]},{\"@type\":\"Person\",\"@id\":\"https:\\\/\\\/camaraenmano.org\\\/#\\\/schema\\\/person\\\/c6fda738da7d276cf0a7370e72471eed\",\"name\":\"Izaskun Valmaseda\",\"image\":{\"@type\":\"ImageObject\",\"inLanguage\":\"es\",\"@id\":\"https:\\\/\\\/secure.gravatar.com\\\/avatar\\\/7e351cd10d91b3ad452fc3261f5c489f90b6ec6d2e89ac6abb6e7106bf5dc09e?s=96&d=mm&r=g\",\"url\":\"https:\\\/\\\/secure.gravatar.com\\\/avatar\\\/7e351cd10d91b3ad452fc3261f5c489f90b6ec6d2e89ac6abb6e7106bf5dc09e?s=96&d=mm&r=g\",\"contentUrl\":\"https:\\\/\\\/secure.gravatar.com\\\/avatar\\\/7e351cd10d91b3ad452fc3261f5c489f90b6ec6d2e89ac6abb6e7106bf5dc09e?s=96&d=mm&r=g\",\"caption\":\"Izaskun Valmaseda\"},\"url\":\"https:\\\/\\\/camaraenmano.org\\\/index.php\\\/author\\\/admin2787\\\/\"}]}<\/script>\n<!-- \/ Yoast SEO plugin. -->","yoast_head_json":{"title":"Asamblea General 2026 - Asociaci\u00f3n fotogr\u00e1fica C\u00e1mara en mano Las Rozas","robots":{"index":"index","follow":"follow","max-snippet":"max-snippet:-1","max-image-preview":"max-image-preview:large","max-video-preview":"max-video-preview:-1"},"canonical":"https:\/\/camaraenmano.org\/index.php\/2026\/01\/26\/cem-asamblea-2026\/","og_locale":"es_ES","og_type":"article","og_title":"Asamblea General 2026 - Asociaci\u00f3n fotogr\u00e1fica C\u00e1mara en mano Las Rozas","og_description":"Celebramos nuestra Asamblea General 2026:\u00a0Balance, memoria y nuevos proyectos en marcha El pasado 23 de enero de 2026, en la Asociaci\u00f3n Fotogr\u00e1fica C\u00e1mara en Mano (CEM), celebramos nuestra Asamblea anual, un encuentro imprescindible para revisar el trabajo realizado durante 2025, compartir el estado de la asociaci\u00f3n y poner sobre la mesa los proyectos que marcar\u00e1n [&hellip;]","og_url":"https:\/\/camaraenmano.org\/index.php\/2026\/01\/26\/cem-asamblea-2026\/","og_site_name":"Asociaci\u00f3n fotogr\u00e1fica C\u00e1mara en mano Las Rozas","article_publisher":"https:\/\/www.facebook.com\/AFCamaraenmano\/","article_published_time":"2026-01-26T17:43:01+00:00","article_modified_time":"2026-01-26T19:12:19+00:00","og_image":[{"width":2040,"height":1148,"url":"https:\/\/camaraenmano.org\/wp-content\/uploads\/2026\/01\/CEM-Junta-2026-gen-03-edited-2.jpeg","type":"image\/jpeg"}],"author":"Izaskun Valmaseda","twitter_card":"summary_large_image","twitter_misc":{"Escrito por":"Izaskun Valmaseda","Tiempo de lectura":"3 minutos"},"schema":{"@context":"https:\/\/schema.org","@graph":[{"@type":"Article","@id":"https:\/\/camaraenmano.org\/index.php\/2026\/01\/26\/cem-asamblea-2026\/#article","isPartOf":{"@id":"https:\/\/camaraenmano.org\/index.php\/2026\/01\/26\/cem-asamblea-2026\/"},"author":{"name":"Izaskun Valmaseda","@id":"https:\/\/camaraenmano.org\/#\/schema\/person\/c6fda738da7d276cf0a7370e72471eed"},"headline":"Asamblea General 2026","datePublished":"2026-01-26T17:43:01+00:00","dateModified":"2026-01-26T19:12:19+00:00","mainEntityOfPage":{"@id":"https:\/\/camaraenmano.org\/index.php\/2026\/01\/26\/cem-asamblea-2026\/"},"wordCount":426,"commentCount":0,"publisher":{"@id":"https:\/\/camaraenmano.org\/#organization"},"image":{"@id":"https:\/\/camaraenmano.org\/index.php\/2026\/01\/26\/cem-asamblea-2026\/#primaryimage"},"thumbnailUrl":"https:\/\/camaraenmano.org\/wp-content\/uploads\/2026\/01\/CEM-Junta-2026-gen-03-edited-2.jpeg","keywords":["Asamblea"],"articleSection":["Actividades","Alberto Barrera P\u00e9rez","Asamblea","Chus Alguero Borr\u00e1s","Ram\u00f3n Engelmo Terrades"],"inLanguage":"es","potentialAction":[{"@type":"CommentAction","name":"Comment","target":["https:\/\/camaraenmano.org\/index.php\/2026\/01\/26\/cem-asamblea-2026\/#respond"]}]},{"@type":"WebPage","@id":"https:\/\/camaraenmano.org\/index.php\/2026\/01\/26\/cem-asamblea-2026\/","url":"https:\/\/camaraenmano.org\/index.php\/2026\/01\/26\/cem-asamblea-2026\/","name":"Asamblea General 2026 - Asociaci\u00f3n fotogr\u00e1fica C\u00e1mara en mano Las Rozas","isPartOf":{"@id":"https:\/\/camaraenmano.org\/#website"},"primaryImageOfPage":{"@id":"https:\/\/camaraenmano.org\/index.php\/2026\/01\/26\/cem-asamblea-2026\/#primaryimage"},"image":{"@id":"https:\/\/camaraenmano.org\/index.php\/2026\/01\/26\/cem-asamblea-2026\/#primaryimage"},"thumbnailUrl":"https:\/\/camaraenmano.org\/wp-content\/uploads\/2026\/01\/CEM-Junta-2026-gen-03-edited-2.jpeg","datePublished":"2026-01-26T17:43:01+00:00","dateModified":"2026-01-26T19:12:19+00:00","breadcrumb":{"@id":"https:\/\/camaraenmano.org\/index.php\/2026\/01\/26\/cem-asamblea-2026\/#breadcrumb"},"inLanguage":"es","potentialAction":[{"@type":"ReadAction","target":["https:\/\/camaraenmano.org\/index.php\/2026\/01\/26\/cem-asamblea-2026\/"]}]},{"@type":"ImageObject","inLanguage":"es","@id":"https:\/\/camaraenmano.org\/index.php\/2026\/01\/26\/cem-asamblea-2026\/#primaryimage","url":"https:\/\/camaraenmano.org\/wp-content\/uploads\/2026\/01\/CEM-Junta-2026-gen-03-edited-2.jpeg","contentUrl":"https:\/\/camaraenmano.org\/wp-content\/uploads\/2026\/01\/CEM-Junta-2026-gen-03-edited-2.jpeg","width":2040,"height":1148},{"@type":"BreadcrumbList","@id":"https:\/\/camaraenmano.org\/index.php\/2026\/01\/26\/cem-asamblea-2026\/#breadcrumb","itemListElement":[{"@type":"ListItem","position":1,"name":"Portada","item":"https:\/\/camaraenmano.org\/"},{"@type":"ListItem","position":2,"name":"Asamblea General 2026"}]},{"@type":"WebSite","@id":"https:\/\/camaraenmano.org\/#website","url":"https:\/\/camaraenmano.org\/","name":"Asociaci\u00f3n fotogr\u00e1fica C\u00e1mara en mano Las Rozas","description":"","publisher":{"@id":"https:\/\/camaraenmano.org\/#organization"},"potentialAction":[{"@type":"SearchAction","target":{"@type":"EntryPoint","urlTemplate":"https:\/\/camaraenmano.org\/?s={search_term_string}"},"query-input":{"@type":"PropertyValueSpecification","valueRequired":true,"valueName":"search_term_string"}}],"inLanguage":"es"},{"@type":"Organization","@id":"https:\/\/camaraenmano.org\/#organization","name":"C\u00e1mara en mano","url":"https:\/\/camaraenmano.org\/","logo":{"@type":"ImageObject","inLanguage":"es","@id":"https:\/\/camaraenmano.org\/#\/schema\/logo\/image\/","url":"https:\/\/camaraenmano.org\/wp-content\/uploads\/2023\/10\/cropped-Logo-Camara-en-Mano-2-1.png","contentUrl":"https:\/\/camaraenmano.org\/wp-content\/uploads\/2023\/10\/cropped-Logo-Camara-en-Mano-2-1.png","width":3174,"height":2093,"caption":"C\u00e1mara en mano"},"image":{"@id":"https:\/\/camaraenmano.org\/#\/schema\/logo\/image\/"},"sameAs":["https:\/\/www.facebook.com\/AFCamaraenmano\/","https:\/\/www.instagram.com\/afcamaraenmano\/"]},{"@type":"Person","@id":"https:\/\/camaraenmano.org\/#\/schema\/person\/c6fda738da7d276cf0a7370e72471eed","name":"Izaskun Valmaseda","image":{"@type":"ImageObject","inLanguage":"es","@id":"https:\/\/secure.gravatar.com\/avatar\/7e351cd10d91b3ad452fc3261f5c489f90b6ec6d2e89ac6abb6e7106bf5dc09e?s=96&d=mm&r=g","url":"https:\/\/secure.gravatar.com\/avatar\/7e351cd10d91b3ad452fc3261f5c489f90b6ec6d2e89ac6abb6e7106bf5dc09e?s=96&d=mm&r=g","contentUrl":"https:\/\/secure.gravatar.com\/avatar\/7e351cd10d91b3ad452fc3261f5c489f90b6ec6d2e89ac6abb6e7106bf5dc09e?s=96&d=mm&r=g","caption":"Izaskun Valmaseda"},"url":"https:\/\/camaraenmano.org\/index.php\/author\/admin2787\/"}]}},"_links":{"self":[{"href":"https:\/\/camaraenmano.org\/index.php\/wp-json\/wp\/v2\/posts\/6316","targetHints":{"allow":["GET"]}}],"collection":[{"href":"https:\/\/camaraenmano.org\/index.php\/wp-json\/wp\/v2\/posts"}],"about":[{"href":"https:\/\/camaraenmano.org\/index.php\/wp-json\/wp\/v2\/types\/post"}],"author":[{"embeddable":true,"href":"https:\/\/camaraenmano.org\/index.php\/wp-json\/wp\/v2\/users\/5"}],"replies":[{"embeddable":true,"href":"https:\/\/camaraenmano.org\/index.php\/wp-json\/wp\/v2\/comments?post=6316"}],"version-history":[{"count":23,"href":"https:\/\/camaraenmano.org\/index.php\/wp-json\/wp\/v2\/posts\/6316\/revisions"}],"predecessor-version":[{"id":6409,"href":"https:\/\/camaraenmano.org\/index.php\/wp-json\/wp\/v2\/posts\/6316\/revisions\/6409"}],"wp:featuredmedia":[{"embeddable":true,"href":"https:\/\/camaraenmano.org\/index.php\/wp-json\/wp\/v2\/media\/6405"}],"wp:attachment":[{"href":"https:\/\/camaraenmano.org\/index.php\/wp-json\/wp\/v2\/media?parent=6316"}],"wp:term":[{"taxonomy":"category","embeddable":true,"href":"https:\/\/camaraenmano.org\/index.php\/wp-json\/wp\/v2\/categories?post=6316"},{"taxonomy":"post_tag","embeddable":true,"href":"https:\/\/camaraenmano.org\/index.php\/wp-json\/wp\/v2\/tags?post=6316"}],"curies":[{"name":"wp","href":"https:\/\/api.w.org\/{rel}","templated":true}]}}