{"id":6688,"date":"2026-04-28T15:30:40","date_gmt":"2026-04-28T13:30:40","guid":{"rendered":"https:\/\/camaraenmano.org\/?p=6688"},"modified":"2026-04-28T15:32:26","modified_gmt":"2026-04-28T13:32:26","slug":"alba-perez-padilla","status":"publish","type":"post","link":"https:\/\/camaraenmano.org\/index.php\/2026\/04\/28\/alba-perez-padilla\/","title":{"rendered":"Alba P\u00e9rez Padilla"},"content":{"rendered":"<p data-start=\"0\" data-end=\"189\">Alba P\u00e9rez Padilla, reciente ganadora del IV Certamen Fotogr\u00e1fico <em data-start=\"66\" data-end=\"82\">C\u00e1mara en Mano<\/em> y socia desde marzo de este a\u00f1o, ha sido seleccionada como jurado del Concurso de Fotograf\u00eda Ram\u00f3n Rubial.<\/p>\n<p><img loading=\"lazy\" decoding=\"async\" class=\"size-medium wp-image-6689 alignleft\" src=\"https:\/\/camaraenmano.org\/wp-content\/uploads\/2026\/04\/Cartel-Ramon-Rubial-2026-5-300x183.png\" alt=\"\" width=\"300\" height=\"183\" srcset=\"https:\/\/camaraenmano.org\/wp-content\/uploads\/2026\/04\/Cartel-Ramon-Rubial-2026-5-300x183.png 300w, https:\/\/camaraenmano.org\/wp-content\/uploads\/2026\/04\/Cartel-Ramon-Rubial-2026-5-1024x625.png 1024w, https:\/\/camaraenmano.org\/wp-content\/uploads\/2026\/04\/Cartel-Ramon-Rubial-2026-5-768x469.png 768w, https:\/\/camaraenmano.org\/wp-content\/uploads\/2026\/04\/Cartel-Ramon-Rubial-2026-5-570x350.png 570w, https:\/\/camaraenmano.org\/wp-content\/uploads\/2026\/04\/Cartel-Ramon-Rubial-2026-5-1320x806.png 1320w, https:\/\/camaraenmano.org\/wp-content\/uploads\/2026\/04\/Cartel-Ramon-Rubial-2026-5-600x366.png 600w, https:\/\/camaraenmano.org\/wp-content\/uploads\/2026\/04\/Cartel-Ramon-Rubial-2026-5.png 1474w\" sizes=\"auto, (max-width: 300px) 100vw, 300px\" \/><\/p>\n<p data-start=\"191\" data-end=\"512\">Este concurso, que en 2026 ha celebrado su 24.\u00aa edici\u00f3n, est\u00e1 organizado por la agrupaci\u00f3n socialista de la localidad y se ha consolidado como uno de los m\u00e1s veteranos de Las Rozas. Solo lo supera en trayectoria el concurso \u201cJes\u00fas y Ad\u00e1n\u201d, impulsado por el Ayuntamiento para j\u00f3venes fot\u00f3grafos, que alcanza ya su 38.\u00aa edici\u00f3n.<\/p>\n<p data-start=\"514\" data-end=\"744\" data-is-last-node=\"\" data-is-only-node=\"\">La entrega de premios tendr\u00e1 lugar el pr\u00f3ximo 30 de abril a las 18:30 horas en la Biblioteca Marga Gil Ro\u00ebsset de Las Matas. Adem\u00e1s, la exposici\u00f3n de las obras presentadas podr\u00e1 visitarse en este mismo espacio hasta el 18 de mayo.<\/p>\n<p data-start=\"514\" data-end=\"744\" data-is-last-node=\"\" data-is-only-node=\"\">Puedes ver la obra de Alba P\u00e9rez Padilla en su <a href=\"https:\/\/www.vogue.com\/photovogue\/photographers\/167866\">cuenta de Vogue<\/a> y en su <a href=\"https:\/\/www.instagram.com\/artesinedie\/\">instagram<\/a><\/p>\n<p data-start=\"514\" data-end=\"744\" data-is-last-node=\"\" data-is-only-node=\"\">Y tambi\u00e9n en estas dos entrevistas<\/p>\n<ul>\n<li data-start=\"514\" data-end=\"744\"><a href=\"https:\/\/www.baobilbao.com\/alba-perez-padilla-de-la-poesia-visual-a-la-fotografia-artistica\/\">En la revista Bao Bilbao<\/a><\/li>\n<li data-start=\"514\" data-end=\"744\"><a href=\"https:\/\/www.youtube.com\/watch\">En\u00a0 Voorpret<\/a><\/li>\n<\/ul>\n","protected":false},"excerpt":{"rendered":"<p>Alba P\u00e9rez Padilla, reciente ganadora del IV Certamen Fotogr\u00e1fico C\u00e1mara en Mano y socia desde marzo de este a\u00f1o, ha sido seleccionada como jurado del Concurso de Fotograf\u00eda Ram\u00f3n Rubial. Este concurso, que en 2026 ha celebrado su 24.\u00aa edici\u00f3n, est\u00e1 organizado por la agrupaci\u00f3n socialista de la localidad y se ha consolidado como uno [&hellip;]<\/p>\n","protected":false},"author":1,"featured_media":6689,"comment_status":"open","ping_status":"open","sticky":false,"template":"","format":"standard","meta":{"footnotes":""},"categories":[448],"tags":[],"class_list":{"0":"post-6688","1":"post","2":"type-post","3":"status-publish","4":"format-standard","5":"has-post-thumbnail","7":"category-socixs","8":"czr-hentry"},"yoast_head":"<!-- This site is optimized with the Yoast SEO plugin v27.5 - https:\/\/yoast.com\/product\/yoast-seo-wordpress\/ -->\n<title>Alba P\u00e9rez Padilla - Asociaci\u00f3n fotogr\u00e1fica C\u00e1mara en mano Las Rozas<\/title>\n<meta name=\"robots\" content=\"index, follow, max-snippet:-1, max-image-preview:large, max-video-preview:-1\" \/>\n<link rel=\"canonical\" href=\"https:\/\/camaraenmano.org\/index.php\/2026\/04\/28\/alba-perez-padilla\/\" \/>\n<meta property=\"og:locale\" content=\"es_ES\" \/>\n<meta property=\"og:type\" content=\"article\" \/>\n<meta property=\"og:title\" content=\"Alba P\u00e9rez Padilla - Asociaci\u00f3n fotogr\u00e1fica C\u00e1mara en mano Las Rozas\" \/>\n<meta property=\"og:description\" content=\"Alba P\u00e9rez Padilla, reciente ganadora del IV Certamen Fotogr\u00e1fico C\u00e1mara en Mano y socia desde marzo de este a\u00f1o, ha sido seleccionada como jurado del Concurso de Fotograf\u00eda Ram\u00f3n Rubial. Este concurso, que en 2026 ha celebrado su 24.\u00aa edici\u00f3n, est\u00e1 organizado por la agrupaci\u00f3n socialista de la localidad y se ha consolidado como uno [&hellip;]\" \/>\n<meta property=\"og:url\" content=\"https:\/\/camaraenmano.org\/index.php\/2026\/04\/28\/alba-perez-padilla\/\" \/>\n<meta property=\"og:site_name\" content=\"Asociaci\u00f3n fotogr\u00e1fica C\u00e1mara en mano Las Rozas\" \/>\n<meta property=\"article:publisher\" content=\"https:\/\/www.facebook.com\/AFCamaraenmano\/\" \/>\n<meta property=\"article:published_time\" content=\"2026-04-28T13:30:40+00:00\" \/>\n<meta property=\"article:modified_time\" content=\"2026-04-28T13:32:26+00:00\" \/>\n<meta property=\"og:image\" content=\"https:\/\/camaraenmano.org\/wp-content\/uploads\/2026\/04\/Cartel-Ramon-Rubial-2026-5.png\" \/>\n\t<meta property=\"og:image:width\" content=\"1474\" \/>\n\t<meta property=\"og:image:height\" content=\"900\" \/>\n\t<meta property=\"og:image:type\" content=\"image\/png\" \/>\n<meta name=\"author\" content=\"Administrador\" \/>\n<meta name=\"twitter:card\" content=\"summary_large_image\" \/>\n<meta name=\"twitter:label1\" content=\"Escrito por\" \/>\n\t<meta name=\"twitter:data1\" content=\"Administrador\" \/>\n\t<meta name=\"twitter:label2\" content=\"Tiempo de lectura\" \/>\n\t<meta name=\"twitter:data2\" content=\"2 minutos\" \/>\n<script type=\"application\/ld+json\" class=\"yoast-schema-graph\">{\"@context\":\"https:\\\/\\\/schema.org\",\"@graph\":[{\"@type\":\"Article\",\"@id\":\"https:\\\/\\\/camaraenmano.org\\\/index.php\\\/2026\\\/04\\\/28\\\/alba-perez-padilla\\\/#article\",\"isPartOf\":{\"@id\":\"https:\\\/\\\/camaraenmano.org\\\/index.php\\\/2026\\\/04\\\/28\\\/alba-perez-padilla\\\/\"},\"author\":{\"name\":\"Administrador\",\"@id\":\"https:\\\/\\\/camaraenmano.org\\\/#\\\/schema\\\/person\\\/9ae05f95e2aa0144ea0768d6f65488be\"},\"headline\":\"Alba P\u00e9rez Padilla\",\"datePublished\":\"2026-04-28T13:30:40+00:00\",\"dateModified\":\"2026-04-28T13:32:26+00:00\",\"mainEntityOfPage\":{\"@id\":\"https:\\\/\\\/camaraenmano.org\\\/index.php\\\/2026\\\/04\\\/28\\\/alba-perez-padilla\\\/\"},\"wordCount\":175,\"commentCount\":0,\"publisher\":{\"@id\":\"https:\\\/\\\/camaraenmano.org\\\/#organization\"},\"image\":{\"@id\":\"https:\\\/\\\/camaraenmano.org\\\/index.php\\\/2026\\\/04\\\/28\\\/alba-perez-padilla\\\/#primaryimage\"},\"thumbnailUrl\":\"https:\\\/\\\/camaraenmano.org\\\/wp-content\\\/uploads\\\/2026\\\/04\\\/Cartel-Ramon-Rubial-2026-5.png\",\"articleSection\":[\"Noticias de nuestr@s soci@s\"],\"inLanguage\":\"es\",\"potentialAction\":[{\"@type\":\"CommentAction\",\"name\":\"Comment\",\"target\":[\"https:\\\/\\\/camaraenmano.org\\\/index.php\\\/2026\\\/04\\\/28\\\/alba-perez-padilla\\\/#respond\"]}]},{\"@type\":\"WebPage\",\"@id\":\"https:\\\/\\\/camaraenmano.org\\\/index.php\\\/2026\\\/04\\\/28\\\/alba-perez-padilla\\\/\",\"url\":\"https:\\\/\\\/camaraenmano.org\\\/index.php\\\/2026\\\/04\\\/28\\\/alba-perez-padilla\\\/\",\"name\":\"Alba P\u00e9rez Padilla - Asociaci\u00f3n fotogr\u00e1fica C\u00e1mara en mano Las Rozas\",\"isPartOf\":{\"@id\":\"https:\\\/\\\/camaraenmano.org\\\/#website\"},\"primaryImageOfPage\":{\"@id\":\"https:\\\/\\\/camaraenmano.org\\\/index.php\\\/2026\\\/04\\\/28\\\/alba-perez-padilla\\\/#primaryimage\"},\"image\":{\"@id\":\"https:\\\/\\\/camaraenmano.org\\\/index.php\\\/2026\\\/04\\\/28\\\/alba-perez-padilla\\\/#primaryimage\"},\"thumbnailUrl\":\"https:\\\/\\\/camaraenmano.org\\\/wp-content\\\/uploads\\\/2026\\\/04\\\/Cartel-Ramon-Rubial-2026-5.png\",\"datePublished\":\"2026-04-28T13:30:40+00:00\",\"dateModified\":\"2026-04-28T13:32:26+00:00\",\"breadcrumb\":{\"@id\":\"https:\\\/\\\/camaraenmano.org\\\/index.php\\\/2026\\\/04\\\/28\\\/alba-perez-padilla\\\/#breadcrumb\"},\"inLanguage\":\"es\",\"potentialAction\":[{\"@type\":\"ReadAction\",\"target\":[\"https:\\\/\\\/camaraenmano.org\\\/index.php\\\/2026\\\/04\\\/28\\\/alba-perez-padilla\\\/\"]}]},{\"@type\":\"ImageObject\",\"inLanguage\":\"es\",\"@id\":\"https:\\\/\\\/camaraenmano.org\\\/index.php\\\/2026\\\/04\\\/28\\\/alba-perez-padilla\\\/#primaryimage\",\"url\":\"https:\\\/\\\/camaraenmano.org\\\/wp-content\\\/uploads\\\/2026\\\/04\\\/Cartel-Ramon-Rubial-2026-5.png\",\"contentUrl\":\"https:\\\/\\\/camaraenmano.org\\\/wp-content\\\/uploads\\\/2026\\\/04\\\/Cartel-Ramon-Rubial-2026-5.png\",\"width\":1474,\"height\":900},{\"@type\":\"BreadcrumbList\",\"@id\":\"https:\\\/\\\/camaraenmano.org\\\/index.php\\\/2026\\\/04\\\/28\\\/alba-perez-padilla\\\/#breadcrumb\",\"itemListElement\":[{\"@type\":\"ListItem\",\"position\":1,\"name\":\"Portada\",\"item\":\"https:\\\/\\\/camaraenmano.org\\\/\"},{\"@type\":\"ListItem\",\"position\":2,\"name\":\"Alba P\u00e9rez Padilla\"}]},{\"@type\":\"WebSite\",\"@id\":\"https:\\\/\\\/camaraenmano.org\\\/#website\",\"url\":\"https:\\\/\\\/camaraenmano.org\\\/\",\"name\":\"Asociaci\u00f3n fotogr\u00e1fica C\u00e1mara en mano Las Rozas\",\"description\":\"\",\"publisher\":{\"@id\":\"https:\\\/\\\/camaraenmano.org\\\/#organization\"},\"potentialAction\":[{\"@type\":\"SearchAction\",\"target\":{\"@type\":\"EntryPoint\",\"urlTemplate\":\"https:\\\/\\\/camaraenmano.org\\\/?s={search_term_string}\"},\"query-input\":{\"@type\":\"PropertyValueSpecification\",\"valueRequired\":true,\"valueName\":\"search_term_string\"}}],\"inLanguage\":\"es\"},{\"@type\":\"Organization\",\"@id\":\"https:\\\/\\\/camaraenmano.org\\\/#organization\",\"name\":\"C\u00e1mara en mano\",\"url\":\"https:\\\/\\\/camaraenmano.org\\\/\",\"logo\":{\"@type\":\"ImageObject\",\"inLanguage\":\"es\",\"@id\":\"https:\\\/\\\/camaraenmano.org\\\/#\\\/schema\\\/logo\\\/image\\\/\",\"url\":\"https:\\\/\\\/camaraenmano.org\\\/wp-content\\\/uploads\\\/2023\\\/10\\\/cropped-Logo-Camara-en-Mano-2-1.png\",\"contentUrl\":\"https:\\\/\\\/camaraenmano.org\\\/wp-content\\\/uploads\\\/2023\\\/10\\\/cropped-Logo-Camara-en-Mano-2-1.png\",\"width\":3174,\"height\":2093,\"caption\":\"C\u00e1mara en mano\"},\"image\":{\"@id\":\"https:\\\/\\\/camaraenmano.org\\\/#\\\/schema\\\/logo\\\/image\\\/\"},\"sameAs\":[\"https:\\\/\\\/www.facebook.com\\\/AFCamaraenmano\\\/\",\"https:\\\/\\\/www.instagram.com\\\/afcamaraenmano\\\/\"]},{\"@type\":\"Person\",\"@id\":\"https:\\\/\\\/camaraenmano.org\\\/#\\\/schema\\\/person\\\/9ae05f95e2aa0144ea0768d6f65488be\",\"name\":\"Administrador\",\"image\":{\"@type\":\"ImageObject\",\"inLanguage\":\"es\",\"@id\":\"https:\\\/\\\/secure.gravatar.com\\\/avatar\\\/afbf021a33f39f3b1b0fcbf424cd00175e4543d4630d7a19e2a7c6defa5096c8?s=96&d=mm&r=g\",\"url\":\"https:\\\/\\\/secure.gravatar.com\\\/avatar\\\/afbf021a33f39f3b1b0fcbf424cd00175e4543d4630d7a19e2a7c6defa5096c8?s=96&d=mm&r=g\",\"contentUrl\":\"https:\\\/\\\/secure.gravatar.com\\\/avatar\\\/afbf021a33f39f3b1b0fcbf424cd00175e4543d4630d7a19e2a7c6defa5096c8?s=96&d=mm&r=g\",\"caption\":\"Administrador\"},\"sameAs\":[\"http:\\\/\\\/camaraenmano.org\"],\"url\":\"https:\\\/\\\/camaraenmano.org\\\/index.php\\\/author\\\/admin2786\\\/\"}]}<\/script>\n<!-- \/ Yoast SEO plugin. -->","yoast_head_json":{"title":"Alba P\u00e9rez Padilla - Asociaci\u00f3n fotogr\u00e1fica C\u00e1mara en mano Las Rozas","robots":{"index":"index","follow":"follow","max-snippet":"max-snippet:-1","max-image-preview":"max-image-preview:large","max-video-preview":"max-video-preview:-1"},"canonical":"https:\/\/camaraenmano.org\/index.php\/2026\/04\/28\/alba-perez-padilla\/","og_locale":"es_ES","og_type":"article","og_title":"Alba P\u00e9rez Padilla - Asociaci\u00f3n fotogr\u00e1fica C\u00e1mara en mano Las Rozas","og_description":"Alba P\u00e9rez Padilla, reciente ganadora del IV Certamen Fotogr\u00e1fico C\u00e1mara en Mano y socia desde marzo de este a\u00f1o, ha sido seleccionada como jurado del Concurso de Fotograf\u00eda Ram\u00f3n Rubial. Este concurso, que en 2026 ha celebrado su 24.\u00aa edici\u00f3n, est\u00e1 organizado por la agrupaci\u00f3n socialista de la localidad y se ha consolidado como uno [&hellip;]","og_url":"https:\/\/camaraenmano.org\/index.php\/2026\/04\/28\/alba-perez-padilla\/","og_site_name":"Asociaci\u00f3n fotogr\u00e1fica C\u00e1mara en mano Las Rozas","article_publisher":"https:\/\/www.facebook.com\/AFCamaraenmano\/","article_published_time":"2026-04-28T13:30:40+00:00","article_modified_time":"2026-04-28T13:32:26+00:00","og_image":[{"width":1474,"height":900,"url":"https:\/\/camaraenmano.org\/wp-content\/uploads\/2026\/04\/Cartel-Ramon-Rubial-2026-5.png","type":"image\/png"}],"author":"Administrador","twitter_card":"summary_large_image","twitter_misc":{"Escrito por":"Administrador","Tiempo de lectura":"2 minutos"},"schema":{"@context":"https:\/\/schema.org","@graph":[{"@type":"Article","@id":"https:\/\/camaraenmano.org\/index.php\/2026\/04\/28\/alba-perez-padilla\/#article","isPartOf":{"@id":"https:\/\/camaraenmano.org\/index.php\/2026\/04\/28\/alba-perez-padilla\/"},"author":{"name":"Administrador","@id":"https:\/\/camaraenmano.org\/#\/schema\/person\/9ae05f95e2aa0144ea0768d6f65488be"},"headline":"Alba P\u00e9rez Padilla","datePublished":"2026-04-28T13:30:40+00:00","dateModified":"2026-04-28T13:32:26+00:00","mainEntityOfPage":{"@id":"https:\/\/camaraenmano.org\/index.php\/2026\/04\/28\/alba-perez-padilla\/"},"wordCount":175,"commentCount":0,"publisher":{"@id":"https:\/\/camaraenmano.org\/#organization"},"image":{"@id":"https:\/\/camaraenmano.org\/index.php\/2026\/04\/28\/alba-perez-padilla\/#primaryimage"},"thumbnailUrl":"https:\/\/camaraenmano.org\/wp-content\/uploads\/2026\/04\/Cartel-Ramon-Rubial-2026-5.png","articleSection":["Noticias de nuestr@s soci@s"],"inLanguage":"es","potentialAction":[{"@type":"CommentAction","name":"Comment","target":["https:\/\/camaraenmano.org\/index.php\/2026\/04\/28\/alba-perez-padilla\/#respond"]}]},{"@type":"WebPage","@id":"https:\/\/camaraenmano.org\/index.php\/2026\/04\/28\/alba-perez-padilla\/","url":"https:\/\/camaraenmano.org\/index.php\/2026\/04\/28\/alba-perez-padilla\/","name":"Alba P\u00e9rez Padilla - Asociaci\u00f3n fotogr\u00e1fica C\u00e1mara en mano Las Rozas","isPartOf":{"@id":"https:\/\/camaraenmano.org\/#website"},"primaryImageOfPage":{"@id":"https:\/\/camaraenmano.org\/index.php\/2026\/04\/28\/alba-perez-padilla\/#primaryimage"},"image":{"@id":"https:\/\/camaraenmano.org\/index.php\/2026\/04\/28\/alba-perez-padilla\/#primaryimage"},"thumbnailUrl":"https:\/\/camaraenmano.org\/wp-content\/uploads\/2026\/04\/Cartel-Ramon-Rubial-2026-5.png","datePublished":"2026-04-28T13:30:40+00:00","dateModified":"2026-04-28T13:32:26+00:00","breadcrumb":{"@id":"https:\/\/camaraenmano.org\/index.php\/2026\/04\/28\/alba-perez-padilla\/#breadcrumb"},"inLanguage":"es","potentialAction":[{"@type":"ReadAction","target":["https:\/\/camaraenmano.org\/index.php\/2026\/04\/28\/alba-perez-padilla\/"]}]},{"@type":"ImageObject","inLanguage":"es","@id":"https:\/\/camaraenmano.org\/index.php\/2026\/04\/28\/alba-perez-padilla\/#primaryimage","url":"https:\/\/camaraenmano.org\/wp-content\/uploads\/2026\/04\/Cartel-Ramon-Rubial-2026-5.png","contentUrl":"https:\/\/camaraenmano.org\/wp-content\/uploads\/2026\/04\/Cartel-Ramon-Rubial-2026-5.png","width":1474,"height":900},{"@type":"BreadcrumbList","@id":"https:\/\/camaraenmano.org\/index.php\/2026\/04\/28\/alba-perez-padilla\/#breadcrumb","itemListElement":[{"@type":"ListItem","position":1,"name":"Portada","item":"https:\/\/camaraenmano.org\/"},{"@type":"ListItem","position":2,"name":"Alba P\u00e9rez Padilla"}]},{"@type":"WebSite","@id":"https:\/\/camaraenmano.org\/#website","url":"https:\/\/camaraenmano.org\/","name":"Asociaci\u00f3n fotogr\u00e1fica C\u00e1mara en mano Las Rozas","description":"","publisher":{"@id":"https:\/\/camaraenmano.org\/#organization"},"potentialAction":[{"@type":"SearchAction","target":{"@type":"EntryPoint","urlTemplate":"https:\/\/camaraenmano.org\/?s={search_term_string}"},"query-input":{"@type":"PropertyValueSpecification","valueRequired":true,"valueName":"search_term_string"}}],"inLanguage":"es"},{"@type":"Organization","@id":"https:\/\/camaraenmano.org\/#organization","name":"C\u00e1mara en mano","url":"https:\/\/camaraenmano.org\/","logo":{"@type":"ImageObject","inLanguage":"es","@id":"https:\/\/camaraenmano.org\/#\/schema\/logo\/image\/","url":"https:\/\/camaraenmano.org\/wp-content\/uploads\/2023\/10\/cropped-Logo-Camara-en-Mano-2-1.png","contentUrl":"https:\/\/camaraenmano.org\/wp-content\/uploads\/2023\/10\/cropped-Logo-Camara-en-Mano-2-1.png","width":3174,"height":2093,"caption":"C\u00e1mara en mano"},"image":{"@id":"https:\/\/camaraenmano.org\/#\/schema\/logo\/image\/"},"sameAs":["https:\/\/www.facebook.com\/AFCamaraenmano\/","https:\/\/www.instagram.com\/afcamaraenmano\/"]},{"@type":"Person","@id":"https:\/\/camaraenmano.org\/#\/schema\/person\/9ae05f95e2aa0144ea0768d6f65488be","name":"Administrador","image":{"@type":"ImageObject","inLanguage":"es","@id":"https:\/\/secure.gravatar.com\/avatar\/afbf021a33f39f3b1b0fcbf424cd00175e4543d4630d7a19e2a7c6defa5096c8?s=96&d=mm&r=g","url":"https:\/\/secure.gravatar.com\/avatar\/afbf021a33f39f3b1b0fcbf424cd00175e4543d4630d7a19e2a7c6defa5096c8?s=96&d=mm&r=g","contentUrl":"https:\/\/secure.gravatar.com\/avatar\/afbf021a33f39f3b1b0fcbf424cd00175e4543d4630d7a19e2a7c6defa5096c8?s=96&d=mm&r=g","caption":"Administrador"},"sameAs":["http:\/\/camaraenmano.org"],"url":"https:\/\/camaraenmano.org\/index.php\/author\/admin2786\/"}]}},"_links":{"self":[{"href":"https:\/\/camaraenmano.org\/index.php\/wp-json\/wp\/v2\/posts\/6688","targetHints":{"allow":["GET"]}}],"collection":[{"href":"https:\/\/camaraenmano.org\/index.php\/wp-json\/wp\/v2\/posts"}],"about":[{"href":"https:\/\/camaraenmano.org\/index.php\/wp-json\/wp\/v2\/types\/post"}],"author":[{"embeddable":true,"href":"https:\/\/camaraenmano.org\/index.php\/wp-json\/wp\/v2\/users\/1"}],"replies":[{"embeddable":true,"href":"https:\/\/camaraenmano.org\/index.php\/wp-json\/wp\/v2\/comments?post=6688"}],"version-history":[{"count":3,"href":"https:\/\/camaraenmano.org\/index.php\/wp-json\/wp\/v2\/posts\/6688\/revisions"}],"predecessor-version":[{"id":6692,"href":"https:\/\/camaraenmano.org\/index.php\/wp-json\/wp\/v2\/posts\/6688\/revisions\/6692"}],"wp:featuredmedia":[{"embeddable":true,"href":"https:\/\/camaraenmano.org\/index.php\/wp-json\/wp\/v2\/media\/6689"}],"wp:attachment":[{"href":"https:\/\/camaraenmano.org\/index.php\/wp-json\/wp\/v2\/media?parent=6688"}],"wp:term":[{"taxonomy":"category","embeddable":true,"href":"https:\/\/camaraenmano.org\/index.php\/wp-json\/wp\/v2\/categories?post=6688"},{"taxonomy":"post_tag","embeddable":true,"href":"https:\/\/camaraenmano.org\/index.php\/wp-json\/wp\/v2\/tags?post=6688"}],"curies":[{"name":"wp","href":"https:\/\/api.w.org\/{rel}","templated":true}]}}