{"id":6693,"date":"2026-04-28T21:38:38","date_gmt":"2026-04-28T19:38:38","guid":{"rendered":"https:\/\/camaraenmano.org\/?p=6693"},"modified":"2026-04-28T21:38:38","modified_gmt":"2026-04-28T19:38:38","slug":"visita-al-hipodromo","status":"publish","type":"post","link":"https:\/\/camaraenmano.org\/index.php\/2026\/04\/28\/visita-al-hipodromo\/","title":{"rendered":"Visita al hip\u00f3dromo"},"content":{"rendered":"<p>La ma\u00f1ana del lunes 27 de Abril un grupo de 20 socios tuvieron el privilegio de acceder al Hip\u00f3dromo de la Zarzuela en una visita guiada exclusiva para C\u00e1mara en Mano, pensada no solo para observar, sino para mirar con intenci\u00f3n.<\/p>\n<p>Atentos al gu\u00eda, Carlos Polo, Ingeniero de Caminos Canales y Puertos, explica que el conjunto, proyectado por los arquitectos Carlos Arniches Molt\u00f3 y Mart\u00edn Dom\u00ednguez Esteban, con la decisiva aportaci\u00f3n estructural del ingeniero Eduardo Torroja Miret, comenz\u00f3 a construirse en 1935 y es hoy una de las obras m\u00e1s representativas del racionalismo espa\u00f1ol, habi\u00e9ndose declarado Bien de Inter\u00e9s Cultural.<\/p>\n<p>Sus marquesinas de hormig\u00f3n armado, parecen flotar sobre el espacio, generando un juego de curvas que, bajo el sol de la ma\u00f1ana, alterna ritmos de luz y sombra casi cinematogr\u00e1ficos.<\/p>\n<p>Se visitaron las galer\u00edas bajo las gradas, en las que se encuentran ahora los lugares en los que se realizan las apuestas los d\u00edas de carreras y se accedi\u00f3 a la parte m\u00e1s alta de las gradas. En ambos lugares el gu\u00eda destaca la trabajosa restauraci\u00f3n a la que fue sometido el conjunto arquitect\u00f3nico a principios de los a\u00f1os 2000.<\/p>\n<p>Tras visitar el pie de pista, donde se explica el complejo cuidado de la hierba que sirve como pista de carreras para los caballos en primavera y oto\u00f1o \u00fanicamente, se accede al paddock. Este recinto que simula la plaza de un pueblo (tal y como fue dise\u00f1ado por sus arquitectos) es el espacio donde los caballos desfilan acompa\u00f1ados por sus mozos y jinetes, permitiendo a los espectadores observar su estado f\u00edsico, comportamiento y preparaci\u00f3n justo antes de salir a pista.<\/p>\n<p><img loading=\"lazy\" decoding=\"async\" class=\"wp-image-6694  alignright\" src=\"https:\/\/camaraenmano.org\/wp-content\/uploads\/2026\/04\/hipodromo-1024x730.jpg\" alt=\"\" width=\"510\" height=\"363\" srcset=\"https:\/\/camaraenmano.org\/wp-content\/uploads\/2026\/04\/hipodromo-1024x730.jpg 1024w, https:\/\/camaraenmano.org\/wp-content\/uploads\/2026\/04\/hipodromo-300x214.jpg 300w, https:\/\/camaraenmano.org\/wp-content\/uploads\/2026\/04\/hipodromo-768x548.jpg 768w, https:\/\/camaraenmano.org\/wp-content\/uploads\/2026\/04\/hipodromo-1536x1096.jpg 1536w, https:\/\/camaraenmano.org\/wp-content\/uploads\/2026\/04\/hipodromo-1320x942.jpg 1320w, https:\/\/camaraenmano.org\/wp-content\/uploads\/2026\/04\/hipodromo-600x428.jpg 600w, https:\/\/camaraenmano.org\/wp-content\/uploads\/2026\/04\/hipodromo.jpg 1884w\" sizes=\"auto, (max-width: 510px) 100vw, 510px\" \/><\/p>\n<p>En este \u00faltimo punto finalizan las explicaciones, y tras la correspondiente foto de grupo, los asistentes pudieron dispersarse por la zona, buscando encuadres que captaran la tensi\u00f3n entre forma, belleza y funcionalidad. Algunos se detuvieron en las l\u00edneas limpias de las tribunas; otros, en los detalles casi escult\u00f3ricos de los soportes. El entorno natural, con el monte de El Pardo extendi\u00e9ndose en las inmediaciones, aportaba un contraste que suaviza la contundencia del hormig\u00f3n.<\/p>\n<p>Mientras tanto, en la pista, varios caballos entrenaban ajenos a la presencia de los fot\u00f3grafos. Su movimiento aportaba dinamismo a la escena: m\u00fasculos en tensi\u00f3n, respiraci\u00f3n visible en el aire fresco, el sonido r\u00edtmico de los cascos sobre la arena.<\/p>\n<p>El enclave permite que la mirada se escape m\u00e1s all\u00e1 de la pista y las cubiertas, abri\u00e9ndose hacia el horizonte urbano. All\u00ed emergen las Cuatro Torres, que se recortaban n\u00edtidas en la atm\u00f3sfera limpia de la ma\u00f1ana, junto al resto del \u201cSkyline\u201d de Madrid. Ese di\u00e1logo visual entre la arquitectura racionalista de los a\u00f1os 30 y la verticalidad contempor\u00e1nea de nuestra capital ofrec\u00eda un encuadre especialmente atractivo para los asistentes.<\/p>\n<p>M\u00e1s de una c\u00e1mara busc\u00f3 congelar ese instante preciso en el que animal, arquitectura y luz coincid\u00edan.<\/p>\n<p>Fue, en definitiva, una experiencia donde la fotograf\u00eda sirvi\u00f3 de excusa para redescubrir un espacio emblem\u00e1tico. Una ma\u00f1ana en la que las formas modernas, las sombras cambiantes, las vistas urbanas y la vida silenciosa del hip\u00f3dromo se ofrecieron, generosas, a quienes supieron mirar.<\/p>\n<p>&nbsp;<\/p>\n<p>Pronto podr\u00e1s ver aqu\u00ed las fotos de los participantes<\/p>\n","protected":false},"excerpt":{"rendered":"<p>La ma\u00f1ana del lunes 27 de Abril un grupo de 20 socios tuvieron el privilegio de acceder al Hip\u00f3dromo de la Zarzuela en una visita guiada exclusiva para C\u00e1mara en Mano, pensada no solo para observar, sino para mirar con intenci\u00f3n. Atentos al gu\u00eda, Carlos Polo, Ingeniero de Caminos Canales y Puertos, explica que el [&hellip;]<\/p>\n","protected":false},"author":1,"featured_media":0,"comment_status":"open","ping_status":"open","sticky":false,"template":"","format":"standard","meta":{"footnotes":""},"categories":[5],"tags":[],"class_list":{"0":"post-6693","1":"post","2":"type-post","3":"status-publish","4":"format-standard","6":"category-actividades","7":"czr-hentry"},"yoast_head":"<!-- This site is optimized with the Yoast SEO plugin v27.5 - https:\/\/yoast.com\/product\/yoast-seo-wordpress\/ -->\n<title>Visita al hip\u00f3dromo - Asociaci\u00f3n fotogr\u00e1fica C\u00e1mara en mano Las Rozas<\/title>\n<meta name=\"robots\" content=\"index, follow, max-snippet:-1, max-image-preview:large, max-video-preview:-1\" \/>\n<link rel=\"canonical\" href=\"https:\/\/camaraenmano.org\/index.php\/2026\/04\/28\/visita-al-hipodromo\/\" \/>\n<meta property=\"og:locale\" content=\"es_ES\" \/>\n<meta property=\"og:type\" content=\"article\" \/>\n<meta property=\"og:title\" content=\"Visita al hip\u00f3dromo - Asociaci\u00f3n fotogr\u00e1fica C\u00e1mara en mano Las Rozas\" \/>\n<meta property=\"og:description\" content=\"La ma\u00f1ana del lunes 27 de Abril un grupo de 20 socios tuvieron el privilegio de acceder al Hip\u00f3dromo de la Zarzuela en una visita guiada exclusiva para C\u00e1mara en Mano, pensada no solo para observar, sino para mirar con intenci\u00f3n. Atentos al gu\u00eda, Carlos Polo, Ingeniero de Caminos Canales y Puertos, explica que el [&hellip;]\" \/>\n<meta property=\"og:url\" content=\"https:\/\/camaraenmano.org\/index.php\/2026\/04\/28\/visita-al-hipodromo\/\" \/>\n<meta property=\"og:site_name\" content=\"Asociaci\u00f3n fotogr\u00e1fica C\u00e1mara en mano Las Rozas\" \/>\n<meta property=\"article:publisher\" content=\"https:\/\/www.facebook.com\/AFCamaraenmano\/\" \/>\n<meta property=\"article:published_time\" content=\"2026-04-28T19:38:38+00:00\" \/>\n<meta property=\"og:image\" content=\"https:\/\/camaraenmano.org\/wp-content\/uploads\/2026\/04\/hipodromo.jpg\" \/>\n\t<meta property=\"og:image:width\" content=\"1884\" \/>\n\t<meta property=\"og:image:height\" content=\"1344\" \/>\n\t<meta property=\"og:image:type\" content=\"image\/jpeg\" \/>\n<meta name=\"author\" content=\"Administrador\" \/>\n<meta name=\"twitter:card\" content=\"summary_large_image\" \/>\n<meta name=\"twitter:label1\" content=\"Escrito por\" \/>\n\t<meta name=\"twitter:data1\" content=\"Administrador\" \/>\n\t<meta name=\"twitter:label2\" content=\"Tiempo de lectura\" \/>\n\t<meta name=\"twitter:data2\" content=\"3 minutos\" \/>\n<script type=\"application\/ld+json\" class=\"yoast-schema-graph\">{\"@context\":\"https:\\\/\\\/schema.org\",\"@graph\":[{\"@type\":\"Article\",\"@id\":\"https:\\\/\\\/camaraenmano.org\\\/index.php\\\/2026\\\/04\\\/28\\\/visita-al-hipodromo\\\/#article\",\"isPartOf\":{\"@id\":\"https:\\\/\\\/camaraenmano.org\\\/index.php\\\/2026\\\/04\\\/28\\\/visita-al-hipodromo\\\/\"},\"author\":{\"name\":\"Administrador\",\"@id\":\"https:\\\/\\\/camaraenmano.org\\\/#\\\/schema\\\/person\\\/9ae05f95e2aa0144ea0768d6f65488be\"},\"headline\":\"Visita al hip\u00f3dromo\",\"datePublished\":\"2026-04-28T19:38:38+00:00\",\"mainEntityOfPage\":{\"@id\":\"https:\\\/\\\/camaraenmano.org\\\/index.php\\\/2026\\\/04\\\/28\\\/visita-al-hipodromo\\\/\"},\"wordCount\":576,\"commentCount\":0,\"publisher\":{\"@id\":\"https:\\\/\\\/camaraenmano.org\\\/#organization\"},\"image\":{\"@id\":\"https:\\\/\\\/camaraenmano.org\\\/index.php\\\/2026\\\/04\\\/28\\\/visita-al-hipodromo\\\/#primaryimage\"},\"thumbnailUrl\":\"https:\\\/\\\/camaraenmano.org\\\/wp-content\\\/uploads\\\/2026\\\/04\\\/hipodromo-1024x730.jpg\",\"articleSection\":[\"Actividades\"],\"inLanguage\":\"es\",\"potentialAction\":[{\"@type\":\"CommentAction\",\"name\":\"Comment\",\"target\":[\"https:\\\/\\\/camaraenmano.org\\\/index.php\\\/2026\\\/04\\\/28\\\/visita-al-hipodromo\\\/#respond\"]}]},{\"@type\":\"WebPage\",\"@id\":\"https:\\\/\\\/camaraenmano.org\\\/index.php\\\/2026\\\/04\\\/28\\\/visita-al-hipodromo\\\/\",\"url\":\"https:\\\/\\\/camaraenmano.org\\\/index.php\\\/2026\\\/04\\\/28\\\/visita-al-hipodromo\\\/\",\"name\":\"Visita al hip\u00f3dromo - Asociaci\u00f3n fotogr\u00e1fica C\u00e1mara en mano Las Rozas\",\"isPartOf\":{\"@id\":\"https:\\\/\\\/camaraenmano.org\\\/#website\"},\"primaryImageOfPage\":{\"@id\":\"https:\\\/\\\/camaraenmano.org\\\/index.php\\\/2026\\\/04\\\/28\\\/visita-al-hipodromo\\\/#primaryimage\"},\"image\":{\"@id\":\"https:\\\/\\\/camaraenmano.org\\\/index.php\\\/2026\\\/04\\\/28\\\/visita-al-hipodromo\\\/#primaryimage\"},\"thumbnailUrl\":\"https:\\\/\\\/camaraenmano.org\\\/wp-content\\\/uploads\\\/2026\\\/04\\\/hipodromo-1024x730.jpg\",\"datePublished\":\"2026-04-28T19:38:38+00:00\",\"breadcrumb\":{\"@id\":\"https:\\\/\\\/camaraenmano.org\\\/index.php\\\/2026\\\/04\\\/28\\\/visita-al-hipodromo\\\/#breadcrumb\"},\"inLanguage\":\"es\",\"potentialAction\":[{\"@type\":\"ReadAction\",\"target\":[\"https:\\\/\\\/camaraenmano.org\\\/index.php\\\/2026\\\/04\\\/28\\\/visita-al-hipodromo\\\/\"]}]},{\"@type\":\"ImageObject\",\"inLanguage\":\"es\",\"@id\":\"https:\\\/\\\/camaraenmano.org\\\/index.php\\\/2026\\\/04\\\/28\\\/visita-al-hipodromo\\\/#primaryimage\",\"url\":\"https:\\\/\\\/camaraenmano.org\\\/wp-content\\\/uploads\\\/2026\\\/04\\\/hipodromo.jpg\",\"contentUrl\":\"https:\\\/\\\/camaraenmano.org\\\/wp-content\\\/uploads\\\/2026\\\/04\\\/hipodromo.jpg\",\"width\":1884,\"height\":1344},{\"@type\":\"BreadcrumbList\",\"@id\":\"https:\\\/\\\/camaraenmano.org\\\/index.php\\\/2026\\\/04\\\/28\\\/visita-al-hipodromo\\\/#breadcrumb\",\"itemListElement\":[{\"@type\":\"ListItem\",\"position\":1,\"name\":\"Portada\",\"item\":\"https:\\\/\\\/camaraenmano.org\\\/\"},{\"@type\":\"ListItem\",\"position\":2,\"name\":\"Visita al hip\u00f3dromo\"}]},{\"@type\":\"WebSite\",\"@id\":\"https:\\\/\\\/camaraenmano.org\\\/#website\",\"url\":\"https:\\\/\\\/camaraenmano.org\\\/\",\"name\":\"Asociaci\u00f3n fotogr\u00e1fica C\u00e1mara en mano Las Rozas\",\"description\":\"\",\"publisher\":{\"@id\":\"https:\\\/\\\/camaraenmano.org\\\/#organization\"},\"potentialAction\":[{\"@type\":\"SearchAction\",\"target\":{\"@type\":\"EntryPoint\",\"urlTemplate\":\"https:\\\/\\\/camaraenmano.org\\\/?s={search_term_string}\"},\"query-input\":{\"@type\":\"PropertyValueSpecification\",\"valueRequired\":true,\"valueName\":\"search_term_string\"}}],\"inLanguage\":\"es\"},{\"@type\":\"Organization\",\"@id\":\"https:\\\/\\\/camaraenmano.org\\\/#organization\",\"name\":\"C\u00e1mara en mano\",\"url\":\"https:\\\/\\\/camaraenmano.org\\\/\",\"logo\":{\"@type\":\"ImageObject\",\"inLanguage\":\"es\",\"@id\":\"https:\\\/\\\/camaraenmano.org\\\/#\\\/schema\\\/logo\\\/image\\\/\",\"url\":\"https:\\\/\\\/camaraenmano.org\\\/wp-content\\\/uploads\\\/2023\\\/10\\\/cropped-Logo-Camara-en-Mano-2-1.png\",\"contentUrl\":\"https:\\\/\\\/camaraenmano.org\\\/wp-content\\\/uploads\\\/2023\\\/10\\\/cropped-Logo-Camara-en-Mano-2-1.png\",\"width\":3174,\"height\":2093,\"caption\":\"C\u00e1mara en mano\"},\"image\":{\"@id\":\"https:\\\/\\\/camaraenmano.org\\\/#\\\/schema\\\/logo\\\/image\\\/\"},\"sameAs\":[\"https:\\\/\\\/www.facebook.com\\\/AFCamaraenmano\\\/\",\"https:\\\/\\\/www.instagram.com\\\/afcamaraenmano\\\/\"]},{\"@type\":\"Person\",\"@id\":\"https:\\\/\\\/camaraenmano.org\\\/#\\\/schema\\\/person\\\/9ae05f95e2aa0144ea0768d6f65488be\",\"name\":\"Administrador\",\"image\":{\"@type\":\"ImageObject\",\"inLanguage\":\"es\",\"@id\":\"https:\\\/\\\/secure.gravatar.com\\\/avatar\\\/afbf021a33f39f3b1b0fcbf424cd00175e4543d4630d7a19e2a7c6defa5096c8?s=96&d=mm&r=g\",\"url\":\"https:\\\/\\\/secure.gravatar.com\\\/avatar\\\/afbf021a33f39f3b1b0fcbf424cd00175e4543d4630d7a19e2a7c6defa5096c8?s=96&d=mm&r=g\",\"contentUrl\":\"https:\\\/\\\/secure.gravatar.com\\\/avatar\\\/afbf021a33f39f3b1b0fcbf424cd00175e4543d4630d7a19e2a7c6defa5096c8?s=96&d=mm&r=g\",\"caption\":\"Administrador\"},\"sameAs\":[\"http:\\\/\\\/camaraenmano.org\"],\"url\":\"https:\\\/\\\/camaraenmano.org\\\/index.php\\\/author\\\/admin2786\\\/\"}]}<\/script>\n<!-- \/ Yoast SEO plugin. -->","yoast_head_json":{"title":"Visita al hip\u00f3dromo - Asociaci\u00f3n fotogr\u00e1fica C\u00e1mara en mano Las Rozas","robots":{"index":"index","follow":"follow","max-snippet":"max-snippet:-1","max-image-preview":"max-image-preview:large","max-video-preview":"max-video-preview:-1"},"canonical":"https:\/\/camaraenmano.org\/index.php\/2026\/04\/28\/visita-al-hipodromo\/","og_locale":"es_ES","og_type":"article","og_title":"Visita al hip\u00f3dromo - Asociaci\u00f3n fotogr\u00e1fica C\u00e1mara en mano Las Rozas","og_description":"La ma\u00f1ana del lunes 27 de Abril un grupo de 20 socios tuvieron el privilegio de acceder al Hip\u00f3dromo de la Zarzuela en una visita guiada exclusiva para C\u00e1mara en Mano, pensada no solo para observar, sino para mirar con intenci\u00f3n. Atentos al gu\u00eda, Carlos Polo, Ingeniero de Caminos Canales y Puertos, explica que el [&hellip;]","og_url":"https:\/\/camaraenmano.org\/index.php\/2026\/04\/28\/visita-al-hipodromo\/","og_site_name":"Asociaci\u00f3n fotogr\u00e1fica C\u00e1mara en mano Las Rozas","article_publisher":"https:\/\/www.facebook.com\/AFCamaraenmano\/","article_published_time":"2026-04-28T19:38:38+00:00","og_image":[{"width":1884,"height":1344,"url":"https:\/\/camaraenmano.org\/wp-content\/uploads\/2026\/04\/hipodromo.jpg","type":"image\/jpeg"}],"author":"Administrador","twitter_card":"summary_large_image","twitter_misc":{"Escrito por":"Administrador","Tiempo de lectura":"3 minutos"},"schema":{"@context":"https:\/\/schema.org","@graph":[{"@type":"Article","@id":"https:\/\/camaraenmano.org\/index.php\/2026\/04\/28\/visita-al-hipodromo\/#article","isPartOf":{"@id":"https:\/\/camaraenmano.org\/index.php\/2026\/04\/28\/visita-al-hipodromo\/"},"author":{"name":"Administrador","@id":"https:\/\/camaraenmano.org\/#\/schema\/person\/9ae05f95e2aa0144ea0768d6f65488be"},"headline":"Visita al hip\u00f3dromo","datePublished":"2026-04-28T19:38:38+00:00","mainEntityOfPage":{"@id":"https:\/\/camaraenmano.org\/index.php\/2026\/04\/28\/visita-al-hipodromo\/"},"wordCount":576,"commentCount":0,"publisher":{"@id":"https:\/\/camaraenmano.org\/#organization"},"image":{"@id":"https:\/\/camaraenmano.org\/index.php\/2026\/04\/28\/visita-al-hipodromo\/#primaryimage"},"thumbnailUrl":"https:\/\/camaraenmano.org\/wp-content\/uploads\/2026\/04\/hipodromo-1024x730.jpg","articleSection":["Actividades"],"inLanguage":"es","potentialAction":[{"@type":"CommentAction","name":"Comment","target":["https:\/\/camaraenmano.org\/index.php\/2026\/04\/28\/visita-al-hipodromo\/#respond"]}]},{"@type":"WebPage","@id":"https:\/\/camaraenmano.org\/index.php\/2026\/04\/28\/visita-al-hipodromo\/","url":"https:\/\/camaraenmano.org\/index.php\/2026\/04\/28\/visita-al-hipodromo\/","name":"Visita al hip\u00f3dromo - Asociaci\u00f3n fotogr\u00e1fica C\u00e1mara en mano Las Rozas","isPartOf":{"@id":"https:\/\/camaraenmano.org\/#website"},"primaryImageOfPage":{"@id":"https:\/\/camaraenmano.org\/index.php\/2026\/04\/28\/visita-al-hipodromo\/#primaryimage"},"image":{"@id":"https:\/\/camaraenmano.org\/index.php\/2026\/04\/28\/visita-al-hipodromo\/#primaryimage"},"thumbnailUrl":"https:\/\/camaraenmano.org\/wp-content\/uploads\/2026\/04\/hipodromo-1024x730.jpg","datePublished":"2026-04-28T19:38:38+00:00","breadcrumb":{"@id":"https:\/\/camaraenmano.org\/index.php\/2026\/04\/28\/visita-al-hipodromo\/#breadcrumb"},"inLanguage":"es","potentialAction":[{"@type":"ReadAction","target":["https:\/\/camaraenmano.org\/index.php\/2026\/04\/28\/visita-al-hipodromo\/"]}]},{"@type":"ImageObject","inLanguage":"es","@id":"https:\/\/camaraenmano.org\/index.php\/2026\/04\/28\/visita-al-hipodromo\/#primaryimage","url":"https:\/\/camaraenmano.org\/wp-content\/uploads\/2026\/04\/hipodromo.jpg","contentUrl":"https:\/\/camaraenmano.org\/wp-content\/uploads\/2026\/04\/hipodromo.jpg","width":1884,"height":1344},{"@type":"BreadcrumbList","@id":"https:\/\/camaraenmano.org\/index.php\/2026\/04\/28\/visita-al-hipodromo\/#breadcrumb","itemListElement":[{"@type":"ListItem","position":1,"name":"Portada","item":"https:\/\/camaraenmano.org\/"},{"@type":"ListItem","position":2,"name":"Visita al hip\u00f3dromo"}]},{"@type":"WebSite","@id":"https:\/\/camaraenmano.org\/#website","url":"https:\/\/camaraenmano.org\/","name":"Asociaci\u00f3n fotogr\u00e1fica C\u00e1mara en mano Las Rozas","description":"","publisher":{"@id":"https:\/\/camaraenmano.org\/#organization"},"potentialAction":[{"@type":"SearchAction","target":{"@type":"EntryPoint","urlTemplate":"https:\/\/camaraenmano.org\/?s={search_term_string}"},"query-input":{"@type":"PropertyValueSpecification","valueRequired":true,"valueName":"search_term_string"}}],"inLanguage":"es"},{"@type":"Organization","@id":"https:\/\/camaraenmano.org\/#organization","name":"C\u00e1mara en mano","url":"https:\/\/camaraenmano.org\/","logo":{"@type":"ImageObject","inLanguage":"es","@id":"https:\/\/camaraenmano.org\/#\/schema\/logo\/image\/","url":"https:\/\/camaraenmano.org\/wp-content\/uploads\/2023\/10\/cropped-Logo-Camara-en-Mano-2-1.png","contentUrl":"https:\/\/camaraenmano.org\/wp-content\/uploads\/2023\/10\/cropped-Logo-Camara-en-Mano-2-1.png","width":3174,"height":2093,"caption":"C\u00e1mara en mano"},"image":{"@id":"https:\/\/camaraenmano.org\/#\/schema\/logo\/image\/"},"sameAs":["https:\/\/www.facebook.com\/AFCamaraenmano\/","https:\/\/www.instagram.com\/afcamaraenmano\/"]},{"@type":"Person","@id":"https:\/\/camaraenmano.org\/#\/schema\/person\/9ae05f95e2aa0144ea0768d6f65488be","name":"Administrador","image":{"@type":"ImageObject","inLanguage":"es","@id":"https:\/\/secure.gravatar.com\/avatar\/afbf021a33f39f3b1b0fcbf424cd00175e4543d4630d7a19e2a7c6defa5096c8?s=96&d=mm&r=g","url":"https:\/\/secure.gravatar.com\/avatar\/afbf021a33f39f3b1b0fcbf424cd00175e4543d4630d7a19e2a7c6defa5096c8?s=96&d=mm&r=g","contentUrl":"https:\/\/secure.gravatar.com\/avatar\/afbf021a33f39f3b1b0fcbf424cd00175e4543d4630d7a19e2a7c6defa5096c8?s=96&d=mm&r=g","caption":"Administrador"},"sameAs":["http:\/\/camaraenmano.org"],"url":"https:\/\/camaraenmano.org\/index.php\/author\/admin2786\/"}]}},"_links":{"self":[{"href":"https:\/\/camaraenmano.org\/index.php\/wp-json\/wp\/v2\/posts\/6693","targetHints":{"allow":["GET"]}}],"collection":[{"href":"https:\/\/camaraenmano.org\/index.php\/wp-json\/wp\/v2\/posts"}],"about":[{"href":"https:\/\/camaraenmano.org\/index.php\/wp-json\/wp\/v2\/types\/post"}],"author":[{"embeddable":true,"href":"https:\/\/camaraenmano.org\/index.php\/wp-json\/wp\/v2\/users\/1"}],"replies":[{"embeddable":true,"href":"https:\/\/camaraenmano.org\/index.php\/wp-json\/wp\/v2\/comments?post=6693"}],"version-history":[{"count":1,"href":"https:\/\/camaraenmano.org\/index.php\/wp-json\/wp\/v2\/posts\/6693\/revisions"}],"predecessor-version":[{"id":6695,"href":"https:\/\/camaraenmano.org\/index.php\/wp-json\/wp\/v2\/posts\/6693\/revisions\/6695"}],"wp:attachment":[{"href":"https:\/\/camaraenmano.org\/index.php\/wp-json\/wp\/v2\/media?parent=6693"}],"wp:term":[{"taxonomy":"category","embeddable":true,"href":"https:\/\/camaraenmano.org\/index.php\/wp-json\/wp\/v2\/categories?post=6693"},{"taxonomy":"post_tag","embeddable":true,"href":"https:\/\/camaraenmano.org\/index.php\/wp-json\/wp\/v2\/tags?post=6693"}],"curies":[{"name":"wp","href":"https:\/\/api.w.org\/{rel}","templated":true}]}}