{"id":7305,"date":"2026-09-01T19:51:50","date_gmt":"2026-09-01T17:51:50","guid":{"rendered":"https:\/\/camaraenmano.org\/?p=7305"},"modified":"2026-09-01T22:15:35","modified_gmt":"2026-09-01T20:15:35","slug":"v-certamen-fotografico-camara-en-mano","status":"publish","type":"post","link":"https:\/\/camaraenmano.org\/index.php\/2026\/09\/01\/v-certamen-fotografico-camara-en-mano\/","title":{"rendered":"V Certamen fotogr\u00e1fico C\u00e1mara en mano"},"content":{"rendered":"<p>Te presentamos la quinta edici\u00f3n de nuestro Certamen fotogr\u00e1fico.<\/p>\n<p>&nbsp;<\/p>\n<p style=\"text-align: justify;\">Aunque te recomendamos encarecidamente que te leas las bases que puedes encontrar en este enlace, te contamos que este a\u00f1o puede participar cualquier persona mayor de 18 a\u00f1os y residente en Espa\u00f1a.<\/p>\n<p style=\"text-align: justify;\">Como en ediciones anteriores, se pueden presentar hasta 3 obras y este a\u00f1o el <strong>tema ser\u00e1 libre<\/strong>. La recepci\u00f3n de fotograf\u00edas <strong>se cerrar\u00e1 el 30 de noviembre<\/strong> de 2026 a las 23:59<\/p>\n<p style=\"text-align: justify;\">Para participar ser\u00e1 necesario registrarse en la plataforma <a href=\"http:\/\/camaraenmano.fotogenius.es\">Fotogenius<\/a> y formalizar la participaci\u00f3n en la misma plataforma.<\/p>\n<p style=\"text-align: justify;\">La <strong>cuota de participaci\u00f3n es de 10 euros<\/strong> que se pagar\u00e1 en esta plataforma a trav\u00e9s de PayPal o tarjeta de cr\u00e9dito. <strong>Las personas asociadas a C\u00e1mara en mano tienen participaci\u00f3n gratuita<\/strong><\/p>\n<p style=\"text-align: justify;\">Los premios ser\u00e1n los siguientes:<\/p>\n<p style=\"padding-left: 40px; text-align: justify;\"><strong>Primer Premio:\u00a0\u00a0\u00a0\u00a0\u00a0\u00a0\u00a0\u00a0\u00a0\u00a0\u00a0\u00a0\u00a0\u00a0\u00a0\u00a0 1.000 euros<\/strong><\/p>\n<p style=\"padding-left: 40px; text-align: justify;\"><strong>Segundo Premio: \u00a0\u00a0\u00a0\u00a0\u00a0\u00a0\u00a0\u00a0\u00a0\u00a0\u00a0 \u00a0\u00a0\u00a0500 euros<\/strong><\/p>\n<p style=\"padding-left: 40px; text-align: justify;\"><strong>Tercer Premio:\u00a0\u00a0 \u00a0\u00a0 \u00a0\u00a0\u00a0\u00a0\u00a0\u00a0\u00a0\u00a0\u00a0\u00a0\u00a0 \u00a0\u00a0\u00a0300 euros<\/strong><\/p>\n<p style=\"text-align: justify;\">Se otorgar\u00e1n dos acc\u00e9sits de 150 euros a las mejores obras presentadas por las personas asociadas no premiadas.<\/p>\n<p style=\"text-align: justify;\">El jurado estar\u00e1 formado por fot\u00f3grafos y\/o profesionales de otras disciplinas del arte de reconocido prestigio que, atendiendo a criterios de originalidad, creatividad y calidad t\u00e9cnica, emitir\u00e1 su fallo.<\/p>\n<p style=\"text-align: justify;\">De entre las obras presentadas, el jurado seleccionar\u00e1 alrededor de cincuenta obras finalistas, entre las cuales ser\u00e1n seleccionadas las obras premiadas. Con estas 50 obras finalistas se realizar\u00e1 una exposici\u00f3n p\u00fablica, para lo que se imprimir\u00e1n las im\u00e1genes a cargo de la organizaci\u00f3n. Las fechas de apertura e inauguraci\u00f3n de dicha exposici\u00f3n ser\u00e1n informadas a todos los participantes seleccionados.<\/p>\n<p style=\"text-align: justify;\">Las obras impresas quedar\u00e1n a disposici\u00f3n de sus autores y autoras cuando haya concluido dicha exposici\u00f3n.<\/p>\n<p><strong>No te lo pienses, antes del 30 de noviembre, busca tus mejores fotos y<\/strong> <a class=\"maxbutton-2 maxbutton maxbutton-ir-a-la-galeria-de-felipe\" href=\"https:\/\/camaraenmano.fotogenius.es\"><span class='mb-text'>PARTICIPA<\/span><\/a><\/p>\n<a class=\"maxbutton-2 maxbutton maxbutton-ir-a-la-galeria-de-felipe\" target=\"_blank\" rel=\"noopener\" href=\"https:\/\/camaraenmano.org\/wp-content\/uploads\/2025\/09\/BASES-IV-Certamen-Camara-en-Mano-2025.pdf\" download=\"\"><span class='mb-text'>DESCARGA LAS BASES<\/span><\/a>\n<p>Si tienes dificultades para registrarte en Fotogenius o para presentar tus fotos puedes seguir este breve manual que hemos preparado para nuestros asociados.<\/p>\n<a class=\"maxbutton-2 maxbutton maxbutton-ir-a-la-galeria-de-felipe\" target=\"_blank\" rel=\"noopener\" href=\"https:\/\/camaraenmano.org\/wp-content\/uploads\/2025\/09\/Como-participar.pdf\" download=\"\"><span class='mb-text'>C\u00d3MO PARTICIPAR<\/span><\/a>\n<p>&nbsp;<\/p>\n<p><a href=\"https:\/\/concursosdefotos.es\/\" target=\"\u00bb_blank\u00bb\"><img decoding=\"async\" src=\"https:\/\/concursosdefotos.es\/wp-content\/uploads\/2019\/02\/concursosdefotos.png\" alt=\"\u00bbEstamos\" width=\"\u00bb276\u2033\" height=\"\u00bb55\u2033\" \/><\/a><\/p>\n","protected":false},"excerpt":{"rendered":"<p>Te presentamos la quinta edici\u00f3n de nuestro Certamen fotogr\u00e1fico. &nbsp; Aunque te recomendamos encarecidamente que te leas las bases que puedes encontrar en este enlace, te contamos que este a\u00f1o puede participar cualquier persona mayor de 18 a\u00f1os y residente en Espa\u00f1a. Como en ediciones anteriores, se pueden presentar hasta 3 obras y este a\u00f1o [&hellip;]<\/p>\n","protected":false},"author":1,"featured_media":0,"comment_status":"open","ping_status":"open","sticky":false,"template":"","format":"standard","meta":{"footnotes":""},"categories":[5],"tags":[],"class_list":["post-7305","post","type-post","status-publish","format-standard","category-actividades","czr-hentry"],"yoast_head":"<!-- This site is optimized with the Yoast SEO plugin v28.4 - https:\/\/yoast.com\/product\/yoast-seo-wordpress\/ -->\n<title>V Certamen fotogr\u00e1fico C\u00e1mara en mano - Asociaci\u00f3n fotogr\u00e1fica C\u00e1mara en mano<\/title>\n<meta name=\"robots\" content=\"index, follow, max-snippet:-1, max-image-preview:large, max-video-preview:-1\" \/>\n<link rel=\"canonical\" href=\"https:\/\/camaraenmano.org\/index.php\/2026\/09\/01\/v-certamen-fotografico-camara-en-mano\/\" \/>\n<meta property=\"og:locale\" content=\"es_ES\" \/>\n<meta property=\"og:type\" content=\"article\" \/>\n<meta property=\"og:title\" content=\"V Certamen fotogr\u00e1fico C\u00e1mara en mano - Asociaci\u00f3n fotogr\u00e1fica C\u00e1mara en mano\" \/>\n<meta property=\"og:description\" content=\"Te presentamos la quinta edici\u00f3n de nuestro Certamen fotogr\u00e1fico. &nbsp; Aunque te recomendamos encarecidamente que te leas las bases que puedes encontrar en este enlace, te contamos que este a\u00f1o puede participar cualquier persona mayor de 18 a\u00f1os y residente en Espa\u00f1a. Como en ediciones anteriores, se pueden presentar hasta 3 obras y este a\u00f1o [&hellip;]\" \/>\n<meta property=\"og:url\" content=\"https:\/\/camaraenmano.org\/index.php\/2026\/09\/01\/v-certamen-fotografico-camara-en-mano\/\" \/>\n<meta property=\"og:site_name\" content=\"Asociaci\u00f3n fotogr\u00e1fica C\u00e1mara en mano\" \/>\n<meta property=\"article:publisher\" content=\"https:\/\/www.facebook.com\/AFCamaraenmano\/\" \/>\n<meta property=\"article:published_time\" content=\"2026-09-01T17:51:50+00:00\" \/>\n<meta property=\"article:modified_time\" content=\"2026-09-01T20:15:35+00:00\" \/>\n<meta property=\"og:image\" content=\"https:\/\/concursosdefotos.es\/wp-content\/uploads\/2019\/02\/concursosdefotos.png\" \/>\n<meta name=\"author\" content=\"Administrador\" \/>\n<meta name=\"twitter:card\" content=\"summary_large_image\" \/>\n<meta name=\"twitter:label1\" content=\"Escrito por\" \/>\n\t<meta name=\"twitter:data1\" content=\"Administrador\" \/>\n\t<meta name=\"twitter:label2\" content=\"Tiempo de lectura\" \/>\n\t<meta name=\"twitter:data2\" content=\"2 minutos\" \/>\n<script type=\"application\/ld+json\" class=\"yoast-schema-graph\">{\"@context\":\"https:\\\/\\\/schema.org\",\"@graph\":[{\"@type\":\"Article\",\"@id\":\"https:\\\/\\\/camaraenmano.org\\\/index.php\\\/2026\\\/09\\\/01\\\/v-certamen-fotografico-camara-en-mano\\\/#article\",\"isPartOf\":{\"@id\":\"https:\\\/\\\/camaraenmano.org\\\/index.php\\\/2026\\\/09\\\/01\\\/v-certamen-fotografico-camara-en-mano\\\/\"},\"author\":{\"name\":\"Administrador\",\"@id\":\"https:\\\/\\\/camaraenmano.org\\\/#\\\/schema\\\/person\\\/9ae05f95e2aa0144ea0768d6f65488be\"},\"headline\":\"V Certamen fotogr\u00e1fico C\u00e1mara en mano\",\"datePublished\":\"2026-09-01T17:51:50+00:00\",\"dateModified\":\"2026-09-01T20:15:35+00:00\",\"mainEntityOfPage\":{\"@id\":\"https:\\\/\\\/camaraenmano.org\\\/index.php\\\/2026\\\/09\\\/01\\\/v-certamen-fotografico-camara-en-mano\\\/\"},\"wordCount\":375,\"commentCount\":0,\"publisher\":{\"@id\":\"https:\\\/\\\/camaraenmano.org\\\/#organization\"},\"image\":{\"@id\":\"https:\\\/\\\/camaraenmano.org\\\/index.php\\\/2026\\\/09\\\/01\\\/v-certamen-fotografico-camara-en-mano\\\/#primaryimage\"},\"thumbnailUrl\":\"https:\\\/\\\/concursosdefotos.es\\\/wp-content\\\/uploads\\\/2019\\\/02\\\/concursosdefotos.png\",\"articleSection\":[\"Actividades\"],\"inLanguage\":\"es\",\"potentialAction\":[{\"@type\":\"CommentAction\",\"name\":\"Comment\",\"target\":[\"https:\\\/\\\/camaraenmano.org\\\/index.php\\\/2026\\\/09\\\/01\\\/v-certamen-fotografico-camara-en-mano\\\/#respond\"]}]},{\"@type\":\"WebPage\",\"@id\":\"https:\\\/\\\/camaraenmano.org\\\/index.php\\\/2026\\\/09\\\/01\\\/v-certamen-fotografico-camara-en-mano\\\/\",\"url\":\"https:\\\/\\\/camaraenmano.org\\\/index.php\\\/2026\\\/09\\\/01\\\/v-certamen-fotografico-camara-en-mano\\\/\",\"name\":\"V Certamen fotogr\u00e1fico C\u00e1mara en mano - Asociaci\u00f3n fotogr\u00e1fica C\u00e1mara en mano\",\"isPartOf\":{\"@id\":\"https:\\\/\\\/camaraenmano.org\\\/#website\"},\"primaryImageOfPage\":{\"@id\":\"https:\\\/\\\/camaraenmano.org\\\/index.php\\\/2026\\\/09\\\/01\\\/v-certamen-fotografico-camara-en-mano\\\/#primaryimage\"},\"image\":{\"@id\":\"https:\\\/\\\/camaraenmano.org\\\/index.php\\\/2026\\\/09\\\/01\\\/v-certamen-fotografico-camara-en-mano\\\/#primaryimage\"},\"thumbnailUrl\":\"https:\\\/\\\/concursosdefotos.es\\\/wp-content\\\/uploads\\\/2019\\\/02\\\/concursosdefotos.png\",\"datePublished\":\"2026-09-01T17:51:50+00:00\",\"dateModified\":\"2026-09-01T20:15:35+00:00\",\"breadcrumb\":{\"@id\":\"https:\\\/\\\/camaraenmano.org\\\/index.php\\\/2026\\\/09\\\/01\\\/v-certamen-fotografico-camara-en-mano\\\/#breadcrumb\"},\"inLanguage\":\"es\",\"potentialAction\":[{\"@type\":\"ReadAction\",\"target\":[\"https:\\\/\\\/camaraenmano.org\\\/index.php\\\/2026\\\/09\\\/01\\\/v-certamen-fotografico-camara-en-mano\\\/\"]}]},{\"@type\":\"ImageObject\",\"inLanguage\":\"es\",\"@id\":\"https:\\\/\\\/camaraenmano.org\\\/index.php\\\/2026\\\/09\\\/01\\\/v-certamen-fotografico-camara-en-mano\\\/#primaryimage\",\"url\":\"https:\\\/\\\/concursosdefotos.es\\\/wp-content\\\/uploads\\\/2019\\\/02\\\/concursosdefotos.png\",\"contentUrl\":\"https:\\\/\\\/concursosdefotos.es\\\/wp-content\\\/uploads\\\/2019\\\/02\\\/concursosdefotos.png\"},{\"@type\":\"BreadcrumbList\",\"@id\":\"https:\\\/\\\/camaraenmano.org\\\/index.php\\\/2026\\\/09\\\/01\\\/v-certamen-fotografico-camara-en-mano\\\/#breadcrumb\",\"itemListElement\":[{\"@type\":\"ListItem\",\"position\":1,\"name\":\"Portada\",\"item\":\"https:\\\/\\\/camaraenmano.org\\\/\"},{\"@type\":\"ListItem\",\"position\":2,\"name\":\"V Certamen fotogr\u00e1fico C\u00e1mara en mano\"}]},{\"@type\":\"WebSite\",\"@id\":\"https:\\\/\\\/camaraenmano.org\\\/#website\",\"url\":\"https:\\\/\\\/camaraenmano.org\\\/\",\"name\":\"Asociaci\u00f3n fotogr\u00e1fica C\u00e1mara en mano Las Rozas\",\"description\":\"Miembro de Fed. Fot. de Madrid\",\"publisher\":{\"@id\":\"https:\\\/\\\/camaraenmano.org\\\/#organization\"},\"potentialAction\":[{\"@type\":\"SearchAction\",\"target\":{\"@type\":\"EntryPoint\",\"urlTemplate\":\"https:\\\/\\\/camaraenmano.org\\\/?s={search_term_string}\"},\"query-input\":{\"@type\":\"PropertyValueSpecification\",\"valueRequired\":true,\"valueName\":\"search_term_string\"}}],\"inLanguage\":\"es\"},{\"@type\":\"Organization\",\"@id\":\"https:\\\/\\\/camaraenmano.org\\\/#organization\",\"name\":\"C\u00e1mara en mano\",\"url\":\"https:\\\/\\\/camaraenmano.org\\\/\",\"logo\":{\"@type\":\"ImageObject\",\"inLanguage\":\"es\",\"@id\":\"https:\\\/\\\/camaraenmano.org\\\/#\\\/schema\\\/logo\\\/image\\\/\",\"url\":\"https:\\\/\\\/camaraenmano.org\\\/wp-content\\\/uploads\\\/2023\\\/10\\\/cropped-Logo-Camara-en-Mano-2-1.png\",\"contentUrl\":\"https:\\\/\\\/camaraenmano.org\\\/wp-content\\\/uploads\\\/2023\\\/10\\\/cropped-Logo-Camara-en-Mano-2-1.png\",\"width\":3174,\"height\":2093,\"caption\":\"C\u00e1mara en mano\"},\"image\":{\"@id\":\"https:\\\/\\\/camaraenmano.org\\\/#\\\/schema\\\/logo\\\/image\\\/\"},\"sameAs\":[\"https:\\\/\\\/www.facebook.com\\\/AFCamaraenmano\\\/\",\"https:\\\/\\\/www.instagram.com\\\/afcamaraenmano\\\/\"]},{\"@type\":\"Person\",\"@id\":\"https:\\\/\\\/camaraenmano.org\\\/#\\\/schema\\\/person\\\/9ae05f95e2aa0144ea0768d6f65488be\",\"name\":\"Administrador\",\"image\":{\"@type\":\"ImageObject\",\"inLanguage\":\"es\",\"@id\":\"https:\\\/\\\/secure.gravatar.com\\\/avatar\\\/afbf021a33f39f3b1b0fcbf424cd00175e4543d4630d7a19e2a7c6defa5096c8?s=96&d=mm&r=g\",\"url\":\"https:\\\/\\\/secure.gravatar.com\\\/avatar\\\/afbf021a33f39f3b1b0fcbf424cd00175e4543d4630d7a19e2a7c6defa5096c8?s=96&d=mm&r=g\",\"contentUrl\":\"https:\\\/\\\/secure.gravatar.com\\\/avatar\\\/afbf021a33f39f3b1b0fcbf424cd00175e4543d4630d7a19e2a7c6defa5096c8?s=96&d=mm&r=g\",\"caption\":\"Administrador\"},\"sameAs\":[\"http:\\\/\\\/camaraenmano.org\"],\"url\":\"https:\\\/\\\/camaraenmano.org\\\/index.php\\\/author\\\/admin2786\\\/\"}]}<\/script>\n<!-- \/ Yoast SEO plugin. -->","yoast_head_json":{"title":"V Certamen fotogr\u00e1fico C\u00e1mara en mano - Asociaci\u00f3n fotogr\u00e1fica C\u00e1mara en mano","robots":{"index":"index","follow":"follow","max-snippet":"max-snippet:-1","max-image-preview":"max-image-preview:large","max-video-preview":"max-video-preview:-1"},"canonical":"https:\/\/camaraenmano.org\/index.php\/2026\/09\/01\/v-certamen-fotografico-camara-en-mano\/","og_locale":"es_ES","og_type":"article","og_title":"V Certamen fotogr\u00e1fico C\u00e1mara en mano - Asociaci\u00f3n fotogr\u00e1fica C\u00e1mara en mano","og_description":"Te presentamos la quinta edici\u00f3n de nuestro Certamen fotogr\u00e1fico. &nbsp; Aunque te recomendamos encarecidamente que te leas las bases que puedes encontrar en este enlace, te contamos que este a\u00f1o puede participar cualquier persona mayor de 18 a\u00f1os y residente en Espa\u00f1a. Como en ediciones anteriores, se pueden presentar hasta 3 obras y este a\u00f1o [&hellip;]","og_url":"https:\/\/camaraenmano.org\/index.php\/2026\/09\/01\/v-certamen-fotografico-camara-en-mano\/","og_site_name":"Asociaci\u00f3n fotogr\u00e1fica C\u00e1mara en mano","article_publisher":"https:\/\/www.facebook.com\/AFCamaraenmano\/","article_published_time":"2026-09-01T17:51:50+00:00","article_modified_time":"2026-09-01T20:15:35+00:00","og_image":[{"url":"https:\/\/concursosdefotos.es\/wp-content\/uploads\/2019\/02\/concursosdefotos.png","type":"","width":"","height":""}],"author":"Administrador","twitter_card":"summary_large_image","twitter_misc":{"Escrito por":"Administrador","Tiempo de lectura":"2 minutos"},"schema":{"@context":"https:\/\/schema.org","@graph":[{"@type":"Article","@id":"https:\/\/camaraenmano.org\/index.php\/2026\/09\/01\/v-certamen-fotografico-camara-en-mano\/#article","isPartOf":{"@id":"https:\/\/camaraenmano.org\/index.php\/2026\/09\/01\/v-certamen-fotografico-camara-en-mano\/"},"author":{"name":"Administrador","@id":"https:\/\/camaraenmano.org\/#\/schema\/person\/9ae05f95e2aa0144ea0768d6f65488be"},"headline":"V Certamen fotogr\u00e1fico C\u00e1mara en mano","datePublished":"2026-09-01T17:51:50+00:00","dateModified":"2026-09-01T20:15:35+00:00","mainEntityOfPage":{"@id":"https:\/\/camaraenmano.org\/index.php\/2026\/09\/01\/v-certamen-fotografico-camara-en-mano\/"},"wordCount":375,"commentCount":0,"publisher":{"@id":"https:\/\/camaraenmano.org\/#organization"},"image":{"@id":"https:\/\/camaraenmano.org\/index.php\/2026\/09\/01\/v-certamen-fotografico-camara-en-mano\/#primaryimage"},"thumbnailUrl":"https:\/\/concursosdefotos.es\/wp-content\/uploads\/2019\/02\/concursosdefotos.png","articleSection":["Actividades"],"inLanguage":"es","potentialAction":[{"@type":"CommentAction","name":"Comment","target":["https:\/\/camaraenmano.org\/index.php\/2026\/09\/01\/v-certamen-fotografico-camara-en-mano\/#respond"]}]},{"@type":"WebPage","@id":"https:\/\/camaraenmano.org\/index.php\/2026\/09\/01\/v-certamen-fotografico-camara-en-mano\/","url":"https:\/\/camaraenmano.org\/index.php\/2026\/09\/01\/v-certamen-fotografico-camara-en-mano\/","name":"V Certamen fotogr\u00e1fico C\u00e1mara en mano - Asociaci\u00f3n fotogr\u00e1fica C\u00e1mara en mano","isPartOf":{"@id":"https:\/\/camaraenmano.org\/#website"},"primaryImageOfPage":{"@id":"https:\/\/camaraenmano.org\/index.php\/2026\/09\/01\/v-certamen-fotografico-camara-en-mano\/#primaryimage"},"image":{"@id":"https:\/\/camaraenmano.org\/index.php\/2026\/09\/01\/v-certamen-fotografico-camara-en-mano\/#primaryimage"},"thumbnailUrl":"https:\/\/concursosdefotos.es\/wp-content\/uploads\/2019\/02\/concursosdefotos.png","datePublished":"2026-09-01T17:51:50+00:00","dateModified":"2026-09-01T20:15:35+00:00","breadcrumb":{"@id":"https:\/\/camaraenmano.org\/index.php\/2026\/09\/01\/v-certamen-fotografico-camara-en-mano\/#breadcrumb"},"inLanguage":"es","potentialAction":[{"@type":"ReadAction","target":["https:\/\/camaraenmano.org\/index.php\/2026\/09\/01\/v-certamen-fotografico-camara-en-mano\/"]}]},{"@type":"ImageObject","inLanguage":"es","@id":"https:\/\/camaraenmano.org\/index.php\/2026\/09\/01\/v-certamen-fotografico-camara-en-mano\/#primaryimage","url":"https:\/\/concursosdefotos.es\/wp-content\/uploads\/2019\/02\/concursosdefotos.png","contentUrl":"https:\/\/concursosdefotos.es\/wp-content\/uploads\/2019\/02\/concursosdefotos.png"},{"@type":"BreadcrumbList","@id":"https:\/\/camaraenmano.org\/index.php\/2026\/09\/01\/v-certamen-fotografico-camara-en-mano\/#breadcrumb","itemListElement":[{"@type":"ListItem","position":1,"name":"Portada","item":"https:\/\/camaraenmano.org\/"},{"@type":"ListItem","position":2,"name":"V Certamen fotogr\u00e1fico C\u00e1mara en mano"}]},{"@type":"WebSite","@id":"https:\/\/camaraenmano.org\/#website","url":"https:\/\/camaraenmano.org\/","name":"Asociaci\u00f3n fotogr\u00e1fica C\u00e1mara en mano Las Rozas","description":"Miembro de Fed. Fot. de Madrid","publisher":{"@id":"https:\/\/camaraenmano.org\/#organization"},"potentialAction":[{"@type":"SearchAction","target":{"@type":"EntryPoint","urlTemplate":"https:\/\/camaraenmano.org\/?s={search_term_string}"},"query-input":{"@type":"PropertyValueSpecification","valueRequired":true,"valueName":"search_term_string"}}],"inLanguage":"es"},{"@type":"Organization","@id":"https:\/\/camaraenmano.org\/#organization","name":"C\u00e1mara en mano","url":"https:\/\/camaraenmano.org\/","logo":{"@type":"ImageObject","inLanguage":"es","@id":"https:\/\/camaraenmano.org\/#\/schema\/logo\/image\/","url":"https:\/\/camaraenmano.org\/wp-content\/uploads\/2023\/10\/cropped-Logo-Camara-en-Mano-2-1.png","contentUrl":"https:\/\/camaraenmano.org\/wp-content\/uploads\/2023\/10\/cropped-Logo-Camara-en-Mano-2-1.png","width":3174,"height":2093,"caption":"C\u00e1mara en mano"},"image":{"@id":"https:\/\/camaraenmano.org\/#\/schema\/logo\/image\/"},"sameAs":["https:\/\/www.facebook.com\/AFCamaraenmano\/","https:\/\/www.instagram.com\/afcamaraenmano\/"]},{"@type":"Person","@id":"https:\/\/camaraenmano.org\/#\/schema\/person\/9ae05f95e2aa0144ea0768d6f65488be","name":"Administrador","image":{"@type":"ImageObject","inLanguage":"es","@id":"https:\/\/secure.gravatar.com\/avatar\/afbf021a33f39f3b1b0fcbf424cd00175e4543d4630d7a19e2a7c6defa5096c8?s=96&d=mm&r=g","url":"https:\/\/secure.gravatar.com\/avatar\/afbf021a33f39f3b1b0fcbf424cd00175e4543d4630d7a19e2a7c6defa5096c8?s=96&d=mm&r=g","contentUrl":"https:\/\/secure.gravatar.com\/avatar\/afbf021a33f39f3b1b0fcbf424cd00175e4543d4630d7a19e2a7c6defa5096c8?s=96&d=mm&r=g","caption":"Administrador"},"sameAs":["http:\/\/camaraenmano.org"],"url":"https:\/\/camaraenmano.org\/index.php\/author\/admin2786\/"}]}},"_links":{"self":[{"href":"https:\/\/camaraenmano.org\/index.php\/wp-json\/wp\/v2\/posts\/7305","targetHints":{"allow":["GET"]}}],"collection":[{"href":"https:\/\/camaraenmano.org\/index.php\/wp-json\/wp\/v2\/posts"}],"about":[{"href":"https:\/\/camaraenmano.org\/index.php\/wp-json\/wp\/v2\/types\/post"}],"author":[{"embeddable":true,"href":"https:\/\/camaraenmano.org\/index.php\/wp-json\/wp\/v2\/users\/1"}],"replies":[{"embeddable":true,"href":"https:\/\/camaraenmano.org\/index.php\/wp-json\/wp\/v2\/comments?post=7305"}],"version-history":[{"count":3,"href":"https:\/\/camaraenmano.org\/index.php\/wp-json\/wp\/v2\/posts\/7305\/revisions"}],"predecessor-version":[{"id":7309,"href":"https:\/\/camaraenmano.org\/index.php\/wp-json\/wp\/v2\/posts\/7305\/revisions\/7309"}],"wp:attachment":[{"href":"https:\/\/camaraenmano.org\/index.php\/wp-json\/wp\/v2\/media?parent=7305"}],"wp:term":[{"taxonomy":"category","embeddable":true,"href":"https:\/\/camaraenmano.org\/index.php\/wp-json\/wp\/v2\/categories?post=7305"},{"taxonomy":"post_tag","embeddable":true,"href":"https:\/\/camaraenmano.org\/index.php\/wp-json\/wp\/v2\/tags?post=7305"}],"curies":[{"name":"wp","href":"https:\/\/api.w.org\/{rel}","templated":true}]}}