{"id":7340,"date":"2026-09-04T11:07:10","date_gmt":"2026-09-04T09:07:10","guid":{"rendered":"https:\/\/camaraenmano.org\/?p=7340"},"modified":"2026-09-04T11:12:33","modified_gmt":"2026-09-04T09:12:33","slug":"el-carnet-de-camara-en-mano","status":"publish","type":"post","link":"https:\/\/camaraenmano.org\/index.php\/2026\/09\/04\/el-carnet-de-camara-en-mano\/","title":{"rendered":"El carnet de C\u00e1mara en mano"},"content":{"rendered":"<p class=\"isSelectedEnd\">Era una de esas cosas que muchos nos hab\u00edais pedido y que ten\u00edamos pendiente. Pues bien, <strong>\u00a1ya es una realidad!<\/strong><\/p>\n<p><strong><img loading=\"lazy\" decoding=\"async\" class=\"wp-image-7341 alignleft\" src=\"https:\/\/camaraenmano.org\/wp-content\/uploads\/2026\/09\/WhatsApp-Image-2026-09-04-at-09.37.03-1024x576.jpeg\" alt=\"\" width=\"432\" height=\"243\" srcset=\"https:\/\/camaraenmano.org\/wp-content\/uploads\/2026\/09\/WhatsApp-Image-2026-09-04-at-09.37.03-1024x576.jpeg 1024w, https:\/\/camaraenmano.org\/wp-content\/uploads\/2026\/09\/WhatsApp-Image-2026-09-04-at-09.37.03-300x169.jpeg 300w, https:\/\/camaraenmano.org\/wp-content\/uploads\/2026\/09\/WhatsApp-Image-2026-09-04-at-09.37.03-768x432.jpeg 768w, https:\/\/camaraenmano.org\/wp-content\/uploads\/2026\/09\/WhatsApp-Image-2026-09-04-at-09.37.03-1536x864.jpeg 1536w, https:\/\/camaraenmano.org\/wp-content\/uploads\/2026\/09\/WhatsApp-Image-2026-09-04-at-09.37.03-1110x624.jpeg 1110w, https:\/\/camaraenmano.org\/wp-content\/uploads\/2026\/09\/WhatsApp-Image-2026-09-04-at-09.37.03-528x297.jpeg 528w, https:\/\/camaraenmano.org\/wp-content\/uploads\/2026\/09\/WhatsApp-Image-2026-09-04-at-09.37.03-1320x743.jpeg 1320w, https:\/\/camaraenmano.org\/wp-content\/uploads\/2026\/09\/WhatsApp-Image-2026-09-04-at-09.37.03.jpeg 1600w\" sizes=\"auto, (max-width: 432px) 100vw, 432px\" \/><\/strong><\/p>\n<p class=\"isSelectedEnd\">A partir de ahora, los socios de la asociaci\u00f3n contamos con un <strong>carnet identificativo<\/strong>, pensado no solo para acreditar nuestra pertenencia a la asociaci\u00f3n, sino tambi\u00e9n para acompa\u00f1arnos en nuestras actividades y salidas fotogr\u00e1ficas.<\/p>\n<p class=\"isSelectedEnd\">Hemos preparado <strong>dos modalidades de carnet<\/strong>: uno <strong>con fotograf\u00eda<\/strong> y otro <strong>sin fotograf\u00eda<\/strong>, en funci\u00f3n de si nos hab\u00e9is facilitado una foto para el carnet o no. As\u00ed, todos podemos disponer de nuestra identificaci\u00f3n independientemente de esta circunstancia.<\/p>\n<p class=\"isSelectedEnd\">Pero el carnet guarda una peque\u00f1a sorpresa en la parte trasera: <strong>nuestra identificaci\u00f3n de fot\u00f3grafo o fot\u00f3grafa<\/strong>. Esta identificaci\u00f3n, aunque no nos da autoridad, si nos identifica como tal en la calle y en algunas circunstancias que podr\u00edan ser inc\u00f3modas.<\/p>\n<p class=\"isSelectedEnd\">Es un peque\u00f1o paso, pero importante para seguir construyendo nuestra asociaci\u00f3n y darle cada vez m\u00e1s identidad.<\/p>\n<p><strong>Gracias a los que nos lo hab\u00edais pedido y, sobre todo, por seguir ayud\u00e1ndonos a hacer crecer este proyecto.<img loading=\"lazy\" decoding=\"async\" class=\"size-medium wp-image-7342 aligncenter\" src=\"https:\/\/camaraenmano.org\/wp-content\/uploads\/2026\/09\/carne2-300x190.jpeg\" alt=\"\" width=\"300\" height=\"190\" srcset=\"https:\/\/camaraenmano.org\/wp-content\/uploads\/2026\/09\/carne2-300x190.jpeg 300w, https:\/\/camaraenmano.org\/wp-content\/uploads\/2026\/09\/carne2-1024x650.jpeg 1024w, https:\/\/camaraenmano.org\/wp-content\/uploads\/2026\/09\/carne2-768x488.jpeg 768w, https:\/\/camaraenmano.org\/wp-content\/uploads\/2026\/09\/carne2-1320x838.jpeg 1320w, https:\/\/camaraenmano.org\/wp-content\/uploads\/2026\/09\/carne2.jpeg 1339w\" sizes=\"auto, (max-width: 300px) 100vw, 300px\" \/><\/strong><\/p>\n","protected":false},"excerpt":{"rendered":"<p>Era una de esas cosas que muchos nos hab\u00edais pedido y que ten\u00edamos pendiente. Pues bien, \u00a1ya es una realidad! A partir de ahora, los socios de la asociaci\u00f3n contamos con un carnet identificativo, pensado no solo para acreditar nuestra pertenencia a la asociaci\u00f3n, sino tambi\u00e9n para acompa\u00f1arnos en nuestras actividades y salidas fotogr\u00e1ficas. Hemos [&hellip;]<\/p>\n","protected":false},"author":1,"featured_media":7341,"comment_status":"open","ping_status":"open","sticky":false,"template":"","format":"standard","meta":{"footnotes":""},"categories":[5],"tags":[],"class_list":["post-7340","post","type-post","status-publish","format-standard","has-post-thumbnail","category-actividades","czr-hentry"],"yoast_head":"<!-- This site is optimized with the Yoast SEO plugin v28.4 - https:\/\/yoast.com\/product\/yoast-seo-wordpress\/ -->\n<title>El carnet de C\u00e1mara en mano - Asociaci\u00f3n fotogr\u00e1fica C\u00e1mara en mano<\/title>\n<meta name=\"robots\" content=\"index, follow, max-snippet:-1, max-image-preview:large, max-video-preview:-1\" \/>\n<link rel=\"canonical\" href=\"https:\/\/camaraenmano.org\/index.php\/2026\/09\/04\/el-carnet-de-camara-en-mano\/\" \/>\n<meta property=\"og:locale\" content=\"es_ES\" \/>\n<meta property=\"og:type\" content=\"article\" \/>\n<meta property=\"og:title\" content=\"El carnet de C\u00e1mara en mano - Asociaci\u00f3n fotogr\u00e1fica C\u00e1mara en mano\" \/>\n<meta property=\"og:description\" content=\"Era una de esas cosas que muchos nos hab\u00edais pedido y que ten\u00edamos pendiente. Pues bien, \u00a1ya es una realidad! A partir de ahora, los socios de la asociaci\u00f3n contamos con un carnet identificativo, pensado no solo para acreditar nuestra pertenencia a la asociaci\u00f3n, sino tambi\u00e9n para acompa\u00f1arnos en nuestras actividades y salidas fotogr\u00e1ficas. Hemos [&hellip;]\" \/>\n<meta property=\"og:url\" content=\"https:\/\/camaraenmano.org\/index.php\/2026\/09\/04\/el-carnet-de-camara-en-mano\/\" \/>\n<meta property=\"og:site_name\" content=\"Asociaci\u00f3n fotogr\u00e1fica C\u00e1mara en mano\" \/>\n<meta property=\"article:publisher\" content=\"https:\/\/www.facebook.com\/AFCamaraenmano\/\" \/>\n<meta property=\"article:published_time\" content=\"2026-09-04T09:07:10+00:00\" \/>\n<meta property=\"article:modified_time\" content=\"2026-09-04T09:12:33+00:00\" \/>\n<meta property=\"og:image\" content=\"https:\/\/camaraenmano.org\/wp-content\/uploads\/2026\/09\/WhatsApp-Image-2026-09-04-at-09.37.03.jpeg\" \/>\n\t<meta property=\"og:image:width\" content=\"1600\" \/>\n\t<meta property=\"og:image:height\" content=\"900\" \/>\n\t<meta property=\"og:image:type\" content=\"image\/jpeg\" \/>\n<meta name=\"author\" content=\"Administrador\" \/>\n<meta name=\"twitter:card\" content=\"summary_large_image\" \/>\n<meta name=\"twitter:label1\" content=\"Escrito por\" \/>\n\t<meta name=\"twitter:data1\" content=\"Administrador\" \/>\n\t<meta name=\"twitter:label2\" content=\"Tiempo de lectura\" \/>\n\t<meta name=\"twitter:data2\" content=\"2 minutos\" \/>\n<script type=\"application\/ld+json\" class=\"yoast-schema-graph\">{\"@context\":\"https:\\\/\\\/schema.org\",\"@graph\":[{\"@type\":\"Article\",\"@id\":\"https:\\\/\\\/camaraenmano.org\\\/index.php\\\/2026\\\/09\\\/04\\\/el-carnet-de-camara-en-mano\\\/#article\",\"isPartOf\":{\"@id\":\"https:\\\/\\\/camaraenmano.org\\\/index.php\\\/2026\\\/09\\\/04\\\/el-carnet-de-camara-en-mano\\\/\"},\"author\":{\"name\":\"Administrador\",\"@id\":\"https:\\\/\\\/camaraenmano.org\\\/#\\\/schema\\\/person\\\/9ae05f95e2aa0144ea0768d6f65488be\"},\"headline\":\"El carnet de C\u00e1mara en mano\",\"datePublished\":\"2026-09-04T09:07:10+00:00\",\"dateModified\":\"2026-09-04T09:12:33+00:00\",\"mainEntityOfPage\":{\"@id\":\"https:\\\/\\\/camaraenmano.org\\\/index.php\\\/2026\\\/09\\\/04\\\/el-carnet-de-camara-en-mano\\\/\"},\"wordCount\":199,\"commentCount\":0,\"publisher\":{\"@id\":\"https:\\\/\\\/camaraenmano.org\\\/#organization\"},\"image\":{\"@id\":\"https:\\\/\\\/camaraenmano.org\\\/index.php\\\/2026\\\/09\\\/04\\\/el-carnet-de-camara-en-mano\\\/#primaryimage\"},\"thumbnailUrl\":\"https:\\\/\\\/camaraenmano.org\\\/wp-content\\\/uploads\\\/2026\\\/09\\\/WhatsApp-Image-2026-09-04-at-09.37.03.jpeg\",\"articleSection\":[\"Actividades\"],\"inLanguage\":\"es\",\"potentialAction\":[{\"@type\":\"CommentAction\",\"name\":\"Comment\",\"target\":[\"https:\\\/\\\/camaraenmano.org\\\/index.php\\\/2026\\\/09\\\/04\\\/el-carnet-de-camara-en-mano\\\/#respond\"]}]},{\"@type\":\"WebPage\",\"@id\":\"https:\\\/\\\/camaraenmano.org\\\/index.php\\\/2026\\\/09\\\/04\\\/el-carnet-de-camara-en-mano\\\/\",\"url\":\"https:\\\/\\\/camaraenmano.org\\\/index.php\\\/2026\\\/09\\\/04\\\/el-carnet-de-camara-en-mano\\\/\",\"name\":\"El carnet de C\u00e1mara en mano - Asociaci\u00f3n fotogr\u00e1fica C\u00e1mara en mano\",\"isPartOf\":{\"@id\":\"https:\\\/\\\/camaraenmano.org\\\/#website\"},\"primaryImageOfPage\":{\"@id\":\"https:\\\/\\\/camaraenmano.org\\\/index.php\\\/2026\\\/09\\\/04\\\/el-carnet-de-camara-en-mano\\\/#primaryimage\"},\"image\":{\"@id\":\"https:\\\/\\\/camaraenmano.org\\\/index.php\\\/2026\\\/09\\\/04\\\/el-carnet-de-camara-en-mano\\\/#primaryimage\"},\"thumbnailUrl\":\"https:\\\/\\\/camaraenmano.org\\\/wp-content\\\/uploads\\\/2026\\\/09\\\/WhatsApp-Image-2026-09-04-at-09.37.03.jpeg\",\"datePublished\":\"2026-09-04T09:07:10+00:00\",\"dateModified\":\"2026-09-04T09:12:33+00:00\",\"breadcrumb\":{\"@id\":\"https:\\\/\\\/camaraenmano.org\\\/index.php\\\/2026\\\/09\\\/04\\\/el-carnet-de-camara-en-mano\\\/#breadcrumb\"},\"inLanguage\":\"es\",\"potentialAction\":[{\"@type\":\"ReadAction\",\"target\":[\"https:\\\/\\\/camaraenmano.org\\\/index.php\\\/2026\\\/09\\\/04\\\/el-carnet-de-camara-en-mano\\\/\"]}]},{\"@type\":\"ImageObject\",\"inLanguage\":\"es\",\"@id\":\"https:\\\/\\\/camaraenmano.org\\\/index.php\\\/2026\\\/09\\\/04\\\/el-carnet-de-camara-en-mano\\\/#primaryimage\",\"url\":\"https:\\\/\\\/camaraenmano.org\\\/wp-content\\\/uploads\\\/2026\\\/09\\\/WhatsApp-Image-2026-09-04-at-09.37.03.jpeg\",\"contentUrl\":\"https:\\\/\\\/camaraenmano.org\\\/wp-content\\\/uploads\\\/2026\\\/09\\\/WhatsApp-Image-2026-09-04-at-09.37.03.jpeg\",\"width\":1600,\"height\":900},{\"@type\":\"BreadcrumbList\",\"@id\":\"https:\\\/\\\/camaraenmano.org\\\/index.php\\\/2026\\\/09\\\/04\\\/el-carnet-de-camara-en-mano\\\/#breadcrumb\",\"itemListElement\":[{\"@type\":\"ListItem\",\"position\":1,\"name\":\"Portada\",\"item\":\"https:\\\/\\\/camaraenmano.org\\\/\"},{\"@type\":\"ListItem\",\"position\":2,\"name\":\"El carnet de C\u00e1mara en mano\"}]},{\"@type\":\"WebSite\",\"@id\":\"https:\\\/\\\/camaraenmano.org\\\/#website\",\"url\":\"https:\\\/\\\/camaraenmano.org\\\/\",\"name\":\"Asociaci\u00f3n fotogr\u00e1fica C\u00e1mara en mano Las Rozas\",\"description\":\"Miembro de Fed. Fot. de Madrid\",\"publisher\":{\"@id\":\"https:\\\/\\\/camaraenmano.org\\\/#organization\"},\"potentialAction\":[{\"@type\":\"SearchAction\",\"target\":{\"@type\":\"EntryPoint\",\"urlTemplate\":\"https:\\\/\\\/camaraenmano.org\\\/?s={search_term_string}\"},\"query-input\":{\"@type\":\"PropertyValueSpecification\",\"valueRequired\":true,\"valueName\":\"search_term_string\"}}],\"inLanguage\":\"es\"},{\"@type\":\"Organization\",\"@id\":\"https:\\\/\\\/camaraenmano.org\\\/#organization\",\"name\":\"C\u00e1mara en mano\",\"url\":\"https:\\\/\\\/camaraenmano.org\\\/\",\"logo\":{\"@type\":\"ImageObject\",\"inLanguage\":\"es\",\"@id\":\"https:\\\/\\\/camaraenmano.org\\\/#\\\/schema\\\/logo\\\/image\\\/\",\"url\":\"https:\\\/\\\/camaraenmano.org\\\/wp-content\\\/uploads\\\/2023\\\/10\\\/cropped-Logo-Camara-en-Mano-2-1.png\",\"contentUrl\":\"https:\\\/\\\/camaraenmano.org\\\/wp-content\\\/uploads\\\/2023\\\/10\\\/cropped-Logo-Camara-en-Mano-2-1.png\",\"width\":3174,\"height\":2093,\"caption\":\"C\u00e1mara en mano\"},\"image\":{\"@id\":\"https:\\\/\\\/camaraenmano.org\\\/#\\\/schema\\\/logo\\\/image\\\/\"},\"sameAs\":[\"https:\\\/\\\/www.facebook.com\\\/AFCamaraenmano\\\/\",\"https:\\\/\\\/www.instagram.com\\\/afcamaraenmano\\\/\"]},{\"@type\":\"Person\",\"@id\":\"https:\\\/\\\/camaraenmano.org\\\/#\\\/schema\\\/person\\\/9ae05f95e2aa0144ea0768d6f65488be\",\"name\":\"Administrador\",\"image\":{\"@type\":\"ImageObject\",\"inLanguage\":\"es\",\"@id\":\"https:\\\/\\\/secure.gravatar.com\\\/avatar\\\/afbf021a33f39f3b1b0fcbf424cd00175e4543d4630d7a19e2a7c6defa5096c8?s=96&d=mm&r=g\",\"url\":\"https:\\\/\\\/secure.gravatar.com\\\/avatar\\\/afbf021a33f39f3b1b0fcbf424cd00175e4543d4630d7a19e2a7c6defa5096c8?s=96&d=mm&r=g\",\"contentUrl\":\"https:\\\/\\\/secure.gravatar.com\\\/avatar\\\/afbf021a33f39f3b1b0fcbf424cd00175e4543d4630d7a19e2a7c6defa5096c8?s=96&d=mm&r=g\",\"caption\":\"Administrador\"},\"sameAs\":[\"http:\\\/\\\/camaraenmano.org\"],\"url\":\"https:\\\/\\\/camaraenmano.org\\\/index.php\\\/author\\\/admin2786\\\/\"}]}<\/script>\n<!-- \/ Yoast SEO plugin. -->","yoast_head_json":{"title":"El carnet de C\u00e1mara en mano - Asociaci\u00f3n fotogr\u00e1fica C\u00e1mara en mano","robots":{"index":"index","follow":"follow","max-snippet":"max-snippet:-1","max-image-preview":"max-image-preview:large","max-video-preview":"max-video-preview:-1"},"canonical":"https:\/\/camaraenmano.org\/index.php\/2026\/09\/04\/el-carnet-de-camara-en-mano\/","og_locale":"es_ES","og_type":"article","og_title":"El carnet de C\u00e1mara en mano - Asociaci\u00f3n fotogr\u00e1fica C\u00e1mara en mano","og_description":"Era una de esas cosas que muchos nos hab\u00edais pedido y que ten\u00edamos pendiente. Pues bien, \u00a1ya es una realidad! A partir de ahora, los socios de la asociaci\u00f3n contamos con un carnet identificativo, pensado no solo para acreditar nuestra pertenencia a la asociaci\u00f3n, sino tambi\u00e9n para acompa\u00f1arnos en nuestras actividades y salidas fotogr\u00e1ficas. Hemos [&hellip;]","og_url":"https:\/\/camaraenmano.org\/index.php\/2026\/09\/04\/el-carnet-de-camara-en-mano\/","og_site_name":"Asociaci\u00f3n fotogr\u00e1fica C\u00e1mara en mano","article_publisher":"https:\/\/www.facebook.com\/AFCamaraenmano\/","article_published_time":"2026-09-04T09:07:10+00:00","article_modified_time":"2026-09-04T09:12:33+00:00","og_image":[{"width":1600,"height":900,"url":"https:\/\/camaraenmano.org\/wp-content\/uploads\/2026\/09\/WhatsApp-Image-2026-09-04-at-09.37.03.jpeg","type":"image\/jpeg"}],"author":"Administrador","twitter_card":"summary_large_image","twitter_misc":{"Escrito por":"Administrador","Tiempo de lectura":"2 minutos"},"schema":{"@context":"https:\/\/schema.org","@graph":[{"@type":"Article","@id":"https:\/\/camaraenmano.org\/index.php\/2026\/09\/04\/el-carnet-de-camara-en-mano\/#article","isPartOf":{"@id":"https:\/\/camaraenmano.org\/index.php\/2026\/09\/04\/el-carnet-de-camara-en-mano\/"},"author":{"name":"Administrador","@id":"https:\/\/camaraenmano.org\/#\/schema\/person\/9ae05f95e2aa0144ea0768d6f65488be"},"headline":"El carnet de C\u00e1mara en mano","datePublished":"2026-09-04T09:07:10+00:00","dateModified":"2026-09-04T09:12:33+00:00","mainEntityOfPage":{"@id":"https:\/\/camaraenmano.org\/index.php\/2026\/09\/04\/el-carnet-de-camara-en-mano\/"},"wordCount":199,"commentCount":0,"publisher":{"@id":"https:\/\/camaraenmano.org\/#organization"},"image":{"@id":"https:\/\/camaraenmano.org\/index.php\/2026\/09\/04\/el-carnet-de-camara-en-mano\/#primaryimage"},"thumbnailUrl":"https:\/\/camaraenmano.org\/wp-content\/uploads\/2026\/09\/WhatsApp-Image-2026-09-04-at-09.37.03.jpeg","articleSection":["Actividades"],"inLanguage":"es","potentialAction":[{"@type":"CommentAction","name":"Comment","target":["https:\/\/camaraenmano.org\/index.php\/2026\/09\/04\/el-carnet-de-camara-en-mano\/#respond"]}]},{"@type":"WebPage","@id":"https:\/\/camaraenmano.org\/index.php\/2026\/09\/04\/el-carnet-de-camara-en-mano\/","url":"https:\/\/camaraenmano.org\/index.php\/2026\/09\/04\/el-carnet-de-camara-en-mano\/","name":"El carnet de C\u00e1mara en mano - Asociaci\u00f3n fotogr\u00e1fica C\u00e1mara en mano","isPartOf":{"@id":"https:\/\/camaraenmano.org\/#website"},"primaryImageOfPage":{"@id":"https:\/\/camaraenmano.org\/index.php\/2026\/09\/04\/el-carnet-de-camara-en-mano\/#primaryimage"},"image":{"@id":"https:\/\/camaraenmano.org\/index.php\/2026\/09\/04\/el-carnet-de-camara-en-mano\/#primaryimage"},"thumbnailUrl":"https:\/\/camaraenmano.org\/wp-content\/uploads\/2026\/09\/WhatsApp-Image-2026-09-04-at-09.37.03.jpeg","datePublished":"2026-09-04T09:07:10+00:00","dateModified":"2026-09-04T09:12:33+00:00","breadcrumb":{"@id":"https:\/\/camaraenmano.org\/index.php\/2026\/09\/04\/el-carnet-de-camara-en-mano\/#breadcrumb"},"inLanguage":"es","potentialAction":[{"@type":"ReadAction","target":["https:\/\/camaraenmano.org\/index.php\/2026\/09\/04\/el-carnet-de-camara-en-mano\/"]}]},{"@type":"ImageObject","inLanguage":"es","@id":"https:\/\/camaraenmano.org\/index.php\/2026\/09\/04\/el-carnet-de-camara-en-mano\/#primaryimage","url":"https:\/\/camaraenmano.org\/wp-content\/uploads\/2026\/09\/WhatsApp-Image-2026-09-04-at-09.37.03.jpeg","contentUrl":"https:\/\/camaraenmano.org\/wp-content\/uploads\/2026\/09\/WhatsApp-Image-2026-09-04-at-09.37.03.jpeg","width":1600,"height":900},{"@type":"BreadcrumbList","@id":"https:\/\/camaraenmano.org\/index.php\/2026\/09\/04\/el-carnet-de-camara-en-mano\/#breadcrumb","itemListElement":[{"@type":"ListItem","position":1,"name":"Portada","item":"https:\/\/camaraenmano.org\/"},{"@type":"ListItem","position":2,"name":"El carnet de C\u00e1mara en mano"}]},{"@type":"WebSite","@id":"https:\/\/camaraenmano.org\/#website","url":"https:\/\/camaraenmano.org\/","name":"Asociaci\u00f3n fotogr\u00e1fica C\u00e1mara en mano Las Rozas","description":"Miembro de Fed. Fot. de Madrid","publisher":{"@id":"https:\/\/camaraenmano.org\/#organization"},"potentialAction":[{"@type":"SearchAction","target":{"@type":"EntryPoint","urlTemplate":"https:\/\/camaraenmano.org\/?s={search_term_string}"},"query-input":{"@type":"PropertyValueSpecification","valueRequired":true,"valueName":"search_term_string"}}],"inLanguage":"es"},{"@type":"Organization","@id":"https:\/\/camaraenmano.org\/#organization","name":"C\u00e1mara en mano","url":"https:\/\/camaraenmano.org\/","logo":{"@type":"ImageObject","inLanguage":"es","@id":"https:\/\/camaraenmano.org\/#\/schema\/logo\/image\/","url":"https:\/\/camaraenmano.org\/wp-content\/uploads\/2023\/10\/cropped-Logo-Camara-en-Mano-2-1.png","contentUrl":"https:\/\/camaraenmano.org\/wp-content\/uploads\/2023\/10\/cropped-Logo-Camara-en-Mano-2-1.png","width":3174,"height":2093,"caption":"C\u00e1mara en mano"},"image":{"@id":"https:\/\/camaraenmano.org\/#\/schema\/logo\/image\/"},"sameAs":["https:\/\/www.facebook.com\/AFCamaraenmano\/","https:\/\/www.instagram.com\/afcamaraenmano\/"]},{"@type":"Person","@id":"https:\/\/camaraenmano.org\/#\/schema\/person\/9ae05f95e2aa0144ea0768d6f65488be","name":"Administrador","image":{"@type":"ImageObject","inLanguage":"es","@id":"https:\/\/secure.gravatar.com\/avatar\/afbf021a33f39f3b1b0fcbf424cd00175e4543d4630d7a19e2a7c6defa5096c8?s=96&d=mm&r=g","url":"https:\/\/secure.gravatar.com\/avatar\/afbf021a33f39f3b1b0fcbf424cd00175e4543d4630d7a19e2a7c6defa5096c8?s=96&d=mm&r=g","contentUrl":"https:\/\/secure.gravatar.com\/avatar\/afbf021a33f39f3b1b0fcbf424cd00175e4543d4630d7a19e2a7c6defa5096c8?s=96&d=mm&r=g","caption":"Administrador"},"sameAs":["http:\/\/camaraenmano.org"],"url":"https:\/\/camaraenmano.org\/index.php\/author\/admin2786\/"}]}},"_links":{"self":[{"href":"https:\/\/camaraenmano.org\/index.php\/wp-json\/wp\/v2\/posts\/7340","targetHints":{"allow":["GET"]}}],"collection":[{"href":"https:\/\/camaraenmano.org\/index.php\/wp-json\/wp\/v2\/posts"}],"about":[{"href":"https:\/\/camaraenmano.org\/index.php\/wp-json\/wp\/v2\/types\/post"}],"author":[{"embeddable":true,"href":"https:\/\/camaraenmano.org\/index.php\/wp-json\/wp\/v2\/users\/1"}],"replies":[{"embeddable":true,"href":"https:\/\/camaraenmano.org\/index.php\/wp-json\/wp\/v2\/comments?post=7340"}],"version-history":[{"count":1,"href":"https:\/\/camaraenmano.org\/index.php\/wp-json\/wp\/v2\/posts\/7340\/revisions"}],"predecessor-version":[{"id":7343,"href":"https:\/\/camaraenmano.org\/index.php\/wp-json\/wp\/v2\/posts\/7340\/revisions\/7343"}],"wp:featuredmedia":[{"embeddable":true,"href":"https:\/\/camaraenmano.org\/index.php\/wp-json\/wp\/v2\/media\/7341"}],"wp:attachment":[{"href":"https:\/\/camaraenmano.org\/index.php\/wp-json\/wp\/v2\/media?parent=7340"}],"wp:term":[{"taxonomy":"category","embeddable":true,"href":"https:\/\/camaraenmano.org\/index.php\/wp-json\/wp\/v2\/categories?post=7340"},{"taxonomy":"post_tag","embeddable":true,"href":"https:\/\/camaraenmano.org\/index.php\/wp-json\/wp\/v2\/tags?post=7340"}],"curies":[{"name":"wp","href":"https:\/\/api.w.org\/{rel}","templated":true}]}}