{"id":793,"date":"2022-02-08T21:09:26","date_gmt":"2022-02-08T20:09:26","guid":{"rendered":"https:\/\/camaraenmano.org\/?p=793"},"modified":"2022-03-14T10:45:47","modified_gmt":"2022-03-14T09:45:47","slug":"la-endiablada-de-almonacid-del-marquesado","status":"publish","type":"post","link":"https:\/\/camaraenmano.org\/index.php\/2022\/02\/08\/la-endiablada-de-almonacid-del-marquesado\/","title":{"rendered":"Salida fotogr\u00e1fica: La Endiablada de Almonacid del Marquesado"},"content":{"rendered":"<p><strong>Datos pr\u00e1cticos:<\/strong><\/p>\n<p>Lugar: Almonacid del Marquesado (Cuenca)<\/p>\n<p>Habitantes: 431 (2018)<\/p>\n<p>Distancia a Las Rozas: 137 km.<\/p>\n<p>Cuando: d\u00edas 1,2 y 3 de febrero fiestas de La Candelaria y San Blas. Los dias 2 y 3 son los mas vistosos.<\/p>\n<p>Mas informaci\u00f3n: <a href=\"https:\/\/www.laendiablada.com\/\">https:\/\/www.laendiablada.com\/<\/a><\/p>\n<p><strong>Rese\u00f1a:<\/strong><\/p>\n<p>Para un fot\u00f3grafo adentrarse en \u201cLa endiablada\u201d de Almonacid del Marquesado, \u00a0es convertirse en buceador en el tiempo, es perderse en misterios, sue\u00f1os y elucubraciones.<\/p>\n<p>Y nosotros con nuestra \u201cC\u00e1mara en mano\u201d hemos sido testigos de esta regresi\u00f3n. \u00a1Hemos captado escenas romanas, celtas, del medievo! Hemos visto llorar a hombres y mujeres. Lagrimas fundidas en las de sus padres, las de sus ancestros\u2026<\/p>\n<p>Luz, sonidos, trajes estampados, cencerros, diablos, danzantas, porras, caretas, gorros y mitras, La Candelaria, San Blas, carreras, saltos, caras cansadas, caras fervorosas.<\/p>\n<p>Fiesta nada trivial para unos habitantes\u00a0 aferrados a sus or\u00edgenes.<\/p>\n<p>\u00a1Volveremos sin duda!<\/p>\n<p>&nbsp;<\/p>\n<p><em>Mar\u00eda \u00c1ngeles Mart\u00edn<\/em><\/p>\n<p>&nbsp;<\/p>\n<p>Aqu\u00ed tienes una selecci\u00f3n de fotos de las distintas personas que fueron a la salida.<\/p>\n","protected":false},"excerpt":{"rendered":"<p>Datos pr\u00e1cticos: Lugar: Almonacid del Marquesado (Cuenca) Habitantes: 431 (2018) Distancia a Las Rozas: 137 km. Cuando: d\u00edas 1,2 y 3 de febrero fiestas de La Candelaria y San Blas. Los dias 2 y 3 son los mas vistosos. Mas informaci\u00f3n: https:\/\/www.laendiablada.com\/ Rese\u00f1a: Para un fot\u00f3grafo adentrarse en \u201cLa endiablada\u201d de Almonacid del Marquesado, \u00a0es [&hellip;]<\/p>\n","protected":false},"author":1,"featured_media":806,"comment_status":"open","ping_status":"open","sticky":false,"template":"","format":"standard","meta":{"footnotes":""},"categories":[5,56],"tags":[79,81,80,58,82],"class_list":{"0":"post-793","1":"post","2":"type-post","3":"status-publish","4":"format-standard","5":"has-post-thumbnail","7":"category-actividades","8":"category-salidas-fotograficas","9":"tag-almonacid-del-marquesado","10":"tag-candelaria","11":"tag-cencerros","12":"tag-la-endiablada","13":"tag-san-blas","14":"czr-hentry"},"yoast_head":"<!-- This site is optimized with the Yoast SEO plugin v27.5 - https:\/\/yoast.com\/product\/yoast-seo-wordpress\/ -->\n<title>Salida fotogr\u00e1fica: La Endiablada de Almonacid del Marquesado - Asociaci\u00f3n fotogr\u00e1fica C\u00e1mara en mano Las Rozas<\/title>\n<meta name=\"robots\" content=\"index, follow, max-snippet:-1, max-image-preview:large, max-video-preview:-1\" \/>\n<link rel=\"canonical\" href=\"https:\/\/camaraenmano.org\/index.php\/2022\/02\/08\/la-endiablada-de-almonacid-del-marquesado\/\" \/>\n<meta property=\"og:locale\" content=\"es_ES\" \/>\n<meta property=\"og:type\" content=\"article\" \/>\n<meta property=\"og:title\" content=\"Salida fotogr\u00e1fica: La Endiablada de Almonacid del Marquesado - Asociaci\u00f3n fotogr\u00e1fica C\u00e1mara en mano Las Rozas\" \/>\n<meta property=\"og:description\" content=\"Datos pr\u00e1cticos: Lugar: Almonacid del Marquesado (Cuenca) Habitantes: 431 (2018) Distancia a Las Rozas: 137 km. Cuando: d\u00edas 1,2 y 3 de febrero fiestas de La Candelaria y San Blas. Los dias 2 y 3 son los mas vistosos. Mas informaci\u00f3n: https:\/\/www.laendiablada.com\/ Rese\u00f1a: Para un fot\u00f3grafo adentrarse en \u201cLa endiablada\u201d de Almonacid del Marquesado, \u00a0es [&hellip;]\" \/>\n<meta property=\"og:url\" content=\"https:\/\/camaraenmano.org\/index.php\/2022\/02\/08\/la-endiablada-de-almonacid-del-marquesado\/\" \/>\n<meta property=\"og:site_name\" content=\"Asociaci\u00f3n fotogr\u00e1fica C\u00e1mara en mano Las Rozas\" \/>\n<meta property=\"article:publisher\" content=\"https:\/\/www.facebook.com\/AFCamaraenmano\/\" \/>\n<meta property=\"article:published_time\" content=\"2022-02-08T20:09:26+00:00\" \/>\n<meta property=\"article:modified_time\" content=\"2022-03-14T09:45:47+00:00\" \/>\n<meta property=\"og:image\" content=\"https:\/\/camaraenmano.org\/wp-content\/uploads\/2022\/02\/WhatsApp-Image-2022-02-08-at-13.26.55.jpeg\" \/>\n\t<meta property=\"og:image:width\" content=\"768\" \/>\n\t<meta property=\"og:image:height\" content=\"1024\" \/>\n\t<meta property=\"og:image:type\" content=\"image\/jpeg\" \/>\n<meta name=\"author\" content=\"Administrador\" \/>\n<meta name=\"twitter:card\" content=\"summary_large_image\" \/>\n<meta name=\"twitter:label1\" content=\"Escrito por\" \/>\n\t<meta name=\"twitter:data1\" content=\"Administrador\" \/>\n\t<meta name=\"twitter:label2\" content=\"Tiempo de lectura\" \/>\n\t<meta name=\"twitter:data2\" content=\"1 minuto\" \/>\n<script type=\"application\/ld+json\" class=\"yoast-schema-graph\">{\"@context\":\"https:\\\/\\\/schema.org\",\"@graph\":[{\"@type\":\"Article\",\"@id\":\"https:\\\/\\\/camaraenmano.org\\\/index.php\\\/2022\\\/02\\\/08\\\/la-endiablada-de-almonacid-del-marquesado\\\/#article\",\"isPartOf\":{\"@id\":\"https:\\\/\\\/camaraenmano.org\\\/index.php\\\/2022\\\/02\\\/08\\\/la-endiablada-de-almonacid-del-marquesado\\\/\"},\"author\":{\"name\":\"Administrador\",\"@id\":\"https:\\\/\\\/camaraenmano.org\\\/#\\\/schema\\\/person\\\/9ae05f95e2aa0144ea0768d6f65488be\"},\"headline\":\"Salida fotogr\u00e1fica: La Endiablada de Almonacid del Marquesado\",\"datePublished\":\"2022-02-08T20:09:26+00:00\",\"dateModified\":\"2022-03-14T09:45:47+00:00\",\"mainEntityOfPage\":{\"@id\":\"https:\\\/\\\/camaraenmano.org\\\/index.php\\\/2022\\\/02\\\/08\\\/la-endiablada-de-almonacid-del-marquesado\\\/\"},\"wordCount\":178,\"commentCount\":0,\"publisher\":{\"@id\":\"https:\\\/\\\/camaraenmano.org\\\/#organization\"},\"image\":{\"@id\":\"https:\\\/\\\/camaraenmano.org\\\/index.php\\\/2022\\\/02\\\/08\\\/la-endiablada-de-almonacid-del-marquesado\\\/#primaryimage\"},\"thumbnailUrl\":\"https:\\\/\\\/camaraenmano.org\\\/wp-content\\\/uploads\\\/2022\\\/02\\\/WhatsApp-Image-2022-02-08-at-13.26.55.jpeg\",\"keywords\":[\"Almonacid del Marquesado\",\"Candelaria\",\"Cencerros\",\"la endiablada\",\"San Blas\"],\"articleSection\":[\"Actividades\",\"Salidas fotogr\u00e1ficas\"],\"inLanguage\":\"es\",\"potentialAction\":[{\"@type\":\"CommentAction\",\"name\":\"Comment\",\"target\":[\"https:\\\/\\\/camaraenmano.org\\\/index.php\\\/2022\\\/02\\\/08\\\/la-endiablada-de-almonacid-del-marquesado\\\/#respond\"]}]},{\"@type\":\"WebPage\",\"@id\":\"https:\\\/\\\/camaraenmano.org\\\/index.php\\\/2022\\\/02\\\/08\\\/la-endiablada-de-almonacid-del-marquesado\\\/\",\"url\":\"https:\\\/\\\/camaraenmano.org\\\/index.php\\\/2022\\\/02\\\/08\\\/la-endiablada-de-almonacid-del-marquesado\\\/\",\"name\":\"Salida fotogr\u00e1fica: La Endiablada de Almonacid del Marquesado - Asociaci\u00f3n fotogr\u00e1fica C\u00e1mara en mano Las Rozas\",\"isPartOf\":{\"@id\":\"https:\\\/\\\/camaraenmano.org\\\/#website\"},\"primaryImageOfPage\":{\"@id\":\"https:\\\/\\\/camaraenmano.org\\\/index.php\\\/2022\\\/02\\\/08\\\/la-endiablada-de-almonacid-del-marquesado\\\/#primaryimage\"},\"image\":{\"@id\":\"https:\\\/\\\/camaraenmano.org\\\/index.php\\\/2022\\\/02\\\/08\\\/la-endiablada-de-almonacid-del-marquesado\\\/#primaryimage\"},\"thumbnailUrl\":\"https:\\\/\\\/camaraenmano.org\\\/wp-content\\\/uploads\\\/2022\\\/02\\\/WhatsApp-Image-2022-02-08-at-13.26.55.jpeg\",\"datePublished\":\"2022-02-08T20:09:26+00:00\",\"dateModified\":\"2022-03-14T09:45:47+00:00\",\"breadcrumb\":{\"@id\":\"https:\\\/\\\/camaraenmano.org\\\/index.php\\\/2022\\\/02\\\/08\\\/la-endiablada-de-almonacid-del-marquesado\\\/#breadcrumb\"},\"inLanguage\":\"es\",\"potentialAction\":[{\"@type\":\"ReadAction\",\"target\":[\"https:\\\/\\\/camaraenmano.org\\\/index.php\\\/2022\\\/02\\\/08\\\/la-endiablada-de-almonacid-del-marquesado\\\/\"]}]},{\"@type\":\"ImageObject\",\"inLanguage\":\"es\",\"@id\":\"https:\\\/\\\/camaraenmano.org\\\/index.php\\\/2022\\\/02\\\/08\\\/la-endiablada-de-almonacid-del-marquesado\\\/#primaryimage\",\"url\":\"https:\\\/\\\/camaraenmano.org\\\/wp-content\\\/uploads\\\/2022\\\/02\\\/WhatsApp-Image-2022-02-08-at-13.26.55.jpeg\",\"contentUrl\":\"https:\\\/\\\/camaraenmano.org\\\/wp-content\\\/uploads\\\/2022\\\/02\\\/WhatsApp-Image-2022-02-08-at-13.26.55.jpeg\",\"width\":768,\"height\":1024},{\"@type\":\"BreadcrumbList\",\"@id\":\"https:\\\/\\\/camaraenmano.org\\\/index.php\\\/2022\\\/02\\\/08\\\/la-endiablada-de-almonacid-del-marquesado\\\/#breadcrumb\",\"itemListElement\":[{\"@type\":\"ListItem\",\"position\":1,\"name\":\"Portada\",\"item\":\"https:\\\/\\\/camaraenmano.org\\\/\"},{\"@type\":\"ListItem\",\"position\":2,\"name\":\"Salida fotogr\u00e1fica: La Endiablada de Almonacid del Marquesado\"}]},{\"@type\":\"WebSite\",\"@id\":\"https:\\\/\\\/camaraenmano.org\\\/#website\",\"url\":\"https:\\\/\\\/camaraenmano.org\\\/\",\"name\":\"Asociaci\u00f3n fotogr\u00e1fica C\u00e1mara en mano Las Rozas\",\"description\":\"\",\"publisher\":{\"@id\":\"https:\\\/\\\/camaraenmano.org\\\/#organization\"},\"potentialAction\":[{\"@type\":\"SearchAction\",\"target\":{\"@type\":\"EntryPoint\",\"urlTemplate\":\"https:\\\/\\\/camaraenmano.org\\\/?s={search_term_string}\"},\"query-input\":{\"@type\":\"PropertyValueSpecification\",\"valueRequired\":true,\"valueName\":\"search_term_string\"}}],\"inLanguage\":\"es\"},{\"@type\":\"Organization\",\"@id\":\"https:\\\/\\\/camaraenmano.org\\\/#organization\",\"name\":\"C\u00e1mara en mano\",\"url\":\"https:\\\/\\\/camaraenmano.org\\\/\",\"logo\":{\"@type\":\"ImageObject\",\"inLanguage\":\"es\",\"@id\":\"https:\\\/\\\/camaraenmano.org\\\/#\\\/schema\\\/logo\\\/image\\\/\",\"url\":\"https:\\\/\\\/camaraenmano.org\\\/wp-content\\\/uploads\\\/2023\\\/10\\\/cropped-Logo-Camara-en-Mano-2-1.png\",\"contentUrl\":\"https:\\\/\\\/camaraenmano.org\\\/wp-content\\\/uploads\\\/2023\\\/10\\\/cropped-Logo-Camara-en-Mano-2-1.png\",\"width\":3174,\"height\":2093,\"caption\":\"C\u00e1mara en mano\"},\"image\":{\"@id\":\"https:\\\/\\\/camaraenmano.org\\\/#\\\/schema\\\/logo\\\/image\\\/\"},\"sameAs\":[\"https:\\\/\\\/www.facebook.com\\\/AFCamaraenmano\\\/\",\"https:\\\/\\\/www.instagram.com\\\/afcamaraenmano\\\/\"]},{\"@type\":\"Person\",\"@id\":\"https:\\\/\\\/camaraenmano.org\\\/#\\\/schema\\\/person\\\/9ae05f95e2aa0144ea0768d6f65488be\",\"name\":\"Administrador\",\"image\":{\"@type\":\"ImageObject\",\"inLanguage\":\"es\",\"@id\":\"https:\\\/\\\/secure.gravatar.com\\\/avatar\\\/afbf021a33f39f3b1b0fcbf424cd00175e4543d4630d7a19e2a7c6defa5096c8?s=96&d=mm&r=g\",\"url\":\"https:\\\/\\\/secure.gravatar.com\\\/avatar\\\/afbf021a33f39f3b1b0fcbf424cd00175e4543d4630d7a19e2a7c6defa5096c8?s=96&d=mm&r=g\",\"contentUrl\":\"https:\\\/\\\/secure.gravatar.com\\\/avatar\\\/afbf021a33f39f3b1b0fcbf424cd00175e4543d4630d7a19e2a7c6defa5096c8?s=96&d=mm&r=g\",\"caption\":\"Administrador\"},\"sameAs\":[\"http:\\\/\\\/camaraenmano.org\"],\"url\":\"https:\\\/\\\/camaraenmano.org\\\/index.php\\\/author\\\/admin2786\\\/\"}]}<\/script>\n<!-- \/ Yoast SEO plugin. -->","yoast_head_json":{"title":"Salida fotogr\u00e1fica: La Endiablada de Almonacid del Marquesado - Asociaci\u00f3n fotogr\u00e1fica C\u00e1mara en mano Las Rozas","robots":{"index":"index","follow":"follow","max-snippet":"max-snippet:-1","max-image-preview":"max-image-preview:large","max-video-preview":"max-video-preview:-1"},"canonical":"https:\/\/camaraenmano.org\/index.php\/2022\/02\/08\/la-endiablada-de-almonacid-del-marquesado\/","og_locale":"es_ES","og_type":"article","og_title":"Salida fotogr\u00e1fica: La Endiablada de Almonacid del Marquesado - Asociaci\u00f3n fotogr\u00e1fica C\u00e1mara en mano Las Rozas","og_description":"Datos pr\u00e1cticos: Lugar: Almonacid del Marquesado (Cuenca) Habitantes: 431 (2018) Distancia a Las Rozas: 137 km. Cuando: d\u00edas 1,2 y 3 de febrero fiestas de La Candelaria y San Blas. Los dias 2 y 3 son los mas vistosos. Mas informaci\u00f3n: https:\/\/www.laendiablada.com\/ Rese\u00f1a: Para un fot\u00f3grafo adentrarse en \u201cLa endiablada\u201d de Almonacid del Marquesado, \u00a0es [&hellip;]","og_url":"https:\/\/camaraenmano.org\/index.php\/2022\/02\/08\/la-endiablada-de-almonacid-del-marquesado\/","og_site_name":"Asociaci\u00f3n fotogr\u00e1fica C\u00e1mara en mano Las Rozas","article_publisher":"https:\/\/www.facebook.com\/AFCamaraenmano\/","article_published_time":"2022-02-08T20:09:26+00:00","article_modified_time":"2022-03-14T09:45:47+00:00","og_image":[{"width":768,"height":1024,"url":"https:\/\/camaraenmano.org\/wp-content\/uploads\/2022\/02\/WhatsApp-Image-2022-02-08-at-13.26.55.jpeg","type":"image\/jpeg"}],"author":"Administrador","twitter_card":"summary_large_image","twitter_misc":{"Escrito por":"Administrador","Tiempo de lectura":"1 minuto"},"schema":{"@context":"https:\/\/schema.org","@graph":[{"@type":"Article","@id":"https:\/\/camaraenmano.org\/index.php\/2022\/02\/08\/la-endiablada-de-almonacid-del-marquesado\/#article","isPartOf":{"@id":"https:\/\/camaraenmano.org\/index.php\/2022\/02\/08\/la-endiablada-de-almonacid-del-marquesado\/"},"author":{"name":"Administrador","@id":"https:\/\/camaraenmano.org\/#\/schema\/person\/9ae05f95e2aa0144ea0768d6f65488be"},"headline":"Salida fotogr\u00e1fica: La Endiablada de Almonacid del Marquesado","datePublished":"2022-02-08T20:09:26+00:00","dateModified":"2022-03-14T09:45:47+00:00","mainEntityOfPage":{"@id":"https:\/\/camaraenmano.org\/index.php\/2022\/02\/08\/la-endiablada-de-almonacid-del-marquesado\/"},"wordCount":178,"commentCount":0,"publisher":{"@id":"https:\/\/camaraenmano.org\/#organization"},"image":{"@id":"https:\/\/camaraenmano.org\/index.php\/2022\/02\/08\/la-endiablada-de-almonacid-del-marquesado\/#primaryimage"},"thumbnailUrl":"https:\/\/camaraenmano.org\/wp-content\/uploads\/2022\/02\/WhatsApp-Image-2022-02-08-at-13.26.55.jpeg","keywords":["Almonacid del Marquesado","Candelaria","Cencerros","la endiablada","San Blas"],"articleSection":["Actividades","Salidas fotogr\u00e1ficas"],"inLanguage":"es","potentialAction":[{"@type":"CommentAction","name":"Comment","target":["https:\/\/camaraenmano.org\/index.php\/2022\/02\/08\/la-endiablada-de-almonacid-del-marquesado\/#respond"]}]},{"@type":"WebPage","@id":"https:\/\/camaraenmano.org\/index.php\/2022\/02\/08\/la-endiablada-de-almonacid-del-marquesado\/","url":"https:\/\/camaraenmano.org\/index.php\/2022\/02\/08\/la-endiablada-de-almonacid-del-marquesado\/","name":"Salida fotogr\u00e1fica: La Endiablada de Almonacid del Marquesado - Asociaci\u00f3n fotogr\u00e1fica C\u00e1mara en mano Las Rozas","isPartOf":{"@id":"https:\/\/camaraenmano.org\/#website"},"primaryImageOfPage":{"@id":"https:\/\/camaraenmano.org\/index.php\/2022\/02\/08\/la-endiablada-de-almonacid-del-marquesado\/#primaryimage"},"image":{"@id":"https:\/\/camaraenmano.org\/index.php\/2022\/02\/08\/la-endiablada-de-almonacid-del-marquesado\/#primaryimage"},"thumbnailUrl":"https:\/\/camaraenmano.org\/wp-content\/uploads\/2022\/02\/WhatsApp-Image-2022-02-08-at-13.26.55.jpeg","datePublished":"2022-02-08T20:09:26+00:00","dateModified":"2022-03-14T09:45:47+00:00","breadcrumb":{"@id":"https:\/\/camaraenmano.org\/index.php\/2022\/02\/08\/la-endiablada-de-almonacid-del-marquesado\/#breadcrumb"},"inLanguage":"es","potentialAction":[{"@type":"ReadAction","target":["https:\/\/camaraenmano.org\/index.php\/2022\/02\/08\/la-endiablada-de-almonacid-del-marquesado\/"]}]},{"@type":"ImageObject","inLanguage":"es","@id":"https:\/\/camaraenmano.org\/index.php\/2022\/02\/08\/la-endiablada-de-almonacid-del-marquesado\/#primaryimage","url":"https:\/\/camaraenmano.org\/wp-content\/uploads\/2022\/02\/WhatsApp-Image-2022-02-08-at-13.26.55.jpeg","contentUrl":"https:\/\/camaraenmano.org\/wp-content\/uploads\/2022\/02\/WhatsApp-Image-2022-02-08-at-13.26.55.jpeg","width":768,"height":1024},{"@type":"BreadcrumbList","@id":"https:\/\/camaraenmano.org\/index.php\/2022\/02\/08\/la-endiablada-de-almonacid-del-marquesado\/#breadcrumb","itemListElement":[{"@type":"ListItem","position":1,"name":"Portada","item":"https:\/\/camaraenmano.org\/"},{"@type":"ListItem","position":2,"name":"Salida fotogr\u00e1fica: La Endiablada de Almonacid del Marquesado"}]},{"@type":"WebSite","@id":"https:\/\/camaraenmano.org\/#website","url":"https:\/\/camaraenmano.org\/","name":"Asociaci\u00f3n fotogr\u00e1fica C\u00e1mara en mano Las Rozas","description":"","publisher":{"@id":"https:\/\/camaraenmano.org\/#organization"},"potentialAction":[{"@type":"SearchAction","target":{"@type":"EntryPoint","urlTemplate":"https:\/\/camaraenmano.org\/?s={search_term_string}"},"query-input":{"@type":"PropertyValueSpecification","valueRequired":true,"valueName":"search_term_string"}}],"inLanguage":"es"},{"@type":"Organization","@id":"https:\/\/camaraenmano.org\/#organization","name":"C\u00e1mara en mano","url":"https:\/\/camaraenmano.org\/","logo":{"@type":"ImageObject","inLanguage":"es","@id":"https:\/\/camaraenmano.org\/#\/schema\/logo\/image\/","url":"https:\/\/camaraenmano.org\/wp-content\/uploads\/2023\/10\/cropped-Logo-Camara-en-Mano-2-1.png","contentUrl":"https:\/\/camaraenmano.org\/wp-content\/uploads\/2023\/10\/cropped-Logo-Camara-en-Mano-2-1.png","width":3174,"height":2093,"caption":"C\u00e1mara en mano"},"image":{"@id":"https:\/\/camaraenmano.org\/#\/schema\/logo\/image\/"},"sameAs":["https:\/\/www.facebook.com\/AFCamaraenmano\/","https:\/\/www.instagram.com\/afcamaraenmano\/"]},{"@type":"Person","@id":"https:\/\/camaraenmano.org\/#\/schema\/person\/9ae05f95e2aa0144ea0768d6f65488be","name":"Administrador","image":{"@type":"ImageObject","inLanguage":"es","@id":"https:\/\/secure.gravatar.com\/avatar\/afbf021a33f39f3b1b0fcbf424cd00175e4543d4630d7a19e2a7c6defa5096c8?s=96&d=mm&r=g","url":"https:\/\/secure.gravatar.com\/avatar\/afbf021a33f39f3b1b0fcbf424cd00175e4543d4630d7a19e2a7c6defa5096c8?s=96&d=mm&r=g","contentUrl":"https:\/\/secure.gravatar.com\/avatar\/afbf021a33f39f3b1b0fcbf424cd00175e4543d4630d7a19e2a7c6defa5096c8?s=96&d=mm&r=g","caption":"Administrador"},"sameAs":["http:\/\/camaraenmano.org"],"url":"https:\/\/camaraenmano.org\/index.php\/author\/admin2786\/"}]}},"_links":{"self":[{"href":"https:\/\/camaraenmano.org\/index.php\/wp-json\/wp\/v2\/posts\/793","targetHints":{"allow":["GET"]}}],"collection":[{"href":"https:\/\/camaraenmano.org\/index.php\/wp-json\/wp\/v2\/posts"}],"about":[{"href":"https:\/\/camaraenmano.org\/index.php\/wp-json\/wp\/v2\/types\/post"}],"author":[{"embeddable":true,"href":"https:\/\/camaraenmano.org\/index.php\/wp-json\/wp\/v2\/users\/1"}],"replies":[{"embeddable":true,"href":"https:\/\/camaraenmano.org\/index.php\/wp-json\/wp\/v2\/comments?post=793"}],"version-history":[{"count":5,"href":"https:\/\/camaraenmano.org\/index.php\/wp-json\/wp\/v2\/posts\/793\/revisions"}],"predecessor-version":[{"id":1182,"href":"https:\/\/camaraenmano.org\/index.php\/wp-json\/wp\/v2\/posts\/793\/revisions\/1182"}],"wp:featuredmedia":[{"embeddable":true,"href":"https:\/\/camaraenmano.org\/index.php\/wp-json\/wp\/v2\/media\/806"}],"wp:attachment":[{"href":"https:\/\/camaraenmano.org\/index.php\/wp-json\/wp\/v2\/media?parent=793"}],"wp:term":[{"taxonomy":"category","embeddable":true,"href":"https:\/\/camaraenmano.org\/index.php\/wp-json\/wp\/v2\/categories?post=793"},{"taxonomy":"post_tag","embeddable":true,"href":"https:\/\/camaraenmano.org\/index.php\/wp-json\/wp\/v2\/tags?post=793"}],"curies":[{"name":"wp","href":"https:\/\/api.w.org\/{rel}","templated":true}]}}